{"id":3316,"date":"2011-08-03T10:04:36","date_gmt":"2011-08-03T10:04:36","guid":{"rendered":"https:\/\/www.autojm.fr\/blog\/plus-de-34-000-vols-de-voitures-au-mexique-en-5-mois\/"},"modified":"2022-12-13T09:17:07","modified_gmt":"2022-12-13T09:17:07","slug":"plus-de-34-000-vols-de-voitures-au-mexique-en-5-mois","status":"publish","type":"post","link":"https:\/\/www.autojm.fr\/blog\/plus-de-34-000-vols-de-voitures-au-mexique-en-5-mois\/","title":{"rendered":"Plus de 34 000 vols de voitures au Mexique en 5 mois !"},"content":{"rendered":"<p>Au cours des 5 derni\u00e8res ann\u00e9es, le Mexique compte plus de 34 223 <a href=\"http:\/\/www.autojm.fr\/\">voitures <\/a>vol\u00e9es, soit 3 467 voitures de plus que la m\u00eame p\u00e9riode de l&rsquo;ann\u00e9e derni\u00e8re.<\/p>\n<p>Malheureusement, que 44% des des 30 millions des <a href=\"http:\/\/www.autojm.fr\/\">automobiles <\/a>immatricul\u00e9es au Mexique sont assur\u00e9s contre le vol.<\/p>\n<p>M\u00e9xico, D.F., 2 ao\u00fbt 2011. En accord avec les donn\u00e9es de l&rsquo;Association Mexicaine de l&rsquo;Institution d&rsquo;Assurance (AMIS), le Mexique a connut en 2011 la pire hausse de v\u00e9hicules vol\u00e9s en 10 ans ! L&rsquo;organisme a, en effet, annonc\u00e9 plus de 34 000 v\u00e9hicules vol\u00e9s entre janvier et mai 2011, chiffre le plus haut de ces dix derni\u00e8res ann\u00e9es.<\/p>\n<p>Le Mexique se donne donc que quelques mois pour r\u00e9agir ! Ils vont dans un premier temps lancer une campagne de sensibilisation de la population \u00e0 de tels risques en prenant dans un premier temps une assurance puis ils vont mettre en place un num\u00e9ro de t\u00e9l\u00e9phone pour d\u00e9noncer ce genre de pratique.<\/p>\n<p>Scotiabank, une banque et assurance mexicaine a r\u00e9git tr\u00e8s rapidement. Elle propose aux automobilistes de nouvelles assurances pour assurer leur <a href=\"http:\/\/www.autojm.fr\/\">v\u00e9hicule <\/a>et les personnes se trouvant \u00e0 l&rsquo;int\u00e9rieur. Ils proposent des paiement \u00e9chelonn\u00e9es afin de les inciter \u00e0 prendre une assurance. De plus, 15 jours suffiraient pour \u00eatre rembours\u00e9 en cas de vol et en cas de vol avec force, les frais m\u00e9dicaux seraient rembours\u00e9s \u00e0 hauteur de 40 000 pesetas (2400\u20ac) par personnes.<\/p>\n","protected":false},"excerpt":{"rendered":"<p>Au cours des 5 derni\u00e8res ann\u00e9es, le Mexique compte plus de 34 223 voitures vol\u00e9es, soit 3 467 voitures de plus que la m\u00eame p\u00e9riode de l&rsquo;ann\u00e9e derni\u00e8re.<\/p>\n","protected":false},"author":1,"featured_media":7394,"comment_status":"open","ping_status":"open","sticky":false,"template":"","format":"standard","meta":{"_acf_changed":false,"content-type":"","footnotes":""},"categories":[5],"tags":[90,79,74,105,110,109,106,108,107,73,78,169,96],"class_list":["post-3316","post","type-post","status-publish","format-standard","has-post-thumbnail","hentry","category-actualite-automobile","tag-autojm","tag-citroen","tag-dacia","tag-ds","tag-fiat","tag-ford","tag-kia","tag-nissan","tag-opel","tag-peugeot","tag-renault","tag-toyota","tag-volkswagen"],"acf":[],"yoast_head":"<!-- This site is optimized with the Yoast SEO plugin v27.5 - https:\/\/yoast.com\/product\/yoast-seo-wordpress\/ -->\n<title>Plus de 34 000 vols de voitures au Mexique en 5 mois !<\/title>\n<meta name=\"description\" content=\"Au cours des 5 derni\u00e8res ann\u00e9es, le Mexique compte plus de 34 223 voitures vol\u00e9es, soit 3 467 voitures de plus que la m\u00eame p\u00e9riode...\" \/>\n<meta name=\"robots\" content=\"index, follow, max-snippet:-1, max-image-preview:large, max-video-preview:-1\" \/>\n<link rel=\"canonical\" href=\"https:\/\/www.autojm.fr\/blog\/plus-de-34-000-vols-de-voitures-au-mexique-en-5-mois\/\" \/>\n<meta property=\"og:locale\" content=\"fr_FR\" \/>\n<meta property=\"og:type\" content=\"article\" \/>\n<meta property=\"og:title\" content=\"Plus de 34 000 vols de voitures au Mexique en 5 mois !\" \/>\n<meta property=\"og:description\" content=\"Au cours des 5 derni\u00e8res ann\u00e9es, le Mexique compte plus de 34 223 voitures vol\u00e9es, soit 3 467 voitures de plus que la m\u00eame p\u00e9riode...\" \/>\n<meta property=\"og:url\" content=\"https:\/\/www.autojm.fr\/blog\/plus-de-34-000-vols-de-voitures-au-mexique-en-5-mois\/\" \/>\n<meta property=\"og:site_name\" content=\"AutoJM Mag\" \/>\n<meta property=\"article:publisher\" content=\"https:\/\/www.facebook.com\/AutoJM25\" \/>\n<meta property=\"article:published_time\" content=\"2011-08-03T10:04:36+00:00\" \/>\n<meta property=\"article:modified_time\" content=\"2022-12-13T09:17:07+00:00\" \/>\n<meta property=\"og:image\" content=\"https:\/\/www.autojm.fr\/blog\/wp-content\/uploads\/2014\/11\/location.jpg\" \/>\n\t<meta property=\"og:image:width\" content=\"960\" \/>\n\t<meta property=\"og:image:height\" content=\"640\" \/>\n\t<meta property=\"og:image:type\" content=\"image\/jpeg\" \/>\n<meta name=\"author\" content=\"Autojm\" \/>\n<meta name=\"twitter:card\" content=\"summary_large_image\" \/>\n<meta name=\"twitter:label1\" content=\"\u00c9crit par\" \/>\n\t<meta name=\"twitter:data1\" content=\"Autojm\" \/>\n\t<meta name=\"twitter:label2\" content=\"Dur\u00e9e de lecture estim\u00e9e\" \/>\n\t<meta name=\"twitter:data2\" content=\"2 minutes\" \/>\n<script type=\"application\/ld+json\" class=\"yoast-schema-graph\">{\"@context\":\"https:\\\/\\\/schema.org\",\"@graph\":[{\"@type\":\"Article\",\"@id\":\"https:\\\/\\\/www.autojm.fr\\\/blog\\\/plus-de-34-000-vols-de-voitures-au-mexique-en-5-mois\\\/#article\",\"isPartOf\":{\"@id\":\"https:\\\/\\\/www.autojm.fr\\\/blog\\\/plus-de-34-000-vols-de-voitures-au-mexique-en-5-mois\\\/\"},\"author\":{\"name\":\"Autojm\",\"@id\":\"https:\\\/\\\/www.autojm.fr\\\/blog\\\/#\\\/schema\\\/person\\\/9742bc77541853e0de81fc57f947e1a0\"},\"headline\":\"Plus de 34 000 vols de voitures au Mexique en 5 mois !\",\"datePublished\":\"2011-08-03T10:04:36+00:00\",\"dateModified\":\"2022-12-13T09:17:07+00:00\",\"mainEntityOfPage\":{\"@id\":\"https:\\\/\\\/www.autojm.fr\\\/blog\\\/plus-de-34-000-vols-de-voitures-au-mexique-en-5-mois\\\/\"},\"wordCount\":246,\"commentCount\":0,\"publisher\":{\"@id\":\"https:\\\/\\\/www.autojm.fr\\\/blog\\\/#organization\"},\"image\":{\"@id\":\"https:\\\/\\\/www.autojm.fr\\\/blog\\\/plus-de-34-000-vols-de-voitures-au-mexique-en-5-mois\\\/#primaryimage\"},\"thumbnailUrl\":\"https:\\\/\\\/www.autojm.fr\\\/blog\\\/wp-content\\\/uploads\\\/2014\\\/11\\\/location.jpg\",\"keywords\":[\"autojm\",\"citroen\",\"dacia\",\"DS\",\"Fiat\",\"Ford\",\"Kia\",\"Nissan\",\"Opel\",\"peugeot\",\"renault\",\"Toyota\",\"Volkswagen\"],\"articleSection\":[\"Actualit\u00e9 Automobile\"],\"inLanguage\":\"fr-FR\",\"potentialAction\":[{\"@type\":\"CommentAction\",\"name\":\"Comment\",\"target\":[\"https:\\\/\\\/www.autojm.fr\\\/blog\\\/plus-de-34-000-vols-de-voitures-au-mexique-en-5-mois\\\/#respond\"]}]},{\"@type\":\"WebPage\",\"@id\":\"https:\\\/\\\/www.autojm.fr\\\/blog\\\/plus-de-34-000-vols-de-voitures-au-mexique-en-5-mois\\\/\",\"url\":\"https:\\\/\\\/www.autojm.fr\\\/blog\\\/plus-de-34-000-vols-de-voitures-au-mexique-en-5-mois\\\/\",\"name\":\"Plus de 34 000 vols de voitures au Mexique en 5 mois !\",\"isPartOf\":{\"@id\":\"https:\\\/\\\/www.autojm.fr\\\/blog\\\/#website\"},\"primaryImageOfPage\":{\"@id\":\"https:\\\/\\\/www.autojm.fr\\\/blog\\\/plus-de-34-000-vols-de-voitures-au-mexique-en-5-mois\\\/#primaryimage\"},\"image\":{\"@id\":\"https:\\\/\\\/www.autojm.fr\\\/blog\\\/plus-de-34-000-vols-de-voitures-au-mexique-en-5-mois\\\/#primaryimage\"},\"thumbnailUrl\":\"https:\\\/\\\/www.autojm.fr\\\/blog\\\/wp-content\\\/uploads\\\/2014\\\/11\\\/location.jpg\",\"datePublished\":\"2011-08-03T10:04:36+00:00\",\"dateModified\":\"2022-12-13T09:17:07+00:00\",\"description\":\"Au cours des 5 derni\u00e8res ann\u00e9es, le Mexique compte plus de 34 223 voitures vol\u00e9es, soit 3 467 voitures de plus que la m\u00eame p\u00e9riode...\",\"breadcrumb\":{\"@id\":\"https:\\\/\\\/www.autojm.fr\\\/blog\\\/plus-de-34-000-vols-de-voitures-au-mexique-en-5-mois\\\/#breadcrumb\"},\"inLanguage\":\"fr-FR\",\"potentialAction\":[{\"@type\":\"ReadAction\",\"target\":[\"https:\\\/\\\/www.autojm.fr\\\/blog\\\/plus-de-34-000-vols-de-voitures-au-mexique-en-5-mois\\\/\"]}]},{\"@type\":\"ImageObject\",\"inLanguage\":\"fr-FR\",\"@id\":\"https:\\\/\\\/www.autojm.fr\\\/blog\\\/plus-de-34-000-vols-de-voitures-au-mexique-en-5-mois\\\/#primaryimage\",\"url\":\"https:\\\/\\\/www.autojm.fr\\\/blog\\\/wp-content\\\/uploads\\\/2014\\\/11\\\/location.jpg\",\"contentUrl\":\"https:\\\/\\\/www.autojm.fr\\\/blog\\\/wp-content\\\/uploads\\\/2014\\\/11\\\/location.jpg\",\"width\":960,\"height\":640,\"caption\":\"Vols de voitures\"},{\"@type\":\"BreadcrumbList\",\"@id\":\"https:\\\/\\\/www.autojm.fr\\\/blog\\\/plus-de-34-000-vols-de-voitures-au-mexique-en-5-mois\\\/#breadcrumb\",\"itemListElement\":[{\"@type\":\"ListItem\",\"position\":1,\"name\":\"Accueil\",\"item\":\"https:\\\/\\\/www.autojm.fr\\\/blog\\\/\"},{\"@type\":\"ListItem\",\"position\":2,\"name\":\"Actualit\u00e9 Automobile\",\"item\":\"https:\\\/\\\/www.autojm.fr\\\/blog\\\/actualite-automobile\\\/\"},{\"@type\":\"ListItem\",\"position\":3,\"name\":\"Plus de 34 000 vols de voitures au Mexique en 5 mois !\"}]},{\"@type\":\"WebSite\",\"@id\":\"https:\\\/\\\/www.autojm.fr\\\/blog\\\/#website\",\"url\":\"https:\\\/\\\/www.autojm.fr\\\/blog\\\/\",\"name\":\"AutoJM Mag\",\"description\":\"Toute l&#039;actu auto en 1 clic !\",\"publisher\":{\"@id\":\"https:\\\/\\\/www.autojm.fr\\\/blog\\\/#organization\"},\"potentialAction\":[{\"@type\":\"SearchAction\",\"target\":{\"@type\":\"EntryPoint\",\"urlTemplate\":\"https:\\\/\\\/www.autojm.fr\\\/blog\\\/?s={search_term_string}\"},\"query-input\":{\"@type\":\"PropertyValueSpecification\",\"valueRequired\":true,\"valueName\":\"search_term_string\"}}],\"inLanguage\":\"fr-FR\"},{\"@type\":\"Organization\",\"@id\":\"https:\\\/\\\/www.autojm.fr\\\/blog\\\/#organization\",\"name\":\"AutoJM Mag\",\"url\":\"https:\\\/\\\/www.autojm.fr\\\/blog\\\/\",\"logo\":{\"@type\":\"ImageObject\",\"inLanguage\":\"fr-FR\",\"@id\":\"https:\\\/\\\/www.autojm.fr\\\/blog\\\/#\\\/schema\\\/logo\\\/image\\\/\",\"url\":\"https:\\\/\\\/www.autojm.fr\\\/blog\\\/wp-content\\\/uploads\\\/2022\\\/12\\\/cropped-AutoJMag-png.png\",\"contentUrl\":\"https:\\\/\\\/www.autojm.fr\\\/blog\\\/wp-content\\\/uploads\\\/2022\\\/12\\\/cropped-AutoJMag-png.png\",\"width\":2834,\"height\":585,\"caption\":\"AutoJM Mag\"},\"image\":{\"@id\":\"https:\\\/\\\/www.autojm.fr\\\/blog\\\/#\\\/schema\\\/logo\\\/image\\\/\"},\"sameAs\":[\"https:\\\/\\\/www.facebook.com\\\/AutoJM25\"]},{\"@type\":\"Person\",\"@id\":\"https:\\\/\\\/www.autojm.fr\\\/blog\\\/#\\\/schema\\\/person\\\/9742bc77541853e0de81fc57f947e1a0\",\"name\":\"Autojm\",\"image\":{\"@type\":\"ImageObject\",\"inLanguage\":\"fr-FR\",\"@id\":\"https:\\\/\\\/secure.gravatar.com\\\/avatar\\\/9a959d52b758fcc232fe4b6aca7bab139182573297122cce7d6f2ee0e537b418?s=96&d=mm&r=g\",\"url\":\"https:\\\/\\\/secure.gravatar.com\\\/avatar\\\/9a959d52b758fcc232fe4b6aca7bab139182573297122cce7d6f2ee0e537b418?s=96&d=mm&r=g\",\"contentUrl\":\"https:\\\/\\\/secure.gravatar.com\\\/avatar\\\/9a959d52b758fcc232fe4b6aca7bab139182573297122cce7d6f2ee0e537b418?s=96&d=mm&r=g\",\"caption\":\"Autojm\"},\"sameAs\":[\"https:\\\/\\\/www.autojm.fr\\\/blog\"],\"url\":\"https:\\\/\\\/www.autojm.fr\\\/blog\\\/author\\\/bichoi\\\/\"}]}<\/script>\n<!-- \/ Yoast SEO plugin. -->","yoast_head_json":{"title":"Plus de 34 000 vols de voitures au Mexique en 5 mois !","description":"Au cours des 5 derni\u00e8res ann\u00e9es, le Mexique compte plus de 34 223 voitures vol\u00e9es, soit 3 467 voitures de plus que la m\u00eame p\u00e9riode...","robots":{"index":"index","follow":"follow","max-snippet":"max-snippet:-1","max-image-preview":"max-image-preview:large","max-video-preview":"max-video-preview:-1"},"canonical":"https:\/\/www.autojm.fr\/blog\/plus-de-34-000-vols-de-voitures-au-mexique-en-5-mois\/","og_locale":"fr_FR","og_type":"article","og_title":"Plus de 34 000 vols de voitures au Mexique en 5 mois !","og_description":"Au cours des 5 derni\u00e8res ann\u00e9es, le Mexique compte plus de 34 223 voitures vol\u00e9es, soit 3 467 voitures de plus que la m\u00eame p\u00e9riode...","og_url":"https:\/\/www.autojm.fr\/blog\/plus-de-34-000-vols-de-voitures-au-mexique-en-5-mois\/","og_site_name":"AutoJM Mag","article_publisher":"https:\/\/www.facebook.com\/AutoJM25","article_published_time":"2011-08-03T10:04:36+00:00","article_modified_time":"2022-12-13T09:17:07+00:00","og_image":[{"width":960,"height":640,"url":"https:\/\/www.autojm.fr\/blog\/wp-content\/uploads\/2014\/11\/location.jpg","type":"image\/jpeg"}],"author":"Autojm","twitter_card":"summary_large_image","twitter_misc":{"\u00c9crit par":"Autojm","Dur\u00e9e de lecture estim\u00e9e":"2 minutes"},"schema":{"@context":"https:\/\/schema.org","@graph":[{"@type":"Article","@id":"https:\/\/www.autojm.fr\/blog\/plus-de-34-000-vols-de-voitures-au-mexique-en-5-mois\/#article","isPartOf":{"@id":"https:\/\/www.autojm.fr\/blog\/plus-de-34-000-vols-de-voitures-au-mexique-en-5-mois\/"},"author":{"name":"Autojm","@id":"https:\/\/www.autojm.fr\/blog\/#\/schema\/person\/9742bc77541853e0de81fc57f947e1a0"},"headline":"Plus de 34 000 vols de voitures au Mexique en 5 mois !","datePublished":"2011-08-03T10:04:36+00:00","dateModified":"2022-12-13T09:17:07+00:00","mainEntityOfPage":{"@id":"https:\/\/www.autojm.fr\/blog\/plus-de-34-000-vols-de-voitures-au-mexique-en-5-mois\/"},"wordCount":246,"commentCount":0,"publisher":{"@id":"https:\/\/www.autojm.fr\/blog\/#organization"},"image":{"@id":"https:\/\/www.autojm.fr\/blog\/plus-de-34-000-vols-de-voitures-au-mexique-en-5-mois\/#primaryimage"},"thumbnailUrl":"https:\/\/www.autojm.fr\/blog\/wp-content\/uploads\/2014\/11\/location.jpg","keywords":["autojm","citroen","dacia","DS","Fiat","Ford","Kia","Nissan","Opel","peugeot","renault","Toyota","Volkswagen"],"articleSection":["Actualit\u00e9 Automobile"],"inLanguage":"fr-FR","potentialAction":[{"@type":"CommentAction","name":"Comment","target":["https:\/\/www.autojm.fr\/blog\/plus-de-34-000-vols-de-voitures-au-mexique-en-5-mois\/#respond"]}]},{"@type":"WebPage","@id":"https:\/\/www.autojm.fr\/blog\/plus-de-34-000-vols-de-voitures-au-mexique-en-5-mois\/","url":"https:\/\/www.autojm.fr\/blog\/plus-de-34-000-vols-de-voitures-au-mexique-en-5-mois\/","name":"Plus de 34 000 vols de voitures au Mexique en 5 mois !","isPartOf":{"@id":"https:\/\/www.autojm.fr\/blog\/#website"},"primaryImageOfPage":{"@id":"https:\/\/www.autojm.fr\/blog\/plus-de-34-000-vols-de-voitures-au-mexique-en-5-mois\/#primaryimage"},"image":{"@id":"https:\/\/www.autojm.fr\/blog\/plus-de-34-000-vols-de-voitures-au-mexique-en-5-mois\/#primaryimage"},"thumbnailUrl":"https:\/\/www.autojm.fr\/blog\/wp-content\/uploads\/2014\/11\/location.jpg","datePublished":"2011-08-03T10:04:36+00:00","dateModified":"2022-12-13T09:17:07+00:00","description":"Au cours des 5 derni\u00e8res ann\u00e9es, le Mexique compte plus de 34 223 voitures vol\u00e9es, soit 3 467 voitures de plus que la m\u00eame p\u00e9riode...","breadcrumb":{"@id":"https:\/\/www.autojm.fr\/blog\/plus-de-34-000-vols-de-voitures-au-mexique-en-5-mois\/#breadcrumb"},"inLanguage":"fr-FR","potentialAction":[{"@type":"ReadAction","target":["https:\/\/www.autojm.fr\/blog\/plus-de-34-000-vols-de-voitures-au-mexique-en-5-mois\/"]}]},{"@type":"ImageObject","inLanguage":"fr-FR","@id":"https:\/\/www.autojm.fr\/blog\/plus-de-34-000-vols-de-voitures-au-mexique-en-5-mois\/#primaryimage","url":"https:\/\/www.autojm.fr\/blog\/wp-content\/uploads\/2014\/11\/location.jpg","contentUrl":"https:\/\/www.autojm.fr\/blog\/wp-content\/uploads\/2014\/11\/location.jpg","width":960,"height":640,"caption":"Vols de voitures"},{"@type":"BreadcrumbList","@id":"https:\/\/www.autojm.fr\/blog\/plus-de-34-000-vols-de-voitures-au-mexique-en-5-mois\/#breadcrumb","itemListElement":[{"@type":"ListItem","position":1,"name":"Accueil","item":"https:\/\/www.autojm.fr\/blog\/"},{"@type":"ListItem","position":2,"name":"Actualit\u00e9 Automobile","item":"https:\/\/www.autojm.fr\/blog\/actualite-automobile\/"},{"@type":"ListItem","position":3,"name":"Plus de 34 000 vols de voitures au Mexique en 5 mois !"}]},{"@type":"WebSite","@id":"https:\/\/www.autojm.fr\/blog\/#website","url":"https:\/\/www.autojm.fr\/blog\/","name":"AutoJM Mag","description":"Toute l&#039;actu auto en 1 clic !","publisher":{"@id":"https:\/\/www.autojm.fr\/blog\/#organization"},"potentialAction":[{"@type":"SearchAction","target":{"@type":"EntryPoint","urlTemplate":"https:\/\/www.autojm.fr\/blog\/?s={search_term_string}"},"query-input":{"@type":"PropertyValueSpecification","valueRequired":true,"valueName":"search_term_string"}}],"inLanguage":"fr-FR"},{"@type":"Organization","@id":"https:\/\/www.autojm.fr\/blog\/#organization","name":"AutoJM Mag","url":"https:\/\/www.autojm.fr\/blog\/","logo":{"@type":"ImageObject","inLanguage":"fr-FR","@id":"https:\/\/www.autojm.fr\/blog\/#\/schema\/logo\/image\/","url":"https:\/\/www.autojm.fr\/blog\/wp-content\/uploads\/2022\/12\/cropped-AutoJMag-png.png","contentUrl":"https:\/\/www.autojm.fr\/blog\/wp-content\/uploads\/2022\/12\/cropped-AutoJMag-png.png","width":2834,"height":585,"caption":"AutoJM Mag"},"image":{"@id":"https:\/\/www.autojm.fr\/blog\/#\/schema\/logo\/image\/"},"sameAs":["https:\/\/www.facebook.com\/AutoJM25"]},{"@type":"Person","@id":"https:\/\/www.autojm.fr\/blog\/#\/schema\/person\/9742bc77541853e0de81fc57f947e1a0","name":"Autojm","image":{"@type":"ImageObject","inLanguage":"fr-FR","@id":"https:\/\/secure.gravatar.com\/avatar\/9a959d52b758fcc232fe4b6aca7bab139182573297122cce7d6f2ee0e537b418?s=96&d=mm&r=g","url":"https:\/\/secure.gravatar.com\/avatar\/9a959d52b758fcc232fe4b6aca7bab139182573297122cce7d6f2ee0e537b418?s=96&d=mm&r=g","contentUrl":"https:\/\/secure.gravatar.com\/avatar\/9a959d52b758fcc232fe4b6aca7bab139182573297122cce7d6f2ee0e537b418?s=96&d=mm&r=g","caption":"Autojm"},"sameAs":["https:\/\/www.autojm.fr\/blog"],"url":"https:\/\/www.autojm.fr\/blog\/author\/bichoi\/"}]}},"_links":{"self":[{"href":"https:\/\/www.autojm.fr\/blog\/wp-json\/wp\/v2\/posts\/3316","targetHints":{"allow":["GET"]}}],"collection":[{"href":"https:\/\/www.autojm.fr\/blog\/wp-json\/wp\/v2\/posts"}],"about":[{"href":"https:\/\/www.autojm.fr\/blog\/wp-json\/wp\/v2\/types\/post"}],"author":[{"embeddable":true,"href":"https:\/\/www.autojm.fr\/blog\/wp-json\/wp\/v2\/users\/1"}],"replies":[{"embeddable":true,"href":"https:\/\/www.autojm.fr\/blog\/wp-json\/wp\/v2\/comments?post=3316"}],"version-history":[{"count":3,"href":"https:\/\/www.autojm.fr\/blog\/wp-json\/wp\/v2\/posts\/3316\/revisions"}],"predecessor-version":[{"id":7662,"href":"https:\/\/www.autojm.fr\/blog\/wp-json\/wp\/v2\/posts\/3316\/revisions\/7662"}],"wp:featuredmedia":[{"embeddable":true,"href":"https:\/\/www.autojm.fr\/blog\/wp-json\/wp\/v2\/media\/7394"}],"wp:attachment":[{"href":"https:\/\/www.autojm.fr\/blog\/wp-json\/wp\/v2\/media?parent=3316"}],"wp:term":[{"taxonomy":"category","embeddable":true,"href":"https:\/\/www.autojm.fr\/blog\/wp-json\/wp\/v2\/categories?post=3316"},{"taxonomy":"post_tag","embeddable":true,"href":"https:\/\/www.autojm.fr\/blog\/wp-json\/wp\/v2\/tags?post=3316"}],"curies":[{"name":"wp","href":"https:\/\/api.w.org\/{rel}","templated":true}]}}