{"id":3306,"date":"2011-07-28T09:52:11","date_gmt":"2011-07-28T09:52:11","guid":{"rendered":"https:\/\/www.autojm.fr\/blog\/les-voitures-etrangeres-moins-cheres-quen-france\/"},"modified":"2022-12-09T13:32:07","modified_gmt":"2022-12-09T13:32:07","slug":"les-voitures-etrangeres-moins-cheres-quen-france","status":"publish","type":"post","link":"https:\/\/www.autojm.fr\/blog\/les-voitures-etrangeres-moins-cheres-quen-france\/","title":{"rendered":"Les voitures \u00e9trang\u00e8res moins ch\u00e8res qu&rsquo;en France !"},"content":{"rendered":"<p>La Commission de l&rsquo;UE charg\u00e9e de la concurrence a publi\u00e9 le rapport annuel sur le prix des<a href=\"https:\/\/www.autojm.fr\/mandataire-voitures-neuves-citroen\"> voitures neuves<\/a>. Bien que les prix sont r\u00e9duits en 2010, ils varient encore de 40% d&rsquo;un pays \u00e0 l&rsquo;autre, avec des voitures encore moins ch\u00e8res dans les pays r\u00e9cemment entr\u00e9s dans l&rsquo;UE.<\/p>\n<p>Le prix des<a href=\"https:\/\/www.autojm.fr\/\"> automobiles neuves<\/a> dans les pays de l&rsquo;UE font de moins en moins le grand \u00e9cart. C&rsquo;est une des constatations du rapport annuel sur les prix des <a href=\"http:\/\/www.autojm.fr\/\">autos neuves <\/a>de la Commission europ\u00e9enne, publi\u00e9 le 26 juillet 2011.<\/p>\n<p>Les r\u00e9sultats pour 2010 sont plut\u00f4t bon, la diff\u00e9rence de prix se sont r\u00e9duits en moyenne de 2,5% sur l&rsquo;ensemble de l&rsquo;Union Europ\u00e9enne. En r\u00e8gle g\u00e9n\u00e9rale, les automobiles co\u00fbtent moins cher dans 24 pays sur 27, refl\u00e9tant une situation \u00e9conomique encore teint\u00e9e de morosit\u00e9. Cela \u00ab\u00a0constitue un indicateur positif de la concurrence transfrontali\u00e8re\u00a0\u00bb, s&rsquo;est f\u00e9licit\u00e9 Joaqu\u00edn Almunia, vice-pr\u00e9sident de la Commission charg\u00e9 de la concurrence.<\/p>\n<p style=\"text-align: center;\">\n<p><a href=\"http:\/\/lci.tf1.fr\/economie\/consommation\/ou-acheter-une-voiture-bruxelles-a-recense-les-pays-les-moins-6603872.html\" target=\"_blank\" rel=\"noopener\">(lire l&rsquo;article en int\u00e9gralit\u00e9)<\/a><\/p>\n<p style=\"text-align: center;\">\n","protected":false},"excerpt":{"rendered":"<p>La Commission de l&rsquo;UE charg\u00e9e de la concurrence a publi\u00e9 le rapport annuel sur le prix des voitures neuves. Bien que les prix sont r\u00e9duits en 2010, ils varient encore de 40% d&rsquo;un pays \u00e0 l&rsquo;autre, avec des voitures encore moins ch\u00e8res dans les pays r\u00e9cemment entr\u00e9s dans l&rsquo;UE.<\/p>\n","protected":false},"author":1,"featured_media":5422,"comment_status":"open","ping_status":"open","sticky":false,"template":"","format":"standard","meta":{"_acf_changed":false,"content-type":"","footnotes":""},"categories":[22],"tags":[90,85,74,105,110,109,106,108,107,73,78,169,96],"class_list":["post-3306","post","type-post","status-publish","format-standard","has-post-thumbnail","hentry","category-conseils-astuces","tag-autojm","tag-citroen-2","tag-dacia","tag-ds","tag-fiat","tag-ford","tag-kia","tag-nissan","tag-opel","tag-peugeot","tag-renault","tag-toyota","tag-volkswagen"],"acf":[],"yoast_head":"<!-- This site is optimized with the Yoast SEO plugin v27.5 - https:\/\/yoast.com\/product\/yoast-seo-wordpress\/ -->\n<title>Les voitures \u00e9trang\u00e8res moins ch\u00e8res qu&#039;en France ! - AutoJM Mag<\/title>\n<meta name=\"description\" content=\"La Commission de l&#039;UE charg\u00e9e de la concurrence a publi\u00e9 le rapport annuel sur le prix des voitures neuves. Bien que les prix sont...\" \/>\n<meta name=\"robots\" content=\"index, follow, max-snippet:-1, max-image-preview:large, max-video-preview:-1\" \/>\n<link rel=\"canonical\" href=\"https:\/\/www.autojm.fr\/blog\/les-voitures-etrangeres-moins-cheres-quen-france\/\" \/>\n<meta property=\"og:locale\" content=\"fr_FR\" \/>\n<meta property=\"og:type\" content=\"article\" \/>\n<meta property=\"og:title\" content=\"Les voitures \u00e9trang\u00e8res moins ch\u00e8res qu&#039;en France ! - AutoJM Mag\" \/>\n<meta property=\"og:description\" content=\"La Commission de l&#039;UE charg\u00e9e de la concurrence a publi\u00e9 le rapport annuel sur le prix des voitures neuves. Bien que les prix sont...\" \/>\n<meta property=\"og:url\" content=\"https:\/\/www.autojm.fr\/blog\/les-voitures-etrangeres-moins-cheres-quen-france\/\" \/>\n<meta property=\"og:site_name\" content=\"AutoJM Mag\" \/>\n<meta property=\"article:publisher\" content=\"https:\/\/www.facebook.com\/AutoJM25\" \/>\n<meta property=\"article:published_time\" content=\"2011-07-28T09:52:11+00:00\" \/>\n<meta property=\"article:modified_time\" content=\"2022-12-09T13:32:07+00:00\" \/>\n<meta property=\"og:image\" content=\"https:\/\/www.autojm.fr\/blog\/wp-content\/uploads\/2022\/10\/18.jpg\" \/>\n\t<meta property=\"og:image:width\" content=\"259\" \/>\n\t<meta property=\"og:image:height\" content=\"194\" \/>\n\t<meta property=\"og:image:type\" content=\"image\/jpeg\" \/>\n<meta name=\"author\" content=\"Autojm\" \/>\n<meta name=\"twitter:card\" content=\"summary_large_image\" \/>\n<meta name=\"twitter:label1\" content=\"\u00c9crit par\" \/>\n\t<meta name=\"twitter:data1\" content=\"Autojm\" \/>\n\t<meta name=\"twitter:label2\" content=\"Dur\u00e9e de lecture estim\u00e9e\" \/>\n\t<meta name=\"twitter:data2\" content=\"1 minute\" \/>\n<script type=\"application\/ld+json\" class=\"yoast-schema-graph\">{\"@context\":\"https:\\\/\\\/schema.org\",\"@graph\":[{\"@type\":\"Article\",\"@id\":\"https:\\\/\\\/www.autojm.fr\\\/blog\\\/les-voitures-etrangeres-moins-cheres-quen-france\\\/#article\",\"isPartOf\":{\"@id\":\"https:\\\/\\\/www.autojm.fr\\\/blog\\\/les-voitures-etrangeres-moins-cheres-quen-france\\\/\"},\"author\":{\"name\":\"Autojm\",\"@id\":\"https:\\\/\\\/www.autojm.fr\\\/blog\\\/#\\\/schema\\\/person\\\/9742bc77541853e0de81fc57f947e1a0\"},\"headline\":\"Les voitures \u00e9trang\u00e8res moins ch\u00e8res qu&rsquo;en France !\",\"datePublished\":\"2011-07-28T09:52:11+00:00\",\"dateModified\":\"2022-12-09T13:32:07+00:00\",\"mainEntityOfPage\":{\"@id\":\"https:\\\/\\\/www.autojm.fr\\\/blog\\\/les-voitures-etrangeres-moins-cheres-quen-france\\\/\"},\"wordCount\":180,\"commentCount\":0,\"publisher\":{\"@id\":\"https:\\\/\\\/www.autojm.fr\\\/blog\\\/#organization\"},\"image\":{\"@id\":\"https:\\\/\\\/www.autojm.fr\\\/blog\\\/les-voitures-etrangeres-moins-cheres-quen-france\\\/#primaryimage\"},\"thumbnailUrl\":\"https:\\\/\\\/www.autojm.fr\\\/blog\\\/wp-content\\\/uploads\\\/2022\\\/10\\\/18.jpg\",\"keywords\":[\"autojm\",\"Citro\u00ebn\",\"dacia\",\"DS\",\"Fiat\",\"Ford\",\"Kia\",\"Nissan\",\"Opel\",\"peugeot\",\"renault\",\"Toyota\",\"Volkswagen\"],\"articleSection\":[\"Conseils &amp; Astuces\"],\"inLanguage\":\"fr-FR\",\"potentialAction\":[{\"@type\":\"CommentAction\",\"name\":\"Comment\",\"target\":[\"https:\\\/\\\/www.autojm.fr\\\/blog\\\/les-voitures-etrangeres-moins-cheres-quen-france\\\/#respond\"]}]},{\"@type\":\"WebPage\",\"@id\":\"https:\\\/\\\/www.autojm.fr\\\/blog\\\/les-voitures-etrangeres-moins-cheres-quen-france\\\/\",\"url\":\"https:\\\/\\\/www.autojm.fr\\\/blog\\\/les-voitures-etrangeres-moins-cheres-quen-france\\\/\",\"name\":\"Les voitures \u00e9trang\u00e8res moins ch\u00e8res qu'en France ! - AutoJM Mag\",\"isPartOf\":{\"@id\":\"https:\\\/\\\/www.autojm.fr\\\/blog\\\/#website\"},\"primaryImageOfPage\":{\"@id\":\"https:\\\/\\\/www.autojm.fr\\\/blog\\\/les-voitures-etrangeres-moins-cheres-quen-france\\\/#primaryimage\"},\"image\":{\"@id\":\"https:\\\/\\\/www.autojm.fr\\\/blog\\\/les-voitures-etrangeres-moins-cheres-quen-france\\\/#primaryimage\"},\"thumbnailUrl\":\"https:\\\/\\\/www.autojm.fr\\\/blog\\\/wp-content\\\/uploads\\\/2022\\\/10\\\/18.jpg\",\"datePublished\":\"2011-07-28T09:52:11+00:00\",\"dateModified\":\"2022-12-09T13:32:07+00:00\",\"description\":\"La Commission de l'UE charg\u00e9e de la concurrence a publi\u00e9 le rapport annuel sur le prix des voitures neuves. Bien que les prix sont...\",\"breadcrumb\":{\"@id\":\"https:\\\/\\\/www.autojm.fr\\\/blog\\\/les-voitures-etrangeres-moins-cheres-quen-france\\\/#breadcrumb\"},\"inLanguage\":\"fr-FR\",\"potentialAction\":[{\"@type\":\"ReadAction\",\"target\":[\"https:\\\/\\\/www.autojm.fr\\\/blog\\\/les-voitures-etrangeres-moins-cheres-quen-france\\\/\"]}]},{\"@type\":\"ImageObject\",\"inLanguage\":\"fr-FR\",\"@id\":\"https:\\\/\\\/www.autojm.fr\\\/blog\\\/les-voitures-etrangeres-moins-cheres-quen-france\\\/#primaryimage\",\"url\":\"https:\\\/\\\/www.autojm.fr\\\/blog\\\/wp-content\\\/uploads\\\/2022\\\/10\\\/18.jpg\",\"contentUrl\":\"https:\\\/\\\/www.autojm.fr\\\/blog\\\/wp-content\\\/uploads\\\/2022\\\/10\\\/18.jpg\",\"width\":259,\"height\":194,\"caption\":\"Voitures \u00e9trang\u00e8res\"},{\"@type\":\"BreadcrumbList\",\"@id\":\"https:\\\/\\\/www.autojm.fr\\\/blog\\\/les-voitures-etrangeres-moins-cheres-quen-france\\\/#breadcrumb\",\"itemListElement\":[{\"@type\":\"ListItem\",\"position\":1,\"name\":\"Accueil\",\"item\":\"https:\\\/\\\/www.autojm.fr\\\/blog\\\/\"},{\"@type\":\"ListItem\",\"position\":2,\"name\":\"Conseils &amp; Astuces\",\"item\":\"https:\\\/\\\/www.autojm.fr\\\/blog\\\/conseils-astuces\\\/\"},{\"@type\":\"ListItem\",\"position\":3,\"name\":\"Les voitures \u00e9trang\u00e8res moins ch\u00e8res qu&rsquo;en France !\"}]},{\"@type\":\"WebSite\",\"@id\":\"https:\\\/\\\/www.autojm.fr\\\/blog\\\/#website\",\"url\":\"https:\\\/\\\/www.autojm.fr\\\/blog\\\/\",\"name\":\"AutoJM Mag\",\"description\":\"Toute l&#039;actu auto en 1 clic !\",\"publisher\":{\"@id\":\"https:\\\/\\\/www.autojm.fr\\\/blog\\\/#organization\"},\"potentialAction\":[{\"@type\":\"SearchAction\",\"target\":{\"@type\":\"EntryPoint\",\"urlTemplate\":\"https:\\\/\\\/www.autojm.fr\\\/blog\\\/?s={search_term_string}\"},\"query-input\":{\"@type\":\"PropertyValueSpecification\",\"valueRequired\":true,\"valueName\":\"search_term_string\"}}],\"inLanguage\":\"fr-FR\"},{\"@type\":\"Organization\",\"@id\":\"https:\\\/\\\/www.autojm.fr\\\/blog\\\/#organization\",\"name\":\"AutoJM Mag\",\"url\":\"https:\\\/\\\/www.autojm.fr\\\/blog\\\/\",\"logo\":{\"@type\":\"ImageObject\",\"inLanguage\":\"fr-FR\",\"@id\":\"https:\\\/\\\/www.autojm.fr\\\/blog\\\/#\\\/schema\\\/logo\\\/image\\\/\",\"url\":\"https:\\\/\\\/www.autojm.fr\\\/blog\\\/wp-content\\\/uploads\\\/2022\\\/12\\\/cropped-AutoJMag-png.png\",\"contentUrl\":\"https:\\\/\\\/www.autojm.fr\\\/blog\\\/wp-content\\\/uploads\\\/2022\\\/12\\\/cropped-AutoJMag-png.png\",\"width\":2834,\"height\":585,\"caption\":\"AutoJM Mag\"},\"image\":{\"@id\":\"https:\\\/\\\/www.autojm.fr\\\/blog\\\/#\\\/schema\\\/logo\\\/image\\\/\"},\"sameAs\":[\"https:\\\/\\\/www.facebook.com\\\/AutoJM25\"]},{\"@type\":\"Person\",\"@id\":\"https:\\\/\\\/www.autojm.fr\\\/blog\\\/#\\\/schema\\\/person\\\/9742bc77541853e0de81fc57f947e1a0\",\"name\":\"Autojm\",\"image\":{\"@type\":\"ImageObject\",\"inLanguage\":\"fr-FR\",\"@id\":\"https:\\\/\\\/secure.gravatar.com\\\/avatar\\\/9a959d52b758fcc232fe4b6aca7bab139182573297122cce7d6f2ee0e537b418?s=96&d=mm&r=g\",\"url\":\"https:\\\/\\\/secure.gravatar.com\\\/avatar\\\/9a959d52b758fcc232fe4b6aca7bab139182573297122cce7d6f2ee0e537b418?s=96&d=mm&r=g\",\"contentUrl\":\"https:\\\/\\\/secure.gravatar.com\\\/avatar\\\/9a959d52b758fcc232fe4b6aca7bab139182573297122cce7d6f2ee0e537b418?s=96&d=mm&r=g\",\"caption\":\"Autojm\"},\"sameAs\":[\"https:\\\/\\\/www.autojm.fr\\\/blog\"],\"url\":\"https:\\\/\\\/www.autojm.fr\\\/blog\\\/author\\\/bichoi\\\/\"}]}<\/script>\n<!-- \/ Yoast SEO plugin. -->","yoast_head_json":{"title":"Les voitures \u00e9trang\u00e8res moins ch\u00e8res qu'en France ! - AutoJM Mag","description":"La Commission de l'UE charg\u00e9e de la concurrence a publi\u00e9 le rapport annuel sur le prix des voitures neuves. Bien que les prix sont...","robots":{"index":"index","follow":"follow","max-snippet":"max-snippet:-1","max-image-preview":"max-image-preview:large","max-video-preview":"max-video-preview:-1"},"canonical":"https:\/\/www.autojm.fr\/blog\/les-voitures-etrangeres-moins-cheres-quen-france\/","og_locale":"fr_FR","og_type":"article","og_title":"Les voitures \u00e9trang\u00e8res moins ch\u00e8res qu'en France ! - AutoJM Mag","og_description":"La Commission de l'UE charg\u00e9e de la concurrence a publi\u00e9 le rapport annuel sur le prix des voitures neuves. Bien que les prix sont...","og_url":"https:\/\/www.autojm.fr\/blog\/les-voitures-etrangeres-moins-cheres-quen-france\/","og_site_name":"AutoJM Mag","article_publisher":"https:\/\/www.facebook.com\/AutoJM25","article_published_time":"2011-07-28T09:52:11+00:00","article_modified_time":"2022-12-09T13:32:07+00:00","og_image":[{"width":259,"height":194,"url":"https:\/\/www.autojm.fr\/blog\/wp-content\/uploads\/2022\/10\/18.jpg","type":"image\/jpeg"}],"author":"Autojm","twitter_card":"summary_large_image","twitter_misc":{"\u00c9crit par":"Autojm","Dur\u00e9e de lecture estim\u00e9e":"1 minute"},"schema":{"@context":"https:\/\/schema.org","@graph":[{"@type":"Article","@id":"https:\/\/www.autojm.fr\/blog\/les-voitures-etrangeres-moins-cheres-quen-france\/#article","isPartOf":{"@id":"https:\/\/www.autojm.fr\/blog\/les-voitures-etrangeres-moins-cheres-quen-france\/"},"author":{"name":"Autojm","@id":"https:\/\/www.autojm.fr\/blog\/#\/schema\/person\/9742bc77541853e0de81fc57f947e1a0"},"headline":"Les voitures \u00e9trang\u00e8res moins ch\u00e8res qu&rsquo;en France !","datePublished":"2011-07-28T09:52:11+00:00","dateModified":"2022-12-09T13:32:07+00:00","mainEntityOfPage":{"@id":"https:\/\/www.autojm.fr\/blog\/les-voitures-etrangeres-moins-cheres-quen-france\/"},"wordCount":180,"commentCount":0,"publisher":{"@id":"https:\/\/www.autojm.fr\/blog\/#organization"},"image":{"@id":"https:\/\/www.autojm.fr\/blog\/les-voitures-etrangeres-moins-cheres-quen-france\/#primaryimage"},"thumbnailUrl":"https:\/\/www.autojm.fr\/blog\/wp-content\/uploads\/2022\/10\/18.jpg","keywords":["autojm","Citro\u00ebn","dacia","DS","Fiat","Ford","Kia","Nissan","Opel","peugeot","renault","Toyota","Volkswagen"],"articleSection":["Conseils &amp; Astuces"],"inLanguage":"fr-FR","potentialAction":[{"@type":"CommentAction","name":"Comment","target":["https:\/\/www.autojm.fr\/blog\/les-voitures-etrangeres-moins-cheres-quen-france\/#respond"]}]},{"@type":"WebPage","@id":"https:\/\/www.autojm.fr\/blog\/les-voitures-etrangeres-moins-cheres-quen-france\/","url":"https:\/\/www.autojm.fr\/blog\/les-voitures-etrangeres-moins-cheres-quen-france\/","name":"Les voitures \u00e9trang\u00e8res moins ch\u00e8res qu'en France ! - AutoJM Mag","isPartOf":{"@id":"https:\/\/www.autojm.fr\/blog\/#website"},"primaryImageOfPage":{"@id":"https:\/\/www.autojm.fr\/blog\/les-voitures-etrangeres-moins-cheres-quen-france\/#primaryimage"},"image":{"@id":"https:\/\/www.autojm.fr\/blog\/les-voitures-etrangeres-moins-cheres-quen-france\/#primaryimage"},"thumbnailUrl":"https:\/\/www.autojm.fr\/blog\/wp-content\/uploads\/2022\/10\/18.jpg","datePublished":"2011-07-28T09:52:11+00:00","dateModified":"2022-12-09T13:32:07+00:00","description":"La Commission de l'UE charg\u00e9e de la concurrence a publi\u00e9 le rapport annuel sur le prix des voitures neuves. Bien que les prix sont...","breadcrumb":{"@id":"https:\/\/www.autojm.fr\/blog\/les-voitures-etrangeres-moins-cheres-quen-france\/#breadcrumb"},"inLanguage":"fr-FR","potentialAction":[{"@type":"ReadAction","target":["https:\/\/www.autojm.fr\/blog\/les-voitures-etrangeres-moins-cheres-quen-france\/"]}]},{"@type":"ImageObject","inLanguage":"fr-FR","@id":"https:\/\/www.autojm.fr\/blog\/les-voitures-etrangeres-moins-cheres-quen-france\/#primaryimage","url":"https:\/\/www.autojm.fr\/blog\/wp-content\/uploads\/2022\/10\/18.jpg","contentUrl":"https:\/\/www.autojm.fr\/blog\/wp-content\/uploads\/2022\/10\/18.jpg","width":259,"height":194,"caption":"Voitures \u00e9trang\u00e8res"},{"@type":"BreadcrumbList","@id":"https:\/\/www.autojm.fr\/blog\/les-voitures-etrangeres-moins-cheres-quen-france\/#breadcrumb","itemListElement":[{"@type":"ListItem","position":1,"name":"Accueil","item":"https:\/\/www.autojm.fr\/blog\/"},{"@type":"ListItem","position":2,"name":"Conseils &amp; Astuces","item":"https:\/\/www.autojm.fr\/blog\/conseils-astuces\/"},{"@type":"ListItem","position":3,"name":"Les voitures \u00e9trang\u00e8res moins ch\u00e8res qu&rsquo;en France !"}]},{"@type":"WebSite","@id":"https:\/\/www.autojm.fr\/blog\/#website","url":"https:\/\/www.autojm.fr\/blog\/","name":"AutoJM Mag","description":"Toute l&#039;actu auto en 1 clic !","publisher":{"@id":"https:\/\/www.autojm.fr\/blog\/#organization"},"potentialAction":[{"@type":"SearchAction","target":{"@type":"EntryPoint","urlTemplate":"https:\/\/www.autojm.fr\/blog\/?s={search_term_string}"},"query-input":{"@type":"PropertyValueSpecification","valueRequired":true,"valueName":"search_term_string"}}],"inLanguage":"fr-FR"},{"@type":"Organization","@id":"https:\/\/www.autojm.fr\/blog\/#organization","name":"AutoJM Mag","url":"https:\/\/www.autojm.fr\/blog\/","logo":{"@type":"ImageObject","inLanguage":"fr-FR","@id":"https:\/\/www.autojm.fr\/blog\/#\/schema\/logo\/image\/","url":"https:\/\/www.autojm.fr\/blog\/wp-content\/uploads\/2022\/12\/cropped-AutoJMag-png.png","contentUrl":"https:\/\/www.autojm.fr\/blog\/wp-content\/uploads\/2022\/12\/cropped-AutoJMag-png.png","width":2834,"height":585,"caption":"AutoJM Mag"},"image":{"@id":"https:\/\/www.autojm.fr\/blog\/#\/schema\/logo\/image\/"},"sameAs":["https:\/\/www.facebook.com\/AutoJM25"]},{"@type":"Person","@id":"https:\/\/www.autojm.fr\/blog\/#\/schema\/person\/9742bc77541853e0de81fc57f947e1a0","name":"Autojm","image":{"@type":"ImageObject","inLanguage":"fr-FR","@id":"https:\/\/secure.gravatar.com\/avatar\/9a959d52b758fcc232fe4b6aca7bab139182573297122cce7d6f2ee0e537b418?s=96&d=mm&r=g","url":"https:\/\/secure.gravatar.com\/avatar\/9a959d52b758fcc232fe4b6aca7bab139182573297122cce7d6f2ee0e537b418?s=96&d=mm&r=g","contentUrl":"https:\/\/secure.gravatar.com\/avatar\/9a959d52b758fcc232fe4b6aca7bab139182573297122cce7d6f2ee0e537b418?s=96&d=mm&r=g","caption":"Autojm"},"sameAs":["https:\/\/www.autojm.fr\/blog"],"url":"https:\/\/www.autojm.fr\/blog\/author\/bichoi\/"}]}},"_links":{"self":[{"href":"https:\/\/www.autojm.fr\/blog\/wp-json\/wp\/v2\/posts\/3306","targetHints":{"allow":["GET"]}}],"collection":[{"href":"https:\/\/www.autojm.fr\/blog\/wp-json\/wp\/v2\/posts"}],"about":[{"href":"https:\/\/www.autojm.fr\/blog\/wp-json\/wp\/v2\/types\/post"}],"author":[{"embeddable":true,"href":"https:\/\/www.autojm.fr\/blog\/wp-json\/wp\/v2\/users\/1"}],"replies":[{"embeddable":true,"href":"https:\/\/www.autojm.fr\/blog\/wp-json\/wp\/v2\/comments?post=3306"}],"version-history":[{"count":3,"href":"https:\/\/www.autojm.fr\/blog\/wp-json\/wp\/v2\/posts\/3306\/revisions"}],"predecessor-version":[{"id":7654,"href":"https:\/\/www.autojm.fr\/blog\/wp-json\/wp\/v2\/posts\/3306\/revisions\/7654"}],"wp:featuredmedia":[{"embeddable":true,"href":"https:\/\/www.autojm.fr\/blog\/wp-json\/wp\/v2\/media\/5422"}],"wp:attachment":[{"href":"https:\/\/www.autojm.fr\/blog\/wp-json\/wp\/v2\/media?parent=3306"}],"wp:term":[{"taxonomy":"category","embeddable":true,"href":"https:\/\/www.autojm.fr\/blog\/wp-json\/wp\/v2\/categories?post=3306"},{"taxonomy":"post_tag","embeddable":true,"href":"https:\/\/www.autojm.fr\/blog\/wp-json\/wp\/v2\/tags?post=3306"}],"curies":[{"name":"wp","href":"https:\/\/api.w.org\/{rel}","templated":true}]}}