{"id":3304,"date":"2011-07-27T09:12:53","date_gmt":"2011-07-27T09:12:53","guid":{"rendered":"https:\/\/www.autojm.fr\/blog\/ford-ne-fournira-plus-de-lecteur-cd-dans-ses-vehicules\/"},"modified":"2022-12-13T09:17:07","modified_gmt":"2022-12-13T09:17:07","slug":"ford-ne-fournira-plus-de-lecteur-cd-dans-ses-vehicules","status":"publish","type":"post","link":"https:\/\/www.autojm.fr\/blog\/ford-ne-fournira-plus-de-lecteur-cd-dans-ses-vehicules\/","title":{"rendered":"Ford ne fournira plus de lecteur CD dans ses v\u00e9hicules"},"content":{"rendered":"<p>L&rsquo;information vient directement de Ford Europe, Ford ne livrera plus de <a href=\"https:\/\/www.autojm.fr\/\">voiture neuves<\/a> avec des lecteurs de CD int\u00e9gr\u00e9s.<\/p>\n<p>On apprend ainsi que comme aux USA, les Ford europ\u00e9ennes vont tr\u00e8s bient\u00f4t recevoir le syst\u00e8me SYNC Infotainment qui est li\u00e9 \u00e0 l&rsquo;installation en usine de 3 ports ou acc\u00e8s ext\u00e9rieurs ( jack, SD, USB ). Ce syst\u00e8me sera combin\u00e9 avec une possible option Bluetooth qui fonctionnera comme un Hotspot permettant de connecter jusqu&rsquo;\u00e0 5 appareils sans fils, en l&rsquo;occurrence des t\u00e9l\u00e9phones. Une connection iPod\/iPhone sera aussi propos\u00e9e en option.<\/p>\n<p>Il en est d\u00e9j\u00e0 ainsi avec les nouvelles <a href=\"http:\/\/www.autojm.fr\/\">automobiles <\/a>Ford Focus, qui ne sont plus \u00e9quip\u00e9es de lecteur CD. Ford estime que d&rsquo;ici 2012, plus de 2 millions de Ford seront \u00e9quip\u00e9s de la sorte. Assez dur \u00e0 imaginer, \u00e9tant donn\u00e9 que le lecteur CD reste tout de m\u00eame le support le plus utilis\u00e9 aujourd&rsquo;hui. De plus, la qualit\u00e9 moyenne des autres supports de musique : USB et carte m\u00e9moire, a un son encore assez m\u00e9diocre aujourd&rsquo;hui.<\/p>\n<p>De plus, il est int\u00e9ressant de souligner que Ford a d\u00e9cid\u00e9 d&rsquo;abandonner le lecteur cassette il y a tr\u00e8s peu de temps dans ces voitures.<\/p>\n<p>Est ce que ce changement est un choix volontaire pour attirer une client\u00e8le plus jeune ? Mais qu&rsquo;en est-il de la client\u00e8le actuelle ? Est ce que monsieur tout le monde, utilise fr\u00e9quemment des cl\u00e9 USB et autres moyens de stockage pour y t\u00e9l\u00e9charger de la musique ?<\/p>\n<p>Choix risqu\u00e9 donc&#8230;. \u00e0 suivre !<\/p>\n","protected":false},"excerpt":{"rendered":"<p>L&rsquo;information vient directement de Ford Europe, Ford ne livrera plus de voiture neuves avec des lecteurs de CD int\u00e9gr\u00e9s.<\/p>\n<p>On apprend ainsi que comme aux USA, les Ford europ\u00e9ennes vont tr\u00e8s bient\u00f4t recevoir le syst\u00e8me SYNC Infotainment qui est li\u00e9 \u00e0 l&rsquo;installation en usine de 3 ports ou acc\u00e8s ext\u00e9rieurs ( jack, SD, USB ). Ce syst\u00e8me sera combin\u00e9 avec une possible option Bluetooth qui fonctionnera comme un Hotspot permettant de connecter jusqu&rsquo;\u00e0 5 appareils sans fils, en l&rsquo;occurrence des t\u00e9l\u00e9phones. Une connection iPod\/iPhone sera aussi propos\u00e9e en option.<\/p>\n","protected":false},"author":1,"featured_media":5420,"comment_status":"open","ping_status":"open","sticky":false,"template":"","format":"standard","meta":{"_acf_changed":false,"content-type":"","footnotes":""},"categories":[5],"tags":[90,109],"class_list":["post-3304","post","type-post","status-publish","format-standard","has-post-thumbnail","hentry","category-actualite-automobile","tag-autojm","tag-ford"],"acf":[],"yoast_head":"<!-- This site is optimized with the Yoast SEO plugin v27.5 - https:\/\/yoast.com\/product\/yoast-seo-wordpress\/ -->\n<title>Ford ne fournira plus de lecteur CD dans ses v\u00e9hicules<\/title>\n<meta name=\"description\" content=\"L&#039;information vient directement de Ford Europe, Ford ne livrera plus de voiture neuves avec des lecteurs de CD int\u00e9gr\u00e9s.On apprend ainsi...\" \/>\n<meta name=\"robots\" content=\"index, follow, max-snippet:-1, max-image-preview:large, max-video-preview:-1\" \/>\n<link rel=\"canonical\" href=\"https:\/\/www.autojm.fr\/blog\/ford-ne-fournira-plus-de-lecteur-cd-dans-ses-vehicules\/\" \/>\n<meta property=\"og:locale\" content=\"fr_FR\" \/>\n<meta property=\"og:type\" content=\"article\" \/>\n<meta property=\"og:title\" content=\"Ford ne fournira plus de lecteur CD dans ses v\u00e9hicules\" \/>\n<meta property=\"og:description\" content=\"L&#039;information vient directement de Ford Europe, Ford ne livrera plus de voiture neuves avec des lecteurs de CD int\u00e9gr\u00e9s.On apprend ainsi...\" \/>\n<meta property=\"og:url\" content=\"https:\/\/www.autojm.fr\/blog\/ford-ne-fournira-plus-de-lecteur-cd-dans-ses-vehicules\/\" \/>\n<meta property=\"og:site_name\" content=\"AutoJM Mag\" \/>\n<meta property=\"article:publisher\" content=\"https:\/\/www.facebook.com\/AutoJM25\" \/>\n<meta property=\"article:published_time\" content=\"2011-07-27T09:12:53+00:00\" \/>\n<meta property=\"article:modified_time\" content=\"2022-12-13T09:17:07+00:00\" \/>\n<meta property=\"og:image\" content=\"https:\/\/www.autojm.fr\/blog\/wp-content\/uploads\/2022\/10\/16.jpg\" \/>\n\t<meta property=\"og:image:width\" content=\"560\" \/>\n\t<meta property=\"og:image:height\" content=\"371\" \/>\n\t<meta property=\"og:image:type\" content=\"image\/jpeg\" \/>\n<meta name=\"author\" content=\"Autojm\" \/>\n<meta name=\"twitter:card\" content=\"summary_large_image\" \/>\n<meta name=\"twitter:label1\" content=\"\u00c9crit par\" \/>\n\t<meta name=\"twitter:data1\" content=\"Autojm\" \/>\n\t<meta name=\"twitter:label2\" content=\"Dur\u00e9e de lecture estim\u00e9e\" \/>\n\t<meta name=\"twitter:data2\" content=\"2 minutes\" \/>\n<script type=\"application\/ld+json\" class=\"yoast-schema-graph\">{\"@context\":\"https:\\\/\\\/schema.org\",\"@graph\":[{\"@type\":\"Article\",\"@id\":\"https:\\\/\\\/www.autojm.fr\\\/blog\\\/ford-ne-fournira-plus-de-lecteur-cd-dans-ses-vehicules\\\/#article\",\"isPartOf\":{\"@id\":\"https:\\\/\\\/www.autojm.fr\\\/blog\\\/ford-ne-fournira-plus-de-lecteur-cd-dans-ses-vehicules\\\/\"},\"author\":{\"name\":\"Autojm\",\"@id\":\"https:\\\/\\\/www.autojm.fr\\\/blog\\\/#\\\/schema\\\/person\\\/9742bc77541853e0de81fc57f947e1a0\"},\"headline\":\"Ford ne fournira plus de lecteur CD dans ses v\u00e9hicules\",\"datePublished\":\"2011-07-27T09:12:53+00:00\",\"dateModified\":\"2022-12-13T09:17:07+00:00\",\"mainEntityOfPage\":{\"@id\":\"https:\\\/\\\/www.autojm.fr\\\/blog\\\/ford-ne-fournira-plus-de-lecteur-cd-dans-ses-vehicules\\\/\"},\"wordCount\":269,\"commentCount\":0,\"publisher\":{\"@id\":\"https:\\\/\\\/www.autojm.fr\\\/blog\\\/#organization\"},\"image\":{\"@id\":\"https:\\\/\\\/www.autojm.fr\\\/blog\\\/ford-ne-fournira-plus-de-lecteur-cd-dans-ses-vehicules\\\/#primaryimage\"},\"thumbnailUrl\":\"https:\\\/\\\/www.autojm.fr\\\/blog\\\/wp-content\\\/uploads\\\/2022\\\/10\\\/16.jpg\",\"keywords\":[\"autojm\",\"Ford\"],\"articleSection\":[\"Actualit\u00e9 Automobile\"],\"inLanguage\":\"fr-FR\",\"potentialAction\":[{\"@type\":\"CommentAction\",\"name\":\"Comment\",\"target\":[\"https:\\\/\\\/www.autojm.fr\\\/blog\\\/ford-ne-fournira-plus-de-lecteur-cd-dans-ses-vehicules\\\/#respond\"]}]},{\"@type\":\"WebPage\",\"@id\":\"https:\\\/\\\/www.autojm.fr\\\/blog\\\/ford-ne-fournira-plus-de-lecteur-cd-dans-ses-vehicules\\\/\",\"url\":\"https:\\\/\\\/www.autojm.fr\\\/blog\\\/ford-ne-fournira-plus-de-lecteur-cd-dans-ses-vehicules\\\/\",\"name\":\"Ford ne fournira plus de lecteur CD dans ses v\u00e9hicules\",\"isPartOf\":{\"@id\":\"https:\\\/\\\/www.autojm.fr\\\/blog\\\/#website\"},\"primaryImageOfPage\":{\"@id\":\"https:\\\/\\\/www.autojm.fr\\\/blog\\\/ford-ne-fournira-plus-de-lecteur-cd-dans-ses-vehicules\\\/#primaryimage\"},\"image\":{\"@id\":\"https:\\\/\\\/www.autojm.fr\\\/blog\\\/ford-ne-fournira-plus-de-lecteur-cd-dans-ses-vehicules\\\/#primaryimage\"},\"thumbnailUrl\":\"https:\\\/\\\/www.autojm.fr\\\/blog\\\/wp-content\\\/uploads\\\/2022\\\/10\\\/16.jpg\",\"datePublished\":\"2011-07-27T09:12:53+00:00\",\"dateModified\":\"2022-12-13T09:17:07+00:00\",\"description\":\"L'information vient directement de Ford Europe, Ford ne livrera plus de voiture neuves avec des lecteurs de CD int\u00e9gr\u00e9s.On apprend ainsi...\",\"breadcrumb\":{\"@id\":\"https:\\\/\\\/www.autojm.fr\\\/blog\\\/ford-ne-fournira-plus-de-lecteur-cd-dans-ses-vehicules\\\/#breadcrumb\"},\"inLanguage\":\"fr-FR\",\"potentialAction\":[{\"@type\":\"ReadAction\",\"target\":[\"https:\\\/\\\/www.autojm.fr\\\/blog\\\/ford-ne-fournira-plus-de-lecteur-cd-dans-ses-vehicules\\\/\"]}]},{\"@type\":\"ImageObject\",\"inLanguage\":\"fr-FR\",\"@id\":\"https:\\\/\\\/www.autojm.fr\\\/blog\\\/ford-ne-fournira-plus-de-lecteur-cd-dans-ses-vehicules\\\/#primaryimage\",\"url\":\"https:\\\/\\\/www.autojm.fr\\\/blog\\\/wp-content\\\/uploads\\\/2022\\\/10\\\/16.jpg\",\"contentUrl\":\"https:\\\/\\\/www.autojm.fr\\\/blog\\\/wp-content\\\/uploads\\\/2022\\\/10\\\/16.jpg\",\"width\":560,\"height\":371,\"caption\":\"Ford\"},{\"@type\":\"BreadcrumbList\",\"@id\":\"https:\\\/\\\/www.autojm.fr\\\/blog\\\/ford-ne-fournira-plus-de-lecteur-cd-dans-ses-vehicules\\\/#breadcrumb\",\"itemListElement\":[{\"@type\":\"ListItem\",\"position\":1,\"name\":\"Accueil\",\"item\":\"https:\\\/\\\/www.autojm.fr\\\/blog\\\/\"},{\"@type\":\"ListItem\",\"position\":2,\"name\":\"Actualit\u00e9 Automobile\",\"item\":\"https:\\\/\\\/www.autojm.fr\\\/blog\\\/actualite-automobile\\\/\"},{\"@type\":\"ListItem\",\"position\":3,\"name\":\"Ford ne fournira plus de lecteur CD dans ses v\u00e9hicules\"}]},{\"@type\":\"WebSite\",\"@id\":\"https:\\\/\\\/www.autojm.fr\\\/blog\\\/#website\",\"url\":\"https:\\\/\\\/www.autojm.fr\\\/blog\\\/\",\"name\":\"AutoJM Mag\",\"description\":\"Toute l&#039;actu auto en 1 clic !\",\"publisher\":{\"@id\":\"https:\\\/\\\/www.autojm.fr\\\/blog\\\/#organization\"},\"potentialAction\":[{\"@type\":\"SearchAction\",\"target\":{\"@type\":\"EntryPoint\",\"urlTemplate\":\"https:\\\/\\\/www.autojm.fr\\\/blog\\\/?s={search_term_string}\"},\"query-input\":{\"@type\":\"PropertyValueSpecification\",\"valueRequired\":true,\"valueName\":\"search_term_string\"}}],\"inLanguage\":\"fr-FR\"},{\"@type\":\"Organization\",\"@id\":\"https:\\\/\\\/www.autojm.fr\\\/blog\\\/#organization\",\"name\":\"AutoJM Mag\",\"url\":\"https:\\\/\\\/www.autojm.fr\\\/blog\\\/\",\"logo\":{\"@type\":\"ImageObject\",\"inLanguage\":\"fr-FR\",\"@id\":\"https:\\\/\\\/www.autojm.fr\\\/blog\\\/#\\\/schema\\\/logo\\\/image\\\/\",\"url\":\"https:\\\/\\\/www.autojm.fr\\\/blog\\\/wp-content\\\/uploads\\\/2022\\\/12\\\/cropped-AutoJMag-png.png\",\"contentUrl\":\"https:\\\/\\\/www.autojm.fr\\\/blog\\\/wp-content\\\/uploads\\\/2022\\\/12\\\/cropped-AutoJMag-png.png\",\"width\":2834,\"height\":585,\"caption\":\"AutoJM Mag\"},\"image\":{\"@id\":\"https:\\\/\\\/www.autojm.fr\\\/blog\\\/#\\\/schema\\\/logo\\\/image\\\/\"},\"sameAs\":[\"https:\\\/\\\/www.facebook.com\\\/AutoJM25\"]},{\"@type\":\"Person\",\"@id\":\"https:\\\/\\\/www.autojm.fr\\\/blog\\\/#\\\/schema\\\/person\\\/9742bc77541853e0de81fc57f947e1a0\",\"name\":\"Autojm\",\"image\":{\"@type\":\"ImageObject\",\"inLanguage\":\"fr-FR\",\"@id\":\"https:\\\/\\\/secure.gravatar.com\\\/avatar\\\/9a959d52b758fcc232fe4b6aca7bab139182573297122cce7d6f2ee0e537b418?s=96&d=mm&r=g\",\"url\":\"https:\\\/\\\/secure.gravatar.com\\\/avatar\\\/9a959d52b758fcc232fe4b6aca7bab139182573297122cce7d6f2ee0e537b418?s=96&d=mm&r=g\",\"contentUrl\":\"https:\\\/\\\/secure.gravatar.com\\\/avatar\\\/9a959d52b758fcc232fe4b6aca7bab139182573297122cce7d6f2ee0e537b418?s=96&d=mm&r=g\",\"caption\":\"Autojm\"},\"sameAs\":[\"https:\\\/\\\/www.autojm.fr\\\/blog\"],\"url\":\"https:\\\/\\\/www.autojm.fr\\\/blog\\\/author\\\/bichoi\\\/\"}]}<\/script>\n<!-- \/ Yoast SEO plugin. -->","yoast_head_json":{"title":"Ford ne fournira plus de lecteur CD dans ses v\u00e9hicules","description":"L'information vient directement de Ford Europe, Ford ne livrera plus de voiture neuves avec des lecteurs de CD int\u00e9gr\u00e9s.On apprend ainsi...","robots":{"index":"index","follow":"follow","max-snippet":"max-snippet:-1","max-image-preview":"max-image-preview:large","max-video-preview":"max-video-preview:-1"},"canonical":"https:\/\/www.autojm.fr\/blog\/ford-ne-fournira-plus-de-lecteur-cd-dans-ses-vehicules\/","og_locale":"fr_FR","og_type":"article","og_title":"Ford ne fournira plus de lecteur CD dans ses v\u00e9hicules","og_description":"L'information vient directement de Ford Europe, Ford ne livrera plus de voiture neuves avec des lecteurs de CD int\u00e9gr\u00e9s.On apprend ainsi...","og_url":"https:\/\/www.autojm.fr\/blog\/ford-ne-fournira-plus-de-lecteur-cd-dans-ses-vehicules\/","og_site_name":"AutoJM Mag","article_publisher":"https:\/\/www.facebook.com\/AutoJM25","article_published_time":"2011-07-27T09:12:53+00:00","article_modified_time":"2022-12-13T09:17:07+00:00","og_image":[{"width":560,"height":371,"url":"https:\/\/www.autojm.fr\/blog\/wp-content\/uploads\/2022\/10\/16.jpg","type":"image\/jpeg"}],"author":"Autojm","twitter_card":"summary_large_image","twitter_misc":{"\u00c9crit par":"Autojm","Dur\u00e9e de lecture estim\u00e9e":"2 minutes"},"schema":{"@context":"https:\/\/schema.org","@graph":[{"@type":"Article","@id":"https:\/\/www.autojm.fr\/blog\/ford-ne-fournira-plus-de-lecteur-cd-dans-ses-vehicules\/#article","isPartOf":{"@id":"https:\/\/www.autojm.fr\/blog\/ford-ne-fournira-plus-de-lecteur-cd-dans-ses-vehicules\/"},"author":{"name":"Autojm","@id":"https:\/\/www.autojm.fr\/blog\/#\/schema\/person\/9742bc77541853e0de81fc57f947e1a0"},"headline":"Ford ne fournira plus de lecteur CD dans ses v\u00e9hicules","datePublished":"2011-07-27T09:12:53+00:00","dateModified":"2022-12-13T09:17:07+00:00","mainEntityOfPage":{"@id":"https:\/\/www.autojm.fr\/blog\/ford-ne-fournira-plus-de-lecteur-cd-dans-ses-vehicules\/"},"wordCount":269,"commentCount":0,"publisher":{"@id":"https:\/\/www.autojm.fr\/blog\/#organization"},"image":{"@id":"https:\/\/www.autojm.fr\/blog\/ford-ne-fournira-plus-de-lecteur-cd-dans-ses-vehicules\/#primaryimage"},"thumbnailUrl":"https:\/\/www.autojm.fr\/blog\/wp-content\/uploads\/2022\/10\/16.jpg","keywords":["autojm","Ford"],"articleSection":["Actualit\u00e9 Automobile"],"inLanguage":"fr-FR","potentialAction":[{"@type":"CommentAction","name":"Comment","target":["https:\/\/www.autojm.fr\/blog\/ford-ne-fournira-plus-de-lecteur-cd-dans-ses-vehicules\/#respond"]}]},{"@type":"WebPage","@id":"https:\/\/www.autojm.fr\/blog\/ford-ne-fournira-plus-de-lecteur-cd-dans-ses-vehicules\/","url":"https:\/\/www.autojm.fr\/blog\/ford-ne-fournira-plus-de-lecteur-cd-dans-ses-vehicules\/","name":"Ford ne fournira plus de lecteur CD dans ses v\u00e9hicules","isPartOf":{"@id":"https:\/\/www.autojm.fr\/blog\/#website"},"primaryImageOfPage":{"@id":"https:\/\/www.autojm.fr\/blog\/ford-ne-fournira-plus-de-lecteur-cd-dans-ses-vehicules\/#primaryimage"},"image":{"@id":"https:\/\/www.autojm.fr\/blog\/ford-ne-fournira-plus-de-lecteur-cd-dans-ses-vehicules\/#primaryimage"},"thumbnailUrl":"https:\/\/www.autojm.fr\/blog\/wp-content\/uploads\/2022\/10\/16.jpg","datePublished":"2011-07-27T09:12:53+00:00","dateModified":"2022-12-13T09:17:07+00:00","description":"L'information vient directement de Ford Europe, Ford ne livrera plus de voiture neuves avec des lecteurs de CD int\u00e9gr\u00e9s.On apprend ainsi...","breadcrumb":{"@id":"https:\/\/www.autojm.fr\/blog\/ford-ne-fournira-plus-de-lecteur-cd-dans-ses-vehicules\/#breadcrumb"},"inLanguage":"fr-FR","potentialAction":[{"@type":"ReadAction","target":["https:\/\/www.autojm.fr\/blog\/ford-ne-fournira-plus-de-lecteur-cd-dans-ses-vehicules\/"]}]},{"@type":"ImageObject","inLanguage":"fr-FR","@id":"https:\/\/www.autojm.fr\/blog\/ford-ne-fournira-plus-de-lecteur-cd-dans-ses-vehicules\/#primaryimage","url":"https:\/\/www.autojm.fr\/blog\/wp-content\/uploads\/2022\/10\/16.jpg","contentUrl":"https:\/\/www.autojm.fr\/blog\/wp-content\/uploads\/2022\/10\/16.jpg","width":560,"height":371,"caption":"Ford"},{"@type":"BreadcrumbList","@id":"https:\/\/www.autojm.fr\/blog\/ford-ne-fournira-plus-de-lecteur-cd-dans-ses-vehicules\/#breadcrumb","itemListElement":[{"@type":"ListItem","position":1,"name":"Accueil","item":"https:\/\/www.autojm.fr\/blog\/"},{"@type":"ListItem","position":2,"name":"Actualit\u00e9 Automobile","item":"https:\/\/www.autojm.fr\/blog\/actualite-automobile\/"},{"@type":"ListItem","position":3,"name":"Ford ne fournira plus de lecteur CD dans ses v\u00e9hicules"}]},{"@type":"WebSite","@id":"https:\/\/www.autojm.fr\/blog\/#website","url":"https:\/\/www.autojm.fr\/blog\/","name":"AutoJM Mag","description":"Toute l&#039;actu auto en 1 clic !","publisher":{"@id":"https:\/\/www.autojm.fr\/blog\/#organization"},"potentialAction":[{"@type":"SearchAction","target":{"@type":"EntryPoint","urlTemplate":"https:\/\/www.autojm.fr\/blog\/?s={search_term_string}"},"query-input":{"@type":"PropertyValueSpecification","valueRequired":true,"valueName":"search_term_string"}}],"inLanguage":"fr-FR"},{"@type":"Organization","@id":"https:\/\/www.autojm.fr\/blog\/#organization","name":"AutoJM Mag","url":"https:\/\/www.autojm.fr\/blog\/","logo":{"@type":"ImageObject","inLanguage":"fr-FR","@id":"https:\/\/www.autojm.fr\/blog\/#\/schema\/logo\/image\/","url":"https:\/\/www.autojm.fr\/blog\/wp-content\/uploads\/2022\/12\/cropped-AutoJMag-png.png","contentUrl":"https:\/\/www.autojm.fr\/blog\/wp-content\/uploads\/2022\/12\/cropped-AutoJMag-png.png","width":2834,"height":585,"caption":"AutoJM Mag"},"image":{"@id":"https:\/\/www.autojm.fr\/blog\/#\/schema\/logo\/image\/"},"sameAs":["https:\/\/www.facebook.com\/AutoJM25"]},{"@type":"Person","@id":"https:\/\/www.autojm.fr\/blog\/#\/schema\/person\/9742bc77541853e0de81fc57f947e1a0","name":"Autojm","image":{"@type":"ImageObject","inLanguage":"fr-FR","@id":"https:\/\/secure.gravatar.com\/avatar\/9a959d52b758fcc232fe4b6aca7bab139182573297122cce7d6f2ee0e537b418?s=96&d=mm&r=g","url":"https:\/\/secure.gravatar.com\/avatar\/9a959d52b758fcc232fe4b6aca7bab139182573297122cce7d6f2ee0e537b418?s=96&d=mm&r=g","contentUrl":"https:\/\/secure.gravatar.com\/avatar\/9a959d52b758fcc232fe4b6aca7bab139182573297122cce7d6f2ee0e537b418?s=96&d=mm&r=g","caption":"Autojm"},"sameAs":["https:\/\/www.autojm.fr\/blog"],"url":"https:\/\/www.autojm.fr\/blog\/author\/bichoi\/"}]}},"_links":{"self":[{"href":"https:\/\/www.autojm.fr\/blog\/wp-json\/wp\/v2\/posts\/3304","targetHints":{"allow":["GET"]}}],"collection":[{"href":"https:\/\/www.autojm.fr\/blog\/wp-json\/wp\/v2\/posts"}],"about":[{"href":"https:\/\/www.autojm.fr\/blog\/wp-json\/wp\/v2\/types\/post"}],"author":[{"embeddable":true,"href":"https:\/\/www.autojm.fr\/blog\/wp-json\/wp\/v2\/users\/1"}],"replies":[{"embeddable":true,"href":"https:\/\/www.autojm.fr\/blog\/wp-json\/wp\/v2\/comments?post=3304"}],"version-history":[{"count":3,"href":"https:\/\/www.autojm.fr\/blog\/wp-json\/wp\/v2\/posts\/3304\/revisions"}],"predecessor-version":[{"id":7650,"href":"https:\/\/www.autojm.fr\/blog\/wp-json\/wp\/v2\/posts\/3304\/revisions\/7650"}],"wp:featuredmedia":[{"embeddable":true,"href":"https:\/\/www.autojm.fr\/blog\/wp-json\/wp\/v2\/media\/5420"}],"wp:attachment":[{"href":"https:\/\/www.autojm.fr\/blog\/wp-json\/wp\/v2\/media?parent=3304"}],"wp:term":[{"taxonomy":"category","embeddable":true,"href":"https:\/\/www.autojm.fr\/blog\/wp-json\/wp\/v2\/categories?post=3304"},{"taxonomy":"post_tag","embeddable":true,"href":"https:\/\/www.autojm.fr\/blog\/wp-json\/wp\/v2\/tags?post=3304"}],"curies":[{"name":"wp","href":"https:\/\/api.w.org\/{rel}","templated":true}]}}