{"id":3295,"date":"2011-07-21T18:03:49","date_gmt":"2011-07-21T18:03:49","guid":{"rendered":"https:\/\/www.autojm.fr\/blog\/ne-ratez-pas-cars-2-au-cinema-le-27-juillet\/"},"modified":"2022-12-13T09:17:07","modified_gmt":"2022-12-13T09:17:07","slug":"ne-ratez-pas-cars-2-au-cinema-le-27-juillet","status":"publish","type":"post","link":"https:\/\/www.autojm.fr\/blog\/ne-ratez-pas-cars-2-au-cinema-le-27-juillet\/","title":{"rendered":"Ne ratez pas Cars 2 au cin\u00e9ma le 27 juillet !"},"content":{"rendered":"<p>Le 27 juillet, Pixar &#8211; Disney sort le deuxi\u00e8me volet de la saga Cars. Retrouvez dans cet \u00e9pisode, Flash McQueen, la <a href=\"http:\/\/www.autojm.fr\/\">voiture <\/a>rouge, dans de nouvelles aventures en compagnie de son fid\u00e8le ami Martin qui font le tour du monde !<\/p>\n<p>Apr\u00e8s 5 ans d&rsquo;attente, le deuxi\u00e8me volet promet d&rsquo;\u00eatre encore plus riche en rigolade et en \u00e9motion. de plus,<\/p>\n<p>de nouveaux protagonistes font leur apparition..<\/p>\n<p>Il y a Holley Shiftwell : stationn\u00e9e \u00e0 Tokyo, cette belle et jeune <a href=\"http:\/\/www.autojm.fr\/\">voiture <\/a>est devenue espionne mais n&rsquo;a encore jamais pratiqu\u00e9e \u00ab\u00a0l&rsquo;art de l&rsquo;espionnage\u00a0\u00bb.. qui travaillera en \u00e9quipe avec Finn McMissile : ce ma\u00eetre espion britannique charmant et \u00e9loquent va tenter de contrer les attaques inattendues des m\u00e9chants gr\u00e2ce \u00e0 son intelligence et son exp\u00e9rience.<\/p>\n","protected":false},"excerpt":{"rendered":"<p>Le 27 juillet, Pixar &#8211; Disney sort le deuxi\u00e8me volet de la saga Cars. Retrouvez dans cet \u00e9pisode, Flash McQueen, la voiture rouge, dans de nouvelles aventures en compagnie de son fid\u00e8le ami Martin qui font le tour du monde !<\/p>\n","protected":false},"author":1,"featured_media":5415,"comment_status":"open","ping_status":"open","sticky":false,"template":"","format":"standard","meta":{"_acf_changed":false,"content-type":"","footnotes":""},"categories":[5],"tags":[90,79,74,105,110,109,106,108,107,73,78,169,96],"class_list":["post-3295","post","type-post","status-publish","format-standard","has-post-thumbnail","hentry","category-actualite-automobile","tag-autojm","tag-citroen","tag-dacia","tag-ds","tag-fiat","tag-ford","tag-kia","tag-nissan","tag-opel","tag-peugeot","tag-renault","tag-toyota","tag-volkswagen"],"acf":[],"yoast_head":"<!-- This site is optimized with the Yoast SEO plugin v27.5 - https:\/\/yoast.com\/product\/yoast-seo-wordpress\/ -->\n<title>Ne ratez pas Cars 2 au cin\u00e9ma le 27 juillet ! - AutoJM Mag<\/title>\n<meta name=\"description\" content=\"Le 27 juillet, Pixar - Disney sort le deuxi\u00e8me volet de la saga Cars. Retrouvez dans cet \u00e9pisode, Flash McQueen, la voiture rouge...\" \/>\n<meta name=\"robots\" content=\"index, follow, max-snippet:-1, max-image-preview:large, max-video-preview:-1\" \/>\n<link rel=\"canonical\" href=\"https:\/\/www.autojm.fr\/blog\/ne-ratez-pas-cars-2-au-cinema-le-27-juillet\/\" \/>\n<meta property=\"og:locale\" content=\"fr_FR\" \/>\n<meta property=\"og:type\" content=\"article\" \/>\n<meta property=\"og:title\" content=\"Ne ratez pas Cars 2 au cin\u00e9ma le 27 juillet ! - AutoJM Mag\" \/>\n<meta property=\"og:description\" content=\"Le 27 juillet, Pixar - Disney sort le deuxi\u00e8me volet de la saga Cars. Retrouvez dans cet \u00e9pisode, Flash McQueen, la voiture rouge...\" \/>\n<meta property=\"og:url\" content=\"https:\/\/www.autojm.fr\/blog\/ne-ratez-pas-cars-2-au-cinema-le-27-juillet\/\" \/>\n<meta property=\"og:site_name\" content=\"AutoJM Mag\" \/>\n<meta property=\"article:publisher\" content=\"https:\/\/www.facebook.com\/AutoJM25\" \/>\n<meta property=\"article:published_time\" content=\"2011-07-21T18:03:49+00:00\" \/>\n<meta property=\"article:modified_time\" content=\"2022-12-13T09:17:07+00:00\" \/>\n<meta property=\"og:image\" content=\"https:\/\/www.autojm.fr\/blog\/wp-content\/uploads\/2022\/10\/9.jpg\" \/>\n\t<meta property=\"og:image:width\" content=\"600\" \/>\n\t<meta property=\"og:image:height\" content=\"600\" \/>\n\t<meta property=\"og:image:type\" content=\"image\/jpeg\" \/>\n<meta name=\"author\" content=\"Autojm\" \/>\n<meta name=\"twitter:card\" content=\"summary_large_image\" \/>\n<meta name=\"twitter:label1\" content=\"\u00c9crit par\" \/>\n\t<meta name=\"twitter:data1\" content=\"Autojm\" \/>\n\t<meta name=\"twitter:label2\" content=\"Dur\u00e9e de lecture estim\u00e9e\" \/>\n\t<meta name=\"twitter:data2\" content=\"1 minute\" \/>\n<script type=\"application\/ld+json\" class=\"yoast-schema-graph\">{\"@context\":\"https:\\\/\\\/schema.org\",\"@graph\":[{\"@type\":\"Article\",\"@id\":\"https:\\\/\\\/www.autojm.fr\\\/blog\\\/ne-ratez-pas-cars-2-au-cinema-le-27-juillet\\\/#article\",\"isPartOf\":{\"@id\":\"https:\\\/\\\/www.autojm.fr\\\/blog\\\/ne-ratez-pas-cars-2-au-cinema-le-27-juillet\\\/\"},\"author\":{\"name\":\"Autojm\",\"@id\":\"https:\\\/\\\/www.autojm.fr\\\/blog\\\/#\\\/schema\\\/person\\\/9742bc77541853e0de81fc57f947e1a0\"},\"headline\":\"Ne ratez pas Cars 2 au cin\u00e9ma le 27 juillet !\",\"datePublished\":\"2011-07-21T18:03:49+00:00\",\"dateModified\":\"2022-12-13T09:17:07+00:00\",\"mainEntityOfPage\":{\"@id\":\"https:\\\/\\\/www.autojm.fr\\\/blog\\\/ne-ratez-pas-cars-2-au-cinema-le-27-juillet\\\/\"},\"wordCount\":135,\"commentCount\":0,\"publisher\":{\"@id\":\"https:\\\/\\\/www.autojm.fr\\\/blog\\\/#organization\"},\"image\":{\"@id\":\"https:\\\/\\\/www.autojm.fr\\\/blog\\\/ne-ratez-pas-cars-2-au-cinema-le-27-juillet\\\/#primaryimage\"},\"thumbnailUrl\":\"https:\\\/\\\/www.autojm.fr\\\/blog\\\/wp-content\\\/uploads\\\/2022\\\/10\\\/9.jpg\",\"keywords\":[\"autojm\",\"citroen\",\"dacia\",\"DS\",\"Fiat\",\"Ford\",\"Kia\",\"Nissan\",\"Opel\",\"peugeot\",\"renault\",\"Toyota\",\"Volkswagen\"],\"articleSection\":[\"Actualit\u00e9 Automobile\"],\"inLanguage\":\"fr-FR\",\"potentialAction\":[{\"@type\":\"CommentAction\",\"name\":\"Comment\",\"target\":[\"https:\\\/\\\/www.autojm.fr\\\/blog\\\/ne-ratez-pas-cars-2-au-cinema-le-27-juillet\\\/#respond\"]}]},{\"@type\":\"WebPage\",\"@id\":\"https:\\\/\\\/www.autojm.fr\\\/blog\\\/ne-ratez-pas-cars-2-au-cinema-le-27-juillet\\\/\",\"url\":\"https:\\\/\\\/www.autojm.fr\\\/blog\\\/ne-ratez-pas-cars-2-au-cinema-le-27-juillet\\\/\",\"name\":\"Ne ratez pas Cars 2 au cin\u00e9ma le 27 juillet ! - AutoJM Mag\",\"isPartOf\":{\"@id\":\"https:\\\/\\\/www.autojm.fr\\\/blog\\\/#website\"},\"primaryImageOfPage\":{\"@id\":\"https:\\\/\\\/www.autojm.fr\\\/blog\\\/ne-ratez-pas-cars-2-au-cinema-le-27-juillet\\\/#primaryimage\"},\"image\":{\"@id\":\"https:\\\/\\\/www.autojm.fr\\\/blog\\\/ne-ratez-pas-cars-2-au-cinema-le-27-juillet\\\/#primaryimage\"},\"thumbnailUrl\":\"https:\\\/\\\/www.autojm.fr\\\/blog\\\/wp-content\\\/uploads\\\/2022\\\/10\\\/9.jpg\",\"datePublished\":\"2011-07-21T18:03:49+00:00\",\"dateModified\":\"2022-12-13T09:17:07+00:00\",\"description\":\"Le 27 juillet, Pixar - Disney sort le deuxi\u00e8me volet de la saga Cars. Retrouvez dans cet \u00e9pisode, Flash McQueen, la voiture rouge...\",\"breadcrumb\":{\"@id\":\"https:\\\/\\\/www.autojm.fr\\\/blog\\\/ne-ratez-pas-cars-2-au-cinema-le-27-juillet\\\/#breadcrumb\"},\"inLanguage\":\"fr-FR\",\"potentialAction\":[{\"@type\":\"ReadAction\",\"target\":[\"https:\\\/\\\/www.autojm.fr\\\/blog\\\/ne-ratez-pas-cars-2-au-cinema-le-27-juillet\\\/\"]}]},{\"@type\":\"ImageObject\",\"inLanguage\":\"fr-FR\",\"@id\":\"https:\\\/\\\/www.autojm.fr\\\/blog\\\/ne-ratez-pas-cars-2-au-cinema-le-27-juillet\\\/#primaryimage\",\"url\":\"https:\\\/\\\/www.autojm.fr\\\/blog\\\/wp-content\\\/uploads\\\/2022\\\/10\\\/9.jpg\",\"contentUrl\":\"https:\\\/\\\/www.autojm.fr\\\/blog\\\/wp-content\\\/uploads\\\/2022\\\/10\\\/9.jpg\",\"width\":600,\"height\":600},{\"@type\":\"BreadcrumbList\",\"@id\":\"https:\\\/\\\/www.autojm.fr\\\/blog\\\/ne-ratez-pas-cars-2-au-cinema-le-27-juillet\\\/#breadcrumb\",\"itemListElement\":[{\"@type\":\"ListItem\",\"position\":1,\"name\":\"Accueil\",\"item\":\"https:\\\/\\\/www.autojm.fr\\\/blog\\\/\"},{\"@type\":\"ListItem\",\"position\":2,\"name\":\"Actualit\u00e9 Automobile\",\"item\":\"https:\\\/\\\/www.autojm.fr\\\/blog\\\/actualite-automobile\\\/\"},{\"@type\":\"ListItem\",\"position\":3,\"name\":\"Ne ratez pas Cars 2 au cin\u00e9ma le 27 juillet !\"}]},{\"@type\":\"WebSite\",\"@id\":\"https:\\\/\\\/www.autojm.fr\\\/blog\\\/#website\",\"url\":\"https:\\\/\\\/www.autojm.fr\\\/blog\\\/\",\"name\":\"AutoJM Mag\",\"description\":\"Toute l&#039;actu auto en 1 clic !\",\"publisher\":{\"@id\":\"https:\\\/\\\/www.autojm.fr\\\/blog\\\/#organization\"},\"potentialAction\":[{\"@type\":\"SearchAction\",\"target\":{\"@type\":\"EntryPoint\",\"urlTemplate\":\"https:\\\/\\\/www.autojm.fr\\\/blog\\\/?s={search_term_string}\"},\"query-input\":{\"@type\":\"PropertyValueSpecification\",\"valueRequired\":true,\"valueName\":\"search_term_string\"}}],\"inLanguage\":\"fr-FR\"},{\"@type\":\"Organization\",\"@id\":\"https:\\\/\\\/www.autojm.fr\\\/blog\\\/#organization\",\"name\":\"AutoJM Mag\",\"url\":\"https:\\\/\\\/www.autojm.fr\\\/blog\\\/\",\"logo\":{\"@type\":\"ImageObject\",\"inLanguage\":\"fr-FR\",\"@id\":\"https:\\\/\\\/www.autojm.fr\\\/blog\\\/#\\\/schema\\\/logo\\\/image\\\/\",\"url\":\"https:\\\/\\\/www.autojm.fr\\\/blog\\\/wp-content\\\/uploads\\\/2022\\\/12\\\/cropped-AutoJMag-png.png\",\"contentUrl\":\"https:\\\/\\\/www.autojm.fr\\\/blog\\\/wp-content\\\/uploads\\\/2022\\\/12\\\/cropped-AutoJMag-png.png\",\"width\":2834,\"height\":585,\"caption\":\"AutoJM Mag\"},\"image\":{\"@id\":\"https:\\\/\\\/www.autojm.fr\\\/blog\\\/#\\\/schema\\\/logo\\\/image\\\/\"},\"sameAs\":[\"https:\\\/\\\/www.facebook.com\\\/AutoJM25\"]},{\"@type\":\"Person\",\"@id\":\"https:\\\/\\\/www.autojm.fr\\\/blog\\\/#\\\/schema\\\/person\\\/9742bc77541853e0de81fc57f947e1a0\",\"name\":\"Autojm\",\"image\":{\"@type\":\"ImageObject\",\"inLanguage\":\"fr-FR\",\"@id\":\"https:\\\/\\\/secure.gravatar.com\\\/avatar\\\/9a959d52b758fcc232fe4b6aca7bab139182573297122cce7d6f2ee0e537b418?s=96&d=mm&r=g\",\"url\":\"https:\\\/\\\/secure.gravatar.com\\\/avatar\\\/9a959d52b758fcc232fe4b6aca7bab139182573297122cce7d6f2ee0e537b418?s=96&d=mm&r=g\",\"contentUrl\":\"https:\\\/\\\/secure.gravatar.com\\\/avatar\\\/9a959d52b758fcc232fe4b6aca7bab139182573297122cce7d6f2ee0e537b418?s=96&d=mm&r=g\",\"caption\":\"Autojm\"},\"sameAs\":[\"https:\\\/\\\/www.autojm.fr\\\/blog\"],\"url\":\"https:\\\/\\\/www.autojm.fr\\\/blog\\\/author\\\/bichoi\\\/\"}]}<\/script>\n<!-- \/ Yoast SEO plugin. -->","yoast_head_json":{"title":"Ne ratez pas Cars 2 au cin\u00e9ma le 27 juillet ! - AutoJM Mag","description":"Le 27 juillet, Pixar - Disney sort le deuxi\u00e8me volet de la saga Cars. Retrouvez dans cet \u00e9pisode, Flash McQueen, la voiture rouge...","robots":{"index":"index","follow":"follow","max-snippet":"max-snippet:-1","max-image-preview":"max-image-preview:large","max-video-preview":"max-video-preview:-1"},"canonical":"https:\/\/www.autojm.fr\/blog\/ne-ratez-pas-cars-2-au-cinema-le-27-juillet\/","og_locale":"fr_FR","og_type":"article","og_title":"Ne ratez pas Cars 2 au cin\u00e9ma le 27 juillet ! - AutoJM Mag","og_description":"Le 27 juillet, Pixar - Disney sort le deuxi\u00e8me volet de la saga Cars. Retrouvez dans cet \u00e9pisode, Flash McQueen, la voiture rouge...","og_url":"https:\/\/www.autojm.fr\/blog\/ne-ratez-pas-cars-2-au-cinema-le-27-juillet\/","og_site_name":"AutoJM Mag","article_publisher":"https:\/\/www.facebook.com\/AutoJM25","article_published_time":"2011-07-21T18:03:49+00:00","article_modified_time":"2022-12-13T09:17:07+00:00","og_image":[{"width":600,"height":600,"url":"https:\/\/www.autojm.fr\/blog\/wp-content\/uploads\/2022\/10\/9.jpg","type":"image\/jpeg"}],"author":"Autojm","twitter_card":"summary_large_image","twitter_misc":{"\u00c9crit par":"Autojm","Dur\u00e9e de lecture estim\u00e9e":"1 minute"},"schema":{"@context":"https:\/\/schema.org","@graph":[{"@type":"Article","@id":"https:\/\/www.autojm.fr\/blog\/ne-ratez-pas-cars-2-au-cinema-le-27-juillet\/#article","isPartOf":{"@id":"https:\/\/www.autojm.fr\/blog\/ne-ratez-pas-cars-2-au-cinema-le-27-juillet\/"},"author":{"name":"Autojm","@id":"https:\/\/www.autojm.fr\/blog\/#\/schema\/person\/9742bc77541853e0de81fc57f947e1a0"},"headline":"Ne ratez pas Cars 2 au cin\u00e9ma le 27 juillet !","datePublished":"2011-07-21T18:03:49+00:00","dateModified":"2022-12-13T09:17:07+00:00","mainEntityOfPage":{"@id":"https:\/\/www.autojm.fr\/blog\/ne-ratez-pas-cars-2-au-cinema-le-27-juillet\/"},"wordCount":135,"commentCount":0,"publisher":{"@id":"https:\/\/www.autojm.fr\/blog\/#organization"},"image":{"@id":"https:\/\/www.autojm.fr\/blog\/ne-ratez-pas-cars-2-au-cinema-le-27-juillet\/#primaryimage"},"thumbnailUrl":"https:\/\/www.autojm.fr\/blog\/wp-content\/uploads\/2022\/10\/9.jpg","keywords":["autojm","citroen","dacia","DS","Fiat","Ford","Kia","Nissan","Opel","peugeot","renault","Toyota","Volkswagen"],"articleSection":["Actualit\u00e9 Automobile"],"inLanguage":"fr-FR","potentialAction":[{"@type":"CommentAction","name":"Comment","target":["https:\/\/www.autojm.fr\/blog\/ne-ratez-pas-cars-2-au-cinema-le-27-juillet\/#respond"]}]},{"@type":"WebPage","@id":"https:\/\/www.autojm.fr\/blog\/ne-ratez-pas-cars-2-au-cinema-le-27-juillet\/","url":"https:\/\/www.autojm.fr\/blog\/ne-ratez-pas-cars-2-au-cinema-le-27-juillet\/","name":"Ne ratez pas Cars 2 au cin\u00e9ma le 27 juillet ! - AutoJM Mag","isPartOf":{"@id":"https:\/\/www.autojm.fr\/blog\/#website"},"primaryImageOfPage":{"@id":"https:\/\/www.autojm.fr\/blog\/ne-ratez-pas-cars-2-au-cinema-le-27-juillet\/#primaryimage"},"image":{"@id":"https:\/\/www.autojm.fr\/blog\/ne-ratez-pas-cars-2-au-cinema-le-27-juillet\/#primaryimage"},"thumbnailUrl":"https:\/\/www.autojm.fr\/blog\/wp-content\/uploads\/2022\/10\/9.jpg","datePublished":"2011-07-21T18:03:49+00:00","dateModified":"2022-12-13T09:17:07+00:00","description":"Le 27 juillet, Pixar - Disney sort le deuxi\u00e8me volet de la saga Cars. Retrouvez dans cet \u00e9pisode, Flash McQueen, la voiture rouge...","breadcrumb":{"@id":"https:\/\/www.autojm.fr\/blog\/ne-ratez-pas-cars-2-au-cinema-le-27-juillet\/#breadcrumb"},"inLanguage":"fr-FR","potentialAction":[{"@type":"ReadAction","target":["https:\/\/www.autojm.fr\/blog\/ne-ratez-pas-cars-2-au-cinema-le-27-juillet\/"]}]},{"@type":"ImageObject","inLanguage":"fr-FR","@id":"https:\/\/www.autojm.fr\/blog\/ne-ratez-pas-cars-2-au-cinema-le-27-juillet\/#primaryimage","url":"https:\/\/www.autojm.fr\/blog\/wp-content\/uploads\/2022\/10\/9.jpg","contentUrl":"https:\/\/www.autojm.fr\/blog\/wp-content\/uploads\/2022\/10\/9.jpg","width":600,"height":600},{"@type":"BreadcrumbList","@id":"https:\/\/www.autojm.fr\/blog\/ne-ratez-pas-cars-2-au-cinema-le-27-juillet\/#breadcrumb","itemListElement":[{"@type":"ListItem","position":1,"name":"Accueil","item":"https:\/\/www.autojm.fr\/blog\/"},{"@type":"ListItem","position":2,"name":"Actualit\u00e9 Automobile","item":"https:\/\/www.autojm.fr\/blog\/actualite-automobile\/"},{"@type":"ListItem","position":3,"name":"Ne ratez pas Cars 2 au cin\u00e9ma le 27 juillet !"}]},{"@type":"WebSite","@id":"https:\/\/www.autojm.fr\/blog\/#website","url":"https:\/\/www.autojm.fr\/blog\/","name":"AutoJM Mag","description":"Toute l&#039;actu auto en 1 clic !","publisher":{"@id":"https:\/\/www.autojm.fr\/blog\/#organization"},"potentialAction":[{"@type":"SearchAction","target":{"@type":"EntryPoint","urlTemplate":"https:\/\/www.autojm.fr\/blog\/?s={search_term_string}"},"query-input":{"@type":"PropertyValueSpecification","valueRequired":true,"valueName":"search_term_string"}}],"inLanguage":"fr-FR"},{"@type":"Organization","@id":"https:\/\/www.autojm.fr\/blog\/#organization","name":"AutoJM Mag","url":"https:\/\/www.autojm.fr\/blog\/","logo":{"@type":"ImageObject","inLanguage":"fr-FR","@id":"https:\/\/www.autojm.fr\/blog\/#\/schema\/logo\/image\/","url":"https:\/\/www.autojm.fr\/blog\/wp-content\/uploads\/2022\/12\/cropped-AutoJMag-png.png","contentUrl":"https:\/\/www.autojm.fr\/blog\/wp-content\/uploads\/2022\/12\/cropped-AutoJMag-png.png","width":2834,"height":585,"caption":"AutoJM Mag"},"image":{"@id":"https:\/\/www.autojm.fr\/blog\/#\/schema\/logo\/image\/"},"sameAs":["https:\/\/www.facebook.com\/AutoJM25"]},{"@type":"Person","@id":"https:\/\/www.autojm.fr\/blog\/#\/schema\/person\/9742bc77541853e0de81fc57f947e1a0","name":"Autojm","image":{"@type":"ImageObject","inLanguage":"fr-FR","@id":"https:\/\/secure.gravatar.com\/avatar\/9a959d52b758fcc232fe4b6aca7bab139182573297122cce7d6f2ee0e537b418?s=96&d=mm&r=g","url":"https:\/\/secure.gravatar.com\/avatar\/9a959d52b758fcc232fe4b6aca7bab139182573297122cce7d6f2ee0e537b418?s=96&d=mm&r=g","contentUrl":"https:\/\/secure.gravatar.com\/avatar\/9a959d52b758fcc232fe4b6aca7bab139182573297122cce7d6f2ee0e537b418?s=96&d=mm&r=g","caption":"Autojm"},"sameAs":["https:\/\/www.autojm.fr\/blog"],"url":"https:\/\/www.autojm.fr\/blog\/author\/bichoi\/"}]}},"_links":{"self":[{"href":"https:\/\/www.autojm.fr\/blog\/wp-json\/wp\/v2\/posts\/3295","targetHints":{"allow":["GET"]}}],"collection":[{"href":"https:\/\/www.autojm.fr\/blog\/wp-json\/wp\/v2\/posts"}],"about":[{"href":"https:\/\/www.autojm.fr\/blog\/wp-json\/wp\/v2\/types\/post"}],"author":[{"embeddable":true,"href":"https:\/\/www.autojm.fr\/blog\/wp-json\/wp\/v2\/users\/1"}],"replies":[{"embeddable":true,"href":"https:\/\/www.autojm.fr\/blog\/wp-json\/wp\/v2\/comments?post=3295"}],"version-history":[{"count":3,"href":"https:\/\/www.autojm.fr\/blog\/wp-json\/wp\/v2\/posts\/3295\/revisions"}],"predecessor-version":[{"id":7485,"href":"https:\/\/www.autojm.fr\/blog\/wp-json\/wp\/v2\/posts\/3295\/revisions\/7485"}],"wp:featuredmedia":[{"embeddable":true,"href":"https:\/\/www.autojm.fr\/blog\/wp-json\/wp\/v2\/media\/5415"}],"wp:attachment":[{"href":"https:\/\/www.autojm.fr\/blog\/wp-json\/wp\/v2\/media?parent=3295"}],"wp:term":[{"taxonomy":"category","embeddable":true,"href":"https:\/\/www.autojm.fr\/blog\/wp-json\/wp\/v2\/categories?post=3295"},{"taxonomy":"post_tag","embeddable":true,"href":"https:\/\/www.autojm.fr\/blog\/wp-json\/wp\/v2\/tags?post=3295"}],"curies":[{"name":"wp","href":"https:\/\/api.w.org\/{rel}","templated":true}]}}