{"id":25051,"date":"2025-12-26T09:30:00","date_gmt":"2025-12-26T07:30:00","guid":{"rendered":"https:\/\/www.autojm.fr\/blog\/?p=25051"},"modified":"2025-12-16T13:27:46","modified_gmt":"2025-12-16T11:27:46","slug":"carte-grise-ce-qui-change-en-2026-pour-les-automobilistes","status":"publish","type":"post","link":"https:\/\/www.autojm.fr\/blog\/carte-grise-ce-qui-change-en-2026-pour-les-automobilistes\/","title":{"rendered":"Carte grise : ce qui change en 2026 pour les automobilistes"},"content":{"rendered":"","protected":false},"excerpt":{"rendered":"<p>L\u2019ann\u00e9e 2026 marquera une nouvelle \u00e9tape dans l\u2019\u00e9volution des r\u00e8gles li\u00e9es \u00e0 la carte grise, officiellement appel\u00e9e certificat d\u2019immatriculation. Sans bouleverser totalement le syst\u00e8me existant, plusieurs ajustements importants entreront en vigueur \u00e0 partir du 1er janvier 2026, avec pour objectifs de moderniser les d\u00e9marches, renforcer les contr\u00f4les et accompagner la transition du secteur automobile. Voici ce qu\u2019il faut retenir pour bien anticiper ces changements.<\/p>\n","protected":false},"author":2,"featured_media":25057,"comment_status":"open","ping_status":"open","sticky":false,"template":"","format":"standard","meta":{"_acf_changed":false,"content-type":"","footnotes":""},"categories":[5],"tags":[90],"class_list":["post-25051","post","type-post","status-publish","format-standard","has-post-thumbnail","hentry","category-actualite-automobile","tag-autojm"],"acf":[],"yoast_head":"<!-- This site is optimized with the Yoast SEO plugin v27.5 - https:\/\/yoast.com\/product\/yoast-seo-wordpress\/ -->\n<title>Carte grise : ce qui change en 2026 pour les automobilistes - AutoJM Mag<\/title>\n<meta name=\"description\" content=\"L\u2019ann\u00e9e 2026 marquera une nouvelle \u00e9tape dans l\u2019\u00e9volution des r\u00e8gles li\u00e9es \u00e0 la carte grise, officiellement appel\u00e9e certificat d\u2019immatriculation...\" \/>\n<meta name=\"robots\" content=\"index, follow, max-snippet:-1, max-image-preview:large, max-video-preview:-1\" \/>\n<link rel=\"canonical\" href=\"https:\/\/www.autojm.fr\/blog\/carte-grise-ce-qui-change-en-2026-pour-les-automobilistes\/\" \/>\n<meta property=\"og:locale\" content=\"fr_FR\" \/>\n<meta property=\"og:type\" content=\"article\" \/>\n<meta property=\"og:title\" content=\"Carte grise : ce qui change en 2026 pour les automobilistes - AutoJM Mag\" \/>\n<meta property=\"og:description\" content=\"L\u2019ann\u00e9e 2026 marquera une nouvelle \u00e9tape dans l\u2019\u00e9volution des r\u00e8gles li\u00e9es \u00e0 la carte grise, officiellement appel\u00e9e certificat d\u2019immatriculation...\" \/>\n<meta property=\"og:url\" content=\"https:\/\/www.autojm.fr\/blog\/carte-grise-ce-qui-change-en-2026-pour-les-automobilistes\/\" \/>\n<meta property=\"og:site_name\" content=\"AutoJM Mag\" \/>\n<meta property=\"article:publisher\" content=\"https:\/\/www.facebook.com\/AutoJM25\" \/>\n<meta property=\"article:published_time\" content=\"2025-12-26T07:30:00+00:00\" \/>\n<meta property=\"og:image\" content=\"https:\/\/www.autojm.fr\/blog\/wp-content\/uploads\/2025\/12\/image-top-1000x500-38.png\" \/>\n\t<meta property=\"og:image:width\" content=\"1000\" \/>\n\t<meta property=\"og:image:height\" content=\"500\" \/>\n\t<meta property=\"og:image:type\" content=\"image\/png\" \/>\n<meta name=\"author\" content=\"Aur\u00e9lia AutoJM\" \/>\n<meta name=\"twitter:card\" content=\"summary_large_image\" \/>\n<meta name=\"twitter:label1\" content=\"\u00c9crit par\" \/>\n\t<meta name=\"twitter:data1\" content=\"Aur\u00e9lia AutoJM\" \/>\n\t<meta name=\"twitter:label2\" content=\"Dur\u00e9e de lecture estim\u00e9e\" \/>\n\t<meta name=\"twitter:data2\" content=\"4 minutes\" \/>\n<script type=\"application\/ld+json\" class=\"yoast-schema-graph\">{\"@context\":\"https:\\\/\\\/schema.org\",\"@graph\":[{\"@type\":\"Article\",\"@id\":\"https:\\\/\\\/www.autojm.fr\\\/blog\\\/carte-grise-ce-qui-change-en-2026-pour-les-automobilistes\\\/#article\",\"isPartOf\":{\"@id\":\"https:\\\/\\\/www.autojm.fr\\\/blog\\\/carte-grise-ce-qui-change-en-2026-pour-les-automobilistes\\\/\"},\"author\":{\"name\":\"Aur\u00e9lia AutoJM\",\"@id\":\"https:\\\/\\\/www.autojm.fr\\\/blog\\\/#\\\/schema\\\/person\\\/e640a62bb6e669182918fd7871fe1ec5\"},\"headline\":\"Carte grise : ce qui change en 2026 pour les automobilistes\",\"datePublished\":\"2025-12-26T07:30:00+00:00\",\"mainEntityOfPage\":{\"@id\":\"https:\\\/\\\/www.autojm.fr\\\/blog\\\/carte-grise-ce-qui-change-en-2026-pour-les-automobilistes\\\/\"},\"wordCount\":9,\"commentCount\":0,\"publisher\":{\"@id\":\"https:\\\/\\\/www.autojm.fr\\\/blog\\\/#organization\"},\"image\":{\"@id\":\"https:\\\/\\\/www.autojm.fr\\\/blog\\\/carte-grise-ce-qui-change-en-2026-pour-les-automobilistes\\\/#primaryimage\"},\"thumbnailUrl\":\"https:\\\/\\\/www.autojm.fr\\\/blog\\\/wp-content\\\/uploads\\\/2025\\\/12\\\/image-top-1000x500-38.png\",\"keywords\":[\"autojm\"],\"articleSection\":[\"Actualit\u00e9 Automobile\"],\"inLanguage\":\"fr-FR\",\"potentialAction\":[{\"@type\":\"CommentAction\",\"name\":\"Comment\",\"target\":[\"https:\\\/\\\/www.autojm.fr\\\/blog\\\/carte-grise-ce-qui-change-en-2026-pour-les-automobilistes\\\/#respond\"]}]},{\"@type\":\"WebPage\",\"@id\":\"https:\\\/\\\/www.autojm.fr\\\/blog\\\/carte-grise-ce-qui-change-en-2026-pour-les-automobilistes\\\/\",\"url\":\"https:\\\/\\\/www.autojm.fr\\\/blog\\\/carte-grise-ce-qui-change-en-2026-pour-les-automobilistes\\\/\",\"name\":\"Carte grise : ce qui change en 2026 pour les automobilistes - AutoJM Mag\",\"isPartOf\":{\"@id\":\"https:\\\/\\\/www.autojm.fr\\\/blog\\\/#website\"},\"primaryImageOfPage\":{\"@id\":\"https:\\\/\\\/www.autojm.fr\\\/blog\\\/carte-grise-ce-qui-change-en-2026-pour-les-automobilistes\\\/#primaryimage\"},\"image\":{\"@id\":\"https:\\\/\\\/www.autojm.fr\\\/blog\\\/carte-grise-ce-qui-change-en-2026-pour-les-automobilistes\\\/#primaryimage\"},\"thumbnailUrl\":\"https:\\\/\\\/www.autojm.fr\\\/blog\\\/wp-content\\\/uploads\\\/2025\\\/12\\\/image-top-1000x500-38.png\",\"datePublished\":\"2025-12-26T07:30:00+00:00\",\"description\":\"L\u2019ann\u00e9e 2026 marquera une nouvelle \u00e9tape dans l\u2019\u00e9volution des r\u00e8gles li\u00e9es \u00e0 la carte grise, officiellement appel\u00e9e certificat d\u2019immatriculation...\",\"breadcrumb\":{\"@id\":\"https:\\\/\\\/www.autojm.fr\\\/blog\\\/carte-grise-ce-qui-change-en-2026-pour-les-automobilistes\\\/#breadcrumb\"},\"inLanguage\":\"fr-FR\",\"potentialAction\":[{\"@type\":\"ReadAction\",\"target\":[\"https:\\\/\\\/www.autojm.fr\\\/blog\\\/carte-grise-ce-qui-change-en-2026-pour-les-automobilistes\\\/\"]}]},{\"@type\":\"ImageObject\",\"inLanguage\":\"fr-FR\",\"@id\":\"https:\\\/\\\/www.autojm.fr\\\/blog\\\/carte-grise-ce-qui-change-en-2026-pour-les-automobilistes\\\/#primaryimage\",\"url\":\"https:\\\/\\\/www.autojm.fr\\\/blog\\\/wp-content\\\/uploads\\\/2025\\\/12\\\/image-top-1000x500-38.png\",\"contentUrl\":\"https:\\\/\\\/www.autojm.fr\\\/blog\\\/wp-content\\\/uploads\\\/2025\\\/12\\\/image-top-1000x500-38.png\",\"width\":1000,\"height\":500,\"caption\":\"carte grise en 2026\"},{\"@type\":\"BreadcrumbList\",\"@id\":\"https:\\\/\\\/www.autojm.fr\\\/blog\\\/carte-grise-ce-qui-change-en-2026-pour-les-automobilistes\\\/#breadcrumb\",\"itemListElement\":[{\"@type\":\"ListItem\",\"position\":1,\"name\":\"Accueil\",\"item\":\"https:\\\/\\\/www.autojm.fr\\\/blog\\\/\"},{\"@type\":\"ListItem\",\"position\":2,\"name\":\"Actualit\u00e9 Automobile\",\"item\":\"https:\\\/\\\/www.autojm.fr\\\/blog\\\/actualite-automobile\\\/\"},{\"@type\":\"ListItem\",\"position\":3,\"name\":\"Carte grise : ce qui change en 2026 pour les automobilistes\"}]},{\"@type\":\"WebSite\",\"@id\":\"https:\\\/\\\/www.autojm.fr\\\/blog\\\/#website\",\"url\":\"https:\\\/\\\/www.autojm.fr\\\/blog\\\/\",\"name\":\"AutoJM Mag\",\"description\":\"Toute l&#039;actu auto en 1 clic !\",\"publisher\":{\"@id\":\"https:\\\/\\\/www.autojm.fr\\\/blog\\\/#organization\"},\"potentialAction\":[{\"@type\":\"SearchAction\",\"target\":{\"@type\":\"EntryPoint\",\"urlTemplate\":\"https:\\\/\\\/www.autojm.fr\\\/blog\\\/?s={search_term_string}\"},\"query-input\":{\"@type\":\"PropertyValueSpecification\",\"valueRequired\":true,\"valueName\":\"search_term_string\"}}],\"inLanguage\":\"fr-FR\"},{\"@type\":\"Organization\",\"@id\":\"https:\\\/\\\/www.autojm.fr\\\/blog\\\/#organization\",\"name\":\"AutoJM Mag\",\"url\":\"https:\\\/\\\/www.autojm.fr\\\/blog\\\/\",\"logo\":{\"@type\":\"ImageObject\",\"inLanguage\":\"fr-FR\",\"@id\":\"https:\\\/\\\/www.autojm.fr\\\/blog\\\/#\\\/schema\\\/logo\\\/image\\\/\",\"url\":\"https:\\\/\\\/www.autojm.fr\\\/blog\\\/wp-content\\\/uploads\\\/2022\\\/12\\\/cropped-AutoJMag-png.png\",\"contentUrl\":\"https:\\\/\\\/www.autojm.fr\\\/blog\\\/wp-content\\\/uploads\\\/2022\\\/12\\\/cropped-AutoJMag-png.png\",\"width\":2834,\"height\":585,\"caption\":\"AutoJM Mag\"},\"image\":{\"@id\":\"https:\\\/\\\/www.autojm.fr\\\/blog\\\/#\\\/schema\\\/logo\\\/image\\\/\"},\"sameAs\":[\"https:\\\/\\\/www.facebook.com\\\/AutoJM25\"]},{\"@type\":\"Person\",\"@id\":\"https:\\\/\\\/www.autojm.fr\\\/blog\\\/#\\\/schema\\\/person\\\/e640a62bb6e669182918fd7871fe1ec5\",\"name\":\"Aur\u00e9lia AutoJM\",\"image\":{\"@type\":\"ImageObject\",\"inLanguage\":\"fr-FR\",\"@id\":\"https:\\\/\\\/secure.gravatar.com\\\/avatar\\\/17404fe7ba867704dc53905b3aeb1f66282e3a23def617ff4d39a7130702f24b?s=96&d=mm&r=g\",\"url\":\"https:\\\/\\\/secure.gravatar.com\\\/avatar\\\/17404fe7ba867704dc53905b3aeb1f66282e3a23def617ff4d39a7130702f24b?s=96&d=mm&r=g\",\"contentUrl\":\"https:\\\/\\\/secure.gravatar.com\\\/avatar\\\/17404fe7ba867704dc53905b3aeb1f66282e3a23def617ff4d39a7130702f24b?s=96&d=mm&r=g\",\"caption\":\"Aur\u00e9lia AutoJM\"},\"url\":\"https:\\\/\\\/www.autojm.fr\\\/blog\\\/author\\\/autojm\\\/\"}]}<\/script>\n<!-- \/ Yoast SEO plugin. -->","yoast_head_json":{"title":"Carte grise : ce qui change en 2026 pour les automobilistes - AutoJM Mag","description":"L\u2019ann\u00e9e 2026 marquera une nouvelle \u00e9tape dans l\u2019\u00e9volution des r\u00e8gles li\u00e9es \u00e0 la carte grise, officiellement appel\u00e9e certificat d\u2019immatriculation...","robots":{"index":"index","follow":"follow","max-snippet":"max-snippet:-1","max-image-preview":"max-image-preview:large","max-video-preview":"max-video-preview:-1"},"canonical":"https:\/\/www.autojm.fr\/blog\/carte-grise-ce-qui-change-en-2026-pour-les-automobilistes\/","og_locale":"fr_FR","og_type":"article","og_title":"Carte grise : ce qui change en 2026 pour les automobilistes - AutoJM Mag","og_description":"L\u2019ann\u00e9e 2026 marquera une nouvelle \u00e9tape dans l\u2019\u00e9volution des r\u00e8gles li\u00e9es \u00e0 la carte grise, officiellement appel\u00e9e certificat d\u2019immatriculation...","og_url":"https:\/\/www.autojm.fr\/blog\/carte-grise-ce-qui-change-en-2026-pour-les-automobilistes\/","og_site_name":"AutoJM Mag","article_publisher":"https:\/\/www.facebook.com\/AutoJM25","article_published_time":"2025-12-26T07:30:00+00:00","og_image":[{"width":1000,"height":500,"url":"https:\/\/www.autojm.fr\/blog\/wp-content\/uploads\/2025\/12\/image-top-1000x500-38.png","type":"image\/png"}],"author":"Aur\u00e9lia AutoJM","twitter_card":"summary_large_image","twitter_misc":{"\u00c9crit par":"Aur\u00e9lia AutoJM","Dur\u00e9e de lecture estim\u00e9e":"4 minutes"},"schema":{"@context":"https:\/\/schema.org","@graph":[{"@type":"Article","@id":"https:\/\/www.autojm.fr\/blog\/carte-grise-ce-qui-change-en-2026-pour-les-automobilistes\/#article","isPartOf":{"@id":"https:\/\/www.autojm.fr\/blog\/carte-grise-ce-qui-change-en-2026-pour-les-automobilistes\/"},"author":{"name":"Aur\u00e9lia AutoJM","@id":"https:\/\/www.autojm.fr\/blog\/#\/schema\/person\/e640a62bb6e669182918fd7871fe1ec5"},"headline":"Carte grise : ce qui change en 2026 pour les automobilistes","datePublished":"2025-12-26T07:30:00+00:00","mainEntityOfPage":{"@id":"https:\/\/www.autojm.fr\/blog\/carte-grise-ce-qui-change-en-2026-pour-les-automobilistes\/"},"wordCount":9,"commentCount":0,"publisher":{"@id":"https:\/\/www.autojm.fr\/blog\/#organization"},"image":{"@id":"https:\/\/www.autojm.fr\/blog\/carte-grise-ce-qui-change-en-2026-pour-les-automobilistes\/#primaryimage"},"thumbnailUrl":"https:\/\/www.autojm.fr\/blog\/wp-content\/uploads\/2025\/12\/image-top-1000x500-38.png","keywords":["autojm"],"articleSection":["Actualit\u00e9 Automobile"],"inLanguage":"fr-FR","potentialAction":[{"@type":"CommentAction","name":"Comment","target":["https:\/\/www.autojm.fr\/blog\/carte-grise-ce-qui-change-en-2026-pour-les-automobilistes\/#respond"]}]},{"@type":"WebPage","@id":"https:\/\/www.autojm.fr\/blog\/carte-grise-ce-qui-change-en-2026-pour-les-automobilistes\/","url":"https:\/\/www.autojm.fr\/blog\/carte-grise-ce-qui-change-en-2026-pour-les-automobilistes\/","name":"Carte grise : ce qui change en 2026 pour les automobilistes - AutoJM Mag","isPartOf":{"@id":"https:\/\/www.autojm.fr\/blog\/#website"},"primaryImageOfPage":{"@id":"https:\/\/www.autojm.fr\/blog\/carte-grise-ce-qui-change-en-2026-pour-les-automobilistes\/#primaryimage"},"image":{"@id":"https:\/\/www.autojm.fr\/blog\/carte-grise-ce-qui-change-en-2026-pour-les-automobilistes\/#primaryimage"},"thumbnailUrl":"https:\/\/www.autojm.fr\/blog\/wp-content\/uploads\/2025\/12\/image-top-1000x500-38.png","datePublished":"2025-12-26T07:30:00+00:00","description":"L\u2019ann\u00e9e 2026 marquera une nouvelle \u00e9tape dans l\u2019\u00e9volution des r\u00e8gles li\u00e9es \u00e0 la carte grise, officiellement appel\u00e9e certificat d\u2019immatriculation...","breadcrumb":{"@id":"https:\/\/www.autojm.fr\/blog\/carte-grise-ce-qui-change-en-2026-pour-les-automobilistes\/#breadcrumb"},"inLanguage":"fr-FR","potentialAction":[{"@type":"ReadAction","target":["https:\/\/www.autojm.fr\/blog\/carte-grise-ce-qui-change-en-2026-pour-les-automobilistes\/"]}]},{"@type":"ImageObject","inLanguage":"fr-FR","@id":"https:\/\/www.autojm.fr\/blog\/carte-grise-ce-qui-change-en-2026-pour-les-automobilistes\/#primaryimage","url":"https:\/\/www.autojm.fr\/blog\/wp-content\/uploads\/2025\/12\/image-top-1000x500-38.png","contentUrl":"https:\/\/www.autojm.fr\/blog\/wp-content\/uploads\/2025\/12\/image-top-1000x500-38.png","width":1000,"height":500,"caption":"carte grise en 2026"},{"@type":"BreadcrumbList","@id":"https:\/\/www.autojm.fr\/blog\/carte-grise-ce-qui-change-en-2026-pour-les-automobilistes\/#breadcrumb","itemListElement":[{"@type":"ListItem","position":1,"name":"Accueil","item":"https:\/\/www.autojm.fr\/blog\/"},{"@type":"ListItem","position":2,"name":"Actualit\u00e9 Automobile","item":"https:\/\/www.autojm.fr\/blog\/actualite-automobile\/"},{"@type":"ListItem","position":3,"name":"Carte grise : ce qui change en 2026 pour les automobilistes"}]},{"@type":"WebSite","@id":"https:\/\/www.autojm.fr\/blog\/#website","url":"https:\/\/www.autojm.fr\/blog\/","name":"AutoJM Mag","description":"Toute l&#039;actu auto en 1 clic !","publisher":{"@id":"https:\/\/www.autojm.fr\/blog\/#organization"},"potentialAction":[{"@type":"SearchAction","target":{"@type":"EntryPoint","urlTemplate":"https:\/\/www.autojm.fr\/blog\/?s={search_term_string}"},"query-input":{"@type":"PropertyValueSpecification","valueRequired":true,"valueName":"search_term_string"}}],"inLanguage":"fr-FR"},{"@type":"Organization","@id":"https:\/\/www.autojm.fr\/blog\/#organization","name":"AutoJM Mag","url":"https:\/\/www.autojm.fr\/blog\/","logo":{"@type":"ImageObject","inLanguage":"fr-FR","@id":"https:\/\/www.autojm.fr\/blog\/#\/schema\/logo\/image\/","url":"https:\/\/www.autojm.fr\/blog\/wp-content\/uploads\/2022\/12\/cropped-AutoJMag-png.png","contentUrl":"https:\/\/www.autojm.fr\/blog\/wp-content\/uploads\/2022\/12\/cropped-AutoJMag-png.png","width":2834,"height":585,"caption":"AutoJM Mag"},"image":{"@id":"https:\/\/www.autojm.fr\/blog\/#\/schema\/logo\/image\/"},"sameAs":["https:\/\/www.facebook.com\/AutoJM25"]},{"@type":"Person","@id":"https:\/\/www.autojm.fr\/blog\/#\/schema\/person\/e640a62bb6e669182918fd7871fe1ec5","name":"Aur\u00e9lia AutoJM","image":{"@type":"ImageObject","inLanguage":"fr-FR","@id":"https:\/\/secure.gravatar.com\/avatar\/17404fe7ba867704dc53905b3aeb1f66282e3a23def617ff4d39a7130702f24b?s=96&d=mm&r=g","url":"https:\/\/secure.gravatar.com\/avatar\/17404fe7ba867704dc53905b3aeb1f66282e3a23def617ff4d39a7130702f24b?s=96&d=mm&r=g","contentUrl":"https:\/\/secure.gravatar.com\/avatar\/17404fe7ba867704dc53905b3aeb1f66282e3a23def617ff4d39a7130702f24b?s=96&d=mm&r=g","caption":"Aur\u00e9lia AutoJM"},"url":"https:\/\/www.autojm.fr\/blog\/author\/autojm\/"}]}},"_links":{"self":[{"href":"https:\/\/www.autojm.fr\/blog\/wp-json\/wp\/v2\/posts\/25051","targetHints":{"allow":["GET"]}}],"collection":[{"href":"https:\/\/www.autojm.fr\/blog\/wp-json\/wp\/v2\/posts"}],"about":[{"href":"https:\/\/www.autojm.fr\/blog\/wp-json\/wp\/v2\/types\/post"}],"author":[{"embeddable":true,"href":"https:\/\/www.autojm.fr\/blog\/wp-json\/wp\/v2\/users\/2"}],"replies":[{"embeddable":true,"href":"https:\/\/www.autojm.fr\/blog\/wp-json\/wp\/v2\/comments?post=25051"}],"version-history":[{"count":3,"href":"https:\/\/www.autojm.fr\/blog\/wp-json\/wp\/v2\/posts\/25051\/revisions"}],"predecessor-version":[{"id":25061,"href":"https:\/\/www.autojm.fr\/blog\/wp-json\/wp\/v2\/posts\/25051\/revisions\/25061"}],"wp:featuredmedia":[{"embeddable":true,"href":"https:\/\/www.autojm.fr\/blog\/wp-json\/wp\/v2\/media\/25057"}],"wp:attachment":[{"href":"https:\/\/www.autojm.fr\/blog\/wp-json\/wp\/v2\/media?parent=25051"}],"wp:term":[{"taxonomy":"category","embeddable":true,"href":"https:\/\/www.autojm.fr\/blog\/wp-json\/wp\/v2\/categories?post=25051"},{"taxonomy":"post_tag","embeddable":true,"href":"https:\/\/www.autojm.fr\/blog\/wp-json\/wp\/v2\/tags?post=25051"}],"curies":[{"name":"wp","href":"https:\/\/api.w.org\/{rel}","templated":true}]}}