{"id":25043,"date":"2025-12-19T09:30:00","date_gmt":"2025-12-19T07:30:00","guid":{"rendered":"https:\/\/www.autojm.fr\/blog\/?p=25043"},"modified":"2025-12-16T11:11:15","modified_gmt":"2025-12-16T09:11:15","slug":"comment-evoluent-les-achats-de-voitures-neuves-en-france-en-2025-analyse-departementale","status":"publish","type":"post","link":"https:\/\/www.autojm.fr\/blog\/comment-evoluent-les-achats-de-voitures-neuves-en-france-en-2025-analyse-departementale\/","title":{"rendered":"Comment \u00e9voluent les achats de voitures neuves en France en 2025 ? Analyse d\u00e9partementale"},"content":{"rendered":"","protected":false},"excerpt":{"rendered":"<p>En 2025, le march\u00e9 fran\u00e7ais des voitures neuves montre des signes de ralentissement marqu\u00e9, non seulement au niveau national, mais \u00e9galement lorsqu\u2019on scrute les tendances au niveau d\u00e9partemental. C\u2019est l\u2019un des enseignements cl\u00e9s de l\u2019\u00e9tude Intelligence Auto n\u00b087 publi\u00e9e en d\u00e9cembre par AAA Data, un observateur privil\u00e9gi\u00e9 des donn\u00e9es du secteur automobile en France.<br \/>\nAAA Data<\/p>\n","protected":false},"author":2,"featured_media":25047,"comment_status":"open","ping_status":"open","sticky":false,"template":"","format":"standard","meta":{"_acf_changed":false,"content-type":"","footnotes":""},"categories":[5],"tags":[90,105,109,106,108,107,73,78,96],"class_list":["post-25043","post","type-post","status-publish","format-standard","has-post-thumbnail","hentry","category-actualite-automobile","tag-autojm","tag-ds","tag-ford","tag-kia","tag-nissan","tag-opel","tag-peugeot","tag-renault","tag-volkswagen"],"acf":[],"yoast_head":"<!-- This site is optimized with the Yoast SEO plugin v27.5 - https:\/\/yoast.com\/product\/yoast-seo-wordpress\/ -->\n<title>Comment \u00e9voluent les achats de voitures neuves en France en 2025 ? Analyse d\u00e9partementale - AutoJM Mag<\/title>\n<meta name=\"robots\" content=\"index, follow, max-snippet:-1, max-image-preview:large, max-video-preview:-1\" \/>\n<link rel=\"canonical\" href=\"https:\/\/www.autojm.fr\/blog\/comment-evoluent-les-achats-de-voitures-neuves-en-france-en-2025-analyse-departementale\/\" \/>\n<meta property=\"og:locale\" content=\"fr_FR\" \/>\n<meta property=\"og:type\" content=\"article\" \/>\n<meta property=\"og:title\" content=\"Comment \u00e9voluent les achats de voitures neuves en France en 2025 ? Analyse d\u00e9partementale - AutoJM Mag\" \/>\n<meta property=\"og:description\" content=\"En 2025, le march\u00e9 fran\u00e7ais des voitures neuves montre des signes de ralentissement marqu\u00e9, non seulement au niveau national, mais \u00e9galement lorsqu\u2019on scrute les tendances au niveau d\u00e9partemental. C\u2019est l\u2019un des enseignements cl\u00e9s de l\u2019\u00e9tude Intelligence Auto n\u00b087 publi\u00e9e en d\u00e9cembre par AAA Data, un observateur privil\u00e9gi\u00e9 des donn\u00e9es du secteur automobile en France. AAA Data\" \/>\n<meta property=\"og:url\" content=\"https:\/\/www.autojm.fr\/blog\/comment-evoluent-les-achats-de-voitures-neuves-en-france-en-2025-analyse-departementale\/\" \/>\n<meta property=\"og:site_name\" content=\"AutoJM Mag\" \/>\n<meta property=\"article:publisher\" content=\"https:\/\/www.facebook.com\/AutoJM25\" \/>\n<meta property=\"article:published_time\" content=\"2025-12-19T07:30:00+00:00\" \/>\n<meta property=\"og:image\" content=\"https:\/\/www.autojm.fr\/blog\/wp-content\/uploads\/2025\/12\/image-top-1000x500-37.png\" \/>\n\t<meta property=\"og:image:width\" content=\"1000\" \/>\n\t<meta property=\"og:image:height\" content=\"500\" \/>\n\t<meta property=\"og:image:type\" content=\"image\/png\" \/>\n<meta name=\"author\" content=\"Aur\u00e9lia AutoJM\" \/>\n<meta name=\"twitter:card\" content=\"summary_large_image\" \/>\n<meta name=\"twitter:label1\" content=\"\u00c9crit par\" \/>\n\t<meta name=\"twitter:data1\" content=\"Aur\u00e9lia AutoJM\" \/>\n\t<meta name=\"twitter:label2\" content=\"Dur\u00e9e de lecture estim\u00e9e\" \/>\n\t<meta name=\"twitter:data2\" content=\"3 minutes\" \/>\n<script type=\"application\/ld+json\" class=\"yoast-schema-graph\">{\"@context\":\"https:\\\/\\\/schema.org\",\"@graph\":[{\"@type\":\"Article\",\"@id\":\"https:\\\/\\\/www.autojm.fr\\\/blog\\\/comment-evoluent-les-achats-de-voitures-neuves-en-france-en-2025-analyse-departementale\\\/#article\",\"isPartOf\":{\"@id\":\"https:\\\/\\\/www.autojm.fr\\\/blog\\\/comment-evoluent-les-achats-de-voitures-neuves-en-france-en-2025-analyse-departementale\\\/\"},\"author\":{\"name\":\"Aur\u00e9lia AutoJM\",\"@id\":\"https:\\\/\\\/www.autojm.fr\\\/blog\\\/#\\\/schema\\\/person\\\/e640a62bb6e669182918fd7871fe1ec5\"},\"headline\":\"Comment \u00e9voluent les achats de voitures neuves en France en 2025 ? Analyse d\u00e9partementale\",\"datePublished\":\"2025-12-19T07:30:00+00:00\",\"mainEntityOfPage\":{\"@id\":\"https:\\\/\\\/www.autojm.fr\\\/blog\\\/comment-evoluent-les-achats-de-voitures-neuves-en-france-en-2025-analyse-departementale\\\/\"},\"wordCount\":13,\"commentCount\":0,\"publisher\":{\"@id\":\"https:\\\/\\\/www.autojm.fr\\\/blog\\\/#organization\"},\"image\":{\"@id\":\"https:\\\/\\\/www.autojm.fr\\\/blog\\\/comment-evoluent-les-achats-de-voitures-neuves-en-france-en-2025-analyse-departementale\\\/#primaryimage\"},\"thumbnailUrl\":\"https:\\\/\\\/www.autojm.fr\\\/blog\\\/wp-content\\\/uploads\\\/2025\\\/12\\\/image-top-1000x500-37.png\",\"keywords\":[\"autojm\",\"DS\",\"Ford\",\"Kia\",\"Nissan\",\"Opel\",\"peugeot\",\"renault\",\"Volkswagen\"],\"articleSection\":[\"Actualit\u00e9 Automobile\"],\"inLanguage\":\"fr-FR\",\"potentialAction\":[{\"@type\":\"CommentAction\",\"name\":\"Comment\",\"target\":[\"https:\\\/\\\/www.autojm.fr\\\/blog\\\/comment-evoluent-les-achats-de-voitures-neuves-en-france-en-2025-analyse-departementale\\\/#respond\"]}]},{\"@type\":\"WebPage\",\"@id\":\"https:\\\/\\\/www.autojm.fr\\\/blog\\\/comment-evoluent-les-achats-de-voitures-neuves-en-france-en-2025-analyse-departementale\\\/\",\"url\":\"https:\\\/\\\/www.autojm.fr\\\/blog\\\/comment-evoluent-les-achats-de-voitures-neuves-en-france-en-2025-analyse-departementale\\\/\",\"name\":\"Comment \u00e9voluent les achats de voitures neuves en France en 2025 ? Analyse d\u00e9partementale - AutoJM Mag\",\"isPartOf\":{\"@id\":\"https:\\\/\\\/www.autojm.fr\\\/blog\\\/#website\"},\"primaryImageOfPage\":{\"@id\":\"https:\\\/\\\/www.autojm.fr\\\/blog\\\/comment-evoluent-les-achats-de-voitures-neuves-en-france-en-2025-analyse-departementale\\\/#primaryimage\"},\"image\":{\"@id\":\"https:\\\/\\\/www.autojm.fr\\\/blog\\\/comment-evoluent-les-achats-de-voitures-neuves-en-france-en-2025-analyse-departementale\\\/#primaryimage\"},\"thumbnailUrl\":\"https:\\\/\\\/www.autojm.fr\\\/blog\\\/wp-content\\\/uploads\\\/2025\\\/12\\\/image-top-1000x500-37.png\",\"datePublished\":\"2025-12-19T07:30:00+00:00\",\"breadcrumb\":{\"@id\":\"https:\\\/\\\/www.autojm.fr\\\/blog\\\/comment-evoluent-les-achats-de-voitures-neuves-en-france-en-2025-analyse-departementale\\\/#breadcrumb\"},\"inLanguage\":\"fr-FR\",\"potentialAction\":[{\"@type\":\"ReadAction\",\"target\":[\"https:\\\/\\\/www.autojm.fr\\\/blog\\\/comment-evoluent-les-achats-de-voitures-neuves-en-france-en-2025-analyse-departementale\\\/\"]}]},{\"@type\":\"ImageObject\",\"inLanguage\":\"fr-FR\",\"@id\":\"https:\\\/\\\/www.autojm.fr\\\/blog\\\/comment-evoluent-les-achats-de-voitures-neuves-en-france-en-2025-analyse-departementale\\\/#primaryimage\",\"url\":\"https:\\\/\\\/www.autojm.fr\\\/blog\\\/wp-content\\\/uploads\\\/2025\\\/12\\\/image-top-1000x500-37.png\",\"contentUrl\":\"https:\\\/\\\/www.autojm.fr\\\/blog\\\/wp-content\\\/uploads\\\/2025\\\/12\\\/image-top-1000x500-37.png\",\"width\":1000,\"height\":500,\"caption\":\"analyse vente 2025 par departement\"},{\"@type\":\"BreadcrumbList\",\"@id\":\"https:\\\/\\\/www.autojm.fr\\\/blog\\\/comment-evoluent-les-achats-de-voitures-neuves-en-france-en-2025-analyse-departementale\\\/#breadcrumb\",\"itemListElement\":[{\"@type\":\"ListItem\",\"position\":1,\"name\":\"Accueil\",\"item\":\"https:\\\/\\\/www.autojm.fr\\\/blog\\\/\"},{\"@type\":\"ListItem\",\"position\":2,\"name\":\"Actualit\u00e9 Automobile\",\"item\":\"https:\\\/\\\/www.autojm.fr\\\/blog\\\/actualite-automobile\\\/\"},{\"@type\":\"ListItem\",\"position\":3,\"name\":\"Comment \u00e9voluent les achats de voitures neuves en France en 2025 ? Analyse d\u00e9partementale\"}]},{\"@type\":\"WebSite\",\"@id\":\"https:\\\/\\\/www.autojm.fr\\\/blog\\\/#website\",\"url\":\"https:\\\/\\\/www.autojm.fr\\\/blog\\\/\",\"name\":\"AutoJM Mag\",\"description\":\"Toute l&#039;actu auto en 1 clic !\",\"publisher\":{\"@id\":\"https:\\\/\\\/www.autojm.fr\\\/blog\\\/#organization\"},\"potentialAction\":[{\"@type\":\"SearchAction\",\"target\":{\"@type\":\"EntryPoint\",\"urlTemplate\":\"https:\\\/\\\/www.autojm.fr\\\/blog\\\/?s={search_term_string}\"},\"query-input\":{\"@type\":\"PropertyValueSpecification\",\"valueRequired\":true,\"valueName\":\"search_term_string\"}}],\"inLanguage\":\"fr-FR\"},{\"@type\":\"Organization\",\"@id\":\"https:\\\/\\\/www.autojm.fr\\\/blog\\\/#organization\",\"name\":\"AutoJM Mag\",\"url\":\"https:\\\/\\\/www.autojm.fr\\\/blog\\\/\",\"logo\":{\"@type\":\"ImageObject\",\"inLanguage\":\"fr-FR\",\"@id\":\"https:\\\/\\\/www.autojm.fr\\\/blog\\\/#\\\/schema\\\/logo\\\/image\\\/\",\"url\":\"https:\\\/\\\/www.autojm.fr\\\/blog\\\/wp-content\\\/uploads\\\/2022\\\/12\\\/cropped-AutoJMag-png.png\",\"contentUrl\":\"https:\\\/\\\/www.autojm.fr\\\/blog\\\/wp-content\\\/uploads\\\/2022\\\/12\\\/cropped-AutoJMag-png.png\",\"width\":2834,\"height\":585,\"caption\":\"AutoJM Mag\"},\"image\":{\"@id\":\"https:\\\/\\\/www.autojm.fr\\\/blog\\\/#\\\/schema\\\/logo\\\/image\\\/\"},\"sameAs\":[\"https:\\\/\\\/www.facebook.com\\\/AutoJM25\"]},{\"@type\":\"Person\",\"@id\":\"https:\\\/\\\/www.autojm.fr\\\/blog\\\/#\\\/schema\\\/person\\\/e640a62bb6e669182918fd7871fe1ec5\",\"name\":\"Aur\u00e9lia AutoJM\",\"image\":{\"@type\":\"ImageObject\",\"inLanguage\":\"fr-FR\",\"@id\":\"https:\\\/\\\/secure.gravatar.com\\\/avatar\\\/17404fe7ba867704dc53905b3aeb1f66282e3a23def617ff4d39a7130702f24b?s=96&d=mm&r=g\",\"url\":\"https:\\\/\\\/secure.gravatar.com\\\/avatar\\\/17404fe7ba867704dc53905b3aeb1f66282e3a23def617ff4d39a7130702f24b?s=96&d=mm&r=g\",\"contentUrl\":\"https:\\\/\\\/secure.gravatar.com\\\/avatar\\\/17404fe7ba867704dc53905b3aeb1f66282e3a23def617ff4d39a7130702f24b?s=96&d=mm&r=g\",\"caption\":\"Aur\u00e9lia AutoJM\"},\"url\":\"https:\\\/\\\/www.autojm.fr\\\/blog\\\/author\\\/autojm\\\/\"}]}<\/script>\n<!-- \/ Yoast SEO plugin. -->","yoast_head_json":{"title":"Comment \u00e9voluent les achats de voitures neuves en France en 2025 ? Analyse d\u00e9partementale - AutoJM Mag","robots":{"index":"index","follow":"follow","max-snippet":"max-snippet:-1","max-image-preview":"max-image-preview:large","max-video-preview":"max-video-preview:-1"},"canonical":"https:\/\/www.autojm.fr\/blog\/comment-evoluent-les-achats-de-voitures-neuves-en-france-en-2025-analyse-departementale\/","og_locale":"fr_FR","og_type":"article","og_title":"Comment \u00e9voluent les achats de voitures neuves en France en 2025 ? Analyse d\u00e9partementale - AutoJM Mag","og_description":"En 2025, le march\u00e9 fran\u00e7ais des voitures neuves montre des signes de ralentissement marqu\u00e9, non seulement au niveau national, mais \u00e9galement lorsqu\u2019on scrute les tendances au niveau d\u00e9partemental. C\u2019est l\u2019un des enseignements cl\u00e9s de l\u2019\u00e9tude Intelligence Auto n\u00b087 publi\u00e9e en d\u00e9cembre par AAA Data, un observateur privil\u00e9gi\u00e9 des donn\u00e9es du secteur automobile en France. AAA Data","og_url":"https:\/\/www.autojm.fr\/blog\/comment-evoluent-les-achats-de-voitures-neuves-en-france-en-2025-analyse-departementale\/","og_site_name":"AutoJM Mag","article_publisher":"https:\/\/www.facebook.com\/AutoJM25","article_published_time":"2025-12-19T07:30:00+00:00","og_image":[{"width":1000,"height":500,"url":"https:\/\/www.autojm.fr\/blog\/wp-content\/uploads\/2025\/12\/image-top-1000x500-37.png","type":"image\/png"}],"author":"Aur\u00e9lia AutoJM","twitter_card":"summary_large_image","twitter_misc":{"\u00c9crit par":"Aur\u00e9lia AutoJM","Dur\u00e9e de lecture estim\u00e9e":"3 minutes"},"schema":{"@context":"https:\/\/schema.org","@graph":[{"@type":"Article","@id":"https:\/\/www.autojm.fr\/blog\/comment-evoluent-les-achats-de-voitures-neuves-en-france-en-2025-analyse-departementale\/#article","isPartOf":{"@id":"https:\/\/www.autojm.fr\/blog\/comment-evoluent-les-achats-de-voitures-neuves-en-france-en-2025-analyse-departementale\/"},"author":{"name":"Aur\u00e9lia AutoJM","@id":"https:\/\/www.autojm.fr\/blog\/#\/schema\/person\/e640a62bb6e669182918fd7871fe1ec5"},"headline":"Comment \u00e9voluent les achats de voitures neuves en France en 2025 ? Analyse d\u00e9partementale","datePublished":"2025-12-19T07:30:00+00:00","mainEntityOfPage":{"@id":"https:\/\/www.autojm.fr\/blog\/comment-evoluent-les-achats-de-voitures-neuves-en-france-en-2025-analyse-departementale\/"},"wordCount":13,"commentCount":0,"publisher":{"@id":"https:\/\/www.autojm.fr\/blog\/#organization"},"image":{"@id":"https:\/\/www.autojm.fr\/blog\/comment-evoluent-les-achats-de-voitures-neuves-en-france-en-2025-analyse-departementale\/#primaryimage"},"thumbnailUrl":"https:\/\/www.autojm.fr\/blog\/wp-content\/uploads\/2025\/12\/image-top-1000x500-37.png","keywords":["autojm","DS","Ford","Kia","Nissan","Opel","peugeot","renault","Volkswagen"],"articleSection":["Actualit\u00e9 Automobile"],"inLanguage":"fr-FR","potentialAction":[{"@type":"CommentAction","name":"Comment","target":["https:\/\/www.autojm.fr\/blog\/comment-evoluent-les-achats-de-voitures-neuves-en-france-en-2025-analyse-departementale\/#respond"]}]},{"@type":"WebPage","@id":"https:\/\/www.autojm.fr\/blog\/comment-evoluent-les-achats-de-voitures-neuves-en-france-en-2025-analyse-departementale\/","url":"https:\/\/www.autojm.fr\/blog\/comment-evoluent-les-achats-de-voitures-neuves-en-france-en-2025-analyse-departementale\/","name":"Comment \u00e9voluent les achats de voitures neuves en France en 2025 ? Analyse d\u00e9partementale - AutoJM Mag","isPartOf":{"@id":"https:\/\/www.autojm.fr\/blog\/#website"},"primaryImageOfPage":{"@id":"https:\/\/www.autojm.fr\/blog\/comment-evoluent-les-achats-de-voitures-neuves-en-france-en-2025-analyse-departementale\/#primaryimage"},"image":{"@id":"https:\/\/www.autojm.fr\/blog\/comment-evoluent-les-achats-de-voitures-neuves-en-france-en-2025-analyse-departementale\/#primaryimage"},"thumbnailUrl":"https:\/\/www.autojm.fr\/blog\/wp-content\/uploads\/2025\/12\/image-top-1000x500-37.png","datePublished":"2025-12-19T07:30:00+00:00","breadcrumb":{"@id":"https:\/\/www.autojm.fr\/blog\/comment-evoluent-les-achats-de-voitures-neuves-en-france-en-2025-analyse-departementale\/#breadcrumb"},"inLanguage":"fr-FR","potentialAction":[{"@type":"ReadAction","target":["https:\/\/www.autojm.fr\/blog\/comment-evoluent-les-achats-de-voitures-neuves-en-france-en-2025-analyse-departementale\/"]}]},{"@type":"ImageObject","inLanguage":"fr-FR","@id":"https:\/\/www.autojm.fr\/blog\/comment-evoluent-les-achats-de-voitures-neuves-en-france-en-2025-analyse-departementale\/#primaryimage","url":"https:\/\/www.autojm.fr\/blog\/wp-content\/uploads\/2025\/12\/image-top-1000x500-37.png","contentUrl":"https:\/\/www.autojm.fr\/blog\/wp-content\/uploads\/2025\/12\/image-top-1000x500-37.png","width":1000,"height":500,"caption":"analyse vente 2025 par departement"},{"@type":"BreadcrumbList","@id":"https:\/\/www.autojm.fr\/blog\/comment-evoluent-les-achats-de-voitures-neuves-en-france-en-2025-analyse-departementale\/#breadcrumb","itemListElement":[{"@type":"ListItem","position":1,"name":"Accueil","item":"https:\/\/www.autojm.fr\/blog\/"},{"@type":"ListItem","position":2,"name":"Actualit\u00e9 Automobile","item":"https:\/\/www.autojm.fr\/blog\/actualite-automobile\/"},{"@type":"ListItem","position":3,"name":"Comment \u00e9voluent les achats de voitures neuves en France en 2025 ? Analyse d\u00e9partementale"}]},{"@type":"WebSite","@id":"https:\/\/www.autojm.fr\/blog\/#website","url":"https:\/\/www.autojm.fr\/blog\/","name":"AutoJM Mag","description":"Toute l&#039;actu auto en 1 clic !","publisher":{"@id":"https:\/\/www.autojm.fr\/blog\/#organization"},"potentialAction":[{"@type":"SearchAction","target":{"@type":"EntryPoint","urlTemplate":"https:\/\/www.autojm.fr\/blog\/?s={search_term_string}"},"query-input":{"@type":"PropertyValueSpecification","valueRequired":true,"valueName":"search_term_string"}}],"inLanguage":"fr-FR"},{"@type":"Organization","@id":"https:\/\/www.autojm.fr\/blog\/#organization","name":"AutoJM Mag","url":"https:\/\/www.autojm.fr\/blog\/","logo":{"@type":"ImageObject","inLanguage":"fr-FR","@id":"https:\/\/www.autojm.fr\/blog\/#\/schema\/logo\/image\/","url":"https:\/\/www.autojm.fr\/blog\/wp-content\/uploads\/2022\/12\/cropped-AutoJMag-png.png","contentUrl":"https:\/\/www.autojm.fr\/blog\/wp-content\/uploads\/2022\/12\/cropped-AutoJMag-png.png","width":2834,"height":585,"caption":"AutoJM Mag"},"image":{"@id":"https:\/\/www.autojm.fr\/blog\/#\/schema\/logo\/image\/"},"sameAs":["https:\/\/www.facebook.com\/AutoJM25"]},{"@type":"Person","@id":"https:\/\/www.autojm.fr\/blog\/#\/schema\/person\/e640a62bb6e669182918fd7871fe1ec5","name":"Aur\u00e9lia AutoJM","image":{"@type":"ImageObject","inLanguage":"fr-FR","@id":"https:\/\/secure.gravatar.com\/avatar\/17404fe7ba867704dc53905b3aeb1f66282e3a23def617ff4d39a7130702f24b?s=96&d=mm&r=g","url":"https:\/\/secure.gravatar.com\/avatar\/17404fe7ba867704dc53905b3aeb1f66282e3a23def617ff4d39a7130702f24b?s=96&d=mm&r=g","contentUrl":"https:\/\/secure.gravatar.com\/avatar\/17404fe7ba867704dc53905b3aeb1f66282e3a23def617ff4d39a7130702f24b?s=96&d=mm&r=g","caption":"Aur\u00e9lia AutoJM"},"url":"https:\/\/www.autojm.fr\/blog\/author\/autojm\/"}]}},"_links":{"self":[{"href":"https:\/\/www.autojm.fr\/blog\/wp-json\/wp\/v2\/posts\/25043","targetHints":{"allow":["GET"]}}],"collection":[{"href":"https:\/\/www.autojm.fr\/blog\/wp-json\/wp\/v2\/posts"}],"about":[{"href":"https:\/\/www.autojm.fr\/blog\/wp-json\/wp\/v2\/types\/post"}],"author":[{"embeddable":true,"href":"https:\/\/www.autojm.fr\/blog\/wp-json\/wp\/v2\/users\/2"}],"replies":[{"embeddable":true,"href":"https:\/\/www.autojm.fr\/blog\/wp-json\/wp\/v2\/comments?post=25043"}],"version-history":[{"count":2,"href":"https:\/\/www.autojm.fr\/blog\/wp-json\/wp\/v2\/posts\/25043\/revisions"}],"predecessor-version":[{"id":25049,"href":"https:\/\/www.autojm.fr\/blog\/wp-json\/wp\/v2\/posts\/25043\/revisions\/25049"}],"wp:featuredmedia":[{"embeddable":true,"href":"https:\/\/www.autojm.fr\/blog\/wp-json\/wp\/v2\/media\/25047"}],"wp:attachment":[{"href":"https:\/\/www.autojm.fr\/blog\/wp-json\/wp\/v2\/media?parent=25043"}],"wp:term":[{"taxonomy":"category","embeddable":true,"href":"https:\/\/www.autojm.fr\/blog\/wp-json\/wp\/v2\/categories?post=25043"},{"taxonomy":"post_tag","embeddable":true,"href":"https:\/\/www.autojm.fr\/blog\/wp-json\/wp\/v2\/tags?post=25043"}],"curies":[{"name":"wp","href":"https:\/\/api.w.org\/{rel}","templated":true}]}}