{"id":24552,"date":"2025-11-25T09:00:00","date_gmt":"2025-11-25T07:00:00","guid":{"rendered":"https:\/\/www.autojm.fr\/blog\/?p=24552"},"modified":"2025-11-20T16:13:02","modified_gmt":"2025-11-20T14:13:02","slug":"essence-diesel-hybride-ou-electrique-quelle-motorisation-renault","status":"publish","type":"post","link":"https:\/\/www.autojm.fr\/blog\/essence-diesel-hybride-ou-electrique-quelle-motorisation-renault\/","title":{"rendered":"Essence, diesel, hybride ou \u00e9lectrique\u202f: quelle motorisation Renault privil\u00e9gier\u202f?\u202f"},"content":{"rendered":"","protected":false},"excerpt":{"rendered":"<p>Face \u00e0 la diversit\u00e9 des motorisations propos\u00e9es par Renault, le choix peut rapidement devenir complexe. Entre essence, diesel, hybride et \u00e9lectrique, chaque technologie pr\u00e9sente des avantages et des contraintes qui d\u00e9pendent avant tout de votre usage, de votre budget et de vos habitudes de conduite.<\/p>\n","protected":false},"author":2,"featured_media":24781,"comment_status":"open","ping_status":"open","sticky":false,"template":"","format":"standard","meta":{"_acf_changed":false,"content-type":"","footnotes":""},"categories":[5,3],"tags":[90,78],"class_list":["post-24552","post","type-post","status-publish","format-standard","has-post-thumbnail","hentry","category-actualite-automobile","category-actualites-renault","tag-autojm","tag-renault"],"acf":[],"yoast_head":"<!-- This site is optimized with the Yoast SEO plugin v27.5 - https:\/\/yoast.com\/product\/yoast-seo-wordpress\/ -->\n<title>Essence, diesel, hybride ou \u00e9lectrique\u202f: quelle motorisation Renault privil\u00e9gier\u202f?\u202f - AutoJM Mag<\/title>\n<meta name=\"description\" content=\"Face \u00e0 la diversit\u00e9 des motorisations propos\u00e9es par Renault, le choix peut rapidement devenir complexe. Entre essence, diesel, hybride...\" \/>\n<meta name=\"robots\" content=\"index, follow, max-snippet:-1, max-image-preview:large, max-video-preview:-1\" \/>\n<link rel=\"canonical\" href=\"https:\/\/www.autojm.fr\/blog\/essence-diesel-hybride-ou-electrique-quelle-motorisation-renault\/\" \/>\n<meta property=\"og:locale\" content=\"fr_FR\" \/>\n<meta property=\"og:type\" content=\"article\" \/>\n<meta property=\"og:title\" content=\"Essence, diesel, hybride ou \u00e9lectrique\u202f: quelle motorisation Renault privil\u00e9gier\u202f?\u202f - AutoJM Mag\" \/>\n<meta property=\"og:description\" content=\"Face \u00e0 la diversit\u00e9 des motorisations propos\u00e9es par Renault, le choix peut rapidement devenir complexe. Entre essence, diesel, hybride...\" \/>\n<meta property=\"og:url\" content=\"https:\/\/www.autojm.fr\/blog\/essence-diesel-hybride-ou-electrique-quelle-motorisation-renault\/\" \/>\n<meta property=\"og:site_name\" content=\"AutoJM Mag\" \/>\n<meta property=\"article:publisher\" content=\"https:\/\/www.facebook.com\/AutoJM25\" \/>\n<meta property=\"article:published_time\" content=\"2025-11-25T07:00:00+00:00\" \/>\n<meta property=\"og:image\" content=\"https:\/\/www.autojm.fr\/blog\/wp-content\/uploads\/2025\/11\/image-top-1000x500-24.png\" \/>\n\t<meta property=\"og:image:width\" content=\"1000\" \/>\n\t<meta property=\"og:image:height\" content=\"500\" \/>\n\t<meta property=\"og:image:type\" content=\"image\/png\" \/>\n<meta name=\"author\" content=\"Aur\u00e9lia AutoJM\" \/>\n<meta name=\"twitter:card\" content=\"summary_large_image\" \/>\n<meta name=\"twitter:label1\" content=\"\u00c9crit par\" \/>\n\t<meta name=\"twitter:data1\" content=\"Aur\u00e9lia AutoJM\" \/>\n\t<meta name=\"twitter:label2\" content=\"Dur\u00e9e de lecture estim\u00e9e\" \/>\n\t<meta name=\"twitter:data2\" content=\"4 minutes\" \/>\n<script type=\"application\/ld+json\" class=\"yoast-schema-graph\">{\"@context\":\"https:\\\/\\\/schema.org\",\"@graph\":[{\"@type\":\"Article\",\"@id\":\"https:\\\/\\\/www.autojm.fr\\\/blog\\\/essence-diesel-hybride-ou-electrique-quelle-motorisation-renault\\\/#article\",\"isPartOf\":{\"@id\":\"https:\\\/\\\/www.autojm.fr\\\/blog\\\/essence-diesel-hybride-ou-electrique-quelle-motorisation-renault\\\/\"},\"author\":{\"name\":\"Aur\u00e9lia AutoJM\",\"@id\":\"https:\\\/\\\/www.autojm.fr\\\/blog\\\/#\\\/schema\\\/person\\\/e640a62bb6e669182918fd7871fe1ec5\"},\"headline\":\"Essence, diesel, hybride ou \u00e9lectrique\u202f: quelle motorisation Renault privil\u00e9gier\u202f?\u202f\",\"datePublished\":\"2025-11-25T07:00:00+00:00\",\"mainEntityOfPage\":{\"@id\":\"https:\\\/\\\/www.autojm.fr\\\/blog\\\/essence-diesel-hybride-ou-electrique-quelle-motorisation-renault\\\/\"},\"wordCount\":10,\"commentCount\":0,\"publisher\":{\"@id\":\"https:\\\/\\\/www.autojm.fr\\\/blog\\\/#organization\"},\"image\":{\"@id\":\"https:\\\/\\\/www.autojm.fr\\\/blog\\\/essence-diesel-hybride-ou-electrique-quelle-motorisation-renault\\\/#primaryimage\"},\"thumbnailUrl\":\"https:\\\/\\\/www.autojm.fr\\\/blog\\\/wp-content\\\/uploads\\\/2025\\\/11\\\/image-top-1000x500-24.png\",\"keywords\":[\"autojm\",\"renault\"],\"articleSection\":[\"Actualit\u00e9 Automobile\",\"Actualit\u00e9s Renault\"],\"inLanguage\":\"fr-FR\",\"potentialAction\":[{\"@type\":\"CommentAction\",\"name\":\"Comment\",\"target\":[\"https:\\\/\\\/www.autojm.fr\\\/blog\\\/essence-diesel-hybride-ou-electrique-quelle-motorisation-renault\\\/#respond\"]}]},{\"@type\":\"WebPage\",\"@id\":\"https:\\\/\\\/www.autojm.fr\\\/blog\\\/essence-diesel-hybride-ou-electrique-quelle-motorisation-renault\\\/\",\"url\":\"https:\\\/\\\/www.autojm.fr\\\/blog\\\/essence-diesel-hybride-ou-electrique-quelle-motorisation-renault\\\/\",\"name\":\"Essence, diesel, hybride ou \u00e9lectrique\u202f: quelle motorisation Renault privil\u00e9gier\u202f?\u202f - AutoJM Mag\",\"isPartOf\":{\"@id\":\"https:\\\/\\\/www.autojm.fr\\\/blog\\\/#website\"},\"primaryImageOfPage\":{\"@id\":\"https:\\\/\\\/www.autojm.fr\\\/blog\\\/essence-diesel-hybride-ou-electrique-quelle-motorisation-renault\\\/#primaryimage\"},\"image\":{\"@id\":\"https:\\\/\\\/www.autojm.fr\\\/blog\\\/essence-diesel-hybride-ou-electrique-quelle-motorisation-renault\\\/#primaryimage\"},\"thumbnailUrl\":\"https:\\\/\\\/www.autojm.fr\\\/blog\\\/wp-content\\\/uploads\\\/2025\\\/11\\\/image-top-1000x500-24.png\",\"datePublished\":\"2025-11-25T07:00:00+00:00\",\"description\":\"Face \u00e0 la diversit\u00e9 des motorisations propos\u00e9es par Renault, le choix peut rapidement devenir complexe. Entre essence, diesel, hybride...\",\"breadcrumb\":{\"@id\":\"https:\\\/\\\/www.autojm.fr\\\/blog\\\/essence-diesel-hybride-ou-electrique-quelle-motorisation-renault\\\/#breadcrumb\"},\"inLanguage\":\"fr-FR\",\"potentialAction\":[{\"@type\":\"ReadAction\",\"target\":[\"https:\\\/\\\/www.autojm.fr\\\/blog\\\/essence-diesel-hybride-ou-electrique-quelle-motorisation-renault\\\/\"]}]},{\"@type\":\"ImageObject\",\"inLanguage\":\"fr-FR\",\"@id\":\"https:\\\/\\\/www.autojm.fr\\\/blog\\\/essence-diesel-hybride-ou-electrique-quelle-motorisation-renault\\\/#primaryimage\",\"url\":\"https:\\\/\\\/www.autojm.fr\\\/blog\\\/wp-content\\\/uploads\\\/2025\\\/11\\\/image-top-1000x500-24.png\",\"contentUrl\":\"https:\\\/\\\/www.autojm.fr\\\/blog\\\/wp-content\\\/uploads\\\/2025\\\/11\\\/image-top-1000x500-24.png\",\"width\":1000,\"height\":500,\"caption\":\"renault motorisation\"},{\"@type\":\"BreadcrumbList\",\"@id\":\"https:\\\/\\\/www.autojm.fr\\\/blog\\\/essence-diesel-hybride-ou-electrique-quelle-motorisation-renault\\\/#breadcrumb\",\"itemListElement\":[{\"@type\":\"ListItem\",\"position\":1,\"name\":\"Accueil\",\"item\":\"https:\\\/\\\/www.autojm.fr\\\/blog\\\/\"},{\"@type\":\"ListItem\",\"position\":2,\"name\":\"Actualit\u00e9 Automobile\",\"item\":\"https:\\\/\\\/www.autojm.fr\\\/blog\\\/actualite-automobile\\\/\"},{\"@type\":\"ListItem\",\"position\":3,\"name\":\"Actualit\u00e9s Renault\",\"item\":\"https:\\\/\\\/www.autojm.fr\\\/blog\\\/actualite-automobile\\\/actualites-renault\\\/\"},{\"@type\":\"ListItem\",\"position\":4,\"name\":\"Essence, diesel, hybride ou \u00e9lectrique\u202f: quelle motorisation Renault privil\u00e9gier\u202f?\u202f\"}]},{\"@type\":\"WebSite\",\"@id\":\"https:\\\/\\\/www.autojm.fr\\\/blog\\\/#website\",\"url\":\"https:\\\/\\\/www.autojm.fr\\\/blog\\\/\",\"name\":\"AutoJM Mag\",\"description\":\"Toute l&#039;actu auto en 1 clic !\",\"publisher\":{\"@id\":\"https:\\\/\\\/www.autojm.fr\\\/blog\\\/#organization\"},\"potentialAction\":[{\"@type\":\"SearchAction\",\"target\":{\"@type\":\"EntryPoint\",\"urlTemplate\":\"https:\\\/\\\/www.autojm.fr\\\/blog\\\/?s={search_term_string}\"},\"query-input\":{\"@type\":\"PropertyValueSpecification\",\"valueRequired\":true,\"valueName\":\"search_term_string\"}}],\"inLanguage\":\"fr-FR\"},{\"@type\":\"Organization\",\"@id\":\"https:\\\/\\\/www.autojm.fr\\\/blog\\\/#organization\",\"name\":\"AutoJM Mag\",\"url\":\"https:\\\/\\\/www.autojm.fr\\\/blog\\\/\",\"logo\":{\"@type\":\"ImageObject\",\"inLanguage\":\"fr-FR\",\"@id\":\"https:\\\/\\\/www.autojm.fr\\\/blog\\\/#\\\/schema\\\/logo\\\/image\\\/\",\"url\":\"https:\\\/\\\/www.autojm.fr\\\/blog\\\/wp-content\\\/uploads\\\/2022\\\/12\\\/cropped-AutoJMag-png.png\",\"contentUrl\":\"https:\\\/\\\/www.autojm.fr\\\/blog\\\/wp-content\\\/uploads\\\/2022\\\/12\\\/cropped-AutoJMag-png.png\",\"width\":2834,\"height\":585,\"caption\":\"AutoJM Mag\"},\"image\":{\"@id\":\"https:\\\/\\\/www.autojm.fr\\\/blog\\\/#\\\/schema\\\/logo\\\/image\\\/\"},\"sameAs\":[\"https:\\\/\\\/www.facebook.com\\\/AutoJM25\"]},{\"@type\":\"Person\",\"@id\":\"https:\\\/\\\/www.autojm.fr\\\/blog\\\/#\\\/schema\\\/person\\\/e640a62bb6e669182918fd7871fe1ec5\",\"name\":\"Aur\u00e9lia AutoJM\",\"image\":{\"@type\":\"ImageObject\",\"inLanguage\":\"fr-FR\",\"@id\":\"https:\\\/\\\/secure.gravatar.com\\\/avatar\\\/17404fe7ba867704dc53905b3aeb1f66282e3a23def617ff4d39a7130702f24b?s=96&d=mm&r=g\",\"url\":\"https:\\\/\\\/secure.gravatar.com\\\/avatar\\\/17404fe7ba867704dc53905b3aeb1f66282e3a23def617ff4d39a7130702f24b?s=96&d=mm&r=g\",\"contentUrl\":\"https:\\\/\\\/secure.gravatar.com\\\/avatar\\\/17404fe7ba867704dc53905b3aeb1f66282e3a23def617ff4d39a7130702f24b?s=96&d=mm&r=g\",\"caption\":\"Aur\u00e9lia AutoJM\"},\"url\":\"https:\\\/\\\/www.autojm.fr\\\/blog\\\/author\\\/autojm\\\/\"}]}<\/script>\n<!-- \/ Yoast SEO plugin. -->","yoast_head_json":{"title":"Essence, diesel, hybride ou \u00e9lectrique\u202f: quelle motorisation Renault privil\u00e9gier\u202f?\u202f - AutoJM Mag","description":"Face \u00e0 la diversit\u00e9 des motorisations propos\u00e9es par Renault, le choix peut rapidement devenir complexe. Entre essence, diesel, hybride...","robots":{"index":"index","follow":"follow","max-snippet":"max-snippet:-1","max-image-preview":"max-image-preview:large","max-video-preview":"max-video-preview:-1"},"canonical":"https:\/\/www.autojm.fr\/blog\/essence-diesel-hybride-ou-electrique-quelle-motorisation-renault\/","og_locale":"fr_FR","og_type":"article","og_title":"Essence, diesel, hybride ou \u00e9lectrique\u202f: quelle motorisation Renault privil\u00e9gier\u202f?\u202f - AutoJM Mag","og_description":"Face \u00e0 la diversit\u00e9 des motorisations propos\u00e9es par Renault, le choix peut rapidement devenir complexe. Entre essence, diesel, hybride...","og_url":"https:\/\/www.autojm.fr\/blog\/essence-diesel-hybride-ou-electrique-quelle-motorisation-renault\/","og_site_name":"AutoJM Mag","article_publisher":"https:\/\/www.facebook.com\/AutoJM25","article_published_time":"2025-11-25T07:00:00+00:00","og_image":[{"width":1000,"height":500,"url":"https:\/\/www.autojm.fr\/blog\/wp-content\/uploads\/2025\/11\/image-top-1000x500-24.png","type":"image\/png"}],"author":"Aur\u00e9lia AutoJM","twitter_card":"summary_large_image","twitter_misc":{"\u00c9crit par":"Aur\u00e9lia AutoJM","Dur\u00e9e de lecture estim\u00e9e":"4 minutes"},"schema":{"@context":"https:\/\/schema.org","@graph":[{"@type":"Article","@id":"https:\/\/www.autojm.fr\/blog\/essence-diesel-hybride-ou-electrique-quelle-motorisation-renault\/#article","isPartOf":{"@id":"https:\/\/www.autojm.fr\/blog\/essence-diesel-hybride-ou-electrique-quelle-motorisation-renault\/"},"author":{"name":"Aur\u00e9lia AutoJM","@id":"https:\/\/www.autojm.fr\/blog\/#\/schema\/person\/e640a62bb6e669182918fd7871fe1ec5"},"headline":"Essence, diesel, hybride ou \u00e9lectrique\u202f: quelle motorisation Renault privil\u00e9gier\u202f?\u202f","datePublished":"2025-11-25T07:00:00+00:00","mainEntityOfPage":{"@id":"https:\/\/www.autojm.fr\/blog\/essence-diesel-hybride-ou-electrique-quelle-motorisation-renault\/"},"wordCount":10,"commentCount":0,"publisher":{"@id":"https:\/\/www.autojm.fr\/blog\/#organization"},"image":{"@id":"https:\/\/www.autojm.fr\/blog\/essence-diesel-hybride-ou-electrique-quelle-motorisation-renault\/#primaryimage"},"thumbnailUrl":"https:\/\/www.autojm.fr\/blog\/wp-content\/uploads\/2025\/11\/image-top-1000x500-24.png","keywords":["autojm","renault"],"articleSection":["Actualit\u00e9 Automobile","Actualit\u00e9s Renault"],"inLanguage":"fr-FR","potentialAction":[{"@type":"CommentAction","name":"Comment","target":["https:\/\/www.autojm.fr\/blog\/essence-diesel-hybride-ou-electrique-quelle-motorisation-renault\/#respond"]}]},{"@type":"WebPage","@id":"https:\/\/www.autojm.fr\/blog\/essence-diesel-hybride-ou-electrique-quelle-motorisation-renault\/","url":"https:\/\/www.autojm.fr\/blog\/essence-diesel-hybride-ou-electrique-quelle-motorisation-renault\/","name":"Essence, diesel, hybride ou \u00e9lectrique\u202f: quelle motorisation Renault privil\u00e9gier\u202f?\u202f - AutoJM Mag","isPartOf":{"@id":"https:\/\/www.autojm.fr\/blog\/#website"},"primaryImageOfPage":{"@id":"https:\/\/www.autojm.fr\/blog\/essence-diesel-hybride-ou-electrique-quelle-motorisation-renault\/#primaryimage"},"image":{"@id":"https:\/\/www.autojm.fr\/blog\/essence-diesel-hybride-ou-electrique-quelle-motorisation-renault\/#primaryimage"},"thumbnailUrl":"https:\/\/www.autojm.fr\/blog\/wp-content\/uploads\/2025\/11\/image-top-1000x500-24.png","datePublished":"2025-11-25T07:00:00+00:00","description":"Face \u00e0 la diversit\u00e9 des motorisations propos\u00e9es par Renault, le choix peut rapidement devenir complexe. Entre essence, diesel, hybride...","breadcrumb":{"@id":"https:\/\/www.autojm.fr\/blog\/essence-diesel-hybride-ou-electrique-quelle-motorisation-renault\/#breadcrumb"},"inLanguage":"fr-FR","potentialAction":[{"@type":"ReadAction","target":["https:\/\/www.autojm.fr\/blog\/essence-diesel-hybride-ou-electrique-quelle-motorisation-renault\/"]}]},{"@type":"ImageObject","inLanguage":"fr-FR","@id":"https:\/\/www.autojm.fr\/blog\/essence-diesel-hybride-ou-electrique-quelle-motorisation-renault\/#primaryimage","url":"https:\/\/www.autojm.fr\/blog\/wp-content\/uploads\/2025\/11\/image-top-1000x500-24.png","contentUrl":"https:\/\/www.autojm.fr\/blog\/wp-content\/uploads\/2025\/11\/image-top-1000x500-24.png","width":1000,"height":500,"caption":"renault motorisation"},{"@type":"BreadcrumbList","@id":"https:\/\/www.autojm.fr\/blog\/essence-diesel-hybride-ou-electrique-quelle-motorisation-renault\/#breadcrumb","itemListElement":[{"@type":"ListItem","position":1,"name":"Accueil","item":"https:\/\/www.autojm.fr\/blog\/"},{"@type":"ListItem","position":2,"name":"Actualit\u00e9 Automobile","item":"https:\/\/www.autojm.fr\/blog\/actualite-automobile\/"},{"@type":"ListItem","position":3,"name":"Actualit\u00e9s Renault","item":"https:\/\/www.autojm.fr\/blog\/actualite-automobile\/actualites-renault\/"},{"@type":"ListItem","position":4,"name":"Essence, diesel, hybride ou \u00e9lectrique\u202f: quelle motorisation Renault privil\u00e9gier\u202f?\u202f"}]},{"@type":"WebSite","@id":"https:\/\/www.autojm.fr\/blog\/#website","url":"https:\/\/www.autojm.fr\/blog\/","name":"AutoJM Mag","description":"Toute l&#039;actu auto en 1 clic !","publisher":{"@id":"https:\/\/www.autojm.fr\/blog\/#organization"},"potentialAction":[{"@type":"SearchAction","target":{"@type":"EntryPoint","urlTemplate":"https:\/\/www.autojm.fr\/blog\/?s={search_term_string}"},"query-input":{"@type":"PropertyValueSpecification","valueRequired":true,"valueName":"search_term_string"}}],"inLanguage":"fr-FR"},{"@type":"Organization","@id":"https:\/\/www.autojm.fr\/blog\/#organization","name":"AutoJM Mag","url":"https:\/\/www.autojm.fr\/blog\/","logo":{"@type":"ImageObject","inLanguage":"fr-FR","@id":"https:\/\/www.autojm.fr\/blog\/#\/schema\/logo\/image\/","url":"https:\/\/www.autojm.fr\/blog\/wp-content\/uploads\/2022\/12\/cropped-AutoJMag-png.png","contentUrl":"https:\/\/www.autojm.fr\/blog\/wp-content\/uploads\/2022\/12\/cropped-AutoJMag-png.png","width":2834,"height":585,"caption":"AutoJM Mag"},"image":{"@id":"https:\/\/www.autojm.fr\/blog\/#\/schema\/logo\/image\/"},"sameAs":["https:\/\/www.facebook.com\/AutoJM25"]},{"@type":"Person","@id":"https:\/\/www.autojm.fr\/blog\/#\/schema\/person\/e640a62bb6e669182918fd7871fe1ec5","name":"Aur\u00e9lia AutoJM","image":{"@type":"ImageObject","inLanguage":"fr-FR","@id":"https:\/\/secure.gravatar.com\/avatar\/17404fe7ba867704dc53905b3aeb1f66282e3a23def617ff4d39a7130702f24b?s=96&d=mm&r=g","url":"https:\/\/secure.gravatar.com\/avatar\/17404fe7ba867704dc53905b3aeb1f66282e3a23def617ff4d39a7130702f24b?s=96&d=mm&r=g","contentUrl":"https:\/\/secure.gravatar.com\/avatar\/17404fe7ba867704dc53905b3aeb1f66282e3a23def617ff4d39a7130702f24b?s=96&d=mm&r=g","caption":"Aur\u00e9lia AutoJM"},"url":"https:\/\/www.autojm.fr\/blog\/author\/autojm\/"}]}},"_links":{"self":[{"href":"https:\/\/www.autojm.fr\/blog\/wp-json\/wp\/v2\/posts\/24552","targetHints":{"allow":["GET"]}}],"collection":[{"href":"https:\/\/www.autojm.fr\/blog\/wp-json\/wp\/v2\/posts"}],"about":[{"href":"https:\/\/www.autojm.fr\/blog\/wp-json\/wp\/v2\/types\/post"}],"author":[{"embeddable":true,"href":"https:\/\/www.autojm.fr\/blog\/wp-json\/wp\/v2\/users\/2"}],"replies":[{"embeddable":true,"href":"https:\/\/www.autojm.fr\/blog\/wp-json\/wp\/v2\/comments?post=24552"}],"version-history":[{"count":4,"href":"https:\/\/www.autojm.fr\/blog\/wp-json\/wp\/v2\/posts\/24552\/revisions"}],"predecessor-version":[{"id":24785,"href":"https:\/\/www.autojm.fr\/blog\/wp-json\/wp\/v2\/posts\/24552\/revisions\/24785"}],"wp:featuredmedia":[{"embeddable":true,"href":"https:\/\/www.autojm.fr\/blog\/wp-json\/wp\/v2\/media\/24781"}],"wp:attachment":[{"href":"https:\/\/www.autojm.fr\/blog\/wp-json\/wp\/v2\/media?parent=24552"}],"wp:term":[{"taxonomy":"category","embeddable":true,"href":"https:\/\/www.autojm.fr\/blog\/wp-json\/wp\/v2\/categories?post=24552"},{"taxonomy":"post_tag","embeddable":true,"href":"https:\/\/www.autojm.fr\/blog\/wp-json\/wp\/v2\/tags?post=24552"}],"curies":[{"name":"wp","href":"https:\/\/api.w.org\/{rel}","templated":true}]}}