{"id":24513,"date":"2026-02-06T09:00:00","date_gmt":"2026-02-06T07:00:00","guid":{"rendered":"https:\/\/www.autojm.fr\/blog\/?p=24513"},"modified":"2026-02-05T12:38:50","modified_gmt":"2026-02-05T10:38:50","slug":"comment-choisir-le-meilleur-vehicule-pour-transformer-un-van-amenage-en-2026","status":"publish","type":"post","link":"https:\/\/www.autojm.fr\/blog\/comment-choisir-le-meilleur-vehicule-pour-transformer-un-van-amenage-en-2026\/","title":{"rendered":"Comment choisir le meilleur v\u00e9hicule pour transformer un van am\u00e9nag\u00e9 en 2026 ?"},"content":{"rendered":"","protected":false},"excerpt":{"rendered":"<p>La popularit\u00e9 de la vanlife continue de cro\u00eetre en 2026, et nombreux sont ceux qui r\u00eavent de transformer un fourgon utilitaire en van am\u00e9nag\u00e9 personnalis\u00e9. Que ce soit pour des escapades de week-end ou des voyages plus longs \u00e0 travers l\u2019Europe, bien choisir le v\u00e9hicule de base est essentiel pour garantir confort, modularit\u00e9 et durabilit\u00e9 du projet. Parmi les mod\u00e8les pl\u00e9biscit\u00e9s par les am\u00e9nageurs, certains se d\u00e9tachent par leur volume int\u00e9rieur, leur facilit\u00e9 d\u2019am\u00e9nagement et leur rapport qualit\u00e9-prix. Focus sur 4 options particuli\u00e8rement int\u00e9ressantes pour qui souhaite se lancer dans l\u2019aventure en optimisant son investissement.<\/p>\n","protected":false},"author":2,"featured_media":54195,"comment_status":"open","ping_status":"open","sticky":false,"template":"","format":"standard","meta":{"_acf_changed":false,"content-type":"","footnotes":""},"categories":[22],"tags":[90,79,73,689,687],"class_list":["post-24513","post","type-post","status-publish","format-standard","has-post-thumbnail","hentry","category-conseils-astuces","tag-autojm","tag-citroen","tag-peugeot","tag-utilitaire","tag-van"],"acf":[],"yoast_head":"<!-- This site is optimized with the Yoast SEO plugin v27.5 - https:\/\/yoast.com\/product\/yoast-seo-wordpress\/ -->\n<title>Comment choisir le meilleur v\u00e9hicule pour transformer un van am\u00e9nag\u00e9 en 2026 ? - AutoJM Mag<\/title>\n<meta name=\"description\" content=\"La popularit\u00e9 de la vanlife continue de cro\u00eetre en 2026, et nombreux sont ceux qui r\u00eavent de transformer un fourgon utilitaire en van am\u00e9nag\u00e9\" \/>\n<meta name=\"robots\" content=\"index, follow, max-snippet:-1, max-image-preview:large, max-video-preview:-1\" \/>\n<link rel=\"canonical\" href=\"https:\/\/www.autojm.fr\/blog\/comment-choisir-le-meilleur-vehicule-pour-transformer-un-van-amenage-en-2026\/\" \/>\n<meta property=\"og:locale\" content=\"fr_FR\" \/>\n<meta property=\"og:type\" content=\"article\" \/>\n<meta property=\"og:title\" content=\"Comment choisir le meilleur v\u00e9hicule pour transformer un van am\u00e9nag\u00e9 en 2026 ? - AutoJM Mag\" \/>\n<meta property=\"og:description\" content=\"La popularit\u00e9 de la vanlife continue de cro\u00eetre en 2026, et nombreux sont ceux qui r\u00eavent de transformer un fourgon utilitaire en van am\u00e9nag\u00e9\" \/>\n<meta property=\"og:url\" content=\"https:\/\/www.autojm.fr\/blog\/comment-choisir-le-meilleur-vehicule-pour-transformer-un-van-amenage-en-2026\/\" \/>\n<meta property=\"og:site_name\" content=\"AutoJM Mag\" \/>\n<meta property=\"article:publisher\" content=\"https:\/\/www.facebook.com\/AutoJM25\" \/>\n<meta property=\"article:published_time\" content=\"2026-02-06T07:00:00+00:00\" \/>\n<meta property=\"og:image\" content=\"https:\/\/www.autojm.fr\/blog\/wp-content\/uploads\/2026\/02\/image-top-1000x500-1.jpg\" \/>\n\t<meta property=\"og:image:width\" content=\"1000\" \/>\n\t<meta property=\"og:image:height\" content=\"500\" \/>\n\t<meta property=\"og:image:type\" content=\"image\/jpeg\" \/>\n<meta name=\"author\" content=\"Aur\u00e9lia AutoJM\" \/>\n<meta name=\"twitter:card\" content=\"summary_large_image\" \/>\n<meta name=\"twitter:label1\" content=\"\u00c9crit par\" \/>\n\t<meta name=\"twitter:data1\" content=\"Aur\u00e9lia AutoJM\" \/>\n\t<meta name=\"twitter:label2\" content=\"Dur\u00e9e de lecture estim\u00e9e\" \/>\n\t<meta name=\"twitter:data2\" content=\"6 minutes\" \/>\n<script type=\"application\/ld+json\" class=\"yoast-schema-graph\">{\"@context\":\"https:\\\/\\\/schema.org\",\"@graph\":[{\"@type\":\"Article\",\"@id\":\"https:\\\/\\\/www.autojm.fr\\\/blog\\\/comment-choisir-le-meilleur-vehicule-pour-transformer-un-van-amenage-en-2026\\\/#article\",\"isPartOf\":{\"@id\":\"https:\\\/\\\/www.autojm.fr\\\/blog\\\/comment-choisir-le-meilleur-vehicule-pour-transformer-un-van-amenage-en-2026\\\/\"},\"author\":{\"name\":\"Aur\u00e9lia AutoJM\",\"@id\":\"https:\\\/\\\/www.autojm.fr\\\/blog\\\/#\\\/schema\\\/person\\\/e640a62bb6e669182918fd7871fe1ec5\"},\"headline\":\"Comment choisir le meilleur v\u00e9hicule pour transformer un van am\u00e9nag\u00e9 en 2026 ?\",\"datePublished\":\"2026-02-06T07:00:00+00:00\",\"mainEntityOfPage\":{\"@id\":\"https:\\\/\\\/www.autojm.fr\\\/blog\\\/comment-choisir-le-meilleur-vehicule-pour-transformer-un-van-amenage-en-2026\\\/\"},\"wordCount\":13,\"commentCount\":0,\"publisher\":{\"@id\":\"https:\\\/\\\/www.autojm.fr\\\/blog\\\/#organization\"},\"image\":{\"@id\":\"https:\\\/\\\/www.autojm.fr\\\/blog\\\/comment-choisir-le-meilleur-vehicule-pour-transformer-un-van-amenage-en-2026\\\/#primaryimage\"},\"thumbnailUrl\":\"https:\\\/\\\/www.autojm.fr\\\/blog\\\/wp-content\\\/uploads\\\/2026\\\/02\\\/image-top-1000x500-1.jpg\",\"keywords\":[\"autojm\",\"citroen\",\"peugeot\",\"utilitaire\",\"van\"],\"articleSection\":[\"Conseils &amp; Astuces\"],\"inLanguage\":\"fr-FR\",\"potentialAction\":[{\"@type\":\"CommentAction\",\"name\":\"Comment\",\"target\":[\"https:\\\/\\\/www.autojm.fr\\\/blog\\\/comment-choisir-le-meilleur-vehicule-pour-transformer-un-van-amenage-en-2026\\\/#respond\"]}]},{\"@type\":\"WebPage\",\"@id\":\"https:\\\/\\\/www.autojm.fr\\\/blog\\\/comment-choisir-le-meilleur-vehicule-pour-transformer-un-van-amenage-en-2026\\\/\",\"url\":\"https:\\\/\\\/www.autojm.fr\\\/blog\\\/comment-choisir-le-meilleur-vehicule-pour-transformer-un-van-amenage-en-2026\\\/\",\"name\":\"Comment choisir le meilleur v\u00e9hicule pour transformer un van am\u00e9nag\u00e9 en 2026 ? - AutoJM Mag\",\"isPartOf\":{\"@id\":\"https:\\\/\\\/www.autojm.fr\\\/blog\\\/#website\"},\"primaryImageOfPage\":{\"@id\":\"https:\\\/\\\/www.autojm.fr\\\/blog\\\/comment-choisir-le-meilleur-vehicule-pour-transformer-un-van-amenage-en-2026\\\/#primaryimage\"},\"image\":{\"@id\":\"https:\\\/\\\/www.autojm.fr\\\/blog\\\/comment-choisir-le-meilleur-vehicule-pour-transformer-un-van-amenage-en-2026\\\/#primaryimage\"},\"thumbnailUrl\":\"https:\\\/\\\/www.autojm.fr\\\/blog\\\/wp-content\\\/uploads\\\/2026\\\/02\\\/image-top-1000x500-1.jpg\",\"datePublished\":\"2026-02-06T07:00:00+00:00\",\"description\":\"La popularit\u00e9 de la vanlife continue de cro\u00eetre en 2026, et nombreux sont ceux qui r\u00eavent de transformer un fourgon utilitaire en van am\u00e9nag\u00e9\",\"breadcrumb\":{\"@id\":\"https:\\\/\\\/www.autojm.fr\\\/blog\\\/comment-choisir-le-meilleur-vehicule-pour-transformer-un-van-amenage-en-2026\\\/#breadcrumb\"},\"inLanguage\":\"fr-FR\",\"potentialAction\":[{\"@type\":\"ReadAction\",\"target\":[\"https:\\\/\\\/www.autojm.fr\\\/blog\\\/comment-choisir-le-meilleur-vehicule-pour-transformer-un-van-amenage-en-2026\\\/\"]}]},{\"@type\":\"ImageObject\",\"inLanguage\":\"fr-FR\",\"@id\":\"https:\\\/\\\/www.autojm.fr\\\/blog\\\/comment-choisir-le-meilleur-vehicule-pour-transformer-un-van-amenage-en-2026\\\/#primaryimage\",\"url\":\"https:\\\/\\\/www.autojm.fr\\\/blog\\\/wp-content\\\/uploads\\\/2026\\\/02\\\/image-top-1000x500-1.jpg\",\"contentUrl\":\"https:\\\/\\\/www.autojm.fr\\\/blog\\\/wp-content\\\/uploads\\\/2026\\\/02\\\/image-top-1000x500-1.jpg\",\"width\":1000,\"height\":500,\"caption\":\"Vanlife\"},{\"@type\":\"BreadcrumbList\",\"@id\":\"https:\\\/\\\/www.autojm.fr\\\/blog\\\/comment-choisir-le-meilleur-vehicule-pour-transformer-un-van-amenage-en-2026\\\/#breadcrumb\",\"itemListElement\":[{\"@type\":\"ListItem\",\"position\":1,\"name\":\"Accueil\",\"item\":\"https:\\\/\\\/www.autojm.fr\\\/blog\\\/\"},{\"@type\":\"ListItem\",\"position\":2,\"name\":\"Conseils &amp; Astuces\",\"item\":\"https:\\\/\\\/www.autojm.fr\\\/blog\\\/conseils-astuces\\\/\"},{\"@type\":\"ListItem\",\"position\":3,\"name\":\"Comment choisir le meilleur v\u00e9hicule pour transformer un van am\u00e9nag\u00e9 en 2026 ?\"}]},{\"@type\":\"WebSite\",\"@id\":\"https:\\\/\\\/www.autojm.fr\\\/blog\\\/#website\",\"url\":\"https:\\\/\\\/www.autojm.fr\\\/blog\\\/\",\"name\":\"AutoJM Mag\",\"description\":\"Toute l&#039;actu auto en 1 clic !\",\"publisher\":{\"@id\":\"https:\\\/\\\/www.autojm.fr\\\/blog\\\/#organization\"},\"potentialAction\":[{\"@type\":\"SearchAction\",\"target\":{\"@type\":\"EntryPoint\",\"urlTemplate\":\"https:\\\/\\\/www.autojm.fr\\\/blog\\\/?s={search_term_string}\"},\"query-input\":{\"@type\":\"PropertyValueSpecification\",\"valueRequired\":true,\"valueName\":\"search_term_string\"}}],\"inLanguage\":\"fr-FR\"},{\"@type\":\"Organization\",\"@id\":\"https:\\\/\\\/www.autojm.fr\\\/blog\\\/#organization\",\"name\":\"AutoJM Mag\",\"url\":\"https:\\\/\\\/www.autojm.fr\\\/blog\\\/\",\"logo\":{\"@type\":\"ImageObject\",\"inLanguage\":\"fr-FR\",\"@id\":\"https:\\\/\\\/www.autojm.fr\\\/blog\\\/#\\\/schema\\\/logo\\\/image\\\/\",\"url\":\"https:\\\/\\\/www.autojm.fr\\\/blog\\\/wp-content\\\/uploads\\\/2022\\\/12\\\/cropped-AutoJMag-png.png\",\"contentUrl\":\"https:\\\/\\\/www.autojm.fr\\\/blog\\\/wp-content\\\/uploads\\\/2022\\\/12\\\/cropped-AutoJMag-png.png\",\"width\":2834,\"height\":585,\"caption\":\"AutoJM Mag\"},\"image\":{\"@id\":\"https:\\\/\\\/www.autojm.fr\\\/blog\\\/#\\\/schema\\\/logo\\\/image\\\/\"},\"sameAs\":[\"https:\\\/\\\/www.facebook.com\\\/AutoJM25\"]},{\"@type\":\"Person\",\"@id\":\"https:\\\/\\\/www.autojm.fr\\\/blog\\\/#\\\/schema\\\/person\\\/e640a62bb6e669182918fd7871fe1ec5\",\"name\":\"Aur\u00e9lia AutoJM\",\"image\":{\"@type\":\"ImageObject\",\"inLanguage\":\"fr-FR\",\"@id\":\"https:\\\/\\\/secure.gravatar.com\\\/avatar\\\/17404fe7ba867704dc53905b3aeb1f66282e3a23def617ff4d39a7130702f24b?s=96&d=mm&r=g\",\"url\":\"https:\\\/\\\/secure.gravatar.com\\\/avatar\\\/17404fe7ba867704dc53905b3aeb1f66282e3a23def617ff4d39a7130702f24b?s=96&d=mm&r=g\",\"contentUrl\":\"https:\\\/\\\/secure.gravatar.com\\\/avatar\\\/17404fe7ba867704dc53905b3aeb1f66282e3a23def617ff4d39a7130702f24b?s=96&d=mm&r=g\",\"caption\":\"Aur\u00e9lia AutoJM\"},\"url\":\"https:\\\/\\\/www.autojm.fr\\\/blog\\\/author\\\/autojm\\\/\"}]}<\/script>\n<!-- \/ Yoast SEO plugin. -->","yoast_head_json":{"title":"Comment choisir le meilleur v\u00e9hicule pour transformer un van am\u00e9nag\u00e9 en 2026 ? - AutoJM Mag","description":"La popularit\u00e9 de la vanlife continue de cro\u00eetre en 2026, et nombreux sont ceux qui r\u00eavent de transformer un fourgon utilitaire en van am\u00e9nag\u00e9","robots":{"index":"index","follow":"follow","max-snippet":"max-snippet:-1","max-image-preview":"max-image-preview:large","max-video-preview":"max-video-preview:-1"},"canonical":"https:\/\/www.autojm.fr\/blog\/comment-choisir-le-meilleur-vehicule-pour-transformer-un-van-amenage-en-2026\/","og_locale":"fr_FR","og_type":"article","og_title":"Comment choisir le meilleur v\u00e9hicule pour transformer un van am\u00e9nag\u00e9 en 2026 ? - AutoJM Mag","og_description":"La popularit\u00e9 de la vanlife continue de cro\u00eetre en 2026, et nombreux sont ceux qui r\u00eavent de transformer un fourgon utilitaire en van am\u00e9nag\u00e9","og_url":"https:\/\/www.autojm.fr\/blog\/comment-choisir-le-meilleur-vehicule-pour-transformer-un-van-amenage-en-2026\/","og_site_name":"AutoJM Mag","article_publisher":"https:\/\/www.facebook.com\/AutoJM25","article_published_time":"2026-02-06T07:00:00+00:00","og_image":[{"width":1000,"height":500,"url":"https:\/\/www.autojm.fr\/blog\/wp-content\/uploads\/2026\/02\/image-top-1000x500-1.jpg","type":"image\/jpeg"}],"author":"Aur\u00e9lia AutoJM","twitter_card":"summary_large_image","twitter_misc":{"\u00c9crit par":"Aur\u00e9lia AutoJM","Dur\u00e9e de lecture estim\u00e9e":"6 minutes"},"schema":{"@context":"https:\/\/schema.org","@graph":[{"@type":"Article","@id":"https:\/\/www.autojm.fr\/blog\/comment-choisir-le-meilleur-vehicule-pour-transformer-un-van-amenage-en-2026\/#article","isPartOf":{"@id":"https:\/\/www.autojm.fr\/blog\/comment-choisir-le-meilleur-vehicule-pour-transformer-un-van-amenage-en-2026\/"},"author":{"name":"Aur\u00e9lia AutoJM","@id":"https:\/\/www.autojm.fr\/blog\/#\/schema\/person\/e640a62bb6e669182918fd7871fe1ec5"},"headline":"Comment choisir le meilleur v\u00e9hicule pour transformer un van am\u00e9nag\u00e9 en 2026 ?","datePublished":"2026-02-06T07:00:00+00:00","mainEntityOfPage":{"@id":"https:\/\/www.autojm.fr\/blog\/comment-choisir-le-meilleur-vehicule-pour-transformer-un-van-amenage-en-2026\/"},"wordCount":13,"commentCount":0,"publisher":{"@id":"https:\/\/www.autojm.fr\/blog\/#organization"},"image":{"@id":"https:\/\/www.autojm.fr\/blog\/comment-choisir-le-meilleur-vehicule-pour-transformer-un-van-amenage-en-2026\/#primaryimage"},"thumbnailUrl":"https:\/\/www.autojm.fr\/blog\/wp-content\/uploads\/2026\/02\/image-top-1000x500-1.jpg","keywords":["autojm","citroen","peugeot","utilitaire","van"],"articleSection":["Conseils &amp; Astuces"],"inLanguage":"fr-FR","potentialAction":[{"@type":"CommentAction","name":"Comment","target":["https:\/\/www.autojm.fr\/blog\/comment-choisir-le-meilleur-vehicule-pour-transformer-un-van-amenage-en-2026\/#respond"]}]},{"@type":"WebPage","@id":"https:\/\/www.autojm.fr\/blog\/comment-choisir-le-meilleur-vehicule-pour-transformer-un-van-amenage-en-2026\/","url":"https:\/\/www.autojm.fr\/blog\/comment-choisir-le-meilleur-vehicule-pour-transformer-un-van-amenage-en-2026\/","name":"Comment choisir le meilleur v\u00e9hicule pour transformer un van am\u00e9nag\u00e9 en 2026 ? - AutoJM Mag","isPartOf":{"@id":"https:\/\/www.autojm.fr\/blog\/#website"},"primaryImageOfPage":{"@id":"https:\/\/www.autojm.fr\/blog\/comment-choisir-le-meilleur-vehicule-pour-transformer-un-van-amenage-en-2026\/#primaryimage"},"image":{"@id":"https:\/\/www.autojm.fr\/blog\/comment-choisir-le-meilleur-vehicule-pour-transformer-un-van-amenage-en-2026\/#primaryimage"},"thumbnailUrl":"https:\/\/www.autojm.fr\/blog\/wp-content\/uploads\/2026\/02\/image-top-1000x500-1.jpg","datePublished":"2026-02-06T07:00:00+00:00","description":"La popularit\u00e9 de la vanlife continue de cro\u00eetre en 2026, et nombreux sont ceux qui r\u00eavent de transformer un fourgon utilitaire en van am\u00e9nag\u00e9","breadcrumb":{"@id":"https:\/\/www.autojm.fr\/blog\/comment-choisir-le-meilleur-vehicule-pour-transformer-un-van-amenage-en-2026\/#breadcrumb"},"inLanguage":"fr-FR","potentialAction":[{"@type":"ReadAction","target":["https:\/\/www.autojm.fr\/blog\/comment-choisir-le-meilleur-vehicule-pour-transformer-un-van-amenage-en-2026\/"]}]},{"@type":"ImageObject","inLanguage":"fr-FR","@id":"https:\/\/www.autojm.fr\/blog\/comment-choisir-le-meilleur-vehicule-pour-transformer-un-van-amenage-en-2026\/#primaryimage","url":"https:\/\/www.autojm.fr\/blog\/wp-content\/uploads\/2026\/02\/image-top-1000x500-1.jpg","contentUrl":"https:\/\/www.autojm.fr\/blog\/wp-content\/uploads\/2026\/02\/image-top-1000x500-1.jpg","width":1000,"height":500,"caption":"Vanlife"},{"@type":"BreadcrumbList","@id":"https:\/\/www.autojm.fr\/blog\/comment-choisir-le-meilleur-vehicule-pour-transformer-un-van-amenage-en-2026\/#breadcrumb","itemListElement":[{"@type":"ListItem","position":1,"name":"Accueil","item":"https:\/\/www.autojm.fr\/blog\/"},{"@type":"ListItem","position":2,"name":"Conseils &amp; Astuces","item":"https:\/\/www.autojm.fr\/blog\/conseils-astuces\/"},{"@type":"ListItem","position":3,"name":"Comment choisir le meilleur v\u00e9hicule pour transformer un van am\u00e9nag\u00e9 en 2026 ?"}]},{"@type":"WebSite","@id":"https:\/\/www.autojm.fr\/blog\/#website","url":"https:\/\/www.autojm.fr\/blog\/","name":"AutoJM Mag","description":"Toute l&#039;actu auto en 1 clic !","publisher":{"@id":"https:\/\/www.autojm.fr\/blog\/#organization"},"potentialAction":[{"@type":"SearchAction","target":{"@type":"EntryPoint","urlTemplate":"https:\/\/www.autojm.fr\/blog\/?s={search_term_string}"},"query-input":{"@type":"PropertyValueSpecification","valueRequired":true,"valueName":"search_term_string"}}],"inLanguage":"fr-FR"},{"@type":"Organization","@id":"https:\/\/www.autojm.fr\/blog\/#organization","name":"AutoJM Mag","url":"https:\/\/www.autojm.fr\/blog\/","logo":{"@type":"ImageObject","inLanguage":"fr-FR","@id":"https:\/\/www.autojm.fr\/blog\/#\/schema\/logo\/image\/","url":"https:\/\/www.autojm.fr\/blog\/wp-content\/uploads\/2022\/12\/cropped-AutoJMag-png.png","contentUrl":"https:\/\/www.autojm.fr\/blog\/wp-content\/uploads\/2022\/12\/cropped-AutoJMag-png.png","width":2834,"height":585,"caption":"AutoJM Mag"},"image":{"@id":"https:\/\/www.autojm.fr\/blog\/#\/schema\/logo\/image\/"},"sameAs":["https:\/\/www.facebook.com\/AutoJM25"]},{"@type":"Person","@id":"https:\/\/www.autojm.fr\/blog\/#\/schema\/person\/e640a62bb6e669182918fd7871fe1ec5","name":"Aur\u00e9lia AutoJM","image":{"@type":"ImageObject","inLanguage":"fr-FR","@id":"https:\/\/secure.gravatar.com\/avatar\/17404fe7ba867704dc53905b3aeb1f66282e3a23def617ff4d39a7130702f24b?s=96&d=mm&r=g","url":"https:\/\/secure.gravatar.com\/avatar\/17404fe7ba867704dc53905b3aeb1f66282e3a23def617ff4d39a7130702f24b?s=96&d=mm&r=g","contentUrl":"https:\/\/secure.gravatar.com\/avatar\/17404fe7ba867704dc53905b3aeb1f66282e3a23def617ff4d39a7130702f24b?s=96&d=mm&r=g","caption":"Aur\u00e9lia AutoJM"},"url":"https:\/\/www.autojm.fr\/blog\/author\/autojm\/"}]}},"_links":{"self":[{"href":"https:\/\/www.autojm.fr\/blog\/wp-json\/wp\/v2\/posts\/24513","targetHints":{"allow":["GET"]}}],"collection":[{"href":"https:\/\/www.autojm.fr\/blog\/wp-json\/wp\/v2\/posts"}],"about":[{"href":"https:\/\/www.autojm.fr\/blog\/wp-json\/wp\/v2\/types\/post"}],"author":[{"embeddable":true,"href":"https:\/\/www.autojm.fr\/blog\/wp-json\/wp\/v2\/users\/2"}],"replies":[{"embeddable":true,"href":"https:\/\/www.autojm.fr\/blog\/wp-json\/wp\/v2\/comments?post=24513"}],"version-history":[{"count":5,"href":"https:\/\/www.autojm.fr\/blog\/wp-json\/wp\/v2\/posts\/24513\/revisions"}],"predecessor-version":[{"id":54209,"href":"https:\/\/www.autojm.fr\/blog\/wp-json\/wp\/v2\/posts\/24513\/revisions\/54209"}],"wp:featuredmedia":[{"embeddable":true,"href":"https:\/\/www.autojm.fr\/blog\/wp-json\/wp\/v2\/media\/54195"}],"wp:attachment":[{"href":"https:\/\/www.autojm.fr\/blog\/wp-json\/wp\/v2\/media?parent=24513"}],"wp:term":[{"taxonomy":"category","embeddable":true,"href":"https:\/\/www.autojm.fr\/blog\/wp-json\/wp\/v2\/categories?post=24513"},{"taxonomy":"post_tag","embeddable":true,"href":"https:\/\/www.autojm.fr\/blog\/wp-json\/wp\/v2\/tags?post=24513"}],"curies":[{"name":"wp","href":"https:\/\/api.w.org\/{rel}","templated":true}]}}