{"id":24112,"date":"2025-10-21T09:00:00","date_gmt":"2025-10-21T07:00:00","guid":{"rendered":"https:\/\/www.autojm.fr\/blog\/?p=24112"},"modified":"2025-10-22T10:56:25","modified_gmt":"2025-10-22T08:56:25","slug":"la-strategie-electrique-de-peugeot-ou-en-est-la-marque-en-2025","status":"publish","type":"post","link":"https:\/\/www.autojm.fr\/blog\/la-strategie-electrique-de-peugeot-ou-en-est-la-marque-en-2025\/","title":{"rendered":"La strat\u00e9gie \u00e9lectrique de Peugeot : o\u00f9 en est la marque en 2025 ?"},"content":{"rendered":"","protected":false},"excerpt":{"rendered":"<p>En 2025, Peugeot confirme son virage strat\u00e9gique vers l\u2019\u00e9lectrification totale. La marque au lion, embl\u00e8me de l\u2019innovation fran\u00e7aise, s\u2019est engag\u00e9e dans une transformation profonde de sa gamme, avec l\u2019ambition de devenir un leader europ\u00e9en du v\u00e9hicule \u00e9lectrique. Mais o\u00f9 en est r\u00e9ellement Peugeot dans cette transition ? D\u00e9cryptage.<\/p>\n","protected":false},"author":2,"featured_media":24282,"comment_status":"open","ping_status":"open","sticky":false,"template":"","format":"standard","meta":{"_acf_changed":false,"content-type":"","footnotes":""},"categories":[5,63],"tags":[90,73],"class_list":["post-24112","post","type-post","status-publish","format-standard","has-post-thumbnail","hentry","category-actualite-automobile","category-actualites-peugeot","tag-autojm","tag-peugeot"],"acf":[],"yoast_head":"<!-- This site is optimized with the Yoast SEO plugin v27.5 - https:\/\/yoast.com\/product\/yoast-seo-wordpress\/ -->\n<title>La strat\u00e9gie \u00e9lectrique de Peugeot : o\u00f9 en est la marque en 2025 ? - AutoJM Mag<\/title>\n<meta name=\"description\" content=\"En 2025, Peugeot confirme son virage strat\u00e9gique vers l\u2019\u00e9lectrification totale. La marque s\u2019est engag\u00e9e dans une transformation de sa gamme ...\" \/>\n<meta name=\"robots\" content=\"index, follow, max-snippet:-1, max-image-preview:large, max-video-preview:-1\" \/>\n<link rel=\"canonical\" href=\"https:\/\/www.autojm.fr\/blog\/la-strategie-electrique-de-peugeot-ou-en-est-la-marque-en-2025\/\" \/>\n<meta property=\"og:locale\" content=\"fr_FR\" \/>\n<meta property=\"og:type\" content=\"article\" \/>\n<meta property=\"og:title\" content=\"La strat\u00e9gie \u00e9lectrique de Peugeot : o\u00f9 en est la marque en 2025 ? - AutoJM Mag\" \/>\n<meta property=\"og:description\" content=\"En 2025, Peugeot confirme son virage strat\u00e9gique vers l\u2019\u00e9lectrification totale. La marque s\u2019est engag\u00e9e dans une transformation de sa gamme ...\" \/>\n<meta property=\"og:url\" content=\"https:\/\/www.autojm.fr\/blog\/la-strategie-electrique-de-peugeot-ou-en-est-la-marque-en-2025\/\" \/>\n<meta property=\"og:site_name\" content=\"AutoJM Mag\" \/>\n<meta property=\"article:publisher\" content=\"https:\/\/www.facebook.com\/AutoJM25\" \/>\n<meta property=\"article:published_time\" content=\"2025-10-21T07:00:00+00:00\" \/>\n<meta property=\"article:modified_time\" content=\"2025-10-22T08:56:25+00:00\" \/>\n<meta property=\"og:image\" content=\"https:\/\/www.autojm.fr\/blog\/wp-content\/uploads\/2025\/10\/image-top-1000x500-16.png\" \/>\n\t<meta property=\"og:image:width\" content=\"1000\" \/>\n\t<meta property=\"og:image:height\" content=\"500\" \/>\n\t<meta property=\"og:image:type\" content=\"image\/png\" \/>\n<meta name=\"author\" content=\"Aur\u00e9lia AutoJM\" \/>\n<meta name=\"twitter:card\" content=\"summary_large_image\" \/>\n<meta name=\"twitter:label1\" content=\"\u00c9crit par\" \/>\n\t<meta name=\"twitter:data1\" content=\"Aur\u00e9lia AutoJM\" \/>\n\t<meta name=\"twitter:label2\" content=\"Dur\u00e9e de lecture estim\u00e9e\" \/>\n\t<meta name=\"twitter:data2\" content=\"4 minutes\" \/>\n<script type=\"application\/ld+json\" class=\"yoast-schema-graph\">{\"@context\":\"https:\\\/\\\/schema.org\",\"@graph\":[{\"@type\":\"Article\",\"@id\":\"https:\\\/\\\/www.autojm.fr\\\/blog\\\/la-strategie-electrique-de-peugeot-ou-en-est-la-marque-en-2025\\\/#article\",\"isPartOf\":{\"@id\":\"https:\\\/\\\/www.autojm.fr\\\/blog\\\/la-strategie-electrique-de-peugeot-ou-en-est-la-marque-en-2025\\\/\"},\"author\":{\"name\":\"Aur\u00e9lia AutoJM\",\"@id\":\"https:\\\/\\\/www.autojm.fr\\\/blog\\\/#\\\/schema\\\/person\\\/e640a62bb6e669182918fd7871fe1ec5\"},\"headline\":\"La strat\u00e9gie \u00e9lectrique de Peugeot : o\u00f9 en est la marque en 2025 ?\",\"datePublished\":\"2025-10-21T07:00:00+00:00\",\"dateModified\":\"2025-10-22T08:56:25+00:00\",\"mainEntityOfPage\":{\"@id\":\"https:\\\/\\\/www.autojm.fr\\\/blog\\\/la-strategie-electrique-de-peugeot-ou-en-est-la-marque-en-2025\\\/\"},\"wordCount\":12,\"commentCount\":0,\"publisher\":{\"@id\":\"https:\\\/\\\/www.autojm.fr\\\/blog\\\/#organization\"},\"image\":{\"@id\":\"https:\\\/\\\/www.autojm.fr\\\/blog\\\/la-strategie-electrique-de-peugeot-ou-en-est-la-marque-en-2025\\\/#primaryimage\"},\"thumbnailUrl\":\"https:\\\/\\\/www.autojm.fr\\\/blog\\\/wp-content\\\/uploads\\\/2025\\\/10\\\/image-top-1000x500-16.png\",\"keywords\":[\"autojm\",\"peugeot\"],\"articleSection\":[\"Actualit\u00e9 Automobile\",\"Actualit\u00e9s Peugeot\"],\"inLanguage\":\"fr-FR\",\"potentialAction\":[{\"@type\":\"CommentAction\",\"name\":\"Comment\",\"target\":[\"https:\\\/\\\/www.autojm.fr\\\/blog\\\/la-strategie-electrique-de-peugeot-ou-en-est-la-marque-en-2025\\\/#respond\"]}]},{\"@type\":\"WebPage\",\"@id\":\"https:\\\/\\\/www.autojm.fr\\\/blog\\\/la-strategie-electrique-de-peugeot-ou-en-est-la-marque-en-2025\\\/\",\"url\":\"https:\\\/\\\/www.autojm.fr\\\/blog\\\/la-strategie-electrique-de-peugeot-ou-en-est-la-marque-en-2025\\\/\",\"name\":\"La strat\u00e9gie \u00e9lectrique de Peugeot : o\u00f9 en est la marque en 2025 ? - AutoJM Mag\",\"isPartOf\":{\"@id\":\"https:\\\/\\\/www.autojm.fr\\\/blog\\\/#website\"},\"primaryImageOfPage\":{\"@id\":\"https:\\\/\\\/www.autojm.fr\\\/blog\\\/la-strategie-electrique-de-peugeot-ou-en-est-la-marque-en-2025\\\/#primaryimage\"},\"image\":{\"@id\":\"https:\\\/\\\/www.autojm.fr\\\/blog\\\/la-strategie-electrique-de-peugeot-ou-en-est-la-marque-en-2025\\\/#primaryimage\"},\"thumbnailUrl\":\"https:\\\/\\\/www.autojm.fr\\\/blog\\\/wp-content\\\/uploads\\\/2025\\\/10\\\/image-top-1000x500-16.png\",\"datePublished\":\"2025-10-21T07:00:00+00:00\",\"dateModified\":\"2025-10-22T08:56:25+00:00\",\"description\":\"En 2025, Peugeot confirme son virage strat\u00e9gique vers l\u2019\u00e9lectrification totale. La marque s\u2019est engag\u00e9e dans une transformation de sa gamme ...\",\"breadcrumb\":{\"@id\":\"https:\\\/\\\/www.autojm.fr\\\/blog\\\/la-strategie-electrique-de-peugeot-ou-en-est-la-marque-en-2025\\\/#breadcrumb\"},\"inLanguage\":\"fr-FR\",\"potentialAction\":[{\"@type\":\"ReadAction\",\"target\":[\"https:\\\/\\\/www.autojm.fr\\\/blog\\\/la-strategie-electrique-de-peugeot-ou-en-est-la-marque-en-2025\\\/\"]}]},{\"@type\":\"ImageObject\",\"inLanguage\":\"fr-FR\",\"@id\":\"https:\\\/\\\/www.autojm.fr\\\/blog\\\/la-strategie-electrique-de-peugeot-ou-en-est-la-marque-en-2025\\\/#primaryimage\",\"url\":\"https:\\\/\\\/www.autojm.fr\\\/blog\\\/wp-content\\\/uploads\\\/2025\\\/10\\\/image-top-1000x500-16.png\",\"contentUrl\":\"https:\\\/\\\/www.autojm.fr\\\/blog\\\/wp-content\\\/uploads\\\/2025\\\/10\\\/image-top-1000x500-16.png\",\"width\":1000,\"height\":500,\"caption\":\"strategie electrique peugeot\"},{\"@type\":\"BreadcrumbList\",\"@id\":\"https:\\\/\\\/www.autojm.fr\\\/blog\\\/la-strategie-electrique-de-peugeot-ou-en-est-la-marque-en-2025\\\/#breadcrumb\",\"itemListElement\":[{\"@type\":\"ListItem\",\"position\":1,\"name\":\"Accueil\",\"item\":\"https:\\\/\\\/www.autojm.fr\\\/blog\\\/\"},{\"@type\":\"ListItem\",\"position\":2,\"name\":\"Actualit\u00e9 Automobile\",\"item\":\"https:\\\/\\\/www.autojm.fr\\\/blog\\\/actualite-automobile\\\/\"},{\"@type\":\"ListItem\",\"position\":3,\"name\":\"Actualit\u00e9s Peugeot\",\"item\":\"https:\\\/\\\/www.autojm.fr\\\/blog\\\/actualite-automobile\\\/actualites-peugeot\\\/\"},{\"@type\":\"ListItem\",\"position\":4,\"name\":\"La strat\u00e9gie \u00e9lectrique de Peugeot : o\u00f9 en est la marque en 2025 ?\"}]},{\"@type\":\"WebSite\",\"@id\":\"https:\\\/\\\/www.autojm.fr\\\/blog\\\/#website\",\"url\":\"https:\\\/\\\/www.autojm.fr\\\/blog\\\/\",\"name\":\"AutoJM Mag\",\"description\":\"Toute l&#039;actu auto en 1 clic !\",\"publisher\":{\"@id\":\"https:\\\/\\\/www.autojm.fr\\\/blog\\\/#organization\"},\"potentialAction\":[{\"@type\":\"SearchAction\",\"target\":{\"@type\":\"EntryPoint\",\"urlTemplate\":\"https:\\\/\\\/www.autojm.fr\\\/blog\\\/?s={search_term_string}\"},\"query-input\":{\"@type\":\"PropertyValueSpecification\",\"valueRequired\":true,\"valueName\":\"search_term_string\"}}],\"inLanguage\":\"fr-FR\"},{\"@type\":\"Organization\",\"@id\":\"https:\\\/\\\/www.autojm.fr\\\/blog\\\/#organization\",\"name\":\"AutoJM Mag\",\"url\":\"https:\\\/\\\/www.autojm.fr\\\/blog\\\/\",\"logo\":{\"@type\":\"ImageObject\",\"inLanguage\":\"fr-FR\",\"@id\":\"https:\\\/\\\/www.autojm.fr\\\/blog\\\/#\\\/schema\\\/logo\\\/image\\\/\",\"url\":\"https:\\\/\\\/www.autojm.fr\\\/blog\\\/wp-content\\\/uploads\\\/2022\\\/12\\\/cropped-AutoJMag-png.png\",\"contentUrl\":\"https:\\\/\\\/www.autojm.fr\\\/blog\\\/wp-content\\\/uploads\\\/2022\\\/12\\\/cropped-AutoJMag-png.png\",\"width\":2834,\"height\":585,\"caption\":\"AutoJM Mag\"},\"image\":{\"@id\":\"https:\\\/\\\/www.autojm.fr\\\/blog\\\/#\\\/schema\\\/logo\\\/image\\\/\"},\"sameAs\":[\"https:\\\/\\\/www.facebook.com\\\/AutoJM25\"]},{\"@type\":\"Person\",\"@id\":\"https:\\\/\\\/www.autojm.fr\\\/blog\\\/#\\\/schema\\\/person\\\/e640a62bb6e669182918fd7871fe1ec5\",\"name\":\"Aur\u00e9lia AutoJM\",\"image\":{\"@type\":\"ImageObject\",\"inLanguage\":\"fr-FR\",\"@id\":\"https:\\\/\\\/secure.gravatar.com\\\/avatar\\\/17404fe7ba867704dc53905b3aeb1f66282e3a23def617ff4d39a7130702f24b?s=96&d=mm&r=g\",\"url\":\"https:\\\/\\\/secure.gravatar.com\\\/avatar\\\/17404fe7ba867704dc53905b3aeb1f66282e3a23def617ff4d39a7130702f24b?s=96&d=mm&r=g\",\"contentUrl\":\"https:\\\/\\\/secure.gravatar.com\\\/avatar\\\/17404fe7ba867704dc53905b3aeb1f66282e3a23def617ff4d39a7130702f24b?s=96&d=mm&r=g\",\"caption\":\"Aur\u00e9lia AutoJM\"},\"url\":\"https:\\\/\\\/www.autojm.fr\\\/blog\\\/author\\\/autojm\\\/\"}]}<\/script>\n<!-- \/ Yoast SEO plugin. -->","yoast_head_json":{"title":"La strat\u00e9gie \u00e9lectrique de Peugeot : o\u00f9 en est la marque en 2025 ? - AutoJM Mag","description":"En 2025, Peugeot confirme son virage strat\u00e9gique vers l\u2019\u00e9lectrification totale. La marque s\u2019est engag\u00e9e dans une transformation de sa gamme ...","robots":{"index":"index","follow":"follow","max-snippet":"max-snippet:-1","max-image-preview":"max-image-preview:large","max-video-preview":"max-video-preview:-1"},"canonical":"https:\/\/www.autojm.fr\/blog\/la-strategie-electrique-de-peugeot-ou-en-est-la-marque-en-2025\/","og_locale":"fr_FR","og_type":"article","og_title":"La strat\u00e9gie \u00e9lectrique de Peugeot : o\u00f9 en est la marque en 2025 ? - AutoJM Mag","og_description":"En 2025, Peugeot confirme son virage strat\u00e9gique vers l\u2019\u00e9lectrification totale. La marque s\u2019est engag\u00e9e dans une transformation de sa gamme ...","og_url":"https:\/\/www.autojm.fr\/blog\/la-strategie-electrique-de-peugeot-ou-en-est-la-marque-en-2025\/","og_site_name":"AutoJM Mag","article_publisher":"https:\/\/www.facebook.com\/AutoJM25","article_published_time":"2025-10-21T07:00:00+00:00","article_modified_time":"2025-10-22T08:56:25+00:00","og_image":[{"width":1000,"height":500,"url":"https:\/\/www.autojm.fr\/blog\/wp-content\/uploads\/2025\/10\/image-top-1000x500-16.png","type":"image\/png"}],"author":"Aur\u00e9lia AutoJM","twitter_card":"summary_large_image","twitter_misc":{"\u00c9crit par":"Aur\u00e9lia AutoJM","Dur\u00e9e de lecture estim\u00e9e":"4 minutes"},"schema":{"@context":"https:\/\/schema.org","@graph":[{"@type":"Article","@id":"https:\/\/www.autojm.fr\/blog\/la-strategie-electrique-de-peugeot-ou-en-est-la-marque-en-2025\/#article","isPartOf":{"@id":"https:\/\/www.autojm.fr\/blog\/la-strategie-electrique-de-peugeot-ou-en-est-la-marque-en-2025\/"},"author":{"name":"Aur\u00e9lia AutoJM","@id":"https:\/\/www.autojm.fr\/blog\/#\/schema\/person\/e640a62bb6e669182918fd7871fe1ec5"},"headline":"La strat\u00e9gie \u00e9lectrique de Peugeot : o\u00f9 en est la marque en 2025 ?","datePublished":"2025-10-21T07:00:00+00:00","dateModified":"2025-10-22T08:56:25+00:00","mainEntityOfPage":{"@id":"https:\/\/www.autojm.fr\/blog\/la-strategie-electrique-de-peugeot-ou-en-est-la-marque-en-2025\/"},"wordCount":12,"commentCount":0,"publisher":{"@id":"https:\/\/www.autojm.fr\/blog\/#organization"},"image":{"@id":"https:\/\/www.autojm.fr\/blog\/la-strategie-electrique-de-peugeot-ou-en-est-la-marque-en-2025\/#primaryimage"},"thumbnailUrl":"https:\/\/www.autojm.fr\/blog\/wp-content\/uploads\/2025\/10\/image-top-1000x500-16.png","keywords":["autojm","peugeot"],"articleSection":["Actualit\u00e9 Automobile","Actualit\u00e9s Peugeot"],"inLanguage":"fr-FR","potentialAction":[{"@type":"CommentAction","name":"Comment","target":["https:\/\/www.autojm.fr\/blog\/la-strategie-electrique-de-peugeot-ou-en-est-la-marque-en-2025\/#respond"]}]},{"@type":"WebPage","@id":"https:\/\/www.autojm.fr\/blog\/la-strategie-electrique-de-peugeot-ou-en-est-la-marque-en-2025\/","url":"https:\/\/www.autojm.fr\/blog\/la-strategie-electrique-de-peugeot-ou-en-est-la-marque-en-2025\/","name":"La strat\u00e9gie \u00e9lectrique de Peugeot : o\u00f9 en est la marque en 2025 ? - AutoJM Mag","isPartOf":{"@id":"https:\/\/www.autojm.fr\/blog\/#website"},"primaryImageOfPage":{"@id":"https:\/\/www.autojm.fr\/blog\/la-strategie-electrique-de-peugeot-ou-en-est-la-marque-en-2025\/#primaryimage"},"image":{"@id":"https:\/\/www.autojm.fr\/blog\/la-strategie-electrique-de-peugeot-ou-en-est-la-marque-en-2025\/#primaryimage"},"thumbnailUrl":"https:\/\/www.autojm.fr\/blog\/wp-content\/uploads\/2025\/10\/image-top-1000x500-16.png","datePublished":"2025-10-21T07:00:00+00:00","dateModified":"2025-10-22T08:56:25+00:00","description":"En 2025, Peugeot confirme son virage strat\u00e9gique vers l\u2019\u00e9lectrification totale. La marque s\u2019est engag\u00e9e dans une transformation de sa gamme ...","breadcrumb":{"@id":"https:\/\/www.autojm.fr\/blog\/la-strategie-electrique-de-peugeot-ou-en-est-la-marque-en-2025\/#breadcrumb"},"inLanguage":"fr-FR","potentialAction":[{"@type":"ReadAction","target":["https:\/\/www.autojm.fr\/blog\/la-strategie-electrique-de-peugeot-ou-en-est-la-marque-en-2025\/"]}]},{"@type":"ImageObject","inLanguage":"fr-FR","@id":"https:\/\/www.autojm.fr\/blog\/la-strategie-electrique-de-peugeot-ou-en-est-la-marque-en-2025\/#primaryimage","url":"https:\/\/www.autojm.fr\/blog\/wp-content\/uploads\/2025\/10\/image-top-1000x500-16.png","contentUrl":"https:\/\/www.autojm.fr\/blog\/wp-content\/uploads\/2025\/10\/image-top-1000x500-16.png","width":1000,"height":500,"caption":"strategie electrique peugeot"},{"@type":"BreadcrumbList","@id":"https:\/\/www.autojm.fr\/blog\/la-strategie-electrique-de-peugeot-ou-en-est-la-marque-en-2025\/#breadcrumb","itemListElement":[{"@type":"ListItem","position":1,"name":"Accueil","item":"https:\/\/www.autojm.fr\/blog\/"},{"@type":"ListItem","position":2,"name":"Actualit\u00e9 Automobile","item":"https:\/\/www.autojm.fr\/blog\/actualite-automobile\/"},{"@type":"ListItem","position":3,"name":"Actualit\u00e9s Peugeot","item":"https:\/\/www.autojm.fr\/blog\/actualite-automobile\/actualites-peugeot\/"},{"@type":"ListItem","position":4,"name":"La strat\u00e9gie \u00e9lectrique de Peugeot : o\u00f9 en est la marque en 2025 ?"}]},{"@type":"WebSite","@id":"https:\/\/www.autojm.fr\/blog\/#website","url":"https:\/\/www.autojm.fr\/blog\/","name":"AutoJM Mag","description":"Toute l&#039;actu auto en 1 clic !","publisher":{"@id":"https:\/\/www.autojm.fr\/blog\/#organization"},"potentialAction":[{"@type":"SearchAction","target":{"@type":"EntryPoint","urlTemplate":"https:\/\/www.autojm.fr\/blog\/?s={search_term_string}"},"query-input":{"@type":"PropertyValueSpecification","valueRequired":true,"valueName":"search_term_string"}}],"inLanguage":"fr-FR"},{"@type":"Organization","@id":"https:\/\/www.autojm.fr\/blog\/#organization","name":"AutoJM Mag","url":"https:\/\/www.autojm.fr\/blog\/","logo":{"@type":"ImageObject","inLanguage":"fr-FR","@id":"https:\/\/www.autojm.fr\/blog\/#\/schema\/logo\/image\/","url":"https:\/\/www.autojm.fr\/blog\/wp-content\/uploads\/2022\/12\/cropped-AutoJMag-png.png","contentUrl":"https:\/\/www.autojm.fr\/blog\/wp-content\/uploads\/2022\/12\/cropped-AutoJMag-png.png","width":2834,"height":585,"caption":"AutoJM Mag"},"image":{"@id":"https:\/\/www.autojm.fr\/blog\/#\/schema\/logo\/image\/"},"sameAs":["https:\/\/www.facebook.com\/AutoJM25"]},{"@type":"Person","@id":"https:\/\/www.autojm.fr\/blog\/#\/schema\/person\/e640a62bb6e669182918fd7871fe1ec5","name":"Aur\u00e9lia AutoJM","image":{"@type":"ImageObject","inLanguage":"fr-FR","@id":"https:\/\/secure.gravatar.com\/avatar\/17404fe7ba867704dc53905b3aeb1f66282e3a23def617ff4d39a7130702f24b?s=96&d=mm&r=g","url":"https:\/\/secure.gravatar.com\/avatar\/17404fe7ba867704dc53905b3aeb1f66282e3a23def617ff4d39a7130702f24b?s=96&d=mm&r=g","contentUrl":"https:\/\/secure.gravatar.com\/avatar\/17404fe7ba867704dc53905b3aeb1f66282e3a23def617ff4d39a7130702f24b?s=96&d=mm&r=g","caption":"Aur\u00e9lia AutoJM"},"url":"https:\/\/www.autojm.fr\/blog\/author\/autojm\/"}]}},"_links":{"self":[{"href":"https:\/\/www.autojm.fr\/blog\/wp-json\/wp\/v2\/posts\/24112","targetHints":{"allow":["GET"]}}],"collection":[{"href":"https:\/\/www.autojm.fr\/blog\/wp-json\/wp\/v2\/posts"}],"about":[{"href":"https:\/\/www.autojm.fr\/blog\/wp-json\/wp\/v2\/types\/post"}],"author":[{"embeddable":true,"href":"https:\/\/www.autojm.fr\/blog\/wp-json\/wp\/v2\/users\/2"}],"replies":[{"embeddable":true,"href":"https:\/\/www.autojm.fr\/blog\/wp-json\/wp\/v2\/comments?post=24112"}],"version-history":[{"count":4,"href":"https:\/\/www.autojm.fr\/blog\/wp-json\/wp\/v2\/posts\/24112\/revisions"}],"predecessor-version":[{"id":24391,"href":"https:\/\/www.autojm.fr\/blog\/wp-json\/wp\/v2\/posts\/24112\/revisions\/24391"}],"wp:featuredmedia":[{"embeddable":true,"href":"https:\/\/www.autojm.fr\/blog\/wp-json\/wp\/v2\/media\/24282"}],"wp:attachment":[{"href":"https:\/\/www.autojm.fr\/blog\/wp-json\/wp\/v2\/media?parent=24112"}],"wp:term":[{"taxonomy":"category","embeddable":true,"href":"https:\/\/www.autojm.fr\/blog\/wp-json\/wp\/v2\/categories?post=24112"},{"taxonomy":"post_tag","embeddable":true,"href":"https:\/\/www.autojm.fr\/blog\/wp-json\/wp\/v2\/tags?post=24112"}],"curies":[{"name":"wp","href":"https:\/\/api.w.org\/{rel}","templated":true}]}}