{"id":23710,"date":"2025-09-12T09:00:00","date_gmt":"2025-09-12T07:00:00","guid":{"rendered":"https:\/\/www.autojm.fr\/blog\/?p=23710"},"modified":"2025-09-11T16:39:33","modified_gmt":"2025-09-11T14:39:33","slug":"clio-vi-renault-bouscule-les-codes-avec-sa-citadine-metamorphosee","status":"publish","type":"post","link":"https:\/\/www.autojm.fr\/blog\/clio-vi-renault-bouscule-les-codes-avec-sa-citadine-metamorphosee\/","title":{"rendered":"Clio VI : Renault bouscule les codes avec sa citadine m\u00e9tamorphos\u00e9e"},"content":{"rendered":"","protected":false},"excerpt":{"rendered":"<p>Renault pr\u00e9pare l\u2019arriv\u00e9e de la Clio VI, d\u00e9voil\u00e9e officiellement au Salon de Munich 2025, avant une commercialisation pr\u00e9vue en d\u00e9cembre 2025 et une ouverture des commandes d\u00e8s octobre. Apr\u00e8s plus de 16 millions d\u2019exemplaires \u00e9coul\u00e9s depuis 1990, la citadine star change de cap en profondeur. Elle s\u2019appuie toujours sur une base technique connue, mais adopte une architecture et des technologies in\u00e9dites. L\u2019objectif est double : rester comp\u00e9titive face \u00e0 la Peugeot 208 et aux nouvelles citadines \u00e9lectrifi\u00e9es, tout en renfor\u00e7ant son statut de mod\u00e8le embl\u00e9matique.<\/p>\n","protected":false},"author":6,"featured_media":23720,"comment_status":"open","ping_status":"open","sticky":false,"template":"","format":"standard","meta":{"_acf_changed":false,"content-type":"","footnotes":""},"categories":[62,61],"tags":[90,76,331,658,654,656,78],"class_list":["post-23710","post","type-post","status-publish","format-standard","has-post-thumbnail","hentry","category-nouveaute-renault","category-nouveautes-autos","tag-autojm","tag-citadine","tag-clio","tag-clio6","tag-cliov","tag-cliovi","tag-renault"],"acf":[],"yoast_head":"<!-- This site is optimized with the Yoast SEO plugin v27.5 - https:\/\/yoast.com\/product\/yoast-seo-wordpress\/ -->\n<title>Clio VI : Renault bouscule les codes avec sa citadine m\u00e9tamorphos\u00e9e - AutoJM Mag<\/title>\n<meta name=\"description\" content=\"Renault pr\u00e9pare l\u2019arriv\u00e9e de la Clio VI, d\u00e9voil\u00e9e officiellement au Salon de Munich 2025, avant une commercialisation pr\u00e9vue en d\u00e9cembre 2025\" \/>\n<meta name=\"robots\" content=\"index, follow, max-snippet:-1, max-image-preview:large, max-video-preview:-1\" \/>\n<link rel=\"canonical\" href=\"https:\/\/www.autojm.fr\/blog\/clio-vi-renault-bouscule-les-codes-avec-sa-citadine-metamorphosee\/\" \/>\n<meta property=\"og:locale\" content=\"fr_FR\" \/>\n<meta property=\"og:type\" content=\"article\" \/>\n<meta property=\"og:title\" content=\"Clio VI : Renault bouscule les codes avec sa citadine m\u00e9tamorphos\u00e9e - AutoJM Mag\" \/>\n<meta property=\"og:description\" content=\"Renault pr\u00e9pare l\u2019arriv\u00e9e de la Clio VI, d\u00e9voil\u00e9e officiellement au Salon de Munich 2025, avant une commercialisation pr\u00e9vue en d\u00e9cembre 2025\" \/>\n<meta property=\"og:url\" content=\"https:\/\/www.autojm.fr\/blog\/clio-vi-renault-bouscule-les-codes-avec-sa-citadine-metamorphosee\/\" \/>\n<meta property=\"og:site_name\" content=\"AutoJM Mag\" \/>\n<meta property=\"article:publisher\" content=\"https:\/\/www.facebook.com\/AutoJM25\" \/>\n<meta property=\"article:published_time\" content=\"2025-09-12T07:00:00+00:00\" \/>\n<meta property=\"og:image\" content=\"https:\/\/www.autojm.fr\/blog\/wp-content\/uploads\/2025\/09\/image-top-1000x500-5.png\" \/>\n\t<meta property=\"og:image:width\" content=\"1000\" \/>\n\t<meta property=\"og:image:height\" content=\"500\" \/>\n\t<meta property=\"og:image:type\" content=\"image\/png\" \/>\n<meta name=\"author\" content=\"Justine Tripard\" \/>\n<meta name=\"twitter:card\" content=\"summary_large_image\" \/>\n<meta name=\"twitter:label1\" content=\"\u00c9crit par\" \/>\n\t<meta name=\"twitter:data1\" content=\"Justine Tripard\" \/>\n\t<meta name=\"twitter:label2\" content=\"Dur\u00e9e de lecture estim\u00e9e\" \/>\n\t<meta name=\"twitter:data2\" content=\"5 minutes\" \/>\n<script type=\"application\/ld+json\" class=\"yoast-schema-graph\">{\"@context\":\"https:\\\/\\\/schema.org\",\"@graph\":[{\"@type\":\"Article\",\"@id\":\"https:\\\/\\\/www.autojm.fr\\\/blog\\\/clio-vi-renault-bouscule-les-codes-avec-sa-citadine-metamorphosee\\\/#article\",\"isPartOf\":{\"@id\":\"https:\\\/\\\/www.autojm.fr\\\/blog\\\/clio-vi-renault-bouscule-les-codes-avec-sa-citadine-metamorphosee\\\/\"},\"author\":{\"name\":\"Justine Tripard\",\"@id\":\"https:\\\/\\\/www.autojm.fr\\\/blog\\\/#\\\/schema\\\/person\\\/1cc83a91548d88a62eb8cf06f562a72c\"},\"headline\":\"Clio VI : Renault bouscule les codes avec sa citadine m\u00e9tamorphos\u00e9e\",\"datePublished\":\"2025-09-12T07:00:00+00:00\",\"mainEntityOfPage\":{\"@id\":\"https:\\\/\\\/www.autojm.fr\\\/blog\\\/clio-vi-renault-bouscule-les-codes-avec-sa-citadine-metamorphosee\\\/\"},\"wordCount\":12,\"commentCount\":0,\"publisher\":{\"@id\":\"https:\\\/\\\/www.autojm.fr\\\/blog\\\/#organization\"},\"image\":{\"@id\":\"https:\\\/\\\/www.autojm.fr\\\/blog\\\/clio-vi-renault-bouscule-les-codes-avec-sa-citadine-metamorphosee\\\/#primaryimage\"},\"thumbnailUrl\":\"https:\\\/\\\/www.autojm.fr\\\/blog\\\/wp-content\\\/uploads\\\/2025\\\/09\\\/image-top-1000x500-5.png\",\"keywords\":[\"autojm\",\"citadine\",\"Clio\",\"clio6\",\"clioV\",\"clioVI\",\"renault\"],\"articleSection\":[\"Nouveaut\u00e9 Renault\",\"Nouveaut\u00e9s Autos\"],\"inLanguage\":\"fr-FR\",\"potentialAction\":[{\"@type\":\"CommentAction\",\"name\":\"Comment\",\"target\":[\"https:\\\/\\\/www.autojm.fr\\\/blog\\\/clio-vi-renault-bouscule-les-codes-avec-sa-citadine-metamorphosee\\\/#respond\"]}]},{\"@type\":\"WebPage\",\"@id\":\"https:\\\/\\\/www.autojm.fr\\\/blog\\\/clio-vi-renault-bouscule-les-codes-avec-sa-citadine-metamorphosee\\\/\",\"url\":\"https:\\\/\\\/www.autojm.fr\\\/blog\\\/clio-vi-renault-bouscule-les-codes-avec-sa-citadine-metamorphosee\\\/\",\"name\":\"Clio VI : Renault bouscule les codes avec sa citadine m\u00e9tamorphos\u00e9e - AutoJM Mag\",\"isPartOf\":{\"@id\":\"https:\\\/\\\/www.autojm.fr\\\/blog\\\/#website\"},\"primaryImageOfPage\":{\"@id\":\"https:\\\/\\\/www.autojm.fr\\\/blog\\\/clio-vi-renault-bouscule-les-codes-avec-sa-citadine-metamorphosee\\\/#primaryimage\"},\"image\":{\"@id\":\"https:\\\/\\\/www.autojm.fr\\\/blog\\\/clio-vi-renault-bouscule-les-codes-avec-sa-citadine-metamorphosee\\\/#primaryimage\"},\"thumbnailUrl\":\"https:\\\/\\\/www.autojm.fr\\\/blog\\\/wp-content\\\/uploads\\\/2025\\\/09\\\/image-top-1000x500-5.png\",\"datePublished\":\"2025-09-12T07:00:00+00:00\",\"description\":\"Renault pr\u00e9pare l\u2019arriv\u00e9e de la Clio VI, d\u00e9voil\u00e9e officiellement au Salon de Munich 2025, avant une commercialisation pr\u00e9vue en d\u00e9cembre 2025\",\"breadcrumb\":{\"@id\":\"https:\\\/\\\/www.autojm.fr\\\/blog\\\/clio-vi-renault-bouscule-les-codes-avec-sa-citadine-metamorphosee\\\/#breadcrumb\"},\"inLanguage\":\"fr-FR\",\"potentialAction\":[{\"@type\":\"ReadAction\",\"target\":[\"https:\\\/\\\/www.autojm.fr\\\/blog\\\/clio-vi-renault-bouscule-les-codes-avec-sa-citadine-metamorphosee\\\/\"]}]},{\"@type\":\"ImageObject\",\"inLanguage\":\"fr-FR\",\"@id\":\"https:\\\/\\\/www.autojm.fr\\\/blog\\\/clio-vi-renault-bouscule-les-codes-avec-sa-citadine-metamorphosee\\\/#primaryimage\",\"url\":\"https:\\\/\\\/www.autojm.fr\\\/blog\\\/wp-content\\\/uploads\\\/2025\\\/09\\\/image-top-1000x500-5.png\",\"contentUrl\":\"https:\\\/\\\/www.autojm.fr\\\/blog\\\/wp-content\\\/uploads\\\/2025\\\/09\\\/image-top-1000x500-5.png\",\"width\":1000,\"height\":500,\"caption\":\"Clio VI\"},{\"@type\":\"BreadcrumbList\",\"@id\":\"https:\\\/\\\/www.autojm.fr\\\/blog\\\/clio-vi-renault-bouscule-les-codes-avec-sa-citadine-metamorphosee\\\/#breadcrumb\",\"itemListElement\":[{\"@type\":\"ListItem\",\"position\":1,\"name\":\"Accueil\",\"item\":\"https:\\\/\\\/www.autojm.fr\\\/blog\\\/\"},{\"@type\":\"ListItem\",\"position\":2,\"name\":\"Nouveaut\u00e9s Autos\",\"item\":\"https:\\\/\\\/www.autojm.fr\\\/blog\\\/nouveautes-autos\\\/\"},{\"@type\":\"ListItem\",\"position\":3,\"name\":\"Clio VI : Renault bouscule les codes avec sa citadine m\u00e9tamorphos\u00e9e\"}]},{\"@type\":\"WebSite\",\"@id\":\"https:\\\/\\\/www.autojm.fr\\\/blog\\\/#website\",\"url\":\"https:\\\/\\\/www.autojm.fr\\\/blog\\\/\",\"name\":\"AutoJM Mag\",\"description\":\"Toute l&#039;actu auto en 1 clic !\",\"publisher\":{\"@id\":\"https:\\\/\\\/www.autojm.fr\\\/blog\\\/#organization\"},\"potentialAction\":[{\"@type\":\"SearchAction\",\"target\":{\"@type\":\"EntryPoint\",\"urlTemplate\":\"https:\\\/\\\/www.autojm.fr\\\/blog\\\/?s={search_term_string}\"},\"query-input\":{\"@type\":\"PropertyValueSpecification\",\"valueRequired\":true,\"valueName\":\"search_term_string\"}}],\"inLanguage\":\"fr-FR\"},{\"@type\":\"Organization\",\"@id\":\"https:\\\/\\\/www.autojm.fr\\\/blog\\\/#organization\",\"name\":\"AutoJM Mag\",\"url\":\"https:\\\/\\\/www.autojm.fr\\\/blog\\\/\",\"logo\":{\"@type\":\"ImageObject\",\"inLanguage\":\"fr-FR\",\"@id\":\"https:\\\/\\\/www.autojm.fr\\\/blog\\\/#\\\/schema\\\/logo\\\/image\\\/\",\"url\":\"https:\\\/\\\/www.autojm.fr\\\/blog\\\/wp-content\\\/uploads\\\/2022\\\/12\\\/cropped-AutoJMag-png.png\",\"contentUrl\":\"https:\\\/\\\/www.autojm.fr\\\/blog\\\/wp-content\\\/uploads\\\/2022\\\/12\\\/cropped-AutoJMag-png.png\",\"width\":2834,\"height\":585,\"caption\":\"AutoJM Mag\"},\"image\":{\"@id\":\"https:\\\/\\\/www.autojm.fr\\\/blog\\\/#\\\/schema\\\/logo\\\/image\\\/\"},\"sameAs\":[\"https:\\\/\\\/www.facebook.com\\\/AutoJM25\"]},{\"@type\":\"Person\",\"@id\":\"https:\\\/\\\/www.autojm.fr\\\/blog\\\/#\\\/schema\\\/person\\\/1cc83a91548d88a62eb8cf06f562a72c\",\"name\":\"Justine Tripard\",\"image\":{\"@type\":\"ImageObject\",\"inLanguage\":\"fr-FR\",\"@id\":\"https:\\\/\\\/secure.gravatar.com\\\/avatar\\\/b8b45209a4cf0b7b127b9238ec348090e7302306d2485eeaab17b6761fe84991?s=96&d=mm&r=g\",\"url\":\"https:\\\/\\\/secure.gravatar.com\\\/avatar\\\/b8b45209a4cf0b7b127b9238ec348090e7302306d2485eeaab17b6761fe84991?s=96&d=mm&r=g\",\"contentUrl\":\"https:\\\/\\\/secure.gravatar.com\\\/avatar\\\/b8b45209a4cf0b7b127b9238ec348090e7302306d2485eeaab17b6761fe84991?s=96&d=mm&r=g\",\"caption\":\"Justine Tripard\"},\"url\":\"https:\\\/\\\/www.autojm.fr\\\/blog\\\/author\\\/justine\\\/\"}]}<\/script>\n<!-- \/ Yoast SEO plugin. -->","yoast_head_json":{"title":"Clio VI : Renault bouscule les codes avec sa citadine m\u00e9tamorphos\u00e9e - AutoJM Mag","description":"Renault pr\u00e9pare l\u2019arriv\u00e9e de la Clio VI, d\u00e9voil\u00e9e officiellement au Salon de Munich 2025, avant une commercialisation pr\u00e9vue en d\u00e9cembre 2025","robots":{"index":"index","follow":"follow","max-snippet":"max-snippet:-1","max-image-preview":"max-image-preview:large","max-video-preview":"max-video-preview:-1"},"canonical":"https:\/\/www.autojm.fr\/blog\/clio-vi-renault-bouscule-les-codes-avec-sa-citadine-metamorphosee\/","og_locale":"fr_FR","og_type":"article","og_title":"Clio VI : Renault bouscule les codes avec sa citadine m\u00e9tamorphos\u00e9e - AutoJM Mag","og_description":"Renault pr\u00e9pare l\u2019arriv\u00e9e de la Clio VI, d\u00e9voil\u00e9e officiellement au Salon de Munich 2025, avant une commercialisation pr\u00e9vue en d\u00e9cembre 2025","og_url":"https:\/\/www.autojm.fr\/blog\/clio-vi-renault-bouscule-les-codes-avec-sa-citadine-metamorphosee\/","og_site_name":"AutoJM Mag","article_publisher":"https:\/\/www.facebook.com\/AutoJM25","article_published_time":"2025-09-12T07:00:00+00:00","og_image":[{"width":1000,"height":500,"url":"https:\/\/www.autojm.fr\/blog\/wp-content\/uploads\/2025\/09\/image-top-1000x500-5.png","type":"image\/png"}],"author":"Justine Tripard","twitter_card":"summary_large_image","twitter_misc":{"\u00c9crit par":"Justine Tripard","Dur\u00e9e de lecture estim\u00e9e":"5 minutes"},"schema":{"@context":"https:\/\/schema.org","@graph":[{"@type":"Article","@id":"https:\/\/www.autojm.fr\/blog\/clio-vi-renault-bouscule-les-codes-avec-sa-citadine-metamorphosee\/#article","isPartOf":{"@id":"https:\/\/www.autojm.fr\/blog\/clio-vi-renault-bouscule-les-codes-avec-sa-citadine-metamorphosee\/"},"author":{"name":"Justine Tripard","@id":"https:\/\/www.autojm.fr\/blog\/#\/schema\/person\/1cc83a91548d88a62eb8cf06f562a72c"},"headline":"Clio VI : Renault bouscule les codes avec sa citadine m\u00e9tamorphos\u00e9e","datePublished":"2025-09-12T07:00:00+00:00","mainEntityOfPage":{"@id":"https:\/\/www.autojm.fr\/blog\/clio-vi-renault-bouscule-les-codes-avec-sa-citadine-metamorphosee\/"},"wordCount":12,"commentCount":0,"publisher":{"@id":"https:\/\/www.autojm.fr\/blog\/#organization"},"image":{"@id":"https:\/\/www.autojm.fr\/blog\/clio-vi-renault-bouscule-les-codes-avec-sa-citadine-metamorphosee\/#primaryimage"},"thumbnailUrl":"https:\/\/www.autojm.fr\/blog\/wp-content\/uploads\/2025\/09\/image-top-1000x500-5.png","keywords":["autojm","citadine","Clio","clio6","clioV","clioVI","renault"],"articleSection":["Nouveaut\u00e9 Renault","Nouveaut\u00e9s Autos"],"inLanguage":"fr-FR","potentialAction":[{"@type":"CommentAction","name":"Comment","target":["https:\/\/www.autojm.fr\/blog\/clio-vi-renault-bouscule-les-codes-avec-sa-citadine-metamorphosee\/#respond"]}]},{"@type":"WebPage","@id":"https:\/\/www.autojm.fr\/blog\/clio-vi-renault-bouscule-les-codes-avec-sa-citadine-metamorphosee\/","url":"https:\/\/www.autojm.fr\/blog\/clio-vi-renault-bouscule-les-codes-avec-sa-citadine-metamorphosee\/","name":"Clio VI : Renault bouscule les codes avec sa citadine m\u00e9tamorphos\u00e9e - AutoJM Mag","isPartOf":{"@id":"https:\/\/www.autojm.fr\/blog\/#website"},"primaryImageOfPage":{"@id":"https:\/\/www.autojm.fr\/blog\/clio-vi-renault-bouscule-les-codes-avec-sa-citadine-metamorphosee\/#primaryimage"},"image":{"@id":"https:\/\/www.autojm.fr\/blog\/clio-vi-renault-bouscule-les-codes-avec-sa-citadine-metamorphosee\/#primaryimage"},"thumbnailUrl":"https:\/\/www.autojm.fr\/blog\/wp-content\/uploads\/2025\/09\/image-top-1000x500-5.png","datePublished":"2025-09-12T07:00:00+00:00","description":"Renault pr\u00e9pare l\u2019arriv\u00e9e de la Clio VI, d\u00e9voil\u00e9e officiellement au Salon de Munich 2025, avant une commercialisation pr\u00e9vue en d\u00e9cembre 2025","breadcrumb":{"@id":"https:\/\/www.autojm.fr\/blog\/clio-vi-renault-bouscule-les-codes-avec-sa-citadine-metamorphosee\/#breadcrumb"},"inLanguage":"fr-FR","potentialAction":[{"@type":"ReadAction","target":["https:\/\/www.autojm.fr\/blog\/clio-vi-renault-bouscule-les-codes-avec-sa-citadine-metamorphosee\/"]}]},{"@type":"ImageObject","inLanguage":"fr-FR","@id":"https:\/\/www.autojm.fr\/blog\/clio-vi-renault-bouscule-les-codes-avec-sa-citadine-metamorphosee\/#primaryimage","url":"https:\/\/www.autojm.fr\/blog\/wp-content\/uploads\/2025\/09\/image-top-1000x500-5.png","contentUrl":"https:\/\/www.autojm.fr\/blog\/wp-content\/uploads\/2025\/09\/image-top-1000x500-5.png","width":1000,"height":500,"caption":"Clio VI"},{"@type":"BreadcrumbList","@id":"https:\/\/www.autojm.fr\/blog\/clio-vi-renault-bouscule-les-codes-avec-sa-citadine-metamorphosee\/#breadcrumb","itemListElement":[{"@type":"ListItem","position":1,"name":"Accueil","item":"https:\/\/www.autojm.fr\/blog\/"},{"@type":"ListItem","position":2,"name":"Nouveaut\u00e9s Autos","item":"https:\/\/www.autojm.fr\/blog\/nouveautes-autos\/"},{"@type":"ListItem","position":3,"name":"Clio VI : Renault bouscule les codes avec sa citadine m\u00e9tamorphos\u00e9e"}]},{"@type":"WebSite","@id":"https:\/\/www.autojm.fr\/blog\/#website","url":"https:\/\/www.autojm.fr\/blog\/","name":"AutoJM Mag","description":"Toute l&#039;actu auto en 1 clic !","publisher":{"@id":"https:\/\/www.autojm.fr\/blog\/#organization"},"potentialAction":[{"@type":"SearchAction","target":{"@type":"EntryPoint","urlTemplate":"https:\/\/www.autojm.fr\/blog\/?s={search_term_string}"},"query-input":{"@type":"PropertyValueSpecification","valueRequired":true,"valueName":"search_term_string"}}],"inLanguage":"fr-FR"},{"@type":"Organization","@id":"https:\/\/www.autojm.fr\/blog\/#organization","name":"AutoJM Mag","url":"https:\/\/www.autojm.fr\/blog\/","logo":{"@type":"ImageObject","inLanguage":"fr-FR","@id":"https:\/\/www.autojm.fr\/blog\/#\/schema\/logo\/image\/","url":"https:\/\/www.autojm.fr\/blog\/wp-content\/uploads\/2022\/12\/cropped-AutoJMag-png.png","contentUrl":"https:\/\/www.autojm.fr\/blog\/wp-content\/uploads\/2022\/12\/cropped-AutoJMag-png.png","width":2834,"height":585,"caption":"AutoJM Mag"},"image":{"@id":"https:\/\/www.autojm.fr\/blog\/#\/schema\/logo\/image\/"},"sameAs":["https:\/\/www.facebook.com\/AutoJM25"]},{"@type":"Person","@id":"https:\/\/www.autojm.fr\/blog\/#\/schema\/person\/1cc83a91548d88a62eb8cf06f562a72c","name":"Justine Tripard","image":{"@type":"ImageObject","inLanguage":"fr-FR","@id":"https:\/\/secure.gravatar.com\/avatar\/b8b45209a4cf0b7b127b9238ec348090e7302306d2485eeaab17b6761fe84991?s=96&d=mm&r=g","url":"https:\/\/secure.gravatar.com\/avatar\/b8b45209a4cf0b7b127b9238ec348090e7302306d2485eeaab17b6761fe84991?s=96&d=mm&r=g","contentUrl":"https:\/\/secure.gravatar.com\/avatar\/b8b45209a4cf0b7b127b9238ec348090e7302306d2485eeaab17b6761fe84991?s=96&d=mm&r=g","caption":"Justine Tripard"},"url":"https:\/\/www.autojm.fr\/blog\/author\/justine\/"}]}},"_links":{"self":[{"href":"https:\/\/www.autojm.fr\/blog\/wp-json\/wp\/v2\/posts\/23710","targetHints":{"allow":["GET"]}}],"collection":[{"href":"https:\/\/www.autojm.fr\/blog\/wp-json\/wp\/v2\/posts"}],"about":[{"href":"https:\/\/www.autojm.fr\/blog\/wp-json\/wp\/v2\/types\/post"}],"author":[{"embeddable":true,"href":"https:\/\/www.autojm.fr\/blog\/wp-json\/wp\/v2\/users\/6"}],"replies":[{"embeddable":true,"href":"https:\/\/www.autojm.fr\/blog\/wp-json\/wp\/v2\/comments?post=23710"}],"version-history":[{"count":2,"href":"https:\/\/www.autojm.fr\/blog\/wp-json\/wp\/v2\/posts\/23710\/revisions"}],"predecessor-version":[{"id":23722,"href":"https:\/\/www.autojm.fr\/blog\/wp-json\/wp\/v2\/posts\/23710\/revisions\/23722"}],"wp:featuredmedia":[{"embeddable":true,"href":"https:\/\/www.autojm.fr\/blog\/wp-json\/wp\/v2\/media\/23720"}],"wp:attachment":[{"href":"https:\/\/www.autojm.fr\/blog\/wp-json\/wp\/v2\/media?parent=23710"}],"wp:term":[{"taxonomy":"category","embeddable":true,"href":"https:\/\/www.autojm.fr\/blog\/wp-json\/wp\/v2\/categories?post=23710"},{"taxonomy":"post_tag","embeddable":true,"href":"https:\/\/www.autojm.fr\/blog\/wp-json\/wp\/v2\/tags?post=23710"}],"curies":[{"name":"wp","href":"https:\/\/api.w.org\/{rel}","templated":true}]}}