{"id":23615,"date":"2025-09-02T09:00:00","date_gmt":"2025-09-02T07:00:00","guid":{"rendered":"https:\/\/www.autojm.fr\/blog\/?p=23615"},"modified":"2025-09-01T14:21:20","modified_gmt":"2025-09-01T12:21:20","slug":"les-chiffres-du-marche-auto-en-aout-le-neuf-marque-le-pas","status":"publish","type":"post","link":"https:\/\/www.autojm.fr\/blog\/les-chiffres-du-marche-auto-en-aout-le-neuf-marque-le-pas\/","title":{"rendered":"Les chiffres du march\u00e9 auto en ao\u00fbt : le neuf marque le pas"},"content":{"rendered":"","protected":false},"excerpt":{"rendered":"<p>Le mois d\u2019ao\u00fbt 2025 reste encore un indicateur d\u00e9licat du march\u00e9 automobile fran\u00e7ais. Dans un contexte \u00e9conomique encore fragile, marqu\u00e9 le mois dernier par une baisse des immatriculations de voitures particuli\u00e8res neuves, les dynamiques du secteur semblent tout de m\u00eame repartir \u00e0 la hausse. D\u00e9chiffrons cela dans cet article.<\/p>\n","protected":false},"author":6,"featured_media":23619,"comment_status":"open","ping_status":"open","sticky":false,"template":"","format":"standard","meta":{"_acf_changed":false,"content-type":"","footnotes":""},"categories":[5],"tags":[641,397,471],"class_list":["post-23615","post","type-post","status-publish","format-standard","has-post-thumbnail","hentry","category-actualite-automobile","tag-aout","tag-automobile","tag-chiffres"],"acf":[],"yoast_head":"<!-- This site is optimized with the Yoast SEO plugin v27.5 - https:\/\/yoast.com\/product\/yoast-seo-wordpress\/ -->\n<title>Les chiffres du march\u00e9 auto en ao\u00fbt : le neuf marque le pas - AutoJM Mag<\/title>\n<meta name=\"description\" content=\"Le mois d\u2019ao\u00fbt 2025 reste encore un indicateur d\u00e9licat du march\u00e9 automobile fran\u00e7ais. Dans un contexte \u00e9conomique encore fragile, marqu\u00e9 le...\" \/>\n<meta name=\"robots\" content=\"index, follow, max-snippet:-1, max-image-preview:large, max-video-preview:-1\" \/>\n<link rel=\"canonical\" href=\"https:\/\/www.autojm.fr\/blog\/les-chiffres-du-marche-auto-en-aout-le-neuf-marque-le-pas\/\" \/>\n<meta property=\"og:locale\" content=\"fr_FR\" \/>\n<meta property=\"og:type\" content=\"article\" \/>\n<meta property=\"og:title\" content=\"Les chiffres du march\u00e9 auto en ao\u00fbt : le neuf marque le pas - AutoJM Mag\" \/>\n<meta property=\"og:description\" content=\"Le mois d\u2019ao\u00fbt 2025 reste encore un indicateur d\u00e9licat du march\u00e9 automobile fran\u00e7ais. Dans un contexte \u00e9conomique encore fragile, marqu\u00e9 le...\" \/>\n<meta property=\"og:url\" content=\"https:\/\/www.autojm.fr\/blog\/les-chiffres-du-marche-auto-en-aout-le-neuf-marque-le-pas\/\" \/>\n<meta property=\"og:site_name\" content=\"AutoJM Mag\" \/>\n<meta property=\"article:publisher\" content=\"https:\/\/www.facebook.com\/AutoJM25\" \/>\n<meta property=\"article:published_time\" content=\"2025-09-02T07:00:00+00:00\" \/>\n<meta property=\"og:image\" content=\"https:\/\/www.autojm.fr\/blog\/wp-content\/uploads\/2025\/09\/image-top-1000x500-1.png\" \/>\n\t<meta property=\"og:image:width\" content=\"1000\" \/>\n\t<meta property=\"og:image:height\" content=\"500\" \/>\n\t<meta property=\"og:image:type\" content=\"image\/png\" \/>\n<meta name=\"author\" content=\"Justine Tripard\" \/>\n<meta name=\"twitter:card\" content=\"summary_large_image\" \/>\n<meta name=\"twitter:label1\" content=\"\u00c9crit par\" \/>\n\t<meta name=\"twitter:data1\" content=\"Justine Tripard\" \/>\n\t<meta name=\"twitter:label2\" content=\"Dur\u00e9e de lecture estim\u00e9e\" \/>\n\t<meta name=\"twitter:data2\" content=\"4 minutes\" \/>\n<script type=\"application\/ld+json\" class=\"yoast-schema-graph\">{\"@context\":\"https:\\\/\\\/schema.org\",\"@graph\":[{\"@type\":\"Article\",\"@id\":\"https:\\\/\\\/www.autojm.fr\\\/blog\\\/les-chiffres-du-marche-auto-en-aout-le-neuf-marque-le-pas\\\/#article\",\"isPartOf\":{\"@id\":\"https:\\\/\\\/www.autojm.fr\\\/blog\\\/les-chiffres-du-marche-auto-en-aout-le-neuf-marque-le-pas\\\/\"},\"author\":{\"name\":\"Justine Tripard\",\"@id\":\"https:\\\/\\\/www.autojm.fr\\\/blog\\\/#\\\/schema\\\/person\\\/1cc83a91548d88a62eb8cf06f562a72c\"},\"headline\":\"Les chiffres du march\u00e9 auto en ao\u00fbt : le neuf marque le pas\",\"datePublished\":\"2025-09-02T07:00:00+00:00\",\"mainEntityOfPage\":{\"@id\":\"https:\\\/\\\/www.autojm.fr\\\/blog\\\/les-chiffres-du-marche-auto-en-aout-le-neuf-marque-le-pas\\\/\"},\"wordCount\":13,\"commentCount\":0,\"publisher\":{\"@id\":\"https:\\\/\\\/www.autojm.fr\\\/blog\\\/#organization\"},\"image\":{\"@id\":\"https:\\\/\\\/www.autojm.fr\\\/blog\\\/les-chiffres-du-marche-auto-en-aout-le-neuf-marque-le-pas\\\/#primaryimage\"},\"thumbnailUrl\":\"https:\\\/\\\/www.autojm.fr\\\/blog\\\/wp-content\\\/uploads\\\/2025\\\/09\\\/image-top-1000x500-1.png\",\"keywords\":[\"ao\u00fbt\",\"automobile\",\"chiffres\"],\"articleSection\":[\"Actualit\u00e9 Automobile\"],\"inLanguage\":\"fr-FR\",\"potentialAction\":[{\"@type\":\"CommentAction\",\"name\":\"Comment\",\"target\":[\"https:\\\/\\\/www.autojm.fr\\\/blog\\\/les-chiffres-du-marche-auto-en-aout-le-neuf-marque-le-pas\\\/#respond\"]}]},{\"@type\":\"WebPage\",\"@id\":\"https:\\\/\\\/www.autojm.fr\\\/blog\\\/les-chiffres-du-marche-auto-en-aout-le-neuf-marque-le-pas\\\/\",\"url\":\"https:\\\/\\\/www.autojm.fr\\\/blog\\\/les-chiffres-du-marche-auto-en-aout-le-neuf-marque-le-pas\\\/\",\"name\":\"Les chiffres du march\u00e9 auto en ao\u00fbt : le neuf marque le pas - AutoJM Mag\",\"isPartOf\":{\"@id\":\"https:\\\/\\\/www.autojm.fr\\\/blog\\\/#website\"},\"primaryImageOfPage\":{\"@id\":\"https:\\\/\\\/www.autojm.fr\\\/blog\\\/les-chiffres-du-marche-auto-en-aout-le-neuf-marque-le-pas\\\/#primaryimage\"},\"image\":{\"@id\":\"https:\\\/\\\/www.autojm.fr\\\/blog\\\/les-chiffres-du-marche-auto-en-aout-le-neuf-marque-le-pas\\\/#primaryimage\"},\"thumbnailUrl\":\"https:\\\/\\\/www.autojm.fr\\\/blog\\\/wp-content\\\/uploads\\\/2025\\\/09\\\/image-top-1000x500-1.png\",\"datePublished\":\"2025-09-02T07:00:00+00:00\",\"description\":\"Le mois d\u2019ao\u00fbt 2025 reste encore un indicateur d\u00e9licat du march\u00e9 automobile fran\u00e7ais. Dans un contexte \u00e9conomique encore fragile, marqu\u00e9 le...\",\"breadcrumb\":{\"@id\":\"https:\\\/\\\/www.autojm.fr\\\/blog\\\/les-chiffres-du-marche-auto-en-aout-le-neuf-marque-le-pas\\\/#breadcrumb\"},\"inLanguage\":\"fr-FR\",\"potentialAction\":[{\"@type\":\"ReadAction\",\"target\":[\"https:\\\/\\\/www.autojm.fr\\\/blog\\\/les-chiffres-du-marche-auto-en-aout-le-neuf-marque-le-pas\\\/\"]}]},{\"@type\":\"ImageObject\",\"inLanguage\":\"fr-FR\",\"@id\":\"https:\\\/\\\/www.autojm.fr\\\/blog\\\/les-chiffres-du-marche-auto-en-aout-le-neuf-marque-le-pas\\\/#primaryimage\",\"url\":\"https:\\\/\\\/www.autojm.fr\\\/blog\\\/wp-content\\\/uploads\\\/2025\\\/09\\\/image-top-1000x500-1.png\",\"contentUrl\":\"https:\\\/\\\/www.autojm.fr\\\/blog\\\/wp-content\\\/uploads\\\/2025\\\/09\\\/image-top-1000x500-1.png\",\"width\":1000,\"height\":500,\"caption\":\"Chiffres ao\u00fbt\"},{\"@type\":\"BreadcrumbList\",\"@id\":\"https:\\\/\\\/www.autojm.fr\\\/blog\\\/les-chiffres-du-marche-auto-en-aout-le-neuf-marque-le-pas\\\/#breadcrumb\",\"itemListElement\":[{\"@type\":\"ListItem\",\"position\":1,\"name\":\"Accueil\",\"item\":\"https:\\\/\\\/www.autojm.fr\\\/blog\\\/\"},{\"@type\":\"ListItem\",\"position\":2,\"name\":\"Actualit\u00e9 Automobile\",\"item\":\"https:\\\/\\\/www.autojm.fr\\\/blog\\\/actualite-automobile\\\/\"},{\"@type\":\"ListItem\",\"position\":3,\"name\":\"Les chiffres du march\u00e9 auto en ao\u00fbt : le neuf marque le pas\"}]},{\"@type\":\"WebSite\",\"@id\":\"https:\\\/\\\/www.autojm.fr\\\/blog\\\/#website\",\"url\":\"https:\\\/\\\/www.autojm.fr\\\/blog\\\/\",\"name\":\"AutoJM Mag\",\"description\":\"Toute l&#039;actu auto en 1 clic !\",\"publisher\":{\"@id\":\"https:\\\/\\\/www.autojm.fr\\\/blog\\\/#organization\"},\"potentialAction\":[{\"@type\":\"SearchAction\",\"target\":{\"@type\":\"EntryPoint\",\"urlTemplate\":\"https:\\\/\\\/www.autojm.fr\\\/blog\\\/?s={search_term_string}\"},\"query-input\":{\"@type\":\"PropertyValueSpecification\",\"valueRequired\":true,\"valueName\":\"search_term_string\"}}],\"inLanguage\":\"fr-FR\"},{\"@type\":\"Organization\",\"@id\":\"https:\\\/\\\/www.autojm.fr\\\/blog\\\/#organization\",\"name\":\"AutoJM Mag\",\"url\":\"https:\\\/\\\/www.autojm.fr\\\/blog\\\/\",\"logo\":{\"@type\":\"ImageObject\",\"inLanguage\":\"fr-FR\",\"@id\":\"https:\\\/\\\/www.autojm.fr\\\/blog\\\/#\\\/schema\\\/logo\\\/image\\\/\",\"url\":\"https:\\\/\\\/www.autojm.fr\\\/blog\\\/wp-content\\\/uploads\\\/2022\\\/12\\\/cropped-AutoJMag-png.png\",\"contentUrl\":\"https:\\\/\\\/www.autojm.fr\\\/blog\\\/wp-content\\\/uploads\\\/2022\\\/12\\\/cropped-AutoJMag-png.png\",\"width\":2834,\"height\":585,\"caption\":\"AutoJM Mag\"},\"image\":{\"@id\":\"https:\\\/\\\/www.autojm.fr\\\/blog\\\/#\\\/schema\\\/logo\\\/image\\\/\"},\"sameAs\":[\"https:\\\/\\\/www.facebook.com\\\/AutoJM25\"]},{\"@type\":\"Person\",\"@id\":\"https:\\\/\\\/www.autojm.fr\\\/blog\\\/#\\\/schema\\\/person\\\/1cc83a91548d88a62eb8cf06f562a72c\",\"name\":\"Justine Tripard\",\"image\":{\"@type\":\"ImageObject\",\"inLanguage\":\"fr-FR\",\"@id\":\"https:\\\/\\\/secure.gravatar.com\\\/avatar\\\/b8b45209a4cf0b7b127b9238ec348090e7302306d2485eeaab17b6761fe84991?s=96&d=mm&r=g\",\"url\":\"https:\\\/\\\/secure.gravatar.com\\\/avatar\\\/b8b45209a4cf0b7b127b9238ec348090e7302306d2485eeaab17b6761fe84991?s=96&d=mm&r=g\",\"contentUrl\":\"https:\\\/\\\/secure.gravatar.com\\\/avatar\\\/b8b45209a4cf0b7b127b9238ec348090e7302306d2485eeaab17b6761fe84991?s=96&d=mm&r=g\",\"caption\":\"Justine Tripard\"},\"url\":\"https:\\\/\\\/www.autojm.fr\\\/blog\\\/author\\\/justine\\\/\"}]}<\/script>\n<!-- \/ Yoast SEO plugin. -->","yoast_head_json":{"title":"Les chiffres du march\u00e9 auto en ao\u00fbt : le neuf marque le pas - AutoJM Mag","description":"Le mois d\u2019ao\u00fbt 2025 reste encore un indicateur d\u00e9licat du march\u00e9 automobile fran\u00e7ais. Dans un contexte \u00e9conomique encore fragile, marqu\u00e9 le...","robots":{"index":"index","follow":"follow","max-snippet":"max-snippet:-1","max-image-preview":"max-image-preview:large","max-video-preview":"max-video-preview:-1"},"canonical":"https:\/\/www.autojm.fr\/blog\/les-chiffres-du-marche-auto-en-aout-le-neuf-marque-le-pas\/","og_locale":"fr_FR","og_type":"article","og_title":"Les chiffres du march\u00e9 auto en ao\u00fbt : le neuf marque le pas - AutoJM Mag","og_description":"Le mois d\u2019ao\u00fbt 2025 reste encore un indicateur d\u00e9licat du march\u00e9 automobile fran\u00e7ais. Dans un contexte \u00e9conomique encore fragile, marqu\u00e9 le...","og_url":"https:\/\/www.autojm.fr\/blog\/les-chiffres-du-marche-auto-en-aout-le-neuf-marque-le-pas\/","og_site_name":"AutoJM Mag","article_publisher":"https:\/\/www.facebook.com\/AutoJM25","article_published_time":"2025-09-02T07:00:00+00:00","og_image":[{"width":1000,"height":500,"url":"https:\/\/www.autojm.fr\/blog\/wp-content\/uploads\/2025\/09\/image-top-1000x500-1.png","type":"image\/png"}],"author":"Justine Tripard","twitter_card":"summary_large_image","twitter_misc":{"\u00c9crit par":"Justine Tripard","Dur\u00e9e de lecture estim\u00e9e":"4 minutes"},"schema":{"@context":"https:\/\/schema.org","@graph":[{"@type":"Article","@id":"https:\/\/www.autojm.fr\/blog\/les-chiffres-du-marche-auto-en-aout-le-neuf-marque-le-pas\/#article","isPartOf":{"@id":"https:\/\/www.autojm.fr\/blog\/les-chiffres-du-marche-auto-en-aout-le-neuf-marque-le-pas\/"},"author":{"name":"Justine Tripard","@id":"https:\/\/www.autojm.fr\/blog\/#\/schema\/person\/1cc83a91548d88a62eb8cf06f562a72c"},"headline":"Les chiffres du march\u00e9 auto en ao\u00fbt : le neuf marque le pas","datePublished":"2025-09-02T07:00:00+00:00","mainEntityOfPage":{"@id":"https:\/\/www.autojm.fr\/blog\/les-chiffres-du-marche-auto-en-aout-le-neuf-marque-le-pas\/"},"wordCount":13,"commentCount":0,"publisher":{"@id":"https:\/\/www.autojm.fr\/blog\/#organization"},"image":{"@id":"https:\/\/www.autojm.fr\/blog\/les-chiffres-du-marche-auto-en-aout-le-neuf-marque-le-pas\/#primaryimage"},"thumbnailUrl":"https:\/\/www.autojm.fr\/blog\/wp-content\/uploads\/2025\/09\/image-top-1000x500-1.png","keywords":["ao\u00fbt","automobile","chiffres"],"articleSection":["Actualit\u00e9 Automobile"],"inLanguage":"fr-FR","potentialAction":[{"@type":"CommentAction","name":"Comment","target":["https:\/\/www.autojm.fr\/blog\/les-chiffres-du-marche-auto-en-aout-le-neuf-marque-le-pas\/#respond"]}]},{"@type":"WebPage","@id":"https:\/\/www.autojm.fr\/blog\/les-chiffres-du-marche-auto-en-aout-le-neuf-marque-le-pas\/","url":"https:\/\/www.autojm.fr\/blog\/les-chiffres-du-marche-auto-en-aout-le-neuf-marque-le-pas\/","name":"Les chiffres du march\u00e9 auto en ao\u00fbt : le neuf marque le pas - AutoJM Mag","isPartOf":{"@id":"https:\/\/www.autojm.fr\/blog\/#website"},"primaryImageOfPage":{"@id":"https:\/\/www.autojm.fr\/blog\/les-chiffres-du-marche-auto-en-aout-le-neuf-marque-le-pas\/#primaryimage"},"image":{"@id":"https:\/\/www.autojm.fr\/blog\/les-chiffres-du-marche-auto-en-aout-le-neuf-marque-le-pas\/#primaryimage"},"thumbnailUrl":"https:\/\/www.autojm.fr\/blog\/wp-content\/uploads\/2025\/09\/image-top-1000x500-1.png","datePublished":"2025-09-02T07:00:00+00:00","description":"Le mois d\u2019ao\u00fbt 2025 reste encore un indicateur d\u00e9licat du march\u00e9 automobile fran\u00e7ais. Dans un contexte \u00e9conomique encore fragile, marqu\u00e9 le...","breadcrumb":{"@id":"https:\/\/www.autojm.fr\/blog\/les-chiffres-du-marche-auto-en-aout-le-neuf-marque-le-pas\/#breadcrumb"},"inLanguage":"fr-FR","potentialAction":[{"@type":"ReadAction","target":["https:\/\/www.autojm.fr\/blog\/les-chiffres-du-marche-auto-en-aout-le-neuf-marque-le-pas\/"]}]},{"@type":"ImageObject","inLanguage":"fr-FR","@id":"https:\/\/www.autojm.fr\/blog\/les-chiffres-du-marche-auto-en-aout-le-neuf-marque-le-pas\/#primaryimage","url":"https:\/\/www.autojm.fr\/blog\/wp-content\/uploads\/2025\/09\/image-top-1000x500-1.png","contentUrl":"https:\/\/www.autojm.fr\/blog\/wp-content\/uploads\/2025\/09\/image-top-1000x500-1.png","width":1000,"height":500,"caption":"Chiffres ao\u00fbt"},{"@type":"BreadcrumbList","@id":"https:\/\/www.autojm.fr\/blog\/les-chiffres-du-marche-auto-en-aout-le-neuf-marque-le-pas\/#breadcrumb","itemListElement":[{"@type":"ListItem","position":1,"name":"Accueil","item":"https:\/\/www.autojm.fr\/blog\/"},{"@type":"ListItem","position":2,"name":"Actualit\u00e9 Automobile","item":"https:\/\/www.autojm.fr\/blog\/actualite-automobile\/"},{"@type":"ListItem","position":3,"name":"Les chiffres du march\u00e9 auto en ao\u00fbt : le neuf marque le pas"}]},{"@type":"WebSite","@id":"https:\/\/www.autojm.fr\/blog\/#website","url":"https:\/\/www.autojm.fr\/blog\/","name":"AutoJM Mag","description":"Toute l&#039;actu auto en 1 clic !","publisher":{"@id":"https:\/\/www.autojm.fr\/blog\/#organization"},"potentialAction":[{"@type":"SearchAction","target":{"@type":"EntryPoint","urlTemplate":"https:\/\/www.autojm.fr\/blog\/?s={search_term_string}"},"query-input":{"@type":"PropertyValueSpecification","valueRequired":true,"valueName":"search_term_string"}}],"inLanguage":"fr-FR"},{"@type":"Organization","@id":"https:\/\/www.autojm.fr\/blog\/#organization","name":"AutoJM Mag","url":"https:\/\/www.autojm.fr\/blog\/","logo":{"@type":"ImageObject","inLanguage":"fr-FR","@id":"https:\/\/www.autojm.fr\/blog\/#\/schema\/logo\/image\/","url":"https:\/\/www.autojm.fr\/blog\/wp-content\/uploads\/2022\/12\/cropped-AutoJMag-png.png","contentUrl":"https:\/\/www.autojm.fr\/blog\/wp-content\/uploads\/2022\/12\/cropped-AutoJMag-png.png","width":2834,"height":585,"caption":"AutoJM Mag"},"image":{"@id":"https:\/\/www.autojm.fr\/blog\/#\/schema\/logo\/image\/"},"sameAs":["https:\/\/www.facebook.com\/AutoJM25"]},{"@type":"Person","@id":"https:\/\/www.autojm.fr\/blog\/#\/schema\/person\/1cc83a91548d88a62eb8cf06f562a72c","name":"Justine Tripard","image":{"@type":"ImageObject","inLanguage":"fr-FR","@id":"https:\/\/secure.gravatar.com\/avatar\/b8b45209a4cf0b7b127b9238ec348090e7302306d2485eeaab17b6761fe84991?s=96&d=mm&r=g","url":"https:\/\/secure.gravatar.com\/avatar\/b8b45209a4cf0b7b127b9238ec348090e7302306d2485eeaab17b6761fe84991?s=96&d=mm&r=g","contentUrl":"https:\/\/secure.gravatar.com\/avatar\/b8b45209a4cf0b7b127b9238ec348090e7302306d2485eeaab17b6761fe84991?s=96&d=mm&r=g","caption":"Justine Tripard"},"url":"https:\/\/www.autojm.fr\/blog\/author\/justine\/"}]}},"_links":{"self":[{"href":"https:\/\/www.autojm.fr\/blog\/wp-json\/wp\/v2\/posts\/23615","targetHints":{"allow":["GET"]}}],"collection":[{"href":"https:\/\/www.autojm.fr\/blog\/wp-json\/wp\/v2\/posts"}],"about":[{"href":"https:\/\/www.autojm.fr\/blog\/wp-json\/wp\/v2\/types\/post"}],"author":[{"embeddable":true,"href":"https:\/\/www.autojm.fr\/blog\/wp-json\/wp\/v2\/users\/6"}],"replies":[{"embeddable":true,"href":"https:\/\/www.autojm.fr\/blog\/wp-json\/wp\/v2\/comments?post=23615"}],"version-history":[{"count":4,"href":"https:\/\/www.autojm.fr\/blog\/wp-json\/wp\/v2\/posts\/23615\/revisions"}],"predecessor-version":[{"id":23633,"href":"https:\/\/www.autojm.fr\/blog\/wp-json\/wp\/v2\/posts\/23615\/revisions\/23633"}],"wp:featuredmedia":[{"embeddable":true,"href":"https:\/\/www.autojm.fr\/blog\/wp-json\/wp\/v2\/media\/23619"}],"wp:attachment":[{"href":"https:\/\/www.autojm.fr\/blog\/wp-json\/wp\/v2\/media?parent=23615"}],"wp:term":[{"taxonomy":"category","embeddable":true,"href":"https:\/\/www.autojm.fr\/blog\/wp-json\/wp\/v2\/categories?post=23615"},{"taxonomy":"post_tag","embeddable":true,"href":"https:\/\/www.autojm.fr\/blog\/wp-json\/wp\/v2\/tags?post=23615"}],"curies":[{"name":"wp","href":"https:\/\/api.w.org\/{rel}","templated":true}]}}