{"id":23440,"date":"2025-08-19T09:00:00","date_gmt":"2025-08-19T07:00:00","guid":{"rendered":"https:\/\/www.autojm.fr\/blog\/?p=23440"},"modified":"2025-08-11T11:57:16","modified_gmt":"2025-08-11T09:57:16","slug":"voitures-radars-lete-sous-haute-surveillance","status":"publish","type":"post","link":"https:\/\/www.autojm.fr\/blog\/voitures-radars-lete-sous-haute-surveillance\/","title":{"rendered":"Voitures radars : l\u2019\u00e9t\u00e9 sous haute surveillance"},"content":{"rendered":"","protected":false},"excerpt":{"rendered":"<p>En France, les voitures radars sont devenues un pilier de la politique de s\u00e9curit\u00e9 routi\u00e8re, notamment durant les p\u00e9riodes de fort trafic estival. Ces v\u00e9hicules banalis\u00e9s, capables de flasher en roulant sans \u00eatre rep\u00e9r\u00e9s, sont red\u00e9ploy\u00e9s strat\u00e9giquement pendant les grands chass\u00e9s-crois\u00e9s de l\u2019\u00e9t\u00e9. Depuis leur lancement il y a plus de dix ans, leur fonctionnement a \u00e9volu\u00e9, tout comme leur nombre et leur mode d\u2019exploitation. Focus sur leur r\u00f4le sp\u00e9cifique durant l\u2019\u00e9t\u00e9 2025.<\/p>\n","protected":false},"author":6,"featured_media":23444,"comment_status":"open","ping_status":"open","sticky":false,"template":"","format":"standard","meta":{"_acf_changed":false,"content-type":"","footnotes":""},"categories":[5],"tags":[636],"class_list":["post-23440","post","type-post","status-publish","format-standard","has-post-thumbnail","hentry","category-actualite-automobile","tag-voitures-radars"],"acf":[],"yoast_head":"<!-- This site is optimized with the Yoast SEO plugin v27.5 - https:\/\/yoast.com\/product\/yoast-seo-wordpress\/ -->\n<title>Voitures radars : l\u2019\u00e9t\u00e9 sous haute surveillance - AutoJM Mag<\/title>\n<meta name=\"description\" content=\"En France, les voitures radars sont devenues un pilier de la politique de s\u00e9curit\u00e9 routi\u00e8re, notamment durant les p\u00e9riodes de fort trafic...\" \/>\n<meta name=\"robots\" content=\"index, follow, max-snippet:-1, max-image-preview:large, max-video-preview:-1\" \/>\n<link rel=\"canonical\" href=\"https:\/\/www.autojm.fr\/blog\/voitures-radars-lete-sous-haute-surveillance\/\" \/>\n<meta property=\"og:locale\" content=\"fr_FR\" \/>\n<meta property=\"og:type\" content=\"article\" \/>\n<meta property=\"og:title\" content=\"Voitures radars : l\u2019\u00e9t\u00e9 sous haute surveillance - AutoJM Mag\" \/>\n<meta property=\"og:description\" content=\"En France, les voitures radars sont devenues un pilier de la politique de s\u00e9curit\u00e9 routi\u00e8re, notamment durant les p\u00e9riodes de fort trafic...\" \/>\n<meta property=\"og:url\" content=\"https:\/\/www.autojm.fr\/blog\/voitures-radars-lete-sous-haute-surveillance\/\" \/>\n<meta property=\"og:site_name\" content=\"AutoJM Mag\" \/>\n<meta property=\"article:publisher\" content=\"https:\/\/www.facebook.com\/AutoJM25\" \/>\n<meta property=\"article:published_time\" content=\"2025-08-19T07:00:00+00:00\" \/>\n<meta property=\"og:image\" content=\"https:\/\/www.autojm.fr\/blog\/wp-content\/uploads\/2025\/08\/image-top-1000x500-1.png\" \/>\n\t<meta property=\"og:image:width\" content=\"1000\" \/>\n\t<meta property=\"og:image:height\" content=\"500\" \/>\n\t<meta property=\"og:image:type\" content=\"image\/png\" \/>\n<meta name=\"author\" content=\"Justine Tripard\" \/>\n<meta name=\"twitter:card\" content=\"summary_large_image\" \/>\n<meta name=\"twitter:label1\" content=\"\u00c9crit par\" \/>\n\t<meta name=\"twitter:data1\" content=\"Justine Tripard\" \/>\n\t<meta name=\"twitter:label2\" content=\"Dur\u00e9e de lecture estim\u00e9e\" \/>\n\t<meta name=\"twitter:data2\" content=\"4 minutes\" \/>\n<script type=\"application\/ld+json\" class=\"yoast-schema-graph\">{\"@context\":\"https:\\\/\\\/schema.org\",\"@graph\":[{\"@type\":\"Article\",\"@id\":\"https:\\\/\\\/www.autojm.fr\\\/blog\\\/voitures-radars-lete-sous-haute-surveillance\\\/#article\",\"isPartOf\":{\"@id\":\"https:\\\/\\\/www.autojm.fr\\\/blog\\\/voitures-radars-lete-sous-haute-surveillance\\\/\"},\"author\":{\"name\":\"Justine Tripard\",\"@id\":\"https:\\\/\\\/www.autojm.fr\\\/blog\\\/#\\\/schema\\\/person\\\/1cc83a91548d88a62eb8cf06f562a72c\"},\"headline\":\"Voitures radars : l\u2019\u00e9t\u00e9 sous haute surveillance\",\"datePublished\":\"2025-08-19T07:00:00+00:00\",\"mainEntityOfPage\":{\"@id\":\"https:\\\/\\\/www.autojm.fr\\\/blog\\\/voitures-radars-lete-sous-haute-surveillance\\\/\"},\"wordCount\":7,\"commentCount\":0,\"publisher\":{\"@id\":\"https:\\\/\\\/www.autojm.fr\\\/blog\\\/#organization\"},\"image\":{\"@id\":\"https:\\\/\\\/www.autojm.fr\\\/blog\\\/voitures-radars-lete-sous-haute-surveillance\\\/#primaryimage\"},\"thumbnailUrl\":\"https:\\\/\\\/www.autojm.fr\\\/blog\\\/wp-content\\\/uploads\\\/2025\\\/08\\\/image-top-1000x500-1.png\",\"keywords\":[\"voitures radars\"],\"articleSection\":[\"Actualit\u00e9 Automobile\"],\"inLanguage\":\"fr-FR\",\"potentialAction\":[{\"@type\":\"CommentAction\",\"name\":\"Comment\",\"target\":[\"https:\\\/\\\/www.autojm.fr\\\/blog\\\/voitures-radars-lete-sous-haute-surveillance\\\/#respond\"]}]},{\"@type\":\"WebPage\",\"@id\":\"https:\\\/\\\/www.autojm.fr\\\/blog\\\/voitures-radars-lete-sous-haute-surveillance\\\/\",\"url\":\"https:\\\/\\\/www.autojm.fr\\\/blog\\\/voitures-radars-lete-sous-haute-surveillance\\\/\",\"name\":\"Voitures radars : l\u2019\u00e9t\u00e9 sous haute surveillance - AutoJM Mag\",\"isPartOf\":{\"@id\":\"https:\\\/\\\/www.autojm.fr\\\/blog\\\/#website\"},\"primaryImageOfPage\":{\"@id\":\"https:\\\/\\\/www.autojm.fr\\\/blog\\\/voitures-radars-lete-sous-haute-surveillance\\\/#primaryimage\"},\"image\":{\"@id\":\"https:\\\/\\\/www.autojm.fr\\\/blog\\\/voitures-radars-lete-sous-haute-surveillance\\\/#primaryimage\"},\"thumbnailUrl\":\"https:\\\/\\\/www.autojm.fr\\\/blog\\\/wp-content\\\/uploads\\\/2025\\\/08\\\/image-top-1000x500-1.png\",\"datePublished\":\"2025-08-19T07:00:00+00:00\",\"description\":\"En France, les voitures radars sont devenues un pilier de la politique de s\u00e9curit\u00e9 routi\u00e8re, notamment durant les p\u00e9riodes de fort trafic...\",\"breadcrumb\":{\"@id\":\"https:\\\/\\\/www.autojm.fr\\\/blog\\\/voitures-radars-lete-sous-haute-surveillance\\\/#breadcrumb\"},\"inLanguage\":\"fr-FR\",\"potentialAction\":[{\"@type\":\"ReadAction\",\"target\":[\"https:\\\/\\\/www.autojm.fr\\\/blog\\\/voitures-radars-lete-sous-haute-surveillance\\\/\"]}]},{\"@type\":\"ImageObject\",\"inLanguage\":\"fr-FR\",\"@id\":\"https:\\\/\\\/www.autojm.fr\\\/blog\\\/voitures-radars-lete-sous-haute-surveillance\\\/#primaryimage\",\"url\":\"https:\\\/\\\/www.autojm.fr\\\/blog\\\/wp-content\\\/uploads\\\/2025\\\/08\\\/image-top-1000x500-1.png\",\"contentUrl\":\"https:\\\/\\\/www.autojm.fr\\\/blog\\\/wp-content\\\/uploads\\\/2025\\\/08\\\/image-top-1000x500-1.png\",\"width\":1000,\"height\":500,\"caption\":\"Voitures radars\"},{\"@type\":\"BreadcrumbList\",\"@id\":\"https:\\\/\\\/www.autojm.fr\\\/blog\\\/voitures-radars-lete-sous-haute-surveillance\\\/#breadcrumb\",\"itemListElement\":[{\"@type\":\"ListItem\",\"position\":1,\"name\":\"Accueil\",\"item\":\"https:\\\/\\\/www.autojm.fr\\\/blog\\\/\"},{\"@type\":\"ListItem\",\"position\":2,\"name\":\"Actualit\u00e9 Automobile\",\"item\":\"https:\\\/\\\/www.autojm.fr\\\/blog\\\/actualite-automobile\\\/\"},{\"@type\":\"ListItem\",\"position\":3,\"name\":\"Voitures radars : l\u2019\u00e9t\u00e9 sous haute surveillance\"}]},{\"@type\":\"WebSite\",\"@id\":\"https:\\\/\\\/www.autojm.fr\\\/blog\\\/#website\",\"url\":\"https:\\\/\\\/www.autojm.fr\\\/blog\\\/\",\"name\":\"AutoJM Mag\",\"description\":\"Toute l&#039;actu auto en 1 clic !\",\"publisher\":{\"@id\":\"https:\\\/\\\/www.autojm.fr\\\/blog\\\/#organization\"},\"potentialAction\":[{\"@type\":\"SearchAction\",\"target\":{\"@type\":\"EntryPoint\",\"urlTemplate\":\"https:\\\/\\\/www.autojm.fr\\\/blog\\\/?s={search_term_string}\"},\"query-input\":{\"@type\":\"PropertyValueSpecification\",\"valueRequired\":true,\"valueName\":\"search_term_string\"}}],\"inLanguage\":\"fr-FR\"},{\"@type\":\"Organization\",\"@id\":\"https:\\\/\\\/www.autojm.fr\\\/blog\\\/#organization\",\"name\":\"AutoJM Mag\",\"url\":\"https:\\\/\\\/www.autojm.fr\\\/blog\\\/\",\"logo\":{\"@type\":\"ImageObject\",\"inLanguage\":\"fr-FR\",\"@id\":\"https:\\\/\\\/www.autojm.fr\\\/blog\\\/#\\\/schema\\\/logo\\\/image\\\/\",\"url\":\"https:\\\/\\\/www.autojm.fr\\\/blog\\\/wp-content\\\/uploads\\\/2022\\\/12\\\/cropped-AutoJMag-png.png\",\"contentUrl\":\"https:\\\/\\\/www.autojm.fr\\\/blog\\\/wp-content\\\/uploads\\\/2022\\\/12\\\/cropped-AutoJMag-png.png\",\"width\":2834,\"height\":585,\"caption\":\"AutoJM Mag\"},\"image\":{\"@id\":\"https:\\\/\\\/www.autojm.fr\\\/blog\\\/#\\\/schema\\\/logo\\\/image\\\/\"},\"sameAs\":[\"https:\\\/\\\/www.facebook.com\\\/AutoJM25\"]},{\"@type\":\"Person\",\"@id\":\"https:\\\/\\\/www.autojm.fr\\\/blog\\\/#\\\/schema\\\/person\\\/1cc83a91548d88a62eb8cf06f562a72c\",\"name\":\"Justine Tripard\",\"image\":{\"@type\":\"ImageObject\",\"inLanguage\":\"fr-FR\",\"@id\":\"https:\\\/\\\/secure.gravatar.com\\\/avatar\\\/b8b45209a4cf0b7b127b9238ec348090e7302306d2485eeaab17b6761fe84991?s=96&d=mm&r=g\",\"url\":\"https:\\\/\\\/secure.gravatar.com\\\/avatar\\\/b8b45209a4cf0b7b127b9238ec348090e7302306d2485eeaab17b6761fe84991?s=96&d=mm&r=g\",\"contentUrl\":\"https:\\\/\\\/secure.gravatar.com\\\/avatar\\\/b8b45209a4cf0b7b127b9238ec348090e7302306d2485eeaab17b6761fe84991?s=96&d=mm&r=g\",\"caption\":\"Justine Tripard\"},\"url\":\"https:\\\/\\\/www.autojm.fr\\\/blog\\\/author\\\/justine\\\/\"}]}<\/script>\n<!-- \/ Yoast SEO plugin. -->","yoast_head_json":{"title":"Voitures radars : l\u2019\u00e9t\u00e9 sous haute surveillance - AutoJM Mag","description":"En France, les voitures radars sont devenues un pilier de la politique de s\u00e9curit\u00e9 routi\u00e8re, notamment durant les p\u00e9riodes de fort trafic...","robots":{"index":"index","follow":"follow","max-snippet":"max-snippet:-1","max-image-preview":"max-image-preview:large","max-video-preview":"max-video-preview:-1"},"canonical":"https:\/\/www.autojm.fr\/blog\/voitures-radars-lete-sous-haute-surveillance\/","og_locale":"fr_FR","og_type":"article","og_title":"Voitures radars : l\u2019\u00e9t\u00e9 sous haute surveillance - AutoJM Mag","og_description":"En France, les voitures radars sont devenues un pilier de la politique de s\u00e9curit\u00e9 routi\u00e8re, notamment durant les p\u00e9riodes de fort trafic...","og_url":"https:\/\/www.autojm.fr\/blog\/voitures-radars-lete-sous-haute-surveillance\/","og_site_name":"AutoJM Mag","article_publisher":"https:\/\/www.facebook.com\/AutoJM25","article_published_time":"2025-08-19T07:00:00+00:00","og_image":[{"width":1000,"height":500,"url":"https:\/\/www.autojm.fr\/blog\/wp-content\/uploads\/2025\/08\/image-top-1000x500-1.png","type":"image\/png"}],"author":"Justine Tripard","twitter_card":"summary_large_image","twitter_misc":{"\u00c9crit par":"Justine Tripard","Dur\u00e9e de lecture estim\u00e9e":"4 minutes"},"schema":{"@context":"https:\/\/schema.org","@graph":[{"@type":"Article","@id":"https:\/\/www.autojm.fr\/blog\/voitures-radars-lete-sous-haute-surveillance\/#article","isPartOf":{"@id":"https:\/\/www.autojm.fr\/blog\/voitures-radars-lete-sous-haute-surveillance\/"},"author":{"name":"Justine Tripard","@id":"https:\/\/www.autojm.fr\/blog\/#\/schema\/person\/1cc83a91548d88a62eb8cf06f562a72c"},"headline":"Voitures radars : l\u2019\u00e9t\u00e9 sous haute surveillance","datePublished":"2025-08-19T07:00:00+00:00","mainEntityOfPage":{"@id":"https:\/\/www.autojm.fr\/blog\/voitures-radars-lete-sous-haute-surveillance\/"},"wordCount":7,"commentCount":0,"publisher":{"@id":"https:\/\/www.autojm.fr\/blog\/#organization"},"image":{"@id":"https:\/\/www.autojm.fr\/blog\/voitures-radars-lete-sous-haute-surveillance\/#primaryimage"},"thumbnailUrl":"https:\/\/www.autojm.fr\/blog\/wp-content\/uploads\/2025\/08\/image-top-1000x500-1.png","keywords":["voitures radars"],"articleSection":["Actualit\u00e9 Automobile"],"inLanguage":"fr-FR","potentialAction":[{"@type":"CommentAction","name":"Comment","target":["https:\/\/www.autojm.fr\/blog\/voitures-radars-lete-sous-haute-surveillance\/#respond"]}]},{"@type":"WebPage","@id":"https:\/\/www.autojm.fr\/blog\/voitures-radars-lete-sous-haute-surveillance\/","url":"https:\/\/www.autojm.fr\/blog\/voitures-radars-lete-sous-haute-surveillance\/","name":"Voitures radars : l\u2019\u00e9t\u00e9 sous haute surveillance - AutoJM Mag","isPartOf":{"@id":"https:\/\/www.autojm.fr\/blog\/#website"},"primaryImageOfPage":{"@id":"https:\/\/www.autojm.fr\/blog\/voitures-radars-lete-sous-haute-surveillance\/#primaryimage"},"image":{"@id":"https:\/\/www.autojm.fr\/blog\/voitures-radars-lete-sous-haute-surveillance\/#primaryimage"},"thumbnailUrl":"https:\/\/www.autojm.fr\/blog\/wp-content\/uploads\/2025\/08\/image-top-1000x500-1.png","datePublished":"2025-08-19T07:00:00+00:00","description":"En France, les voitures radars sont devenues un pilier de la politique de s\u00e9curit\u00e9 routi\u00e8re, notamment durant les p\u00e9riodes de fort trafic...","breadcrumb":{"@id":"https:\/\/www.autojm.fr\/blog\/voitures-radars-lete-sous-haute-surveillance\/#breadcrumb"},"inLanguage":"fr-FR","potentialAction":[{"@type":"ReadAction","target":["https:\/\/www.autojm.fr\/blog\/voitures-radars-lete-sous-haute-surveillance\/"]}]},{"@type":"ImageObject","inLanguage":"fr-FR","@id":"https:\/\/www.autojm.fr\/blog\/voitures-radars-lete-sous-haute-surveillance\/#primaryimage","url":"https:\/\/www.autojm.fr\/blog\/wp-content\/uploads\/2025\/08\/image-top-1000x500-1.png","contentUrl":"https:\/\/www.autojm.fr\/blog\/wp-content\/uploads\/2025\/08\/image-top-1000x500-1.png","width":1000,"height":500,"caption":"Voitures radars"},{"@type":"BreadcrumbList","@id":"https:\/\/www.autojm.fr\/blog\/voitures-radars-lete-sous-haute-surveillance\/#breadcrumb","itemListElement":[{"@type":"ListItem","position":1,"name":"Accueil","item":"https:\/\/www.autojm.fr\/blog\/"},{"@type":"ListItem","position":2,"name":"Actualit\u00e9 Automobile","item":"https:\/\/www.autojm.fr\/blog\/actualite-automobile\/"},{"@type":"ListItem","position":3,"name":"Voitures radars : l\u2019\u00e9t\u00e9 sous haute surveillance"}]},{"@type":"WebSite","@id":"https:\/\/www.autojm.fr\/blog\/#website","url":"https:\/\/www.autojm.fr\/blog\/","name":"AutoJM Mag","description":"Toute l&#039;actu auto en 1 clic !","publisher":{"@id":"https:\/\/www.autojm.fr\/blog\/#organization"},"potentialAction":[{"@type":"SearchAction","target":{"@type":"EntryPoint","urlTemplate":"https:\/\/www.autojm.fr\/blog\/?s={search_term_string}"},"query-input":{"@type":"PropertyValueSpecification","valueRequired":true,"valueName":"search_term_string"}}],"inLanguage":"fr-FR"},{"@type":"Organization","@id":"https:\/\/www.autojm.fr\/blog\/#organization","name":"AutoJM Mag","url":"https:\/\/www.autojm.fr\/blog\/","logo":{"@type":"ImageObject","inLanguage":"fr-FR","@id":"https:\/\/www.autojm.fr\/blog\/#\/schema\/logo\/image\/","url":"https:\/\/www.autojm.fr\/blog\/wp-content\/uploads\/2022\/12\/cropped-AutoJMag-png.png","contentUrl":"https:\/\/www.autojm.fr\/blog\/wp-content\/uploads\/2022\/12\/cropped-AutoJMag-png.png","width":2834,"height":585,"caption":"AutoJM Mag"},"image":{"@id":"https:\/\/www.autojm.fr\/blog\/#\/schema\/logo\/image\/"},"sameAs":["https:\/\/www.facebook.com\/AutoJM25"]},{"@type":"Person","@id":"https:\/\/www.autojm.fr\/blog\/#\/schema\/person\/1cc83a91548d88a62eb8cf06f562a72c","name":"Justine Tripard","image":{"@type":"ImageObject","inLanguage":"fr-FR","@id":"https:\/\/secure.gravatar.com\/avatar\/b8b45209a4cf0b7b127b9238ec348090e7302306d2485eeaab17b6761fe84991?s=96&d=mm&r=g","url":"https:\/\/secure.gravatar.com\/avatar\/b8b45209a4cf0b7b127b9238ec348090e7302306d2485eeaab17b6761fe84991?s=96&d=mm&r=g","contentUrl":"https:\/\/secure.gravatar.com\/avatar\/b8b45209a4cf0b7b127b9238ec348090e7302306d2485eeaab17b6761fe84991?s=96&d=mm&r=g","caption":"Justine Tripard"},"url":"https:\/\/www.autojm.fr\/blog\/author\/justine\/"}]}},"_links":{"self":[{"href":"https:\/\/www.autojm.fr\/blog\/wp-json\/wp\/v2\/posts\/23440","targetHints":{"allow":["GET"]}}],"collection":[{"href":"https:\/\/www.autojm.fr\/blog\/wp-json\/wp\/v2\/posts"}],"about":[{"href":"https:\/\/www.autojm.fr\/blog\/wp-json\/wp\/v2\/types\/post"}],"author":[{"embeddable":true,"href":"https:\/\/www.autojm.fr\/blog\/wp-json\/wp\/v2\/users\/6"}],"replies":[{"embeddable":true,"href":"https:\/\/www.autojm.fr\/blog\/wp-json\/wp\/v2\/comments?post=23440"}],"version-history":[{"count":6,"href":"https:\/\/www.autojm.fr\/blog\/wp-json\/wp\/v2\/posts\/23440\/revisions"}],"predecessor-version":[{"id":23458,"href":"https:\/\/www.autojm.fr\/blog\/wp-json\/wp\/v2\/posts\/23440\/revisions\/23458"}],"wp:featuredmedia":[{"embeddable":true,"href":"https:\/\/www.autojm.fr\/blog\/wp-json\/wp\/v2\/media\/23444"}],"wp:attachment":[{"href":"https:\/\/www.autojm.fr\/blog\/wp-json\/wp\/v2\/media?parent=23440"}],"wp:term":[{"taxonomy":"category","embeddable":true,"href":"https:\/\/www.autojm.fr\/blog\/wp-json\/wp\/v2\/categories?post=23440"},{"taxonomy":"post_tag","embeddable":true,"href":"https:\/\/www.autojm.fr\/blog\/wp-json\/wp\/v2\/tags?post=23440"}],"curies":[{"name":"wp","href":"https:\/\/api.w.org\/{rel}","templated":true}]}}