{"id":23407,"date":"2025-08-01T09:00:00","date_gmt":"2025-08-01T07:00:00","guid":{"rendered":"https:\/\/www.autojm.fr\/blog\/?p=23407"},"modified":"2025-07-29T10:35:04","modified_gmt":"2025-07-29T08:35:04","slug":"droits-de-douanes-trump-ue-quels-effets-sur-le-secteur-automobile","status":"publish","type":"post","link":"https:\/\/www.autojm.fr\/blog\/droits-de-douanes-trump-ue-quels-effets-sur-le-secteur-automobile\/","title":{"rendered":"Droits de douanes Trump-UE : quels effets sur le secteur automobile ?"},"content":{"rendered":"","protected":false},"excerpt":{"rendered":"<p>Le 27 juillet 2025, Donald Trump et Ursula von der Leyen ont conclu en \u00c9cosse un accord commercial majeur. Apr\u00e8s des mois de menace d\u2019une surtaxe pouvant atteindre 30\u202f% voire 50\u202f% sur les produits europ\u00e9ens import\u00e9s aux \u00c9tats\u2011Unis, la nouvelle taxe douani\u00e8re est fix\u00e9e \u00e0 15\u202f%, ramenant ainsi la tension \u00e0 un niveau plus mod\u00e9r\u00e9. Si l\u2019Union se f\u00e9licite d\u2019un compromis face \u00e0 une menace initiale bien plus \u00e9lev\u00e9e, certains observateurs pointent un d\u00e9s\u00e9quilibre en faveur des \u00c9tats\u2011Unis, notamment dans les secteurs strat\u00e9giques comme l\u2019automobile : on vous explique.<\/p>\n","protected":false},"author":6,"featured_media":23411,"comment_status":"open","ping_status":"open","sticky":false,"template":"","format":"standard","meta":{"_acf_changed":false,"content-type":"","footnotes":""},"categories":[5],"tags":[397,633,631,635,629],"class_list":["post-23407","post","type-post","status-publish","format-standard","has-post-thumbnail","hentry","category-actualite-automobile","tag-automobile","tag-douane","tag-etats-unis","tag-taxes","tag-trump"],"acf":[],"yoast_head":"<!-- This site is optimized with the Yoast SEO plugin v27.5 - https:\/\/yoast.com\/product\/yoast-seo-wordpress\/ -->\n<title>Droits de douanes Trump-UE : quels effets sur le secteur automobile ? - AutoJM Mag<\/title>\n<meta name=\"description\" content=\"Le 27 juillet 2025, Donald Trump et Ursula von der Leyen ont conclu en \u00c9cosse un accord commercial majeur. Apr\u00e8s des mois de menace d\u2019une...\" \/>\n<meta name=\"robots\" content=\"index, follow, max-snippet:-1, max-image-preview:large, max-video-preview:-1\" \/>\n<link rel=\"canonical\" href=\"https:\/\/www.autojm.fr\/blog\/droits-de-douanes-trump-ue-quels-effets-sur-le-secteur-automobile\/\" \/>\n<meta property=\"og:locale\" content=\"fr_FR\" \/>\n<meta property=\"og:type\" content=\"article\" \/>\n<meta property=\"og:title\" content=\"Droits de douanes Trump-UE : quels effets sur le secteur automobile ? - AutoJM Mag\" \/>\n<meta property=\"og:description\" content=\"Le 27 juillet 2025, Donald Trump et Ursula von der Leyen ont conclu en \u00c9cosse un accord commercial majeur. Apr\u00e8s des mois de menace d\u2019une...\" \/>\n<meta property=\"og:url\" content=\"https:\/\/www.autojm.fr\/blog\/droits-de-douanes-trump-ue-quels-effets-sur-le-secteur-automobile\/\" \/>\n<meta property=\"og:site_name\" content=\"AutoJM Mag\" \/>\n<meta property=\"article:publisher\" content=\"https:\/\/www.facebook.com\/AutoJM25\" \/>\n<meta property=\"article:published_time\" content=\"2025-08-01T07:00:00+00:00\" \/>\n<meta property=\"og:image\" content=\"https:\/\/www.autojm.fr\/blog\/wp-content\/uploads\/2025\/07\/image-top-1000x500-8.png\" \/>\n\t<meta property=\"og:image:width\" content=\"1000\" \/>\n\t<meta property=\"og:image:height\" content=\"500\" \/>\n\t<meta property=\"og:image:type\" content=\"image\/png\" \/>\n<meta name=\"author\" content=\"Justine Tripard\" \/>\n<meta name=\"twitter:card\" content=\"summary_large_image\" \/>\n<meta name=\"twitter:label1\" content=\"\u00c9crit par\" \/>\n\t<meta name=\"twitter:data1\" content=\"Justine Tripard\" \/>\n\t<meta name=\"twitter:label2\" content=\"Dur\u00e9e de lecture estim\u00e9e\" \/>\n\t<meta name=\"twitter:data2\" content=\"4 minutes\" \/>\n<script type=\"application\/ld+json\" class=\"yoast-schema-graph\">{\"@context\":\"https:\\\/\\\/schema.org\",\"@graph\":[{\"@type\":\"Article\",\"@id\":\"https:\\\/\\\/www.autojm.fr\\\/blog\\\/droits-de-douanes-trump-ue-quels-effets-sur-le-secteur-automobile\\\/#article\",\"isPartOf\":{\"@id\":\"https:\\\/\\\/www.autojm.fr\\\/blog\\\/droits-de-douanes-trump-ue-quels-effets-sur-le-secteur-automobile\\\/\"},\"author\":{\"name\":\"Justine Tripard\",\"@id\":\"https:\\\/\\\/www.autojm.fr\\\/blog\\\/#\\\/schema\\\/person\\\/1cc83a91548d88a62eb8cf06f562a72c\"},\"headline\":\"Droits de douanes Trump-UE : quels effets sur le secteur automobile ?\",\"datePublished\":\"2025-08-01T07:00:00+00:00\",\"mainEntityOfPage\":{\"@id\":\"https:\\\/\\\/www.autojm.fr\\\/blog\\\/droits-de-douanes-trump-ue-quels-effets-sur-le-secteur-automobile\\\/\"},\"wordCount\":10,\"commentCount\":0,\"publisher\":{\"@id\":\"https:\\\/\\\/www.autojm.fr\\\/blog\\\/#organization\"},\"image\":{\"@id\":\"https:\\\/\\\/www.autojm.fr\\\/blog\\\/droits-de-douanes-trump-ue-quels-effets-sur-le-secteur-automobile\\\/#primaryimage\"},\"thumbnailUrl\":\"https:\\\/\\\/www.autojm.fr\\\/blog\\\/wp-content\\\/uploads\\\/2025\\\/07\\\/image-top-1000x500-8.png\",\"keywords\":[\"automobile\",\"douane\",\"etats-unis\",\"taxes\",\"trump\"],\"articleSection\":[\"Actualit\u00e9 Automobile\"],\"inLanguage\":\"fr-FR\",\"potentialAction\":[{\"@type\":\"CommentAction\",\"name\":\"Comment\",\"target\":[\"https:\\\/\\\/www.autojm.fr\\\/blog\\\/droits-de-douanes-trump-ue-quels-effets-sur-le-secteur-automobile\\\/#respond\"]}]},{\"@type\":\"WebPage\",\"@id\":\"https:\\\/\\\/www.autojm.fr\\\/blog\\\/droits-de-douanes-trump-ue-quels-effets-sur-le-secteur-automobile\\\/\",\"url\":\"https:\\\/\\\/www.autojm.fr\\\/blog\\\/droits-de-douanes-trump-ue-quels-effets-sur-le-secteur-automobile\\\/\",\"name\":\"Droits de douanes Trump-UE : quels effets sur le secteur automobile ? - AutoJM Mag\",\"isPartOf\":{\"@id\":\"https:\\\/\\\/www.autojm.fr\\\/blog\\\/#website\"},\"primaryImageOfPage\":{\"@id\":\"https:\\\/\\\/www.autojm.fr\\\/blog\\\/droits-de-douanes-trump-ue-quels-effets-sur-le-secteur-automobile\\\/#primaryimage\"},\"image\":{\"@id\":\"https:\\\/\\\/www.autojm.fr\\\/blog\\\/droits-de-douanes-trump-ue-quels-effets-sur-le-secteur-automobile\\\/#primaryimage\"},\"thumbnailUrl\":\"https:\\\/\\\/www.autojm.fr\\\/blog\\\/wp-content\\\/uploads\\\/2025\\\/07\\\/image-top-1000x500-8.png\",\"datePublished\":\"2025-08-01T07:00:00+00:00\",\"description\":\"Le 27 juillet 2025, Donald Trump et Ursula von der Leyen ont conclu en \u00c9cosse un accord commercial majeur. Apr\u00e8s des mois de menace d\u2019une...\",\"breadcrumb\":{\"@id\":\"https:\\\/\\\/www.autojm.fr\\\/blog\\\/droits-de-douanes-trump-ue-quels-effets-sur-le-secteur-automobile\\\/#breadcrumb\"},\"inLanguage\":\"fr-FR\",\"potentialAction\":[{\"@type\":\"ReadAction\",\"target\":[\"https:\\\/\\\/www.autojm.fr\\\/blog\\\/droits-de-douanes-trump-ue-quels-effets-sur-le-secteur-automobile\\\/\"]}]},{\"@type\":\"ImageObject\",\"inLanguage\":\"fr-FR\",\"@id\":\"https:\\\/\\\/www.autojm.fr\\\/blog\\\/droits-de-douanes-trump-ue-quels-effets-sur-le-secteur-automobile\\\/#primaryimage\",\"url\":\"https:\\\/\\\/www.autojm.fr\\\/blog\\\/wp-content\\\/uploads\\\/2025\\\/07\\\/image-top-1000x500-8.png\",\"contentUrl\":\"https:\\\/\\\/www.autojm.fr\\\/blog\\\/wp-content\\\/uploads\\\/2025\\\/07\\\/image-top-1000x500-8.png\",\"width\":1000,\"height\":500,\"caption\":\"droits douanes\"},{\"@type\":\"BreadcrumbList\",\"@id\":\"https:\\\/\\\/www.autojm.fr\\\/blog\\\/droits-de-douanes-trump-ue-quels-effets-sur-le-secteur-automobile\\\/#breadcrumb\",\"itemListElement\":[{\"@type\":\"ListItem\",\"position\":1,\"name\":\"Accueil\",\"item\":\"https:\\\/\\\/www.autojm.fr\\\/blog\\\/\"},{\"@type\":\"ListItem\",\"position\":2,\"name\":\"Actualit\u00e9 Automobile\",\"item\":\"https:\\\/\\\/www.autojm.fr\\\/blog\\\/actualite-automobile\\\/\"},{\"@type\":\"ListItem\",\"position\":3,\"name\":\"Droits de douanes Trump-UE : quels effets sur le secteur automobile ?\"}]},{\"@type\":\"WebSite\",\"@id\":\"https:\\\/\\\/www.autojm.fr\\\/blog\\\/#website\",\"url\":\"https:\\\/\\\/www.autojm.fr\\\/blog\\\/\",\"name\":\"AutoJM Mag\",\"description\":\"Toute l&#039;actu auto en 1 clic !\",\"publisher\":{\"@id\":\"https:\\\/\\\/www.autojm.fr\\\/blog\\\/#organization\"},\"potentialAction\":[{\"@type\":\"SearchAction\",\"target\":{\"@type\":\"EntryPoint\",\"urlTemplate\":\"https:\\\/\\\/www.autojm.fr\\\/blog\\\/?s={search_term_string}\"},\"query-input\":{\"@type\":\"PropertyValueSpecification\",\"valueRequired\":true,\"valueName\":\"search_term_string\"}}],\"inLanguage\":\"fr-FR\"},{\"@type\":\"Organization\",\"@id\":\"https:\\\/\\\/www.autojm.fr\\\/blog\\\/#organization\",\"name\":\"AutoJM Mag\",\"url\":\"https:\\\/\\\/www.autojm.fr\\\/blog\\\/\",\"logo\":{\"@type\":\"ImageObject\",\"inLanguage\":\"fr-FR\",\"@id\":\"https:\\\/\\\/www.autojm.fr\\\/blog\\\/#\\\/schema\\\/logo\\\/image\\\/\",\"url\":\"https:\\\/\\\/www.autojm.fr\\\/blog\\\/wp-content\\\/uploads\\\/2022\\\/12\\\/cropped-AutoJMag-png.png\",\"contentUrl\":\"https:\\\/\\\/www.autojm.fr\\\/blog\\\/wp-content\\\/uploads\\\/2022\\\/12\\\/cropped-AutoJMag-png.png\",\"width\":2834,\"height\":585,\"caption\":\"AutoJM Mag\"},\"image\":{\"@id\":\"https:\\\/\\\/www.autojm.fr\\\/blog\\\/#\\\/schema\\\/logo\\\/image\\\/\"},\"sameAs\":[\"https:\\\/\\\/www.facebook.com\\\/AutoJM25\"]},{\"@type\":\"Person\",\"@id\":\"https:\\\/\\\/www.autojm.fr\\\/blog\\\/#\\\/schema\\\/person\\\/1cc83a91548d88a62eb8cf06f562a72c\",\"name\":\"Justine Tripard\",\"image\":{\"@type\":\"ImageObject\",\"inLanguage\":\"fr-FR\",\"@id\":\"https:\\\/\\\/secure.gravatar.com\\\/avatar\\\/b8b45209a4cf0b7b127b9238ec348090e7302306d2485eeaab17b6761fe84991?s=96&d=mm&r=g\",\"url\":\"https:\\\/\\\/secure.gravatar.com\\\/avatar\\\/b8b45209a4cf0b7b127b9238ec348090e7302306d2485eeaab17b6761fe84991?s=96&d=mm&r=g\",\"contentUrl\":\"https:\\\/\\\/secure.gravatar.com\\\/avatar\\\/b8b45209a4cf0b7b127b9238ec348090e7302306d2485eeaab17b6761fe84991?s=96&d=mm&r=g\",\"caption\":\"Justine Tripard\"},\"url\":\"https:\\\/\\\/www.autojm.fr\\\/blog\\\/author\\\/justine\\\/\"}]}<\/script>\n<!-- \/ Yoast SEO plugin. -->","yoast_head_json":{"title":"Droits de douanes Trump-UE : quels effets sur le secteur automobile ? - AutoJM Mag","description":"Le 27 juillet 2025, Donald Trump et Ursula von der Leyen ont conclu en \u00c9cosse un accord commercial majeur. Apr\u00e8s des mois de menace d\u2019une...","robots":{"index":"index","follow":"follow","max-snippet":"max-snippet:-1","max-image-preview":"max-image-preview:large","max-video-preview":"max-video-preview:-1"},"canonical":"https:\/\/www.autojm.fr\/blog\/droits-de-douanes-trump-ue-quels-effets-sur-le-secteur-automobile\/","og_locale":"fr_FR","og_type":"article","og_title":"Droits de douanes Trump-UE : quels effets sur le secteur automobile ? - AutoJM Mag","og_description":"Le 27 juillet 2025, Donald Trump et Ursula von der Leyen ont conclu en \u00c9cosse un accord commercial majeur. Apr\u00e8s des mois de menace d\u2019une...","og_url":"https:\/\/www.autojm.fr\/blog\/droits-de-douanes-trump-ue-quels-effets-sur-le-secteur-automobile\/","og_site_name":"AutoJM Mag","article_publisher":"https:\/\/www.facebook.com\/AutoJM25","article_published_time":"2025-08-01T07:00:00+00:00","og_image":[{"width":1000,"height":500,"url":"https:\/\/www.autojm.fr\/blog\/wp-content\/uploads\/2025\/07\/image-top-1000x500-8.png","type":"image\/png"}],"author":"Justine Tripard","twitter_card":"summary_large_image","twitter_misc":{"\u00c9crit par":"Justine Tripard","Dur\u00e9e de lecture estim\u00e9e":"4 minutes"},"schema":{"@context":"https:\/\/schema.org","@graph":[{"@type":"Article","@id":"https:\/\/www.autojm.fr\/blog\/droits-de-douanes-trump-ue-quels-effets-sur-le-secteur-automobile\/#article","isPartOf":{"@id":"https:\/\/www.autojm.fr\/blog\/droits-de-douanes-trump-ue-quels-effets-sur-le-secteur-automobile\/"},"author":{"name":"Justine Tripard","@id":"https:\/\/www.autojm.fr\/blog\/#\/schema\/person\/1cc83a91548d88a62eb8cf06f562a72c"},"headline":"Droits de douanes Trump-UE : quels effets sur le secteur automobile ?","datePublished":"2025-08-01T07:00:00+00:00","mainEntityOfPage":{"@id":"https:\/\/www.autojm.fr\/blog\/droits-de-douanes-trump-ue-quels-effets-sur-le-secteur-automobile\/"},"wordCount":10,"commentCount":0,"publisher":{"@id":"https:\/\/www.autojm.fr\/blog\/#organization"},"image":{"@id":"https:\/\/www.autojm.fr\/blog\/droits-de-douanes-trump-ue-quels-effets-sur-le-secteur-automobile\/#primaryimage"},"thumbnailUrl":"https:\/\/www.autojm.fr\/blog\/wp-content\/uploads\/2025\/07\/image-top-1000x500-8.png","keywords":["automobile","douane","etats-unis","taxes","trump"],"articleSection":["Actualit\u00e9 Automobile"],"inLanguage":"fr-FR","potentialAction":[{"@type":"CommentAction","name":"Comment","target":["https:\/\/www.autojm.fr\/blog\/droits-de-douanes-trump-ue-quels-effets-sur-le-secteur-automobile\/#respond"]}]},{"@type":"WebPage","@id":"https:\/\/www.autojm.fr\/blog\/droits-de-douanes-trump-ue-quels-effets-sur-le-secteur-automobile\/","url":"https:\/\/www.autojm.fr\/blog\/droits-de-douanes-trump-ue-quels-effets-sur-le-secteur-automobile\/","name":"Droits de douanes Trump-UE : quels effets sur le secteur automobile ? - AutoJM Mag","isPartOf":{"@id":"https:\/\/www.autojm.fr\/blog\/#website"},"primaryImageOfPage":{"@id":"https:\/\/www.autojm.fr\/blog\/droits-de-douanes-trump-ue-quels-effets-sur-le-secteur-automobile\/#primaryimage"},"image":{"@id":"https:\/\/www.autojm.fr\/blog\/droits-de-douanes-trump-ue-quels-effets-sur-le-secteur-automobile\/#primaryimage"},"thumbnailUrl":"https:\/\/www.autojm.fr\/blog\/wp-content\/uploads\/2025\/07\/image-top-1000x500-8.png","datePublished":"2025-08-01T07:00:00+00:00","description":"Le 27 juillet 2025, Donald Trump et Ursula von der Leyen ont conclu en \u00c9cosse un accord commercial majeur. Apr\u00e8s des mois de menace d\u2019une...","breadcrumb":{"@id":"https:\/\/www.autojm.fr\/blog\/droits-de-douanes-trump-ue-quels-effets-sur-le-secteur-automobile\/#breadcrumb"},"inLanguage":"fr-FR","potentialAction":[{"@type":"ReadAction","target":["https:\/\/www.autojm.fr\/blog\/droits-de-douanes-trump-ue-quels-effets-sur-le-secteur-automobile\/"]}]},{"@type":"ImageObject","inLanguage":"fr-FR","@id":"https:\/\/www.autojm.fr\/blog\/droits-de-douanes-trump-ue-quels-effets-sur-le-secteur-automobile\/#primaryimage","url":"https:\/\/www.autojm.fr\/blog\/wp-content\/uploads\/2025\/07\/image-top-1000x500-8.png","contentUrl":"https:\/\/www.autojm.fr\/blog\/wp-content\/uploads\/2025\/07\/image-top-1000x500-8.png","width":1000,"height":500,"caption":"droits douanes"},{"@type":"BreadcrumbList","@id":"https:\/\/www.autojm.fr\/blog\/droits-de-douanes-trump-ue-quels-effets-sur-le-secteur-automobile\/#breadcrumb","itemListElement":[{"@type":"ListItem","position":1,"name":"Accueil","item":"https:\/\/www.autojm.fr\/blog\/"},{"@type":"ListItem","position":2,"name":"Actualit\u00e9 Automobile","item":"https:\/\/www.autojm.fr\/blog\/actualite-automobile\/"},{"@type":"ListItem","position":3,"name":"Droits de douanes Trump-UE : quels effets sur le secteur automobile ?"}]},{"@type":"WebSite","@id":"https:\/\/www.autojm.fr\/blog\/#website","url":"https:\/\/www.autojm.fr\/blog\/","name":"AutoJM Mag","description":"Toute l&#039;actu auto en 1 clic !","publisher":{"@id":"https:\/\/www.autojm.fr\/blog\/#organization"},"potentialAction":[{"@type":"SearchAction","target":{"@type":"EntryPoint","urlTemplate":"https:\/\/www.autojm.fr\/blog\/?s={search_term_string}"},"query-input":{"@type":"PropertyValueSpecification","valueRequired":true,"valueName":"search_term_string"}}],"inLanguage":"fr-FR"},{"@type":"Organization","@id":"https:\/\/www.autojm.fr\/blog\/#organization","name":"AutoJM Mag","url":"https:\/\/www.autojm.fr\/blog\/","logo":{"@type":"ImageObject","inLanguage":"fr-FR","@id":"https:\/\/www.autojm.fr\/blog\/#\/schema\/logo\/image\/","url":"https:\/\/www.autojm.fr\/blog\/wp-content\/uploads\/2022\/12\/cropped-AutoJMag-png.png","contentUrl":"https:\/\/www.autojm.fr\/blog\/wp-content\/uploads\/2022\/12\/cropped-AutoJMag-png.png","width":2834,"height":585,"caption":"AutoJM Mag"},"image":{"@id":"https:\/\/www.autojm.fr\/blog\/#\/schema\/logo\/image\/"},"sameAs":["https:\/\/www.facebook.com\/AutoJM25"]},{"@type":"Person","@id":"https:\/\/www.autojm.fr\/blog\/#\/schema\/person\/1cc83a91548d88a62eb8cf06f562a72c","name":"Justine Tripard","image":{"@type":"ImageObject","inLanguage":"fr-FR","@id":"https:\/\/secure.gravatar.com\/avatar\/b8b45209a4cf0b7b127b9238ec348090e7302306d2485eeaab17b6761fe84991?s=96&d=mm&r=g","url":"https:\/\/secure.gravatar.com\/avatar\/b8b45209a4cf0b7b127b9238ec348090e7302306d2485eeaab17b6761fe84991?s=96&d=mm&r=g","contentUrl":"https:\/\/secure.gravatar.com\/avatar\/b8b45209a4cf0b7b127b9238ec348090e7302306d2485eeaab17b6761fe84991?s=96&d=mm&r=g","caption":"Justine Tripard"},"url":"https:\/\/www.autojm.fr\/blog\/author\/justine\/"}]}},"_links":{"self":[{"href":"https:\/\/www.autojm.fr\/blog\/wp-json\/wp\/v2\/posts\/23407","targetHints":{"allow":["GET"]}}],"collection":[{"href":"https:\/\/www.autojm.fr\/blog\/wp-json\/wp\/v2\/posts"}],"about":[{"href":"https:\/\/www.autojm.fr\/blog\/wp-json\/wp\/v2\/types\/post"}],"author":[{"embeddable":true,"href":"https:\/\/www.autojm.fr\/blog\/wp-json\/wp\/v2\/users\/6"}],"replies":[{"embeddable":true,"href":"https:\/\/www.autojm.fr\/blog\/wp-json\/wp\/v2\/comments?post=23407"}],"version-history":[{"count":7,"href":"https:\/\/www.autojm.fr\/blog\/wp-json\/wp\/v2\/posts\/23407\/revisions"}],"predecessor-version":[{"id":23429,"href":"https:\/\/www.autojm.fr\/blog\/wp-json\/wp\/v2\/posts\/23407\/revisions\/23429"}],"wp:featuredmedia":[{"embeddable":true,"href":"https:\/\/www.autojm.fr\/blog\/wp-json\/wp\/v2\/media\/23411"}],"wp:attachment":[{"href":"https:\/\/www.autojm.fr\/blog\/wp-json\/wp\/v2\/media?parent=23407"}],"wp:term":[{"taxonomy":"category","embeddable":true,"href":"https:\/\/www.autojm.fr\/blog\/wp-json\/wp\/v2\/categories?post=23407"},{"taxonomy":"post_tag","embeddable":true,"href":"https:\/\/www.autojm.fr\/blog\/wp-json\/wp\/v2\/tags?post=23407"}],"curies":[{"name":"wp","href":"https:\/\/api.w.org\/{rel}","templated":true}]}}