{"id":23318,"date":"2025-08-05T09:00:00","date_gmt":"2025-08-05T07:00:00","guid":{"rendered":"https:\/\/www.autojm.fr\/blog\/?p=23318"},"modified":"2025-07-29T10:39:19","modified_gmt":"2025-07-29T08:39:19","slug":"retour-du-leasing-social-les-dernieres-infos","status":"publish","type":"post","link":"https:\/\/www.autojm.fr\/blog\/retour-du-leasing-social-les-dernieres-infos\/","title":{"rendered":"Retour du leasing social : les derni\u00e8res infos"},"content":{"rendered":"","protected":false},"excerpt":{"rendered":"<p>Le 30\u202fseptembre\u202f2025, le dispositif de leasing social fait son grand retour en France. Destin\u00e9 aux m\u00e9nages modestes, il vise \u00e0 d\u00e9mocratiser l\u2019acc\u00e8s \u00e0 la mobilit\u00e9 \u00e9lectrique gr\u00e2ce \u00e0 une offre de location longue dur\u00e9e \u00e0 co\u00fbt ma\u00eetris\u00e9. Fort du succ\u00e8s initial avec pr\u00e8s de 50\u202f000 commandes en d\u00e9but 2024, ce nouveau plan s\u2019inscrit dans une d\u00e9marche \u00e9cologique et sociale, facilit\u00e9e par les certificats d\u2019\u00e9conomies d\u2019\u00e9nergie (CEE) lanc\u00e9s par le gouvernement.<\/p>\n","protected":false},"author":6,"featured_media":23323,"comment_status":"open","ping_status":"open","sticky":false,"template":"","format":"standard","meta":{"_acf_changed":false,"content-type":"","footnotes":""},"categories":[5],"tags":[79,491,110,534,581,107,73,78],"class_list":["post-23318","post","type-post","status-publish","format-standard","has-post-thumbnail","hentry","category-actualite-automobile","tag-citroen","tag-electrique-2","tag-fiat","tag-jeep","tag-leasing-social","tag-opel","tag-peugeot","tag-renault"],"acf":[],"yoast_head":"<!-- This site is optimized with the Yoast SEO plugin v27.5 - https:\/\/yoast.com\/product\/yoast-seo-wordpress\/ -->\n<title>Retour du leasing social : les derni\u00e8res infos - AutoJM Mag<\/title>\n<meta name=\"description\" content=\"Le 30\u202fseptembre\u202f2025, le dispositif de leasing social fait son grand retour en France. Destin\u00e9 aux m\u00e9nages modestes, il vise \u00e0 d\u00e9mocratiser\" \/>\n<meta name=\"robots\" content=\"index, follow, max-snippet:-1, max-image-preview:large, max-video-preview:-1\" \/>\n<link rel=\"canonical\" href=\"https:\/\/www.autojm.fr\/blog\/retour-du-leasing-social-les-dernieres-infos\/\" \/>\n<meta property=\"og:locale\" content=\"fr_FR\" \/>\n<meta property=\"og:type\" content=\"article\" \/>\n<meta property=\"og:title\" content=\"Retour du leasing social : les derni\u00e8res infos - AutoJM Mag\" \/>\n<meta property=\"og:description\" content=\"Le 30\u202fseptembre\u202f2025, le dispositif de leasing social fait son grand retour en France. Destin\u00e9 aux m\u00e9nages modestes, il vise \u00e0 d\u00e9mocratiser\" \/>\n<meta property=\"og:url\" content=\"https:\/\/www.autojm.fr\/blog\/retour-du-leasing-social-les-dernieres-infos\/\" \/>\n<meta property=\"og:site_name\" content=\"AutoJM Mag\" \/>\n<meta property=\"article:publisher\" content=\"https:\/\/www.facebook.com\/AutoJM25\" \/>\n<meta property=\"article:published_time\" content=\"2025-08-05T07:00:00+00:00\" \/>\n<meta property=\"og:image\" content=\"https:\/\/www.autojm.fr\/blog\/wp-content\/uploads\/2025\/07\/image-top-1000x500-1-1.png\" \/>\n\t<meta property=\"og:image:width\" content=\"1000\" \/>\n\t<meta property=\"og:image:height\" content=\"500\" \/>\n\t<meta property=\"og:image:type\" content=\"image\/png\" \/>\n<meta name=\"author\" content=\"Justine Tripard\" \/>\n<meta name=\"twitter:card\" content=\"summary_large_image\" \/>\n<meta name=\"twitter:label1\" content=\"\u00c9crit par\" \/>\n\t<meta name=\"twitter:data1\" content=\"Justine Tripard\" \/>\n\t<meta name=\"twitter:label2\" content=\"Dur\u00e9e de lecture estim\u00e9e\" \/>\n\t<meta name=\"twitter:data2\" content=\"4 minutes\" \/>\n<script type=\"application\/ld+json\" class=\"yoast-schema-graph\">{\"@context\":\"https:\\\/\\\/schema.org\",\"@graph\":[{\"@type\":\"Article\",\"@id\":\"https:\\\/\\\/www.autojm.fr\\\/blog\\\/retour-du-leasing-social-les-dernieres-infos\\\/#article\",\"isPartOf\":{\"@id\":\"https:\\\/\\\/www.autojm.fr\\\/blog\\\/retour-du-leasing-social-les-dernieres-infos\\\/\"},\"author\":{\"name\":\"Justine Tripard\",\"@id\":\"https:\\\/\\\/www.autojm.fr\\\/blog\\\/#\\\/schema\\\/person\\\/1cc83a91548d88a62eb8cf06f562a72c\"},\"headline\":\"Retour du leasing social : les derni\u00e8res infos\",\"datePublished\":\"2025-08-05T07:00:00+00:00\",\"mainEntityOfPage\":{\"@id\":\"https:\\\/\\\/www.autojm.fr\\\/blog\\\/retour-du-leasing-social-les-dernieres-infos\\\/\"},\"wordCount\":8,\"commentCount\":0,\"publisher\":{\"@id\":\"https:\\\/\\\/www.autojm.fr\\\/blog\\\/#organization\"},\"image\":{\"@id\":\"https:\\\/\\\/www.autojm.fr\\\/blog\\\/retour-du-leasing-social-les-dernieres-infos\\\/#primaryimage\"},\"thumbnailUrl\":\"https:\\\/\\\/www.autojm.fr\\\/blog\\\/wp-content\\\/uploads\\\/2025\\\/07\\\/image-top-1000x500-1-1.png\",\"keywords\":[\"citroen\",\"electrique\",\"Fiat\",\"jeep\",\"leasing social\",\"Opel\",\"peugeot\",\"renault\"],\"articleSection\":[\"Actualit\u00e9 Automobile\"],\"inLanguage\":\"fr-FR\",\"potentialAction\":[{\"@type\":\"CommentAction\",\"name\":\"Comment\",\"target\":[\"https:\\\/\\\/www.autojm.fr\\\/blog\\\/retour-du-leasing-social-les-dernieres-infos\\\/#respond\"]}]},{\"@type\":\"WebPage\",\"@id\":\"https:\\\/\\\/www.autojm.fr\\\/blog\\\/retour-du-leasing-social-les-dernieres-infos\\\/\",\"url\":\"https:\\\/\\\/www.autojm.fr\\\/blog\\\/retour-du-leasing-social-les-dernieres-infos\\\/\",\"name\":\"Retour du leasing social : les derni\u00e8res infos - AutoJM Mag\",\"isPartOf\":{\"@id\":\"https:\\\/\\\/www.autojm.fr\\\/blog\\\/#website\"},\"primaryImageOfPage\":{\"@id\":\"https:\\\/\\\/www.autojm.fr\\\/blog\\\/retour-du-leasing-social-les-dernieres-infos\\\/#primaryimage\"},\"image\":{\"@id\":\"https:\\\/\\\/www.autojm.fr\\\/blog\\\/retour-du-leasing-social-les-dernieres-infos\\\/#primaryimage\"},\"thumbnailUrl\":\"https:\\\/\\\/www.autojm.fr\\\/blog\\\/wp-content\\\/uploads\\\/2025\\\/07\\\/image-top-1000x500-1-1.png\",\"datePublished\":\"2025-08-05T07:00:00+00:00\",\"description\":\"Le 30\u202fseptembre\u202f2025, le dispositif de leasing social fait son grand retour en France. Destin\u00e9 aux m\u00e9nages modestes, il vise \u00e0 d\u00e9mocratiser\",\"breadcrumb\":{\"@id\":\"https:\\\/\\\/www.autojm.fr\\\/blog\\\/retour-du-leasing-social-les-dernieres-infos\\\/#breadcrumb\"},\"inLanguage\":\"fr-FR\",\"potentialAction\":[{\"@type\":\"ReadAction\",\"target\":[\"https:\\\/\\\/www.autojm.fr\\\/blog\\\/retour-du-leasing-social-les-dernieres-infos\\\/\"]}]},{\"@type\":\"ImageObject\",\"inLanguage\":\"fr-FR\",\"@id\":\"https:\\\/\\\/www.autojm.fr\\\/blog\\\/retour-du-leasing-social-les-dernieres-infos\\\/#primaryimage\",\"url\":\"https:\\\/\\\/www.autojm.fr\\\/blog\\\/wp-content\\\/uploads\\\/2025\\\/07\\\/image-top-1000x500-1-1.png\",\"contentUrl\":\"https:\\\/\\\/www.autojm.fr\\\/blog\\\/wp-content\\\/uploads\\\/2025\\\/07\\\/image-top-1000x500-1-1.png\",\"width\":1000,\"height\":500,\"caption\":\"leasing social\"},{\"@type\":\"BreadcrumbList\",\"@id\":\"https:\\\/\\\/www.autojm.fr\\\/blog\\\/retour-du-leasing-social-les-dernieres-infos\\\/#breadcrumb\",\"itemListElement\":[{\"@type\":\"ListItem\",\"position\":1,\"name\":\"Accueil\",\"item\":\"https:\\\/\\\/www.autojm.fr\\\/blog\\\/\"},{\"@type\":\"ListItem\",\"position\":2,\"name\":\"Actualit\u00e9 Automobile\",\"item\":\"https:\\\/\\\/www.autojm.fr\\\/blog\\\/actualite-automobile\\\/\"},{\"@type\":\"ListItem\",\"position\":3,\"name\":\"Retour du leasing social : les derni\u00e8res infos\"}]},{\"@type\":\"WebSite\",\"@id\":\"https:\\\/\\\/www.autojm.fr\\\/blog\\\/#website\",\"url\":\"https:\\\/\\\/www.autojm.fr\\\/blog\\\/\",\"name\":\"AutoJM Mag\",\"description\":\"Toute l&#039;actu auto en 1 clic !\",\"publisher\":{\"@id\":\"https:\\\/\\\/www.autojm.fr\\\/blog\\\/#organization\"},\"potentialAction\":[{\"@type\":\"SearchAction\",\"target\":{\"@type\":\"EntryPoint\",\"urlTemplate\":\"https:\\\/\\\/www.autojm.fr\\\/blog\\\/?s={search_term_string}\"},\"query-input\":{\"@type\":\"PropertyValueSpecification\",\"valueRequired\":true,\"valueName\":\"search_term_string\"}}],\"inLanguage\":\"fr-FR\"},{\"@type\":\"Organization\",\"@id\":\"https:\\\/\\\/www.autojm.fr\\\/blog\\\/#organization\",\"name\":\"AutoJM Mag\",\"url\":\"https:\\\/\\\/www.autojm.fr\\\/blog\\\/\",\"logo\":{\"@type\":\"ImageObject\",\"inLanguage\":\"fr-FR\",\"@id\":\"https:\\\/\\\/www.autojm.fr\\\/blog\\\/#\\\/schema\\\/logo\\\/image\\\/\",\"url\":\"https:\\\/\\\/www.autojm.fr\\\/blog\\\/wp-content\\\/uploads\\\/2022\\\/12\\\/cropped-AutoJMag-png.png\",\"contentUrl\":\"https:\\\/\\\/www.autojm.fr\\\/blog\\\/wp-content\\\/uploads\\\/2022\\\/12\\\/cropped-AutoJMag-png.png\",\"width\":2834,\"height\":585,\"caption\":\"AutoJM Mag\"},\"image\":{\"@id\":\"https:\\\/\\\/www.autojm.fr\\\/blog\\\/#\\\/schema\\\/logo\\\/image\\\/\"},\"sameAs\":[\"https:\\\/\\\/www.facebook.com\\\/AutoJM25\"]},{\"@type\":\"Person\",\"@id\":\"https:\\\/\\\/www.autojm.fr\\\/blog\\\/#\\\/schema\\\/person\\\/1cc83a91548d88a62eb8cf06f562a72c\",\"name\":\"Justine Tripard\",\"image\":{\"@type\":\"ImageObject\",\"inLanguage\":\"fr-FR\",\"@id\":\"https:\\\/\\\/secure.gravatar.com\\\/avatar\\\/b8b45209a4cf0b7b127b9238ec348090e7302306d2485eeaab17b6761fe84991?s=96&d=mm&r=g\",\"url\":\"https:\\\/\\\/secure.gravatar.com\\\/avatar\\\/b8b45209a4cf0b7b127b9238ec348090e7302306d2485eeaab17b6761fe84991?s=96&d=mm&r=g\",\"contentUrl\":\"https:\\\/\\\/secure.gravatar.com\\\/avatar\\\/b8b45209a4cf0b7b127b9238ec348090e7302306d2485eeaab17b6761fe84991?s=96&d=mm&r=g\",\"caption\":\"Justine Tripard\"},\"url\":\"https:\\\/\\\/www.autojm.fr\\\/blog\\\/author\\\/justine\\\/\"}]}<\/script>\n<!-- \/ Yoast SEO plugin. -->","yoast_head_json":{"title":"Retour du leasing social : les derni\u00e8res infos - AutoJM Mag","description":"Le 30\u202fseptembre\u202f2025, le dispositif de leasing social fait son grand retour en France. Destin\u00e9 aux m\u00e9nages modestes, il vise \u00e0 d\u00e9mocratiser","robots":{"index":"index","follow":"follow","max-snippet":"max-snippet:-1","max-image-preview":"max-image-preview:large","max-video-preview":"max-video-preview:-1"},"canonical":"https:\/\/www.autojm.fr\/blog\/retour-du-leasing-social-les-dernieres-infos\/","og_locale":"fr_FR","og_type":"article","og_title":"Retour du leasing social : les derni\u00e8res infos - AutoJM Mag","og_description":"Le 30\u202fseptembre\u202f2025, le dispositif de leasing social fait son grand retour en France. Destin\u00e9 aux m\u00e9nages modestes, il vise \u00e0 d\u00e9mocratiser","og_url":"https:\/\/www.autojm.fr\/blog\/retour-du-leasing-social-les-dernieres-infos\/","og_site_name":"AutoJM Mag","article_publisher":"https:\/\/www.facebook.com\/AutoJM25","article_published_time":"2025-08-05T07:00:00+00:00","og_image":[{"width":1000,"height":500,"url":"https:\/\/www.autojm.fr\/blog\/wp-content\/uploads\/2025\/07\/image-top-1000x500-1-1.png","type":"image\/png"}],"author":"Justine Tripard","twitter_card":"summary_large_image","twitter_misc":{"\u00c9crit par":"Justine Tripard","Dur\u00e9e de lecture estim\u00e9e":"4 minutes"},"schema":{"@context":"https:\/\/schema.org","@graph":[{"@type":"Article","@id":"https:\/\/www.autojm.fr\/blog\/retour-du-leasing-social-les-dernieres-infos\/#article","isPartOf":{"@id":"https:\/\/www.autojm.fr\/blog\/retour-du-leasing-social-les-dernieres-infos\/"},"author":{"name":"Justine Tripard","@id":"https:\/\/www.autojm.fr\/blog\/#\/schema\/person\/1cc83a91548d88a62eb8cf06f562a72c"},"headline":"Retour du leasing social : les derni\u00e8res infos","datePublished":"2025-08-05T07:00:00+00:00","mainEntityOfPage":{"@id":"https:\/\/www.autojm.fr\/blog\/retour-du-leasing-social-les-dernieres-infos\/"},"wordCount":8,"commentCount":0,"publisher":{"@id":"https:\/\/www.autojm.fr\/blog\/#organization"},"image":{"@id":"https:\/\/www.autojm.fr\/blog\/retour-du-leasing-social-les-dernieres-infos\/#primaryimage"},"thumbnailUrl":"https:\/\/www.autojm.fr\/blog\/wp-content\/uploads\/2025\/07\/image-top-1000x500-1-1.png","keywords":["citroen","electrique","Fiat","jeep","leasing social","Opel","peugeot","renault"],"articleSection":["Actualit\u00e9 Automobile"],"inLanguage":"fr-FR","potentialAction":[{"@type":"CommentAction","name":"Comment","target":["https:\/\/www.autojm.fr\/blog\/retour-du-leasing-social-les-dernieres-infos\/#respond"]}]},{"@type":"WebPage","@id":"https:\/\/www.autojm.fr\/blog\/retour-du-leasing-social-les-dernieres-infos\/","url":"https:\/\/www.autojm.fr\/blog\/retour-du-leasing-social-les-dernieres-infos\/","name":"Retour du leasing social : les derni\u00e8res infos - AutoJM Mag","isPartOf":{"@id":"https:\/\/www.autojm.fr\/blog\/#website"},"primaryImageOfPage":{"@id":"https:\/\/www.autojm.fr\/blog\/retour-du-leasing-social-les-dernieres-infos\/#primaryimage"},"image":{"@id":"https:\/\/www.autojm.fr\/blog\/retour-du-leasing-social-les-dernieres-infos\/#primaryimage"},"thumbnailUrl":"https:\/\/www.autojm.fr\/blog\/wp-content\/uploads\/2025\/07\/image-top-1000x500-1-1.png","datePublished":"2025-08-05T07:00:00+00:00","description":"Le 30\u202fseptembre\u202f2025, le dispositif de leasing social fait son grand retour en France. Destin\u00e9 aux m\u00e9nages modestes, il vise \u00e0 d\u00e9mocratiser","breadcrumb":{"@id":"https:\/\/www.autojm.fr\/blog\/retour-du-leasing-social-les-dernieres-infos\/#breadcrumb"},"inLanguage":"fr-FR","potentialAction":[{"@type":"ReadAction","target":["https:\/\/www.autojm.fr\/blog\/retour-du-leasing-social-les-dernieres-infos\/"]}]},{"@type":"ImageObject","inLanguage":"fr-FR","@id":"https:\/\/www.autojm.fr\/blog\/retour-du-leasing-social-les-dernieres-infos\/#primaryimage","url":"https:\/\/www.autojm.fr\/blog\/wp-content\/uploads\/2025\/07\/image-top-1000x500-1-1.png","contentUrl":"https:\/\/www.autojm.fr\/blog\/wp-content\/uploads\/2025\/07\/image-top-1000x500-1-1.png","width":1000,"height":500,"caption":"leasing social"},{"@type":"BreadcrumbList","@id":"https:\/\/www.autojm.fr\/blog\/retour-du-leasing-social-les-dernieres-infos\/#breadcrumb","itemListElement":[{"@type":"ListItem","position":1,"name":"Accueil","item":"https:\/\/www.autojm.fr\/blog\/"},{"@type":"ListItem","position":2,"name":"Actualit\u00e9 Automobile","item":"https:\/\/www.autojm.fr\/blog\/actualite-automobile\/"},{"@type":"ListItem","position":3,"name":"Retour du leasing social : les derni\u00e8res infos"}]},{"@type":"WebSite","@id":"https:\/\/www.autojm.fr\/blog\/#website","url":"https:\/\/www.autojm.fr\/blog\/","name":"AutoJM Mag","description":"Toute l&#039;actu auto en 1 clic !","publisher":{"@id":"https:\/\/www.autojm.fr\/blog\/#organization"},"potentialAction":[{"@type":"SearchAction","target":{"@type":"EntryPoint","urlTemplate":"https:\/\/www.autojm.fr\/blog\/?s={search_term_string}"},"query-input":{"@type":"PropertyValueSpecification","valueRequired":true,"valueName":"search_term_string"}}],"inLanguage":"fr-FR"},{"@type":"Organization","@id":"https:\/\/www.autojm.fr\/blog\/#organization","name":"AutoJM Mag","url":"https:\/\/www.autojm.fr\/blog\/","logo":{"@type":"ImageObject","inLanguage":"fr-FR","@id":"https:\/\/www.autojm.fr\/blog\/#\/schema\/logo\/image\/","url":"https:\/\/www.autojm.fr\/blog\/wp-content\/uploads\/2022\/12\/cropped-AutoJMag-png.png","contentUrl":"https:\/\/www.autojm.fr\/blog\/wp-content\/uploads\/2022\/12\/cropped-AutoJMag-png.png","width":2834,"height":585,"caption":"AutoJM Mag"},"image":{"@id":"https:\/\/www.autojm.fr\/blog\/#\/schema\/logo\/image\/"},"sameAs":["https:\/\/www.facebook.com\/AutoJM25"]},{"@type":"Person","@id":"https:\/\/www.autojm.fr\/blog\/#\/schema\/person\/1cc83a91548d88a62eb8cf06f562a72c","name":"Justine Tripard","image":{"@type":"ImageObject","inLanguage":"fr-FR","@id":"https:\/\/secure.gravatar.com\/avatar\/b8b45209a4cf0b7b127b9238ec348090e7302306d2485eeaab17b6761fe84991?s=96&d=mm&r=g","url":"https:\/\/secure.gravatar.com\/avatar\/b8b45209a4cf0b7b127b9238ec348090e7302306d2485eeaab17b6761fe84991?s=96&d=mm&r=g","contentUrl":"https:\/\/secure.gravatar.com\/avatar\/b8b45209a4cf0b7b127b9238ec348090e7302306d2485eeaab17b6761fe84991?s=96&d=mm&r=g","caption":"Justine Tripard"},"url":"https:\/\/www.autojm.fr\/blog\/author\/justine\/"}]}},"_links":{"self":[{"href":"https:\/\/www.autojm.fr\/blog\/wp-json\/wp\/v2\/posts\/23318","targetHints":{"allow":["GET"]}}],"collection":[{"href":"https:\/\/www.autojm.fr\/blog\/wp-json\/wp\/v2\/posts"}],"about":[{"href":"https:\/\/www.autojm.fr\/blog\/wp-json\/wp\/v2\/types\/post"}],"author":[{"embeddable":true,"href":"https:\/\/www.autojm.fr\/blog\/wp-json\/wp\/v2\/users\/6"}],"replies":[{"embeddable":true,"href":"https:\/\/www.autojm.fr\/blog\/wp-json\/wp\/v2\/comments?post=23318"}],"version-history":[{"count":9,"href":"https:\/\/www.autojm.fr\/blog\/wp-json\/wp\/v2\/posts\/23318\/revisions"}],"predecessor-version":[{"id":23345,"href":"https:\/\/www.autojm.fr\/blog\/wp-json\/wp\/v2\/posts\/23318\/revisions\/23345"}],"wp:featuredmedia":[{"embeddable":true,"href":"https:\/\/www.autojm.fr\/blog\/wp-json\/wp\/v2\/media\/23323"}],"wp:attachment":[{"href":"https:\/\/www.autojm.fr\/blog\/wp-json\/wp\/v2\/media?parent=23318"}],"wp:term":[{"taxonomy":"category","embeddable":true,"href":"https:\/\/www.autojm.fr\/blog\/wp-json\/wp\/v2\/categories?post=23318"},{"taxonomy":"post_tag","embeddable":true,"href":"https:\/\/www.autojm.fr\/blog\/wp-json\/wp\/v2\/tags?post=23318"}],"curies":[{"name":"wp","href":"https:\/\/api.w.org\/{rel}","templated":true}]}}