{"id":23281,"date":"2025-07-25T09:00:00","date_gmt":"2025-07-25T07:00:00","guid":{"rendered":"https:\/\/www.autojm.fr\/blog\/?p=23281"},"modified":"2025-07-22T15:44:17","modified_gmt":"2025-07-22T13:44:17","slug":"depart-en-vacances-les-conseils-pour-la-recharge-de-votre-vehicule-electrique","status":"publish","type":"post","link":"https:\/\/www.autojm.fr\/blog\/depart-en-vacances-les-conseils-pour-la-recharge-de-votre-vehicule-electrique\/","title":{"rendered":"D\u00e9part en vacances : les conseils pour la recharge de votre v\u00e9hicule \u00e9lectrique"},"content":{"rendered":"","protected":false},"excerpt":{"rendered":"<p>vec l\u2019essor de la mobilit\u00e9 \u00e9lectrique, de plus en plus de Fran\u00e7ais choisissent de partir en vacances en voiture \u00e9lectrique. Silencieuses, \u00e9conomiques et plus respectueuses de l\u2019environnement, ces voitures n\u00e9cessitent n\u00e9anmoins une organisation particuli\u00e8re, surtout lorsqu\u2019il s\u2019agit de longs trajets.<\/p>\n","protected":false},"author":2,"featured_media":23289,"comment_status":"open","ping_status":"open","sticky":false,"template":"","format":"standard","meta":{"_acf_changed":false,"content-type":"","footnotes":""},"categories":[22,347],"tags":[90,79,73,78],"class_list":["post-23281","post","type-post","status-publish","format-standard","has-post-thumbnail","hentry","category-conseils-astuces","category-conseils-voitures-propres","tag-autojm","tag-citroen","tag-peugeot","tag-renault"],"acf":[],"yoast_head":"<!-- This site is optimized with the Yoast SEO plugin v27.5 - https:\/\/yoast.com\/product\/yoast-seo-wordpress\/ -->\n<title>D\u00e9part en vacances : les conseils pour la recharge de votre v\u00e9hicule \u00e9lectrique - AutoJM Mag<\/title>\n<meta name=\"description\" content=\"vec l\u2019essor de la mobilit\u00e9 \u00e9lectrique, de plus en plus de Fran\u00e7ais choisissent de partir en vacances en voiture \u00e9lectrique...\" \/>\n<meta name=\"robots\" content=\"index, follow, max-snippet:-1, max-image-preview:large, max-video-preview:-1\" \/>\n<link rel=\"canonical\" href=\"https:\/\/www.autojm.fr\/blog\/depart-en-vacances-les-conseils-pour-la-recharge-de-votre-vehicule-electrique\/\" \/>\n<meta property=\"og:locale\" content=\"fr_FR\" \/>\n<meta property=\"og:type\" content=\"article\" \/>\n<meta property=\"og:title\" content=\"D\u00e9part en vacances : les conseils pour la recharge de votre v\u00e9hicule \u00e9lectrique - AutoJM Mag\" \/>\n<meta property=\"og:description\" content=\"vec l\u2019essor de la mobilit\u00e9 \u00e9lectrique, de plus en plus de Fran\u00e7ais choisissent de partir en vacances en voiture \u00e9lectrique...\" \/>\n<meta property=\"og:url\" content=\"https:\/\/www.autojm.fr\/blog\/depart-en-vacances-les-conseils-pour-la-recharge-de-votre-vehicule-electrique\/\" \/>\n<meta property=\"og:site_name\" content=\"AutoJM Mag\" \/>\n<meta property=\"article:publisher\" content=\"https:\/\/www.facebook.com\/AutoJM25\" \/>\n<meta property=\"article:published_time\" content=\"2025-07-25T07:00:00+00:00\" \/>\n<meta property=\"og:image\" content=\"https:\/\/www.autojm.fr\/blog\/wp-content\/uploads\/2025\/07\/image-top-1000x500-3-1.png\" \/>\n\t<meta property=\"og:image:width\" content=\"1000\" \/>\n\t<meta property=\"og:image:height\" content=\"500\" \/>\n\t<meta property=\"og:image:type\" content=\"image\/png\" \/>\n<meta name=\"author\" content=\"Aur\u00e9lia AutoJM\" \/>\n<meta name=\"twitter:card\" content=\"summary_large_image\" \/>\n<meta name=\"twitter:label1\" content=\"\u00c9crit par\" \/>\n\t<meta name=\"twitter:data1\" content=\"Aur\u00e9lia AutoJM\" \/>\n\t<meta name=\"twitter:label2\" content=\"Dur\u00e9e de lecture estim\u00e9e\" \/>\n\t<meta name=\"twitter:data2\" content=\"4 minutes\" \/>\n<script type=\"application\/ld+json\" class=\"yoast-schema-graph\">{\"@context\":\"https:\\\/\\\/schema.org\",\"@graph\":[{\"@type\":\"Article\",\"@id\":\"https:\\\/\\\/www.autojm.fr\\\/blog\\\/depart-en-vacances-les-conseils-pour-la-recharge-de-votre-vehicule-electrique\\\/#article\",\"isPartOf\":{\"@id\":\"https:\\\/\\\/www.autojm.fr\\\/blog\\\/depart-en-vacances-les-conseils-pour-la-recharge-de-votre-vehicule-electrique\\\/\"},\"author\":{\"name\":\"Aur\u00e9lia AutoJM\",\"@id\":\"https:\\\/\\\/www.autojm.fr\\\/blog\\\/#\\\/schema\\\/person\\\/e640a62bb6e669182918fd7871fe1ec5\"},\"headline\":\"D\u00e9part en vacances : les conseils pour la recharge de votre v\u00e9hicule \u00e9lectrique\",\"datePublished\":\"2025-07-25T07:00:00+00:00\",\"mainEntityOfPage\":{\"@id\":\"https:\\\/\\\/www.autojm.fr\\\/blog\\\/depart-en-vacances-les-conseils-pour-la-recharge-de-votre-vehicule-electrique\\\/\"},\"wordCount\":14,\"commentCount\":0,\"publisher\":{\"@id\":\"https:\\\/\\\/www.autojm.fr\\\/blog\\\/#organization\"},\"image\":{\"@id\":\"https:\\\/\\\/www.autojm.fr\\\/blog\\\/depart-en-vacances-les-conseils-pour-la-recharge-de-votre-vehicule-electrique\\\/#primaryimage\"},\"thumbnailUrl\":\"https:\\\/\\\/www.autojm.fr\\\/blog\\\/wp-content\\\/uploads\\\/2025\\\/07\\\/image-top-1000x500-3-1.png\",\"keywords\":[\"autojm\",\"citroen\",\"peugeot\",\"renault\"],\"articleSection\":[\"Conseils &amp; Astuces\",\"Conseils voitures propres\"],\"inLanguage\":\"fr-FR\",\"potentialAction\":[{\"@type\":\"CommentAction\",\"name\":\"Comment\",\"target\":[\"https:\\\/\\\/www.autojm.fr\\\/blog\\\/depart-en-vacances-les-conseils-pour-la-recharge-de-votre-vehicule-electrique\\\/#respond\"]}]},{\"@type\":\"WebPage\",\"@id\":\"https:\\\/\\\/www.autojm.fr\\\/blog\\\/depart-en-vacances-les-conseils-pour-la-recharge-de-votre-vehicule-electrique\\\/\",\"url\":\"https:\\\/\\\/www.autojm.fr\\\/blog\\\/depart-en-vacances-les-conseils-pour-la-recharge-de-votre-vehicule-electrique\\\/\",\"name\":\"D\u00e9part en vacances : les conseils pour la recharge de votre v\u00e9hicule \u00e9lectrique - AutoJM Mag\",\"isPartOf\":{\"@id\":\"https:\\\/\\\/www.autojm.fr\\\/blog\\\/#website\"},\"primaryImageOfPage\":{\"@id\":\"https:\\\/\\\/www.autojm.fr\\\/blog\\\/depart-en-vacances-les-conseils-pour-la-recharge-de-votre-vehicule-electrique\\\/#primaryimage\"},\"image\":{\"@id\":\"https:\\\/\\\/www.autojm.fr\\\/blog\\\/depart-en-vacances-les-conseils-pour-la-recharge-de-votre-vehicule-electrique\\\/#primaryimage\"},\"thumbnailUrl\":\"https:\\\/\\\/www.autojm.fr\\\/blog\\\/wp-content\\\/uploads\\\/2025\\\/07\\\/image-top-1000x500-3-1.png\",\"datePublished\":\"2025-07-25T07:00:00+00:00\",\"description\":\"vec l\u2019essor de la mobilit\u00e9 \u00e9lectrique, de plus en plus de Fran\u00e7ais choisissent de partir en vacances en voiture \u00e9lectrique...\",\"breadcrumb\":{\"@id\":\"https:\\\/\\\/www.autojm.fr\\\/blog\\\/depart-en-vacances-les-conseils-pour-la-recharge-de-votre-vehicule-electrique\\\/#breadcrumb\"},\"inLanguage\":\"fr-FR\",\"potentialAction\":[{\"@type\":\"ReadAction\",\"target\":[\"https:\\\/\\\/www.autojm.fr\\\/blog\\\/depart-en-vacances-les-conseils-pour-la-recharge-de-votre-vehicule-electrique\\\/\"]}]},{\"@type\":\"ImageObject\",\"inLanguage\":\"fr-FR\",\"@id\":\"https:\\\/\\\/www.autojm.fr\\\/blog\\\/depart-en-vacances-les-conseils-pour-la-recharge-de-votre-vehicule-electrique\\\/#primaryimage\",\"url\":\"https:\\\/\\\/www.autojm.fr\\\/blog\\\/wp-content\\\/uploads\\\/2025\\\/07\\\/image-top-1000x500-3-1.png\",\"contentUrl\":\"https:\\\/\\\/www.autojm.fr\\\/blog\\\/wp-content\\\/uploads\\\/2025\\\/07\\\/image-top-1000x500-3-1.png\",\"width\":1000,\"height\":500,\"caption\":\"recharge voiture electrique vacances\"},{\"@type\":\"BreadcrumbList\",\"@id\":\"https:\\\/\\\/www.autojm.fr\\\/blog\\\/depart-en-vacances-les-conseils-pour-la-recharge-de-votre-vehicule-electrique\\\/#breadcrumb\",\"itemListElement\":[{\"@type\":\"ListItem\",\"position\":1,\"name\":\"Accueil\",\"item\":\"https:\\\/\\\/www.autojm.fr\\\/blog\\\/\"},{\"@type\":\"ListItem\",\"position\":2,\"name\":\"Conseils &amp; Astuces\",\"item\":\"https:\\\/\\\/www.autojm.fr\\\/blog\\\/conseils-astuces\\\/\"},{\"@type\":\"ListItem\",\"position\":3,\"name\":\"D\u00e9part en vacances : les conseils pour la recharge de votre v\u00e9hicule \u00e9lectrique\"}]},{\"@type\":\"WebSite\",\"@id\":\"https:\\\/\\\/www.autojm.fr\\\/blog\\\/#website\",\"url\":\"https:\\\/\\\/www.autojm.fr\\\/blog\\\/\",\"name\":\"AutoJM Mag\",\"description\":\"Toute l&#039;actu auto en 1 clic !\",\"publisher\":{\"@id\":\"https:\\\/\\\/www.autojm.fr\\\/blog\\\/#organization\"},\"potentialAction\":[{\"@type\":\"SearchAction\",\"target\":{\"@type\":\"EntryPoint\",\"urlTemplate\":\"https:\\\/\\\/www.autojm.fr\\\/blog\\\/?s={search_term_string}\"},\"query-input\":{\"@type\":\"PropertyValueSpecification\",\"valueRequired\":true,\"valueName\":\"search_term_string\"}}],\"inLanguage\":\"fr-FR\"},{\"@type\":\"Organization\",\"@id\":\"https:\\\/\\\/www.autojm.fr\\\/blog\\\/#organization\",\"name\":\"AutoJM Mag\",\"url\":\"https:\\\/\\\/www.autojm.fr\\\/blog\\\/\",\"logo\":{\"@type\":\"ImageObject\",\"inLanguage\":\"fr-FR\",\"@id\":\"https:\\\/\\\/www.autojm.fr\\\/blog\\\/#\\\/schema\\\/logo\\\/image\\\/\",\"url\":\"https:\\\/\\\/www.autojm.fr\\\/blog\\\/wp-content\\\/uploads\\\/2022\\\/12\\\/cropped-AutoJMag-png.png\",\"contentUrl\":\"https:\\\/\\\/www.autojm.fr\\\/blog\\\/wp-content\\\/uploads\\\/2022\\\/12\\\/cropped-AutoJMag-png.png\",\"width\":2834,\"height\":585,\"caption\":\"AutoJM Mag\"},\"image\":{\"@id\":\"https:\\\/\\\/www.autojm.fr\\\/blog\\\/#\\\/schema\\\/logo\\\/image\\\/\"},\"sameAs\":[\"https:\\\/\\\/www.facebook.com\\\/AutoJM25\"]},{\"@type\":\"Person\",\"@id\":\"https:\\\/\\\/www.autojm.fr\\\/blog\\\/#\\\/schema\\\/person\\\/e640a62bb6e669182918fd7871fe1ec5\",\"name\":\"Aur\u00e9lia AutoJM\",\"image\":{\"@type\":\"ImageObject\",\"inLanguage\":\"fr-FR\",\"@id\":\"https:\\\/\\\/secure.gravatar.com\\\/avatar\\\/17404fe7ba867704dc53905b3aeb1f66282e3a23def617ff4d39a7130702f24b?s=96&d=mm&r=g\",\"url\":\"https:\\\/\\\/secure.gravatar.com\\\/avatar\\\/17404fe7ba867704dc53905b3aeb1f66282e3a23def617ff4d39a7130702f24b?s=96&d=mm&r=g\",\"contentUrl\":\"https:\\\/\\\/secure.gravatar.com\\\/avatar\\\/17404fe7ba867704dc53905b3aeb1f66282e3a23def617ff4d39a7130702f24b?s=96&d=mm&r=g\",\"caption\":\"Aur\u00e9lia AutoJM\"},\"url\":\"https:\\\/\\\/www.autojm.fr\\\/blog\\\/author\\\/autojm\\\/\"}]}<\/script>\n<!-- \/ Yoast SEO plugin. -->","yoast_head_json":{"title":"D\u00e9part en vacances : les conseils pour la recharge de votre v\u00e9hicule \u00e9lectrique - AutoJM Mag","description":"vec l\u2019essor de la mobilit\u00e9 \u00e9lectrique, de plus en plus de Fran\u00e7ais choisissent de partir en vacances en voiture \u00e9lectrique...","robots":{"index":"index","follow":"follow","max-snippet":"max-snippet:-1","max-image-preview":"max-image-preview:large","max-video-preview":"max-video-preview:-1"},"canonical":"https:\/\/www.autojm.fr\/blog\/depart-en-vacances-les-conseils-pour-la-recharge-de-votre-vehicule-electrique\/","og_locale":"fr_FR","og_type":"article","og_title":"D\u00e9part en vacances : les conseils pour la recharge de votre v\u00e9hicule \u00e9lectrique - AutoJM Mag","og_description":"vec l\u2019essor de la mobilit\u00e9 \u00e9lectrique, de plus en plus de Fran\u00e7ais choisissent de partir en vacances en voiture \u00e9lectrique...","og_url":"https:\/\/www.autojm.fr\/blog\/depart-en-vacances-les-conseils-pour-la-recharge-de-votre-vehicule-electrique\/","og_site_name":"AutoJM Mag","article_publisher":"https:\/\/www.facebook.com\/AutoJM25","article_published_time":"2025-07-25T07:00:00+00:00","og_image":[{"width":1000,"height":500,"url":"https:\/\/www.autojm.fr\/blog\/wp-content\/uploads\/2025\/07\/image-top-1000x500-3-1.png","type":"image\/png"}],"author":"Aur\u00e9lia AutoJM","twitter_card":"summary_large_image","twitter_misc":{"\u00c9crit par":"Aur\u00e9lia AutoJM","Dur\u00e9e de lecture estim\u00e9e":"4 minutes"},"schema":{"@context":"https:\/\/schema.org","@graph":[{"@type":"Article","@id":"https:\/\/www.autojm.fr\/blog\/depart-en-vacances-les-conseils-pour-la-recharge-de-votre-vehicule-electrique\/#article","isPartOf":{"@id":"https:\/\/www.autojm.fr\/blog\/depart-en-vacances-les-conseils-pour-la-recharge-de-votre-vehicule-electrique\/"},"author":{"name":"Aur\u00e9lia AutoJM","@id":"https:\/\/www.autojm.fr\/blog\/#\/schema\/person\/e640a62bb6e669182918fd7871fe1ec5"},"headline":"D\u00e9part en vacances : les conseils pour la recharge de votre v\u00e9hicule \u00e9lectrique","datePublished":"2025-07-25T07:00:00+00:00","mainEntityOfPage":{"@id":"https:\/\/www.autojm.fr\/blog\/depart-en-vacances-les-conseils-pour-la-recharge-de-votre-vehicule-electrique\/"},"wordCount":14,"commentCount":0,"publisher":{"@id":"https:\/\/www.autojm.fr\/blog\/#organization"},"image":{"@id":"https:\/\/www.autojm.fr\/blog\/depart-en-vacances-les-conseils-pour-la-recharge-de-votre-vehicule-electrique\/#primaryimage"},"thumbnailUrl":"https:\/\/www.autojm.fr\/blog\/wp-content\/uploads\/2025\/07\/image-top-1000x500-3-1.png","keywords":["autojm","citroen","peugeot","renault"],"articleSection":["Conseils &amp; Astuces","Conseils voitures propres"],"inLanguage":"fr-FR","potentialAction":[{"@type":"CommentAction","name":"Comment","target":["https:\/\/www.autojm.fr\/blog\/depart-en-vacances-les-conseils-pour-la-recharge-de-votre-vehicule-electrique\/#respond"]}]},{"@type":"WebPage","@id":"https:\/\/www.autojm.fr\/blog\/depart-en-vacances-les-conseils-pour-la-recharge-de-votre-vehicule-electrique\/","url":"https:\/\/www.autojm.fr\/blog\/depart-en-vacances-les-conseils-pour-la-recharge-de-votre-vehicule-electrique\/","name":"D\u00e9part en vacances : les conseils pour la recharge de votre v\u00e9hicule \u00e9lectrique - AutoJM Mag","isPartOf":{"@id":"https:\/\/www.autojm.fr\/blog\/#website"},"primaryImageOfPage":{"@id":"https:\/\/www.autojm.fr\/blog\/depart-en-vacances-les-conseils-pour-la-recharge-de-votre-vehicule-electrique\/#primaryimage"},"image":{"@id":"https:\/\/www.autojm.fr\/blog\/depart-en-vacances-les-conseils-pour-la-recharge-de-votre-vehicule-electrique\/#primaryimage"},"thumbnailUrl":"https:\/\/www.autojm.fr\/blog\/wp-content\/uploads\/2025\/07\/image-top-1000x500-3-1.png","datePublished":"2025-07-25T07:00:00+00:00","description":"vec l\u2019essor de la mobilit\u00e9 \u00e9lectrique, de plus en plus de Fran\u00e7ais choisissent de partir en vacances en voiture \u00e9lectrique...","breadcrumb":{"@id":"https:\/\/www.autojm.fr\/blog\/depart-en-vacances-les-conseils-pour-la-recharge-de-votre-vehicule-electrique\/#breadcrumb"},"inLanguage":"fr-FR","potentialAction":[{"@type":"ReadAction","target":["https:\/\/www.autojm.fr\/blog\/depart-en-vacances-les-conseils-pour-la-recharge-de-votre-vehicule-electrique\/"]}]},{"@type":"ImageObject","inLanguage":"fr-FR","@id":"https:\/\/www.autojm.fr\/blog\/depart-en-vacances-les-conseils-pour-la-recharge-de-votre-vehicule-electrique\/#primaryimage","url":"https:\/\/www.autojm.fr\/blog\/wp-content\/uploads\/2025\/07\/image-top-1000x500-3-1.png","contentUrl":"https:\/\/www.autojm.fr\/blog\/wp-content\/uploads\/2025\/07\/image-top-1000x500-3-1.png","width":1000,"height":500,"caption":"recharge voiture electrique vacances"},{"@type":"BreadcrumbList","@id":"https:\/\/www.autojm.fr\/blog\/depart-en-vacances-les-conseils-pour-la-recharge-de-votre-vehicule-electrique\/#breadcrumb","itemListElement":[{"@type":"ListItem","position":1,"name":"Accueil","item":"https:\/\/www.autojm.fr\/blog\/"},{"@type":"ListItem","position":2,"name":"Conseils &amp; Astuces","item":"https:\/\/www.autojm.fr\/blog\/conseils-astuces\/"},{"@type":"ListItem","position":3,"name":"D\u00e9part en vacances : les conseils pour la recharge de votre v\u00e9hicule \u00e9lectrique"}]},{"@type":"WebSite","@id":"https:\/\/www.autojm.fr\/blog\/#website","url":"https:\/\/www.autojm.fr\/blog\/","name":"AutoJM Mag","description":"Toute l&#039;actu auto en 1 clic !","publisher":{"@id":"https:\/\/www.autojm.fr\/blog\/#organization"},"potentialAction":[{"@type":"SearchAction","target":{"@type":"EntryPoint","urlTemplate":"https:\/\/www.autojm.fr\/blog\/?s={search_term_string}"},"query-input":{"@type":"PropertyValueSpecification","valueRequired":true,"valueName":"search_term_string"}}],"inLanguage":"fr-FR"},{"@type":"Organization","@id":"https:\/\/www.autojm.fr\/blog\/#organization","name":"AutoJM Mag","url":"https:\/\/www.autojm.fr\/blog\/","logo":{"@type":"ImageObject","inLanguage":"fr-FR","@id":"https:\/\/www.autojm.fr\/blog\/#\/schema\/logo\/image\/","url":"https:\/\/www.autojm.fr\/blog\/wp-content\/uploads\/2022\/12\/cropped-AutoJMag-png.png","contentUrl":"https:\/\/www.autojm.fr\/blog\/wp-content\/uploads\/2022\/12\/cropped-AutoJMag-png.png","width":2834,"height":585,"caption":"AutoJM Mag"},"image":{"@id":"https:\/\/www.autojm.fr\/blog\/#\/schema\/logo\/image\/"},"sameAs":["https:\/\/www.facebook.com\/AutoJM25"]},{"@type":"Person","@id":"https:\/\/www.autojm.fr\/blog\/#\/schema\/person\/e640a62bb6e669182918fd7871fe1ec5","name":"Aur\u00e9lia AutoJM","image":{"@type":"ImageObject","inLanguage":"fr-FR","@id":"https:\/\/secure.gravatar.com\/avatar\/17404fe7ba867704dc53905b3aeb1f66282e3a23def617ff4d39a7130702f24b?s=96&d=mm&r=g","url":"https:\/\/secure.gravatar.com\/avatar\/17404fe7ba867704dc53905b3aeb1f66282e3a23def617ff4d39a7130702f24b?s=96&d=mm&r=g","contentUrl":"https:\/\/secure.gravatar.com\/avatar\/17404fe7ba867704dc53905b3aeb1f66282e3a23def617ff4d39a7130702f24b?s=96&d=mm&r=g","caption":"Aur\u00e9lia AutoJM"},"url":"https:\/\/www.autojm.fr\/blog\/author\/autojm\/"}]}},"_links":{"self":[{"href":"https:\/\/www.autojm.fr\/blog\/wp-json\/wp\/v2\/posts\/23281","targetHints":{"allow":["GET"]}}],"collection":[{"href":"https:\/\/www.autojm.fr\/blog\/wp-json\/wp\/v2\/posts"}],"about":[{"href":"https:\/\/www.autojm.fr\/blog\/wp-json\/wp\/v2\/types\/post"}],"author":[{"embeddable":true,"href":"https:\/\/www.autojm.fr\/blog\/wp-json\/wp\/v2\/users\/2"}],"replies":[{"embeddable":true,"href":"https:\/\/www.autojm.fr\/blog\/wp-json\/wp\/v2\/comments?post=23281"}],"version-history":[{"count":2,"href":"https:\/\/www.autojm.fr\/blog\/wp-json\/wp\/v2\/posts\/23281\/revisions"}],"predecessor-version":[{"id":23287,"href":"https:\/\/www.autojm.fr\/blog\/wp-json\/wp\/v2\/posts\/23281\/revisions\/23287"}],"wp:featuredmedia":[{"embeddable":true,"href":"https:\/\/www.autojm.fr\/blog\/wp-json\/wp\/v2\/media\/23289"}],"wp:attachment":[{"href":"https:\/\/www.autojm.fr\/blog\/wp-json\/wp\/v2\/media?parent=23281"}],"wp:term":[{"taxonomy":"category","embeddable":true,"href":"https:\/\/www.autojm.fr\/blog\/wp-json\/wp\/v2\/categories?post=23281"},{"taxonomy":"post_tag","embeddable":true,"href":"https:\/\/www.autojm.fr\/blog\/wp-json\/wp\/v2\/tags?post=23281"}],"curies":[{"name":"wp","href":"https:\/\/api.w.org\/{rel}","templated":true}]}}