{"id":23137,"date":"2025-07-01T09:00:00","date_gmt":"2025-07-01T07:00:00","guid":{"rendered":"https:\/\/www.autojm.fr\/blog\/?p=23137"},"modified":"2025-07-01T09:14:39","modified_gmt":"2025-07-01T07:14:39","slug":"ce-qui-change-pour-les-automobilistes-au-1er-juillet","status":"publish","type":"post","link":"https:\/\/www.autojm.fr\/blog\/ce-qui-change-pour-les-automobilistes-au-1er-juillet\/","title":{"rendered":"Ce qui change pour les automobilistes au 1er juillet"},"content":{"rendered":"","protected":false},"excerpt":{"rendered":"<p>Le 1er juillet 2025 marque un tournant pour les automobilistes fran\u00e7ais. Ce d\u00e9but d\u2019\u00e9t\u00e9 s\u2019accompagne en effet d\u2019une s\u00e9rie de r\u00e9formes qui auront un impact concret sur le portefeuille et les choix de mobilit\u00e9 des conducteurs. Bonus \u00e9cologique revaloris\u00e9, hausse du prix des cartes grises dans certaines r\u00e9gions&#8230; Ces mesures, pr\u00e9sent\u00e9es comme des incitations \u00e0 la transition \u00e9cologique ou \u00e0 l&rsquo;\u00e9quit\u00e9 budg\u00e9taire r\u00e9gionale, modifient le paysage automobile. Voici ce qu\u2019il faut savoir pour anticiper ces changements et \u00e9viter les mauvaises surprises.<\/p>\n","protected":false},"author":6,"featured_media":23143,"comment_status":"open","ping_status":"open","sticky":false,"template":"","format":"standard","meta":{"_acf_changed":false,"content-type":"","footnotes":""},"categories":[5],"tags":[90],"class_list":["post-23137","post","type-post","status-publish","format-standard","has-post-thumbnail","hentry","category-actualite-automobile","tag-autojm"],"acf":[],"yoast_head":"<!-- This site is optimized with the Yoast SEO plugin v27.5 - https:\/\/yoast.com\/product\/yoast-seo-wordpress\/ -->\n<title>Ce qui change pour les automobilistes au 1er juillet - AutoJM Mag<\/title>\n<meta name=\"description\" content=\"Le 1er juillet 2025 marque un tournant pour les automobilistes fran\u00e7ais. Ce d\u00e9but d\u2019\u00e9t\u00e9 s\u2019accompagne en effet d\u2019une s\u00e9rie de r\u00e9formes qui...\" \/>\n<meta name=\"robots\" content=\"index, follow, max-snippet:-1, max-image-preview:large, max-video-preview:-1\" \/>\n<link rel=\"canonical\" href=\"https:\/\/www.autojm.fr\/blog\/ce-qui-change-pour-les-automobilistes-au-1er-juillet\/\" \/>\n<meta property=\"og:locale\" content=\"fr_FR\" \/>\n<meta property=\"og:type\" content=\"article\" \/>\n<meta property=\"og:title\" content=\"Ce qui change pour les automobilistes au 1er juillet - AutoJM Mag\" \/>\n<meta property=\"og:description\" content=\"Le 1er juillet 2025 marque un tournant pour les automobilistes fran\u00e7ais. Ce d\u00e9but d\u2019\u00e9t\u00e9 s\u2019accompagne en effet d\u2019une s\u00e9rie de r\u00e9formes qui...\" \/>\n<meta property=\"og:url\" content=\"https:\/\/www.autojm.fr\/blog\/ce-qui-change-pour-les-automobilistes-au-1er-juillet\/\" \/>\n<meta property=\"og:site_name\" content=\"AutoJM Mag\" \/>\n<meta property=\"article:publisher\" content=\"https:\/\/www.facebook.com\/AutoJM25\" \/>\n<meta property=\"article:published_time\" content=\"2025-07-01T07:00:00+00:00\" \/>\n<meta property=\"article:modified_time\" content=\"2025-07-01T07:14:39+00:00\" \/>\n<meta property=\"og:image\" content=\"https:\/\/www.autojm.fr\/blog\/wp-content\/uploads\/2025\/06\/image-top-1000x500-3.png\" \/>\n\t<meta property=\"og:image:width\" content=\"1000\" \/>\n\t<meta property=\"og:image:height\" content=\"500\" \/>\n\t<meta property=\"og:image:type\" content=\"image\/png\" \/>\n<meta name=\"author\" content=\"Justine Tripard\" \/>\n<meta name=\"twitter:card\" content=\"summary_large_image\" \/>\n<meta name=\"twitter:label1\" content=\"\u00c9crit par\" \/>\n\t<meta name=\"twitter:data1\" content=\"Justine Tripard\" \/>\n\t<meta name=\"twitter:label2\" content=\"Dur\u00e9e de lecture estim\u00e9e\" \/>\n\t<meta name=\"twitter:data2\" content=\"4 minutes\" \/>\n<script type=\"application\/ld+json\" class=\"yoast-schema-graph\">{\"@context\":\"https:\\\/\\\/schema.org\",\"@graph\":[{\"@type\":\"Article\",\"@id\":\"https:\\\/\\\/www.autojm.fr\\\/blog\\\/ce-qui-change-pour-les-automobilistes-au-1er-juillet\\\/#article\",\"isPartOf\":{\"@id\":\"https:\\\/\\\/www.autojm.fr\\\/blog\\\/ce-qui-change-pour-les-automobilistes-au-1er-juillet\\\/\"},\"author\":{\"name\":\"Justine Tripard\",\"@id\":\"https:\\\/\\\/www.autojm.fr\\\/blog\\\/#\\\/schema\\\/person\\\/1cc83a91548d88a62eb8cf06f562a72c\"},\"headline\":\"Ce qui change pour les automobilistes au 1er juillet\",\"datePublished\":\"2025-07-01T07:00:00+00:00\",\"dateModified\":\"2025-07-01T07:14:39+00:00\",\"mainEntityOfPage\":{\"@id\":\"https:\\\/\\\/www.autojm.fr\\\/blog\\\/ce-qui-change-pour-les-automobilistes-au-1er-juillet\\\/\"},\"wordCount\":9,\"commentCount\":0,\"publisher\":{\"@id\":\"https:\\\/\\\/www.autojm.fr\\\/blog\\\/#organization\"},\"image\":{\"@id\":\"https:\\\/\\\/www.autojm.fr\\\/blog\\\/ce-qui-change-pour-les-automobilistes-au-1er-juillet\\\/#primaryimage\"},\"thumbnailUrl\":\"https:\\\/\\\/www.autojm.fr\\\/blog\\\/wp-content\\\/uploads\\\/2025\\\/06\\\/image-top-1000x500-3.png\",\"keywords\":[\"autojm\"],\"articleSection\":[\"Actualit\u00e9 Automobile\"],\"inLanguage\":\"fr-FR\",\"potentialAction\":[{\"@type\":\"CommentAction\",\"name\":\"Comment\",\"target\":[\"https:\\\/\\\/www.autojm.fr\\\/blog\\\/ce-qui-change-pour-les-automobilistes-au-1er-juillet\\\/#respond\"]}]},{\"@type\":\"WebPage\",\"@id\":\"https:\\\/\\\/www.autojm.fr\\\/blog\\\/ce-qui-change-pour-les-automobilistes-au-1er-juillet\\\/\",\"url\":\"https:\\\/\\\/www.autojm.fr\\\/blog\\\/ce-qui-change-pour-les-automobilistes-au-1er-juillet\\\/\",\"name\":\"Ce qui change pour les automobilistes au 1er juillet - AutoJM Mag\",\"isPartOf\":{\"@id\":\"https:\\\/\\\/www.autojm.fr\\\/blog\\\/#website\"},\"primaryImageOfPage\":{\"@id\":\"https:\\\/\\\/www.autojm.fr\\\/blog\\\/ce-qui-change-pour-les-automobilistes-au-1er-juillet\\\/#primaryimage\"},\"image\":{\"@id\":\"https:\\\/\\\/www.autojm.fr\\\/blog\\\/ce-qui-change-pour-les-automobilistes-au-1er-juillet\\\/#primaryimage\"},\"thumbnailUrl\":\"https:\\\/\\\/www.autojm.fr\\\/blog\\\/wp-content\\\/uploads\\\/2025\\\/06\\\/image-top-1000x500-3.png\",\"datePublished\":\"2025-07-01T07:00:00+00:00\",\"dateModified\":\"2025-07-01T07:14:39+00:00\",\"description\":\"Le 1er juillet 2025 marque un tournant pour les automobilistes fran\u00e7ais. Ce d\u00e9but d\u2019\u00e9t\u00e9 s\u2019accompagne en effet d\u2019une s\u00e9rie de r\u00e9formes qui...\",\"breadcrumb\":{\"@id\":\"https:\\\/\\\/www.autojm.fr\\\/blog\\\/ce-qui-change-pour-les-automobilistes-au-1er-juillet\\\/#breadcrumb\"},\"inLanguage\":\"fr-FR\",\"potentialAction\":[{\"@type\":\"ReadAction\",\"target\":[\"https:\\\/\\\/www.autojm.fr\\\/blog\\\/ce-qui-change-pour-les-automobilistes-au-1er-juillet\\\/\"]}]},{\"@type\":\"ImageObject\",\"inLanguage\":\"fr-FR\",\"@id\":\"https:\\\/\\\/www.autojm.fr\\\/blog\\\/ce-qui-change-pour-les-automobilistes-au-1er-juillet\\\/#primaryimage\",\"url\":\"https:\\\/\\\/www.autojm.fr\\\/blog\\\/wp-content\\\/uploads\\\/2025\\\/06\\\/image-top-1000x500-3.png\",\"contentUrl\":\"https:\\\/\\\/www.autojm.fr\\\/blog\\\/wp-content\\\/uploads\\\/2025\\\/06\\\/image-top-1000x500-3.png\",\"width\":1000,\"height\":500,\"caption\":\"1er juillet\"},{\"@type\":\"BreadcrumbList\",\"@id\":\"https:\\\/\\\/www.autojm.fr\\\/blog\\\/ce-qui-change-pour-les-automobilistes-au-1er-juillet\\\/#breadcrumb\",\"itemListElement\":[{\"@type\":\"ListItem\",\"position\":1,\"name\":\"Accueil\",\"item\":\"https:\\\/\\\/www.autojm.fr\\\/blog\\\/\"},{\"@type\":\"ListItem\",\"position\":2,\"name\":\"Actualit\u00e9 Automobile\",\"item\":\"https:\\\/\\\/www.autojm.fr\\\/blog\\\/actualite-automobile\\\/\"},{\"@type\":\"ListItem\",\"position\":3,\"name\":\"Ce qui change pour les automobilistes au 1er juillet\"}]},{\"@type\":\"WebSite\",\"@id\":\"https:\\\/\\\/www.autojm.fr\\\/blog\\\/#website\",\"url\":\"https:\\\/\\\/www.autojm.fr\\\/blog\\\/\",\"name\":\"AutoJM Mag\",\"description\":\"Toute l&#039;actu auto en 1 clic !\",\"publisher\":{\"@id\":\"https:\\\/\\\/www.autojm.fr\\\/blog\\\/#organization\"},\"potentialAction\":[{\"@type\":\"SearchAction\",\"target\":{\"@type\":\"EntryPoint\",\"urlTemplate\":\"https:\\\/\\\/www.autojm.fr\\\/blog\\\/?s={search_term_string}\"},\"query-input\":{\"@type\":\"PropertyValueSpecification\",\"valueRequired\":true,\"valueName\":\"search_term_string\"}}],\"inLanguage\":\"fr-FR\"},{\"@type\":\"Organization\",\"@id\":\"https:\\\/\\\/www.autojm.fr\\\/blog\\\/#organization\",\"name\":\"AutoJM Mag\",\"url\":\"https:\\\/\\\/www.autojm.fr\\\/blog\\\/\",\"logo\":{\"@type\":\"ImageObject\",\"inLanguage\":\"fr-FR\",\"@id\":\"https:\\\/\\\/www.autojm.fr\\\/blog\\\/#\\\/schema\\\/logo\\\/image\\\/\",\"url\":\"https:\\\/\\\/www.autojm.fr\\\/blog\\\/wp-content\\\/uploads\\\/2022\\\/12\\\/cropped-AutoJMag-png.png\",\"contentUrl\":\"https:\\\/\\\/www.autojm.fr\\\/blog\\\/wp-content\\\/uploads\\\/2022\\\/12\\\/cropped-AutoJMag-png.png\",\"width\":2834,\"height\":585,\"caption\":\"AutoJM Mag\"},\"image\":{\"@id\":\"https:\\\/\\\/www.autojm.fr\\\/blog\\\/#\\\/schema\\\/logo\\\/image\\\/\"},\"sameAs\":[\"https:\\\/\\\/www.facebook.com\\\/AutoJM25\"]},{\"@type\":\"Person\",\"@id\":\"https:\\\/\\\/www.autojm.fr\\\/blog\\\/#\\\/schema\\\/person\\\/1cc83a91548d88a62eb8cf06f562a72c\",\"name\":\"Justine Tripard\",\"image\":{\"@type\":\"ImageObject\",\"inLanguage\":\"fr-FR\",\"@id\":\"https:\\\/\\\/secure.gravatar.com\\\/avatar\\\/b8b45209a4cf0b7b127b9238ec348090e7302306d2485eeaab17b6761fe84991?s=96&d=mm&r=g\",\"url\":\"https:\\\/\\\/secure.gravatar.com\\\/avatar\\\/b8b45209a4cf0b7b127b9238ec348090e7302306d2485eeaab17b6761fe84991?s=96&d=mm&r=g\",\"contentUrl\":\"https:\\\/\\\/secure.gravatar.com\\\/avatar\\\/b8b45209a4cf0b7b127b9238ec348090e7302306d2485eeaab17b6761fe84991?s=96&d=mm&r=g\",\"caption\":\"Justine Tripard\"},\"url\":\"https:\\\/\\\/www.autojm.fr\\\/blog\\\/author\\\/justine\\\/\"}]}<\/script>\n<!-- \/ Yoast SEO plugin. -->","yoast_head_json":{"title":"Ce qui change pour les automobilistes au 1er juillet - AutoJM Mag","description":"Le 1er juillet 2025 marque un tournant pour les automobilistes fran\u00e7ais. Ce d\u00e9but d\u2019\u00e9t\u00e9 s\u2019accompagne en effet d\u2019une s\u00e9rie de r\u00e9formes qui...","robots":{"index":"index","follow":"follow","max-snippet":"max-snippet:-1","max-image-preview":"max-image-preview:large","max-video-preview":"max-video-preview:-1"},"canonical":"https:\/\/www.autojm.fr\/blog\/ce-qui-change-pour-les-automobilistes-au-1er-juillet\/","og_locale":"fr_FR","og_type":"article","og_title":"Ce qui change pour les automobilistes au 1er juillet - AutoJM Mag","og_description":"Le 1er juillet 2025 marque un tournant pour les automobilistes fran\u00e7ais. Ce d\u00e9but d\u2019\u00e9t\u00e9 s\u2019accompagne en effet d\u2019une s\u00e9rie de r\u00e9formes qui...","og_url":"https:\/\/www.autojm.fr\/blog\/ce-qui-change-pour-les-automobilistes-au-1er-juillet\/","og_site_name":"AutoJM Mag","article_publisher":"https:\/\/www.facebook.com\/AutoJM25","article_published_time":"2025-07-01T07:00:00+00:00","article_modified_time":"2025-07-01T07:14:39+00:00","og_image":[{"width":1000,"height":500,"url":"https:\/\/www.autojm.fr\/blog\/wp-content\/uploads\/2025\/06\/image-top-1000x500-3.png","type":"image\/png"}],"author":"Justine Tripard","twitter_card":"summary_large_image","twitter_misc":{"\u00c9crit par":"Justine Tripard","Dur\u00e9e de lecture estim\u00e9e":"4 minutes"},"schema":{"@context":"https:\/\/schema.org","@graph":[{"@type":"Article","@id":"https:\/\/www.autojm.fr\/blog\/ce-qui-change-pour-les-automobilistes-au-1er-juillet\/#article","isPartOf":{"@id":"https:\/\/www.autojm.fr\/blog\/ce-qui-change-pour-les-automobilistes-au-1er-juillet\/"},"author":{"name":"Justine Tripard","@id":"https:\/\/www.autojm.fr\/blog\/#\/schema\/person\/1cc83a91548d88a62eb8cf06f562a72c"},"headline":"Ce qui change pour les automobilistes au 1er juillet","datePublished":"2025-07-01T07:00:00+00:00","dateModified":"2025-07-01T07:14:39+00:00","mainEntityOfPage":{"@id":"https:\/\/www.autojm.fr\/blog\/ce-qui-change-pour-les-automobilistes-au-1er-juillet\/"},"wordCount":9,"commentCount":0,"publisher":{"@id":"https:\/\/www.autojm.fr\/blog\/#organization"},"image":{"@id":"https:\/\/www.autojm.fr\/blog\/ce-qui-change-pour-les-automobilistes-au-1er-juillet\/#primaryimage"},"thumbnailUrl":"https:\/\/www.autojm.fr\/blog\/wp-content\/uploads\/2025\/06\/image-top-1000x500-3.png","keywords":["autojm"],"articleSection":["Actualit\u00e9 Automobile"],"inLanguage":"fr-FR","potentialAction":[{"@type":"CommentAction","name":"Comment","target":["https:\/\/www.autojm.fr\/blog\/ce-qui-change-pour-les-automobilistes-au-1er-juillet\/#respond"]}]},{"@type":"WebPage","@id":"https:\/\/www.autojm.fr\/blog\/ce-qui-change-pour-les-automobilistes-au-1er-juillet\/","url":"https:\/\/www.autojm.fr\/blog\/ce-qui-change-pour-les-automobilistes-au-1er-juillet\/","name":"Ce qui change pour les automobilistes au 1er juillet - AutoJM Mag","isPartOf":{"@id":"https:\/\/www.autojm.fr\/blog\/#website"},"primaryImageOfPage":{"@id":"https:\/\/www.autojm.fr\/blog\/ce-qui-change-pour-les-automobilistes-au-1er-juillet\/#primaryimage"},"image":{"@id":"https:\/\/www.autojm.fr\/blog\/ce-qui-change-pour-les-automobilistes-au-1er-juillet\/#primaryimage"},"thumbnailUrl":"https:\/\/www.autojm.fr\/blog\/wp-content\/uploads\/2025\/06\/image-top-1000x500-3.png","datePublished":"2025-07-01T07:00:00+00:00","dateModified":"2025-07-01T07:14:39+00:00","description":"Le 1er juillet 2025 marque un tournant pour les automobilistes fran\u00e7ais. Ce d\u00e9but d\u2019\u00e9t\u00e9 s\u2019accompagne en effet d\u2019une s\u00e9rie de r\u00e9formes qui...","breadcrumb":{"@id":"https:\/\/www.autojm.fr\/blog\/ce-qui-change-pour-les-automobilistes-au-1er-juillet\/#breadcrumb"},"inLanguage":"fr-FR","potentialAction":[{"@type":"ReadAction","target":["https:\/\/www.autojm.fr\/blog\/ce-qui-change-pour-les-automobilistes-au-1er-juillet\/"]}]},{"@type":"ImageObject","inLanguage":"fr-FR","@id":"https:\/\/www.autojm.fr\/blog\/ce-qui-change-pour-les-automobilistes-au-1er-juillet\/#primaryimage","url":"https:\/\/www.autojm.fr\/blog\/wp-content\/uploads\/2025\/06\/image-top-1000x500-3.png","contentUrl":"https:\/\/www.autojm.fr\/blog\/wp-content\/uploads\/2025\/06\/image-top-1000x500-3.png","width":1000,"height":500,"caption":"1er juillet"},{"@type":"BreadcrumbList","@id":"https:\/\/www.autojm.fr\/blog\/ce-qui-change-pour-les-automobilistes-au-1er-juillet\/#breadcrumb","itemListElement":[{"@type":"ListItem","position":1,"name":"Accueil","item":"https:\/\/www.autojm.fr\/blog\/"},{"@type":"ListItem","position":2,"name":"Actualit\u00e9 Automobile","item":"https:\/\/www.autojm.fr\/blog\/actualite-automobile\/"},{"@type":"ListItem","position":3,"name":"Ce qui change pour les automobilistes au 1er juillet"}]},{"@type":"WebSite","@id":"https:\/\/www.autojm.fr\/blog\/#website","url":"https:\/\/www.autojm.fr\/blog\/","name":"AutoJM Mag","description":"Toute l&#039;actu auto en 1 clic !","publisher":{"@id":"https:\/\/www.autojm.fr\/blog\/#organization"},"potentialAction":[{"@type":"SearchAction","target":{"@type":"EntryPoint","urlTemplate":"https:\/\/www.autojm.fr\/blog\/?s={search_term_string}"},"query-input":{"@type":"PropertyValueSpecification","valueRequired":true,"valueName":"search_term_string"}}],"inLanguage":"fr-FR"},{"@type":"Organization","@id":"https:\/\/www.autojm.fr\/blog\/#organization","name":"AutoJM Mag","url":"https:\/\/www.autojm.fr\/blog\/","logo":{"@type":"ImageObject","inLanguage":"fr-FR","@id":"https:\/\/www.autojm.fr\/blog\/#\/schema\/logo\/image\/","url":"https:\/\/www.autojm.fr\/blog\/wp-content\/uploads\/2022\/12\/cropped-AutoJMag-png.png","contentUrl":"https:\/\/www.autojm.fr\/blog\/wp-content\/uploads\/2022\/12\/cropped-AutoJMag-png.png","width":2834,"height":585,"caption":"AutoJM Mag"},"image":{"@id":"https:\/\/www.autojm.fr\/blog\/#\/schema\/logo\/image\/"},"sameAs":["https:\/\/www.facebook.com\/AutoJM25"]},{"@type":"Person","@id":"https:\/\/www.autojm.fr\/blog\/#\/schema\/person\/1cc83a91548d88a62eb8cf06f562a72c","name":"Justine Tripard","image":{"@type":"ImageObject","inLanguage":"fr-FR","@id":"https:\/\/secure.gravatar.com\/avatar\/b8b45209a4cf0b7b127b9238ec348090e7302306d2485eeaab17b6761fe84991?s=96&d=mm&r=g","url":"https:\/\/secure.gravatar.com\/avatar\/b8b45209a4cf0b7b127b9238ec348090e7302306d2485eeaab17b6761fe84991?s=96&d=mm&r=g","contentUrl":"https:\/\/secure.gravatar.com\/avatar\/b8b45209a4cf0b7b127b9238ec348090e7302306d2485eeaab17b6761fe84991?s=96&d=mm&r=g","caption":"Justine Tripard"},"url":"https:\/\/www.autojm.fr\/blog\/author\/justine\/"}]}},"_links":{"self":[{"href":"https:\/\/www.autojm.fr\/blog\/wp-json\/wp\/v2\/posts\/23137","targetHints":{"allow":["GET"]}}],"collection":[{"href":"https:\/\/www.autojm.fr\/blog\/wp-json\/wp\/v2\/posts"}],"about":[{"href":"https:\/\/www.autojm.fr\/blog\/wp-json\/wp\/v2\/types\/post"}],"author":[{"embeddable":true,"href":"https:\/\/www.autojm.fr\/blog\/wp-json\/wp\/v2\/users\/6"}],"replies":[{"embeddable":true,"href":"https:\/\/www.autojm.fr\/blog\/wp-json\/wp\/v2\/comments?post=23137"}],"version-history":[{"count":6,"href":"https:\/\/www.autojm.fr\/blog\/wp-json\/wp\/v2\/posts\/23137\/revisions"}],"predecessor-version":[{"id":23161,"href":"https:\/\/www.autojm.fr\/blog\/wp-json\/wp\/v2\/posts\/23137\/revisions\/23161"}],"wp:featuredmedia":[{"embeddable":true,"href":"https:\/\/www.autojm.fr\/blog\/wp-json\/wp\/v2\/media\/23143"}],"wp:attachment":[{"href":"https:\/\/www.autojm.fr\/blog\/wp-json\/wp\/v2\/media?parent=23137"}],"wp:term":[{"taxonomy":"category","embeddable":true,"href":"https:\/\/www.autojm.fr\/blog\/wp-json\/wp\/v2\/categories?post=23137"},{"taxonomy":"post_tag","embeddable":true,"href":"https:\/\/www.autojm.fr\/blog\/wp-json\/wp\/v2\/tags?post=23137"}],"curies":[{"name":"wp","href":"https:\/\/api.w.org\/{rel}","templated":true}]}}