{"id":23088,"date":"2025-07-08T09:00:00","date_gmt":"2025-07-08T07:00:00","guid":{"rendered":"https:\/\/www.autojm.fr\/blog\/?p=23088"},"modified":"2025-06-30T17:00:42","modified_gmt":"2025-06-30T15:00:42","slug":"la-voiture-toujours-reine-des-vacances-dete","status":"publish","type":"post","link":"https:\/\/www.autojm.fr\/blog\/la-voiture-toujours-reine-des-vacances-dete\/","title":{"rendered":"La voiture, toujours reine des vacances d\u2019\u00e9t\u00e9"},"content":{"rendered":"","protected":false},"excerpt":{"rendered":"<p>Pour les vacances d\u2019\u00e9t\u00e9 2025, une \u00e9tude OpinionWay pour Point\u202fS r\u00e9v\u00e8le que 60\u202f% des Fran\u00e7ais continueront de prendre la voiture pour partir en vacances. Un choix motiv\u00e9 par la libert\u00e9 qu\u2019elle offre, sa capacit\u00e9 \u00e0 transporter bagages et passagers, ainsi que son co\u00fbt souvent plus avantageux que le train ou l\u2019avion, notamment en duo ou en famille . Voyons plus en d\u00e9tail les raisons techniques et chiffr\u00e9es qui expliquent cette pr\u00e9dilection, compar\u00e9e aux alternatives comme le train, l\u2019avion ou le covoiturage.<\/p>\n","protected":false},"author":6,"featured_media":23100,"comment_status":"open","ping_status":"open","sticky":false,"template":"","format":"standard","meta":{"_acf_changed":false,"content-type":"","footnotes":""},"categories":[5],"tags":[90,572,570,438],"class_list":["post-23088","post","type-post","status-publish","format-standard","has-post-thumbnail","hentry","category-actualite-automobile","tag-autojm","tag-ete","tag-vacances","tag-voiture"],"acf":[],"yoast_head":"<!-- This site is optimized with the Yoast SEO plugin v27.5 - https:\/\/yoast.com\/product\/yoast-seo-wordpress\/ -->\n<title>La voiture, toujours reine des vacances d\u2019\u00e9t\u00e9 - AutoJM Mag<\/title>\n<meta name=\"description\" content=\"Pour les vacances d\u2019\u00e9t\u00e9 2025, une \u00e9tude OpinionWay pour Point\u202fS r\u00e9v\u00e8le que 60\u202f% des Fran\u00e7ais continueront de prendre la voiture pour partir\" \/>\n<meta name=\"robots\" content=\"index, follow, max-snippet:-1, max-image-preview:large, max-video-preview:-1\" \/>\n<link rel=\"canonical\" href=\"https:\/\/www.autojm.fr\/blog\/la-voiture-toujours-reine-des-vacances-dete\/\" \/>\n<meta property=\"og:locale\" content=\"fr_FR\" \/>\n<meta property=\"og:type\" content=\"article\" \/>\n<meta property=\"og:title\" content=\"La voiture, toujours reine des vacances d\u2019\u00e9t\u00e9 - AutoJM Mag\" \/>\n<meta property=\"og:description\" content=\"Pour les vacances d\u2019\u00e9t\u00e9 2025, une \u00e9tude OpinionWay pour Point\u202fS r\u00e9v\u00e8le que 60\u202f% des Fran\u00e7ais continueront de prendre la voiture pour partir\" \/>\n<meta property=\"og:url\" content=\"https:\/\/www.autojm.fr\/blog\/la-voiture-toujours-reine-des-vacances-dete\/\" \/>\n<meta property=\"og:site_name\" content=\"AutoJM Mag\" \/>\n<meta property=\"article:publisher\" content=\"https:\/\/www.facebook.com\/AutoJM25\" \/>\n<meta property=\"article:published_time\" content=\"2025-07-08T07:00:00+00:00\" \/>\n<meta property=\"og:image\" content=\"https:\/\/www.autojm.fr\/blog\/wp-content\/uploads\/2025\/06\/image-top-1000x500-2.png\" \/>\n\t<meta property=\"og:image:width\" content=\"1000\" \/>\n\t<meta property=\"og:image:height\" content=\"500\" \/>\n\t<meta property=\"og:image:type\" content=\"image\/png\" \/>\n<meta name=\"author\" content=\"Justine Tripard\" \/>\n<meta name=\"twitter:card\" content=\"summary_large_image\" \/>\n<meta name=\"twitter:label1\" content=\"\u00c9crit par\" \/>\n\t<meta name=\"twitter:data1\" content=\"Justine Tripard\" \/>\n\t<meta name=\"twitter:label2\" content=\"Dur\u00e9e de lecture estim\u00e9e\" \/>\n\t<meta name=\"twitter:data2\" content=\"4 minutes\" \/>\n<script type=\"application\/ld+json\" class=\"yoast-schema-graph\">{\"@context\":\"https:\\\/\\\/schema.org\",\"@graph\":[{\"@type\":\"Article\",\"@id\":\"https:\\\/\\\/www.autojm.fr\\\/blog\\\/la-voiture-toujours-reine-des-vacances-dete\\\/#article\",\"isPartOf\":{\"@id\":\"https:\\\/\\\/www.autojm.fr\\\/blog\\\/la-voiture-toujours-reine-des-vacances-dete\\\/\"},\"author\":{\"name\":\"Justine Tripard\",\"@id\":\"https:\\\/\\\/www.autojm.fr\\\/blog\\\/#\\\/schema\\\/person\\\/1cc83a91548d88a62eb8cf06f562a72c\"},\"headline\":\"La voiture, toujours reine des vacances d\u2019\u00e9t\u00e9\",\"datePublished\":\"2025-07-08T07:00:00+00:00\",\"mainEntityOfPage\":{\"@id\":\"https:\\\/\\\/www.autojm.fr\\\/blog\\\/la-voiture-toujours-reine-des-vacances-dete\\\/\"},\"wordCount\":8,\"commentCount\":0,\"publisher\":{\"@id\":\"https:\\\/\\\/www.autojm.fr\\\/blog\\\/#organization\"},\"image\":{\"@id\":\"https:\\\/\\\/www.autojm.fr\\\/blog\\\/la-voiture-toujours-reine-des-vacances-dete\\\/#primaryimage\"},\"thumbnailUrl\":\"https:\\\/\\\/www.autojm.fr\\\/blog\\\/wp-content\\\/uploads\\\/2025\\\/06\\\/image-top-1000x500-2.png\",\"keywords\":[\"autojm\",\"\u00e9t\u00e9\",\"vacances\",\"voiture\"],\"articleSection\":[\"Actualit\u00e9 Automobile\"],\"inLanguage\":\"fr-FR\",\"potentialAction\":[{\"@type\":\"CommentAction\",\"name\":\"Comment\",\"target\":[\"https:\\\/\\\/www.autojm.fr\\\/blog\\\/la-voiture-toujours-reine-des-vacances-dete\\\/#respond\"]}]},{\"@type\":\"WebPage\",\"@id\":\"https:\\\/\\\/www.autojm.fr\\\/blog\\\/la-voiture-toujours-reine-des-vacances-dete\\\/\",\"url\":\"https:\\\/\\\/www.autojm.fr\\\/blog\\\/la-voiture-toujours-reine-des-vacances-dete\\\/\",\"name\":\"La voiture, toujours reine des vacances d\u2019\u00e9t\u00e9 - AutoJM Mag\",\"isPartOf\":{\"@id\":\"https:\\\/\\\/www.autojm.fr\\\/blog\\\/#website\"},\"primaryImageOfPage\":{\"@id\":\"https:\\\/\\\/www.autojm.fr\\\/blog\\\/la-voiture-toujours-reine-des-vacances-dete\\\/#primaryimage\"},\"image\":{\"@id\":\"https:\\\/\\\/www.autojm.fr\\\/blog\\\/la-voiture-toujours-reine-des-vacances-dete\\\/#primaryimage\"},\"thumbnailUrl\":\"https:\\\/\\\/www.autojm.fr\\\/blog\\\/wp-content\\\/uploads\\\/2025\\\/06\\\/image-top-1000x500-2.png\",\"datePublished\":\"2025-07-08T07:00:00+00:00\",\"description\":\"Pour les vacances d\u2019\u00e9t\u00e9 2025, une \u00e9tude OpinionWay pour Point\u202fS r\u00e9v\u00e8le que 60\u202f% des Fran\u00e7ais continueront de prendre la voiture pour partir\",\"breadcrumb\":{\"@id\":\"https:\\\/\\\/www.autojm.fr\\\/blog\\\/la-voiture-toujours-reine-des-vacances-dete\\\/#breadcrumb\"},\"inLanguage\":\"fr-FR\",\"potentialAction\":[{\"@type\":\"ReadAction\",\"target\":[\"https:\\\/\\\/www.autojm.fr\\\/blog\\\/la-voiture-toujours-reine-des-vacances-dete\\\/\"]}]},{\"@type\":\"ImageObject\",\"inLanguage\":\"fr-FR\",\"@id\":\"https:\\\/\\\/www.autojm.fr\\\/blog\\\/la-voiture-toujours-reine-des-vacances-dete\\\/#primaryimage\",\"url\":\"https:\\\/\\\/www.autojm.fr\\\/blog\\\/wp-content\\\/uploads\\\/2025\\\/06\\\/image-top-1000x500-2.png\",\"contentUrl\":\"https:\\\/\\\/www.autojm.fr\\\/blog\\\/wp-content\\\/uploads\\\/2025\\\/06\\\/image-top-1000x500-2.png\",\"width\":1000,\"height\":500,\"caption\":\"Vacances\"},{\"@type\":\"BreadcrumbList\",\"@id\":\"https:\\\/\\\/www.autojm.fr\\\/blog\\\/la-voiture-toujours-reine-des-vacances-dete\\\/#breadcrumb\",\"itemListElement\":[{\"@type\":\"ListItem\",\"position\":1,\"name\":\"Accueil\",\"item\":\"https:\\\/\\\/www.autojm.fr\\\/blog\\\/\"},{\"@type\":\"ListItem\",\"position\":2,\"name\":\"Actualit\u00e9 Automobile\",\"item\":\"https:\\\/\\\/www.autojm.fr\\\/blog\\\/actualite-automobile\\\/\"},{\"@type\":\"ListItem\",\"position\":3,\"name\":\"La voiture, toujours reine des vacances d\u2019\u00e9t\u00e9\"}]},{\"@type\":\"WebSite\",\"@id\":\"https:\\\/\\\/www.autojm.fr\\\/blog\\\/#website\",\"url\":\"https:\\\/\\\/www.autojm.fr\\\/blog\\\/\",\"name\":\"AutoJM Mag\",\"description\":\"Toute l&#039;actu auto en 1 clic !\",\"publisher\":{\"@id\":\"https:\\\/\\\/www.autojm.fr\\\/blog\\\/#organization\"},\"potentialAction\":[{\"@type\":\"SearchAction\",\"target\":{\"@type\":\"EntryPoint\",\"urlTemplate\":\"https:\\\/\\\/www.autojm.fr\\\/blog\\\/?s={search_term_string}\"},\"query-input\":{\"@type\":\"PropertyValueSpecification\",\"valueRequired\":true,\"valueName\":\"search_term_string\"}}],\"inLanguage\":\"fr-FR\"},{\"@type\":\"Organization\",\"@id\":\"https:\\\/\\\/www.autojm.fr\\\/blog\\\/#organization\",\"name\":\"AutoJM Mag\",\"url\":\"https:\\\/\\\/www.autojm.fr\\\/blog\\\/\",\"logo\":{\"@type\":\"ImageObject\",\"inLanguage\":\"fr-FR\",\"@id\":\"https:\\\/\\\/www.autojm.fr\\\/blog\\\/#\\\/schema\\\/logo\\\/image\\\/\",\"url\":\"https:\\\/\\\/www.autojm.fr\\\/blog\\\/wp-content\\\/uploads\\\/2022\\\/12\\\/cropped-AutoJMag-png.png\",\"contentUrl\":\"https:\\\/\\\/www.autojm.fr\\\/blog\\\/wp-content\\\/uploads\\\/2022\\\/12\\\/cropped-AutoJMag-png.png\",\"width\":2834,\"height\":585,\"caption\":\"AutoJM Mag\"},\"image\":{\"@id\":\"https:\\\/\\\/www.autojm.fr\\\/blog\\\/#\\\/schema\\\/logo\\\/image\\\/\"},\"sameAs\":[\"https:\\\/\\\/www.facebook.com\\\/AutoJM25\"]},{\"@type\":\"Person\",\"@id\":\"https:\\\/\\\/www.autojm.fr\\\/blog\\\/#\\\/schema\\\/person\\\/1cc83a91548d88a62eb8cf06f562a72c\",\"name\":\"Justine Tripard\",\"image\":{\"@type\":\"ImageObject\",\"inLanguage\":\"fr-FR\",\"@id\":\"https:\\\/\\\/secure.gravatar.com\\\/avatar\\\/b8b45209a4cf0b7b127b9238ec348090e7302306d2485eeaab17b6761fe84991?s=96&d=mm&r=g\",\"url\":\"https:\\\/\\\/secure.gravatar.com\\\/avatar\\\/b8b45209a4cf0b7b127b9238ec348090e7302306d2485eeaab17b6761fe84991?s=96&d=mm&r=g\",\"contentUrl\":\"https:\\\/\\\/secure.gravatar.com\\\/avatar\\\/b8b45209a4cf0b7b127b9238ec348090e7302306d2485eeaab17b6761fe84991?s=96&d=mm&r=g\",\"caption\":\"Justine Tripard\"},\"url\":\"https:\\\/\\\/www.autojm.fr\\\/blog\\\/author\\\/justine\\\/\"}]}<\/script>\n<!-- \/ Yoast SEO plugin. -->","yoast_head_json":{"title":"La voiture, toujours reine des vacances d\u2019\u00e9t\u00e9 - AutoJM Mag","description":"Pour les vacances d\u2019\u00e9t\u00e9 2025, une \u00e9tude OpinionWay pour Point\u202fS r\u00e9v\u00e8le que 60\u202f% des Fran\u00e7ais continueront de prendre la voiture pour partir","robots":{"index":"index","follow":"follow","max-snippet":"max-snippet:-1","max-image-preview":"max-image-preview:large","max-video-preview":"max-video-preview:-1"},"canonical":"https:\/\/www.autojm.fr\/blog\/la-voiture-toujours-reine-des-vacances-dete\/","og_locale":"fr_FR","og_type":"article","og_title":"La voiture, toujours reine des vacances d\u2019\u00e9t\u00e9 - AutoJM Mag","og_description":"Pour les vacances d\u2019\u00e9t\u00e9 2025, une \u00e9tude OpinionWay pour Point\u202fS r\u00e9v\u00e8le que 60\u202f% des Fran\u00e7ais continueront de prendre la voiture pour partir","og_url":"https:\/\/www.autojm.fr\/blog\/la-voiture-toujours-reine-des-vacances-dete\/","og_site_name":"AutoJM Mag","article_publisher":"https:\/\/www.facebook.com\/AutoJM25","article_published_time":"2025-07-08T07:00:00+00:00","og_image":[{"width":1000,"height":500,"url":"https:\/\/www.autojm.fr\/blog\/wp-content\/uploads\/2025\/06\/image-top-1000x500-2.png","type":"image\/png"}],"author":"Justine Tripard","twitter_card":"summary_large_image","twitter_misc":{"\u00c9crit par":"Justine Tripard","Dur\u00e9e de lecture estim\u00e9e":"4 minutes"},"schema":{"@context":"https:\/\/schema.org","@graph":[{"@type":"Article","@id":"https:\/\/www.autojm.fr\/blog\/la-voiture-toujours-reine-des-vacances-dete\/#article","isPartOf":{"@id":"https:\/\/www.autojm.fr\/blog\/la-voiture-toujours-reine-des-vacances-dete\/"},"author":{"name":"Justine Tripard","@id":"https:\/\/www.autojm.fr\/blog\/#\/schema\/person\/1cc83a91548d88a62eb8cf06f562a72c"},"headline":"La voiture, toujours reine des vacances d\u2019\u00e9t\u00e9","datePublished":"2025-07-08T07:00:00+00:00","mainEntityOfPage":{"@id":"https:\/\/www.autojm.fr\/blog\/la-voiture-toujours-reine-des-vacances-dete\/"},"wordCount":8,"commentCount":0,"publisher":{"@id":"https:\/\/www.autojm.fr\/blog\/#organization"},"image":{"@id":"https:\/\/www.autojm.fr\/blog\/la-voiture-toujours-reine-des-vacances-dete\/#primaryimage"},"thumbnailUrl":"https:\/\/www.autojm.fr\/blog\/wp-content\/uploads\/2025\/06\/image-top-1000x500-2.png","keywords":["autojm","\u00e9t\u00e9","vacances","voiture"],"articleSection":["Actualit\u00e9 Automobile"],"inLanguage":"fr-FR","potentialAction":[{"@type":"CommentAction","name":"Comment","target":["https:\/\/www.autojm.fr\/blog\/la-voiture-toujours-reine-des-vacances-dete\/#respond"]}]},{"@type":"WebPage","@id":"https:\/\/www.autojm.fr\/blog\/la-voiture-toujours-reine-des-vacances-dete\/","url":"https:\/\/www.autojm.fr\/blog\/la-voiture-toujours-reine-des-vacances-dete\/","name":"La voiture, toujours reine des vacances d\u2019\u00e9t\u00e9 - AutoJM Mag","isPartOf":{"@id":"https:\/\/www.autojm.fr\/blog\/#website"},"primaryImageOfPage":{"@id":"https:\/\/www.autojm.fr\/blog\/la-voiture-toujours-reine-des-vacances-dete\/#primaryimage"},"image":{"@id":"https:\/\/www.autojm.fr\/blog\/la-voiture-toujours-reine-des-vacances-dete\/#primaryimage"},"thumbnailUrl":"https:\/\/www.autojm.fr\/blog\/wp-content\/uploads\/2025\/06\/image-top-1000x500-2.png","datePublished":"2025-07-08T07:00:00+00:00","description":"Pour les vacances d\u2019\u00e9t\u00e9 2025, une \u00e9tude OpinionWay pour Point\u202fS r\u00e9v\u00e8le que 60\u202f% des Fran\u00e7ais continueront de prendre la voiture pour partir","breadcrumb":{"@id":"https:\/\/www.autojm.fr\/blog\/la-voiture-toujours-reine-des-vacances-dete\/#breadcrumb"},"inLanguage":"fr-FR","potentialAction":[{"@type":"ReadAction","target":["https:\/\/www.autojm.fr\/blog\/la-voiture-toujours-reine-des-vacances-dete\/"]}]},{"@type":"ImageObject","inLanguage":"fr-FR","@id":"https:\/\/www.autojm.fr\/blog\/la-voiture-toujours-reine-des-vacances-dete\/#primaryimage","url":"https:\/\/www.autojm.fr\/blog\/wp-content\/uploads\/2025\/06\/image-top-1000x500-2.png","contentUrl":"https:\/\/www.autojm.fr\/blog\/wp-content\/uploads\/2025\/06\/image-top-1000x500-2.png","width":1000,"height":500,"caption":"Vacances"},{"@type":"BreadcrumbList","@id":"https:\/\/www.autojm.fr\/blog\/la-voiture-toujours-reine-des-vacances-dete\/#breadcrumb","itemListElement":[{"@type":"ListItem","position":1,"name":"Accueil","item":"https:\/\/www.autojm.fr\/blog\/"},{"@type":"ListItem","position":2,"name":"Actualit\u00e9 Automobile","item":"https:\/\/www.autojm.fr\/blog\/actualite-automobile\/"},{"@type":"ListItem","position":3,"name":"La voiture, toujours reine des vacances d\u2019\u00e9t\u00e9"}]},{"@type":"WebSite","@id":"https:\/\/www.autojm.fr\/blog\/#website","url":"https:\/\/www.autojm.fr\/blog\/","name":"AutoJM Mag","description":"Toute l&#039;actu auto en 1 clic !","publisher":{"@id":"https:\/\/www.autojm.fr\/blog\/#organization"},"potentialAction":[{"@type":"SearchAction","target":{"@type":"EntryPoint","urlTemplate":"https:\/\/www.autojm.fr\/blog\/?s={search_term_string}"},"query-input":{"@type":"PropertyValueSpecification","valueRequired":true,"valueName":"search_term_string"}}],"inLanguage":"fr-FR"},{"@type":"Organization","@id":"https:\/\/www.autojm.fr\/blog\/#organization","name":"AutoJM Mag","url":"https:\/\/www.autojm.fr\/blog\/","logo":{"@type":"ImageObject","inLanguage":"fr-FR","@id":"https:\/\/www.autojm.fr\/blog\/#\/schema\/logo\/image\/","url":"https:\/\/www.autojm.fr\/blog\/wp-content\/uploads\/2022\/12\/cropped-AutoJMag-png.png","contentUrl":"https:\/\/www.autojm.fr\/blog\/wp-content\/uploads\/2022\/12\/cropped-AutoJMag-png.png","width":2834,"height":585,"caption":"AutoJM Mag"},"image":{"@id":"https:\/\/www.autojm.fr\/blog\/#\/schema\/logo\/image\/"},"sameAs":["https:\/\/www.facebook.com\/AutoJM25"]},{"@type":"Person","@id":"https:\/\/www.autojm.fr\/blog\/#\/schema\/person\/1cc83a91548d88a62eb8cf06f562a72c","name":"Justine Tripard","image":{"@type":"ImageObject","inLanguage":"fr-FR","@id":"https:\/\/secure.gravatar.com\/avatar\/b8b45209a4cf0b7b127b9238ec348090e7302306d2485eeaab17b6761fe84991?s=96&d=mm&r=g","url":"https:\/\/secure.gravatar.com\/avatar\/b8b45209a4cf0b7b127b9238ec348090e7302306d2485eeaab17b6761fe84991?s=96&d=mm&r=g","contentUrl":"https:\/\/secure.gravatar.com\/avatar\/b8b45209a4cf0b7b127b9238ec348090e7302306d2485eeaab17b6761fe84991?s=96&d=mm&r=g","caption":"Justine Tripard"},"url":"https:\/\/www.autojm.fr\/blog\/author\/justine\/"}]}},"_links":{"self":[{"href":"https:\/\/www.autojm.fr\/blog\/wp-json\/wp\/v2\/posts\/23088","targetHints":{"allow":["GET"]}}],"collection":[{"href":"https:\/\/www.autojm.fr\/blog\/wp-json\/wp\/v2\/posts"}],"about":[{"href":"https:\/\/www.autojm.fr\/blog\/wp-json\/wp\/v2\/types\/post"}],"author":[{"embeddable":true,"href":"https:\/\/www.autojm.fr\/blog\/wp-json\/wp\/v2\/users\/6"}],"replies":[{"embeddable":true,"href":"https:\/\/www.autojm.fr\/blog\/wp-json\/wp\/v2\/comments?post=23088"}],"version-history":[{"count":12,"href":"https:\/\/www.autojm.fr\/blog\/wp-json\/wp\/v2\/posts\/23088\/revisions"}],"predecessor-version":[{"id":23242,"href":"https:\/\/www.autojm.fr\/blog\/wp-json\/wp\/v2\/posts\/23088\/revisions\/23242"}],"wp:featuredmedia":[{"embeddable":true,"href":"https:\/\/www.autojm.fr\/blog\/wp-json\/wp\/v2\/media\/23100"}],"wp:attachment":[{"href":"https:\/\/www.autojm.fr\/blog\/wp-json\/wp\/v2\/media?parent=23088"}],"wp:term":[{"taxonomy":"category","embeddable":true,"href":"https:\/\/www.autojm.fr\/blog\/wp-json\/wp\/v2\/categories?post=23088"},{"taxonomy":"post_tag","embeddable":true,"href":"https:\/\/www.autojm.fr\/blog\/wp-json\/wp\/v2\/tags?post=23088"}],"curies":[{"name":"wp","href":"https:\/\/api.w.org\/{rel}","templated":true}]}}