{"id":22918,"date":"2025-06-13T09:00:00","date_gmt":"2025-06-13T07:00:00","guid":{"rendered":"https:\/\/www.autojm.fr\/blog\/?p=22918"},"modified":"2025-06-11T11:48:17","modified_gmt":"2025-06-11T09:48:17","slug":"autojm-fete-ses-50-ans-un-demi-siecle-dhistoire-automobile","status":"publish","type":"post","link":"https:\/\/www.autojm.fr\/blog\/autojm-fete-ses-50-ans-un-demi-siecle-dhistoire-automobile\/","title":{"rendered":"AutoJM f\u00eate ses 50 ans : un demi-si\u00e8cle d\u2019histoire automobile"},"content":{"rendered":"","protected":false},"excerpt":{"rendered":"<p>Cette ann\u00e9e, AutoJM franchit un cap historique : celui des 50 ans d\u2019existence. Dans un univers en perp\u00e9tuelle \u00e9volution, peu d\u2019entreprises peuvent revendiquer une telle long\u00e9vit\u00e9. Et pour cause : au fil des d\u00e9cennies, AutoJM a su conjuguer tradition familiale tout en s&rsquo;adaptant aux march\u00e9s. Une entreprise ind\u00e9pendante, enracin\u00e9e dans l\u2019est de la France, qui revendique aujourd\u2019hui plus de 100 000 clients livr\u00e9s \u00e0 travers tout le pays (et au-del\u00e0).<\/p>\n","protected":false},"author":6,"featured_media":22924,"comment_status":"open","ping_status":"open","sticky":false,"template":"","format":"standard","meta":{"_acf_changed":false,"content-type":"","footnotes":""},"categories":[370,5],"tags":[564,560,90,562],"class_list":["post-22918","post","type-post","status-publish","format-standard","has-post-thumbnail","hentry","category-actualite-autojm","category-actualite-automobile","tag-50-ans","tag-anniversaire","tag-autojm","tag-entreprise"],"acf":[],"yoast_head":"<!-- This site is optimized with the Yoast SEO plugin v27.5 - https:\/\/yoast.com\/product\/yoast-seo-wordpress\/ -->\n<title>AutoJM f\u00eate ses 50 ans : un demi-si\u00e8cle d\u2019histoire automobile - AutoJM Mag<\/title>\n<meta name=\"description\" content=\"Cette ann\u00e9e, AutoJM franchit un cap historique : celui des 50 ans d\u2019existence. Dans un univers en perp\u00e9tuelle \u00e9volution, peu d\u2019entreprises...\" \/>\n<meta name=\"robots\" content=\"index, follow, max-snippet:-1, max-image-preview:large, max-video-preview:-1\" \/>\n<link rel=\"canonical\" href=\"https:\/\/www.autojm.fr\/blog\/autojm-fete-ses-50-ans-un-demi-siecle-dhistoire-automobile\/\" \/>\n<meta property=\"og:locale\" content=\"fr_FR\" \/>\n<meta property=\"og:type\" content=\"article\" \/>\n<meta property=\"og:title\" content=\"AutoJM f\u00eate ses 50 ans : un demi-si\u00e8cle d\u2019histoire automobile - AutoJM Mag\" \/>\n<meta property=\"og:description\" content=\"Cette ann\u00e9e, AutoJM franchit un cap historique : celui des 50 ans d\u2019existence. Dans un univers en perp\u00e9tuelle \u00e9volution, peu d\u2019entreprises...\" \/>\n<meta property=\"og:url\" content=\"https:\/\/www.autojm.fr\/blog\/autojm-fete-ses-50-ans-un-demi-siecle-dhistoire-automobile\/\" \/>\n<meta property=\"og:site_name\" content=\"AutoJM Mag\" \/>\n<meta property=\"article:publisher\" content=\"https:\/\/www.facebook.com\/AutoJM25\" \/>\n<meta property=\"article:published_time\" content=\"2025-06-13T07:00:00+00:00\" \/>\n<meta property=\"og:image\" content=\"https:\/\/www.autojm.fr\/blog\/wp-content\/uploads\/2025\/06\/image-top-1.png\" \/>\n\t<meta property=\"og:image:width\" content=\"1000\" \/>\n\t<meta property=\"og:image:height\" content=\"500\" \/>\n\t<meta property=\"og:image:type\" content=\"image\/png\" \/>\n<meta name=\"author\" content=\"Justine Tripard\" \/>\n<meta name=\"twitter:card\" content=\"summary_large_image\" \/>\n<meta name=\"twitter:label1\" content=\"\u00c9crit par\" \/>\n\t<meta name=\"twitter:data1\" content=\"Justine Tripard\" \/>\n\t<meta name=\"twitter:label2\" content=\"Dur\u00e9e de lecture estim\u00e9e\" \/>\n\t<meta name=\"twitter:data2\" content=\"4 minutes\" \/>\n<script type=\"application\/ld+json\" class=\"yoast-schema-graph\">{\"@context\":\"https:\\\/\\\/schema.org\",\"@graph\":[{\"@type\":\"Article\",\"@id\":\"https:\\\/\\\/www.autojm.fr\\\/blog\\\/autojm-fete-ses-50-ans-un-demi-siecle-dhistoire-automobile\\\/#article\",\"isPartOf\":{\"@id\":\"https:\\\/\\\/www.autojm.fr\\\/blog\\\/autojm-fete-ses-50-ans-un-demi-siecle-dhistoire-automobile\\\/\"},\"author\":{\"name\":\"Justine Tripard\",\"@id\":\"https:\\\/\\\/www.autojm.fr\\\/blog\\\/#\\\/schema\\\/person\\\/1cc83a91548d88a62eb8cf06f562a72c\"},\"headline\":\"AutoJM f\u00eate ses 50 ans : un demi-si\u00e8cle d\u2019histoire automobile\",\"datePublished\":\"2025-06-13T07:00:00+00:00\",\"mainEntityOfPage\":{\"@id\":\"https:\\\/\\\/www.autojm.fr\\\/blog\\\/autojm-fete-ses-50-ans-un-demi-siecle-dhistoire-automobile\\\/\"},\"wordCount\":11,\"commentCount\":0,\"publisher\":{\"@id\":\"https:\\\/\\\/www.autojm.fr\\\/blog\\\/#organization\"},\"image\":{\"@id\":\"https:\\\/\\\/www.autojm.fr\\\/blog\\\/autojm-fete-ses-50-ans-un-demi-siecle-dhistoire-automobile\\\/#primaryimage\"},\"thumbnailUrl\":\"https:\\\/\\\/www.autojm.fr\\\/blog\\\/wp-content\\\/uploads\\\/2025\\\/06\\\/image-top-1.png\",\"keywords\":[\"50 ans\",\"anniversaire\",\"autojm\",\"entreprise\"],\"articleSection\":[\"Actualit\u00e9 AutoJM\",\"Actualit\u00e9 Automobile\"],\"inLanguage\":\"fr-FR\",\"potentialAction\":[{\"@type\":\"CommentAction\",\"name\":\"Comment\",\"target\":[\"https:\\\/\\\/www.autojm.fr\\\/blog\\\/autojm-fete-ses-50-ans-un-demi-siecle-dhistoire-automobile\\\/#respond\"]}]},{\"@type\":\"WebPage\",\"@id\":\"https:\\\/\\\/www.autojm.fr\\\/blog\\\/autojm-fete-ses-50-ans-un-demi-siecle-dhistoire-automobile\\\/\",\"url\":\"https:\\\/\\\/www.autojm.fr\\\/blog\\\/autojm-fete-ses-50-ans-un-demi-siecle-dhistoire-automobile\\\/\",\"name\":\"AutoJM f\u00eate ses 50 ans : un demi-si\u00e8cle d\u2019histoire automobile - AutoJM Mag\",\"isPartOf\":{\"@id\":\"https:\\\/\\\/www.autojm.fr\\\/blog\\\/#website\"},\"primaryImageOfPage\":{\"@id\":\"https:\\\/\\\/www.autojm.fr\\\/blog\\\/autojm-fete-ses-50-ans-un-demi-siecle-dhistoire-automobile\\\/#primaryimage\"},\"image\":{\"@id\":\"https:\\\/\\\/www.autojm.fr\\\/blog\\\/autojm-fete-ses-50-ans-un-demi-siecle-dhistoire-automobile\\\/#primaryimage\"},\"thumbnailUrl\":\"https:\\\/\\\/www.autojm.fr\\\/blog\\\/wp-content\\\/uploads\\\/2025\\\/06\\\/image-top-1.png\",\"datePublished\":\"2025-06-13T07:00:00+00:00\",\"description\":\"Cette ann\u00e9e, AutoJM franchit un cap historique : celui des 50 ans d\u2019existence. Dans un univers en perp\u00e9tuelle \u00e9volution, peu d\u2019entreprises...\",\"breadcrumb\":{\"@id\":\"https:\\\/\\\/www.autojm.fr\\\/blog\\\/autojm-fete-ses-50-ans-un-demi-siecle-dhistoire-automobile\\\/#breadcrumb\"},\"inLanguage\":\"fr-FR\",\"potentialAction\":[{\"@type\":\"ReadAction\",\"target\":[\"https:\\\/\\\/www.autojm.fr\\\/blog\\\/autojm-fete-ses-50-ans-un-demi-siecle-dhistoire-automobile\\\/\"]}]},{\"@type\":\"ImageObject\",\"inLanguage\":\"fr-FR\",\"@id\":\"https:\\\/\\\/www.autojm.fr\\\/blog\\\/autojm-fete-ses-50-ans-un-demi-siecle-dhistoire-automobile\\\/#primaryimage\",\"url\":\"https:\\\/\\\/www.autojm.fr\\\/blog\\\/wp-content\\\/uploads\\\/2025\\\/06\\\/image-top-1.png\",\"contentUrl\":\"https:\\\/\\\/www.autojm.fr\\\/blog\\\/wp-content\\\/uploads\\\/2025\\\/06\\\/image-top-1.png\",\"width\":1000,\"height\":500,\"caption\":\"50 ans\"},{\"@type\":\"BreadcrumbList\",\"@id\":\"https:\\\/\\\/www.autojm.fr\\\/blog\\\/autojm-fete-ses-50-ans-un-demi-siecle-dhistoire-automobile\\\/#breadcrumb\",\"itemListElement\":[{\"@type\":\"ListItem\",\"position\":1,\"name\":\"Accueil\",\"item\":\"https:\\\/\\\/www.autojm.fr\\\/blog\\\/\"},{\"@type\":\"ListItem\",\"position\":2,\"name\":\"Actualit\u00e9 Automobile\",\"item\":\"https:\\\/\\\/www.autojm.fr\\\/blog\\\/actualite-automobile\\\/\"},{\"@type\":\"ListItem\",\"position\":3,\"name\":\"Actualit\u00e9 AutoJM\",\"item\":\"https:\\\/\\\/www.autojm.fr\\\/blog\\\/actualite-automobile\\\/actualite-autojm\\\/\"},{\"@type\":\"ListItem\",\"position\":4,\"name\":\"AutoJM f\u00eate ses 50 ans : un demi-si\u00e8cle d\u2019histoire automobile\"}]},{\"@type\":\"WebSite\",\"@id\":\"https:\\\/\\\/www.autojm.fr\\\/blog\\\/#website\",\"url\":\"https:\\\/\\\/www.autojm.fr\\\/blog\\\/\",\"name\":\"AutoJM Mag\",\"description\":\"Toute l&#039;actu auto en 1 clic !\",\"publisher\":{\"@id\":\"https:\\\/\\\/www.autojm.fr\\\/blog\\\/#organization\"},\"potentialAction\":[{\"@type\":\"SearchAction\",\"target\":{\"@type\":\"EntryPoint\",\"urlTemplate\":\"https:\\\/\\\/www.autojm.fr\\\/blog\\\/?s={search_term_string}\"},\"query-input\":{\"@type\":\"PropertyValueSpecification\",\"valueRequired\":true,\"valueName\":\"search_term_string\"}}],\"inLanguage\":\"fr-FR\"},{\"@type\":\"Organization\",\"@id\":\"https:\\\/\\\/www.autojm.fr\\\/blog\\\/#organization\",\"name\":\"AutoJM Mag\",\"url\":\"https:\\\/\\\/www.autojm.fr\\\/blog\\\/\",\"logo\":{\"@type\":\"ImageObject\",\"inLanguage\":\"fr-FR\",\"@id\":\"https:\\\/\\\/www.autojm.fr\\\/blog\\\/#\\\/schema\\\/logo\\\/image\\\/\",\"url\":\"https:\\\/\\\/www.autojm.fr\\\/blog\\\/wp-content\\\/uploads\\\/2022\\\/12\\\/cropped-AutoJMag-png.png\",\"contentUrl\":\"https:\\\/\\\/www.autojm.fr\\\/blog\\\/wp-content\\\/uploads\\\/2022\\\/12\\\/cropped-AutoJMag-png.png\",\"width\":2834,\"height\":585,\"caption\":\"AutoJM Mag\"},\"image\":{\"@id\":\"https:\\\/\\\/www.autojm.fr\\\/blog\\\/#\\\/schema\\\/logo\\\/image\\\/\"},\"sameAs\":[\"https:\\\/\\\/www.facebook.com\\\/AutoJM25\"]},{\"@type\":\"Person\",\"@id\":\"https:\\\/\\\/www.autojm.fr\\\/blog\\\/#\\\/schema\\\/person\\\/1cc83a91548d88a62eb8cf06f562a72c\",\"name\":\"Justine Tripard\",\"image\":{\"@type\":\"ImageObject\",\"inLanguage\":\"fr-FR\",\"@id\":\"https:\\\/\\\/secure.gravatar.com\\\/avatar\\\/b8b45209a4cf0b7b127b9238ec348090e7302306d2485eeaab17b6761fe84991?s=96&d=mm&r=g\",\"url\":\"https:\\\/\\\/secure.gravatar.com\\\/avatar\\\/b8b45209a4cf0b7b127b9238ec348090e7302306d2485eeaab17b6761fe84991?s=96&d=mm&r=g\",\"contentUrl\":\"https:\\\/\\\/secure.gravatar.com\\\/avatar\\\/b8b45209a4cf0b7b127b9238ec348090e7302306d2485eeaab17b6761fe84991?s=96&d=mm&r=g\",\"caption\":\"Justine Tripard\"},\"url\":\"https:\\\/\\\/www.autojm.fr\\\/blog\\\/author\\\/justine\\\/\"}]}<\/script>\n<!-- \/ Yoast SEO plugin. -->","yoast_head_json":{"title":"AutoJM f\u00eate ses 50 ans : un demi-si\u00e8cle d\u2019histoire automobile - AutoJM Mag","description":"Cette ann\u00e9e, AutoJM franchit un cap historique : celui des 50 ans d\u2019existence. Dans un univers en perp\u00e9tuelle \u00e9volution, peu d\u2019entreprises...","robots":{"index":"index","follow":"follow","max-snippet":"max-snippet:-1","max-image-preview":"max-image-preview:large","max-video-preview":"max-video-preview:-1"},"canonical":"https:\/\/www.autojm.fr\/blog\/autojm-fete-ses-50-ans-un-demi-siecle-dhistoire-automobile\/","og_locale":"fr_FR","og_type":"article","og_title":"AutoJM f\u00eate ses 50 ans : un demi-si\u00e8cle d\u2019histoire automobile - AutoJM Mag","og_description":"Cette ann\u00e9e, AutoJM franchit un cap historique : celui des 50 ans d\u2019existence. Dans un univers en perp\u00e9tuelle \u00e9volution, peu d\u2019entreprises...","og_url":"https:\/\/www.autojm.fr\/blog\/autojm-fete-ses-50-ans-un-demi-siecle-dhistoire-automobile\/","og_site_name":"AutoJM Mag","article_publisher":"https:\/\/www.facebook.com\/AutoJM25","article_published_time":"2025-06-13T07:00:00+00:00","og_image":[{"width":1000,"height":500,"url":"https:\/\/www.autojm.fr\/blog\/wp-content\/uploads\/2025\/06\/image-top-1.png","type":"image\/png"}],"author":"Justine Tripard","twitter_card":"summary_large_image","twitter_misc":{"\u00c9crit par":"Justine Tripard","Dur\u00e9e de lecture estim\u00e9e":"4 minutes"},"schema":{"@context":"https:\/\/schema.org","@graph":[{"@type":"Article","@id":"https:\/\/www.autojm.fr\/blog\/autojm-fete-ses-50-ans-un-demi-siecle-dhistoire-automobile\/#article","isPartOf":{"@id":"https:\/\/www.autojm.fr\/blog\/autojm-fete-ses-50-ans-un-demi-siecle-dhistoire-automobile\/"},"author":{"name":"Justine Tripard","@id":"https:\/\/www.autojm.fr\/blog\/#\/schema\/person\/1cc83a91548d88a62eb8cf06f562a72c"},"headline":"AutoJM f\u00eate ses 50 ans : un demi-si\u00e8cle d\u2019histoire automobile","datePublished":"2025-06-13T07:00:00+00:00","mainEntityOfPage":{"@id":"https:\/\/www.autojm.fr\/blog\/autojm-fete-ses-50-ans-un-demi-siecle-dhistoire-automobile\/"},"wordCount":11,"commentCount":0,"publisher":{"@id":"https:\/\/www.autojm.fr\/blog\/#organization"},"image":{"@id":"https:\/\/www.autojm.fr\/blog\/autojm-fete-ses-50-ans-un-demi-siecle-dhistoire-automobile\/#primaryimage"},"thumbnailUrl":"https:\/\/www.autojm.fr\/blog\/wp-content\/uploads\/2025\/06\/image-top-1.png","keywords":["50 ans","anniversaire","autojm","entreprise"],"articleSection":["Actualit\u00e9 AutoJM","Actualit\u00e9 Automobile"],"inLanguage":"fr-FR","potentialAction":[{"@type":"CommentAction","name":"Comment","target":["https:\/\/www.autojm.fr\/blog\/autojm-fete-ses-50-ans-un-demi-siecle-dhistoire-automobile\/#respond"]}]},{"@type":"WebPage","@id":"https:\/\/www.autojm.fr\/blog\/autojm-fete-ses-50-ans-un-demi-siecle-dhistoire-automobile\/","url":"https:\/\/www.autojm.fr\/blog\/autojm-fete-ses-50-ans-un-demi-siecle-dhistoire-automobile\/","name":"AutoJM f\u00eate ses 50 ans : un demi-si\u00e8cle d\u2019histoire automobile - AutoJM Mag","isPartOf":{"@id":"https:\/\/www.autojm.fr\/blog\/#website"},"primaryImageOfPage":{"@id":"https:\/\/www.autojm.fr\/blog\/autojm-fete-ses-50-ans-un-demi-siecle-dhistoire-automobile\/#primaryimage"},"image":{"@id":"https:\/\/www.autojm.fr\/blog\/autojm-fete-ses-50-ans-un-demi-siecle-dhistoire-automobile\/#primaryimage"},"thumbnailUrl":"https:\/\/www.autojm.fr\/blog\/wp-content\/uploads\/2025\/06\/image-top-1.png","datePublished":"2025-06-13T07:00:00+00:00","description":"Cette ann\u00e9e, AutoJM franchit un cap historique : celui des 50 ans d\u2019existence. Dans un univers en perp\u00e9tuelle \u00e9volution, peu d\u2019entreprises...","breadcrumb":{"@id":"https:\/\/www.autojm.fr\/blog\/autojm-fete-ses-50-ans-un-demi-siecle-dhistoire-automobile\/#breadcrumb"},"inLanguage":"fr-FR","potentialAction":[{"@type":"ReadAction","target":["https:\/\/www.autojm.fr\/blog\/autojm-fete-ses-50-ans-un-demi-siecle-dhistoire-automobile\/"]}]},{"@type":"ImageObject","inLanguage":"fr-FR","@id":"https:\/\/www.autojm.fr\/blog\/autojm-fete-ses-50-ans-un-demi-siecle-dhistoire-automobile\/#primaryimage","url":"https:\/\/www.autojm.fr\/blog\/wp-content\/uploads\/2025\/06\/image-top-1.png","contentUrl":"https:\/\/www.autojm.fr\/blog\/wp-content\/uploads\/2025\/06\/image-top-1.png","width":1000,"height":500,"caption":"50 ans"},{"@type":"BreadcrumbList","@id":"https:\/\/www.autojm.fr\/blog\/autojm-fete-ses-50-ans-un-demi-siecle-dhistoire-automobile\/#breadcrumb","itemListElement":[{"@type":"ListItem","position":1,"name":"Accueil","item":"https:\/\/www.autojm.fr\/blog\/"},{"@type":"ListItem","position":2,"name":"Actualit\u00e9 Automobile","item":"https:\/\/www.autojm.fr\/blog\/actualite-automobile\/"},{"@type":"ListItem","position":3,"name":"Actualit\u00e9 AutoJM","item":"https:\/\/www.autojm.fr\/blog\/actualite-automobile\/actualite-autojm\/"},{"@type":"ListItem","position":4,"name":"AutoJM f\u00eate ses 50 ans : un demi-si\u00e8cle d\u2019histoire automobile"}]},{"@type":"WebSite","@id":"https:\/\/www.autojm.fr\/blog\/#website","url":"https:\/\/www.autojm.fr\/blog\/","name":"AutoJM Mag","description":"Toute l&#039;actu auto en 1 clic !","publisher":{"@id":"https:\/\/www.autojm.fr\/blog\/#organization"},"potentialAction":[{"@type":"SearchAction","target":{"@type":"EntryPoint","urlTemplate":"https:\/\/www.autojm.fr\/blog\/?s={search_term_string}"},"query-input":{"@type":"PropertyValueSpecification","valueRequired":true,"valueName":"search_term_string"}}],"inLanguage":"fr-FR"},{"@type":"Organization","@id":"https:\/\/www.autojm.fr\/blog\/#organization","name":"AutoJM Mag","url":"https:\/\/www.autojm.fr\/blog\/","logo":{"@type":"ImageObject","inLanguage":"fr-FR","@id":"https:\/\/www.autojm.fr\/blog\/#\/schema\/logo\/image\/","url":"https:\/\/www.autojm.fr\/blog\/wp-content\/uploads\/2022\/12\/cropped-AutoJMag-png.png","contentUrl":"https:\/\/www.autojm.fr\/blog\/wp-content\/uploads\/2022\/12\/cropped-AutoJMag-png.png","width":2834,"height":585,"caption":"AutoJM Mag"},"image":{"@id":"https:\/\/www.autojm.fr\/blog\/#\/schema\/logo\/image\/"},"sameAs":["https:\/\/www.facebook.com\/AutoJM25"]},{"@type":"Person","@id":"https:\/\/www.autojm.fr\/blog\/#\/schema\/person\/1cc83a91548d88a62eb8cf06f562a72c","name":"Justine Tripard","image":{"@type":"ImageObject","inLanguage":"fr-FR","@id":"https:\/\/secure.gravatar.com\/avatar\/b8b45209a4cf0b7b127b9238ec348090e7302306d2485eeaab17b6761fe84991?s=96&d=mm&r=g","url":"https:\/\/secure.gravatar.com\/avatar\/b8b45209a4cf0b7b127b9238ec348090e7302306d2485eeaab17b6761fe84991?s=96&d=mm&r=g","contentUrl":"https:\/\/secure.gravatar.com\/avatar\/b8b45209a4cf0b7b127b9238ec348090e7302306d2485eeaab17b6761fe84991?s=96&d=mm&r=g","caption":"Justine Tripard"},"url":"https:\/\/www.autojm.fr\/blog\/author\/justine\/"}]}},"_links":{"self":[{"href":"https:\/\/www.autojm.fr\/blog\/wp-json\/wp\/v2\/posts\/22918","targetHints":{"allow":["GET"]}}],"collection":[{"href":"https:\/\/www.autojm.fr\/blog\/wp-json\/wp\/v2\/posts"}],"about":[{"href":"https:\/\/www.autojm.fr\/blog\/wp-json\/wp\/v2\/types\/post"}],"author":[{"embeddable":true,"href":"https:\/\/www.autojm.fr\/blog\/wp-json\/wp\/v2\/users\/6"}],"replies":[{"embeddable":true,"href":"https:\/\/www.autojm.fr\/blog\/wp-json\/wp\/v2\/comments?post=22918"}],"version-history":[{"count":9,"href":"https:\/\/www.autojm.fr\/blog\/wp-json\/wp\/v2\/posts\/22918\/revisions"}],"predecessor-version":[{"id":22961,"href":"https:\/\/www.autojm.fr\/blog\/wp-json\/wp\/v2\/posts\/22918\/revisions\/22961"}],"wp:featuredmedia":[{"embeddable":true,"href":"https:\/\/www.autojm.fr\/blog\/wp-json\/wp\/v2\/media\/22924"}],"wp:attachment":[{"href":"https:\/\/www.autojm.fr\/blog\/wp-json\/wp\/v2\/media?parent=22918"}],"wp:term":[{"taxonomy":"category","embeddable":true,"href":"https:\/\/www.autojm.fr\/blog\/wp-json\/wp\/v2\/categories?post=22918"},{"taxonomy":"post_tag","embeddable":true,"href":"https:\/\/www.autojm.fr\/blog\/wp-json\/wp\/v2\/tags?post=22918"}],"curies":[{"name":"wp","href":"https:\/\/api.w.org\/{rel}","templated":true}]}}