{"id":22759,"date":"2025-05-30T09:00:00","date_gmt":"2025-05-30T07:00:00","guid":{"rendered":"https:\/\/www.autojm.fr\/blog\/?p=22759"},"modified":"2026-02-20T10:29:55","modified_gmt":"2026-02-20T08:29:55","slug":"nouvelle-ds-n4-lelegante-compacte-passe-a-lelectrique","status":"publish","type":"post","link":"https:\/\/www.autojm.fr\/blog\/nouvelle-ds-n4-lelegante-compacte-passe-a-lelectrique\/","title":{"rendered":"Nouvelle DS N\u00b04 : l\u2019\u00e9l\u00e9gante compacte passe \u00e0 l\u2019\u00e9lectrique"},"content":{"rendered":"","protected":false},"excerpt":{"rendered":"<p>DS Automobiles a d\u00e9voil\u00e9 le 14 mai la DS N\u00b04, une version restyl\u00e9e et rebaptis\u00e9e de sa berline compacte DS 4, d\u00e9sormais r\u00e9solument tourn\u00e9e vers l\u2019\u00e9lectrification. Avec son design retravaill\u00e9, son int\u00e9rieur raffin\u00e9 et sa motorisation 100 % \u00e9lectrique, la DS N\u00b04 E-Tense incarne le savoir-faire fran\u00e7ais dans le segment premium.<\/p>\n","protected":false},"author":6,"featured_media":54322,"comment_status":"open","ping_status":"open","sticky":false,"template":"","format":"standard","meta":{"_acf_changed":false,"content-type":"","footnotes":""},"categories":[5,65],"tags":[445,447,105,557],"class_list":["post-22759","post","type-post","status-publish","format-standard","has-post-thumbnail","hentry","category-actualite-automobile","category-actualites-ds","tag-berline","tag-compacte","tag-ds","tag-restylage"],"acf":[],"yoast_head":"<!-- This site is optimized with the Yoast SEO plugin v27.5 - https:\/\/yoast.com\/product\/yoast-seo-wordpress\/ -->\n<title>Nouvelle DS N\u00b04 : l\u2019\u00e9l\u00e9gante compacte passe \u00e0 l\u2019\u00e9lectrique - AutoJM Mag<\/title>\n<meta name=\"description\" content=\"DS Automobiles a d\u00e9voil\u00e9 le 14 mai la DS N\u00b04, une version restyl\u00e9e et rebaptis\u00e9e de sa berline compacte DS 4, d\u00e9sormais r\u00e9solument tourn\u00e9e...\" \/>\n<meta name=\"robots\" content=\"index, follow, max-snippet:-1, max-image-preview:large, max-video-preview:-1\" \/>\n<link rel=\"canonical\" href=\"https:\/\/www.autojm.fr\/blog\/nouvelle-ds-n4-lelegante-compacte-passe-a-lelectrique\/\" \/>\n<meta property=\"og:locale\" content=\"fr_FR\" \/>\n<meta property=\"og:type\" content=\"article\" \/>\n<meta property=\"og:title\" content=\"Nouvelle DS N\u00b04 : l\u2019\u00e9l\u00e9gante compacte passe \u00e0 l\u2019\u00e9lectrique - AutoJM Mag\" \/>\n<meta property=\"og:description\" content=\"DS Automobiles a d\u00e9voil\u00e9 le 14 mai la DS N\u00b04, une version restyl\u00e9e et rebaptis\u00e9e de sa berline compacte DS 4, d\u00e9sormais r\u00e9solument tourn\u00e9e...\" \/>\n<meta property=\"og:url\" content=\"https:\/\/www.autojm.fr\/blog\/nouvelle-ds-n4-lelegante-compacte-passe-a-lelectrique\/\" \/>\n<meta property=\"og:site_name\" content=\"AutoJM Mag\" \/>\n<meta property=\"article:publisher\" content=\"https:\/\/www.facebook.com\/AutoJM25\" \/>\n<meta property=\"article:published_time\" content=\"2025-05-30T07:00:00+00:00\" \/>\n<meta property=\"article:modified_time\" content=\"2026-02-20T08:29:55+00:00\" \/>\n<meta property=\"og:image\" content=\"https:\/\/www.autojm.fr\/blog\/wp-content\/uploads\/2025\/05\/image-top-1000x500-47.png\" \/>\n\t<meta property=\"og:image:width\" content=\"1000\" \/>\n\t<meta property=\"og:image:height\" content=\"500\" \/>\n\t<meta property=\"og:image:type\" content=\"image\/png\" \/>\n<meta name=\"author\" content=\"Justine Tripard\" \/>\n<meta name=\"twitter:card\" content=\"summary_large_image\" \/>\n<meta name=\"twitter:label1\" content=\"\u00c9crit par\" \/>\n\t<meta name=\"twitter:data1\" content=\"Justine Tripard\" \/>\n\t<meta name=\"twitter:label2\" content=\"Dur\u00e9e de lecture estim\u00e9e\" \/>\n\t<meta name=\"twitter:data2\" content=\"4 minutes\" \/>\n<script type=\"application\/ld+json\" class=\"yoast-schema-graph\">{\"@context\":\"https:\\\/\\\/schema.org\",\"@graph\":[{\"@type\":\"Article\",\"@id\":\"https:\\\/\\\/www.autojm.fr\\\/blog\\\/nouvelle-ds-n4-lelegante-compacte-passe-a-lelectrique\\\/#article\",\"isPartOf\":{\"@id\":\"https:\\\/\\\/www.autojm.fr\\\/blog\\\/nouvelle-ds-n4-lelegante-compacte-passe-a-lelectrique\\\/\"},\"author\":{\"name\":\"Justine Tripard\",\"@id\":\"https:\\\/\\\/www.autojm.fr\\\/blog\\\/#\\\/schema\\\/person\\\/1cc83a91548d88a62eb8cf06f562a72c\"},\"headline\":\"Nouvelle DS N\u00b04 : l\u2019\u00e9l\u00e9gante compacte passe \u00e0 l\u2019\u00e9lectrique\",\"datePublished\":\"2025-05-30T07:00:00+00:00\",\"dateModified\":\"2026-02-20T08:29:55+00:00\",\"mainEntityOfPage\":{\"@id\":\"https:\\\/\\\/www.autojm.fr\\\/blog\\\/nouvelle-ds-n4-lelegante-compacte-passe-a-lelectrique\\\/\"},\"wordCount\":10,\"commentCount\":0,\"publisher\":{\"@id\":\"https:\\\/\\\/www.autojm.fr\\\/blog\\\/#organization\"},\"image\":{\"@id\":\"https:\\\/\\\/www.autojm.fr\\\/blog\\\/nouvelle-ds-n4-lelegante-compacte-passe-a-lelectrique\\\/#primaryimage\"},\"thumbnailUrl\":\"https:\\\/\\\/www.autojm.fr\\\/blog\\\/wp-content\\\/uploads\\\/2025\\\/05\\\/image-top-1000x500-47.png\",\"keywords\":[\"berline\",\"compacte\",\"DS\",\"restylage\"],\"articleSection\":[\"Actualit\u00e9 Automobile\",\"Actualit\u00e9s DS\"],\"inLanguage\":\"fr-FR\",\"potentialAction\":[{\"@type\":\"CommentAction\",\"name\":\"Comment\",\"target\":[\"https:\\\/\\\/www.autojm.fr\\\/blog\\\/nouvelle-ds-n4-lelegante-compacte-passe-a-lelectrique\\\/#respond\"]}]},{\"@type\":\"WebPage\",\"@id\":\"https:\\\/\\\/www.autojm.fr\\\/blog\\\/nouvelle-ds-n4-lelegante-compacte-passe-a-lelectrique\\\/\",\"url\":\"https:\\\/\\\/www.autojm.fr\\\/blog\\\/nouvelle-ds-n4-lelegante-compacte-passe-a-lelectrique\\\/\",\"name\":\"Nouvelle DS N\u00b04 : l\u2019\u00e9l\u00e9gante compacte passe \u00e0 l\u2019\u00e9lectrique - AutoJM Mag\",\"isPartOf\":{\"@id\":\"https:\\\/\\\/www.autojm.fr\\\/blog\\\/#website\"},\"primaryImageOfPage\":{\"@id\":\"https:\\\/\\\/www.autojm.fr\\\/blog\\\/nouvelle-ds-n4-lelegante-compacte-passe-a-lelectrique\\\/#primaryimage\"},\"image\":{\"@id\":\"https:\\\/\\\/www.autojm.fr\\\/blog\\\/nouvelle-ds-n4-lelegante-compacte-passe-a-lelectrique\\\/#primaryimage\"},\"thumbnailUrl\":\"https:\\\/\\\/www.autojm.fr\\\/blog\\\/wp-content\\\/uploads\\\/2025\\\/05\\\/image-top-1000x500-47.png\",\"datePublished\":\"2025-05-30T07:00:00+00:00\",\"dateModified\":\"2026-02-20T08:29:55+00:00\",\"description\":\"DS Automobiles a d\u00e9voil\u00e9 le 14 mai la DS N\u00b04, une version restyl\u00e9e et rebaptis\u00e9e de sa berline compacte DS 4, d\u00e9sormais r\u00e9solument tourn\u00e9e...\",\"breadcrumb\":{\"@id\":\"https:\\\/\\\/www.autojm.fr\\\/blog\\\/nouvelle-ds-n4-lelegante-compacte-passe-a-lelectrique\\\/#breadcrumb\"},\"inLanguage\":\"fr-FR\",\"potentialAction\":[{\"@type\":\"ReadAction\",\"target\":[\"https:\\\/\\\/www.autojm.fr\\\/blog\\\/nouvelle-ds-n4-lelegante-compacte-passe-a-lelectrique\\\/\"]}]},{\"@type\":\"ImageObject\",\"inLanguage\":\"fr-FR\",\"@id\":\"https:\\\/\\\/www.autojm.fr\\\/blog\\\/nouvelle-ds-n4-lelegante-compacte-passe-a-lelectrique\\\/#primaryimage\",\"url\":\"https:\\\/\\\/www.autojm.fr\\\/blog\\\/wp-content\\\/uploads\\\/2025\\\/05\\\/image-top-1000x500-47.png\",\"contentUrl\":\"https:\\\/\\\/www.autojm.fr\\\/blog\\\/wp-content\\\/uploads\\\/2025\\\/05\\\/image-top-1000x500-47.png\",\"width\":1000,\"height\":500},{\"@type\":\"BreadcrumbList\",\"@id\":\"https:\\\/\\\/www.autojm.fr\\\/blog\\\/nouvelle-ds-n4-lelegante-compacte-passe-a-lelectrique\\\/#breadcrumb\",\"itemListElement\":[{\"@type\":\"ListItem\",\"position\":1,\"name\":\"Accueil\",\"item\":\"https:\\\/\\\/www.autojm.fr\\\/blog\\\/\"},{\"@type\":\"ListItem\",\"position\":2,\"name\":\"Actualit\u00e9 Automobile\",\"item\":\"https:\\\/\\\/www.autojm.fr\\\/blog\\\/actualite-automobile\\\/\"},{\"@type\":\"ListItem\",\"position\":3,\"name\":\"Nouvelle DS N\u00b04 : l\u2019\u00e9l\u00e9gante compacte passe \u00e0 l\u2019\u00e9lectrique\"}]},{\"@type\":\"WebSite\",\"@id\":\"https:\\\/\\\/www.autojm.fr\\\/blog\\\/#website\",\"url\":\"https:\\\/\\\/www.autojm.fr\\\/blog\\\/\",\"name\":\"AutoJM Mag\",\"description\":\"Toute l&#039;actu auto en 1 clic !\",\"publisher\":{\"@id\":\"https:\\\/\\\/www.autojm.fr\\\/blog\\\/#organization\"},\"potentialAction\":[{\"@type\":\"SearchAction\",\"target\":{\"@type\":\"EntryPoint\",\"urlTemplate\":\"https:\\\/\\\/www.autojm.fr\\\/blog\\\/?s={search_term_string}\"},\"query-input\":{\"@type\":\"PropertyValueSpecification\",\"valueRequired\":true,\"valueName\":\"search_term_string\"}}],\"inLanguage\":\"fr-FR\"},{\"@type\":\"Organization\",\"@id\":\"https:\\\/\\\/www.autojm.fr\\\/blog\\\/#organization\",\"name\":\"AutoJM Mag\",\"url\":\"https:\\\/\\\/www.autojm.fr\\\/blog\\\/\",\"logo\":{\"@type\":\"ImageObject\",\"inLanguage\":\"fr-FR\",\"@id\":\"https:\\\/\\\/www.autojm.fr\\\/blog\\\/#\\\/schema\\\/logo\\\/image\\\/\",\"url\":\"https:\\\/\\\/www.autojm.fr\\\/blog\\\/wp-content\\\/uploads\\\/2022\\\/12\\\/cropped-AutoJMag-png.png\",\"contentUrl\":\"https:\\\/\\\/www.autojm.fr\\\/blog\\\/wp-content\\\/uploads\\\/2022\\\/12\\\/cropped-AutoJMag-png.png\",\"width\":2834,\"height\":585,\"caption\":\"AutoJM Mag\"},\"image\":{\"@id\":\"https:\\\/\\\/www.autojm.fr\\\/blog\\\/#\\\/schema\\\/logo\\\/image\\\/\"},\"sameAs\":[\"https:\\\/\\\/www.facebook.com\\\/AutoJM25\"]},{\"@type\":\"Person\",\"@id\":\"https:\\\/\\\/www.autojm.fr\\\/blog\\\/#\\\/schema\\\/person\\\/1cc83a91548d88a62eb8cf06f562a72c\",\"name\":\"Justine Tripard\",\"image\":{\"@type\":\"ImageObject\",\"inLanguage\":\"fr-FR\",\"@id\":\"https:\\\/\\\/secure.gravatar.com\\\/avatar\\\/b8b45209a4cf0b7b127b9238ec348090e7302306d2485eeaab17b6761fe84991?s=96&d=mm&r=g\",\"url\":\"https:\\\/\\\/secure.gravatar.com\\\/avatar\\\/b8b45209a4cf0b7b127b9238ec348090e7302306d2485eeaab17b6761fe84991?s=96&d=mm&r=g\",\"contentUrl\":\"https:\\\/\\\/secure.gravatar.com\\\/avatar\\\/b8b45209a4cf0b7b127b9238ec348090e7302306d2485eeaab17b6761fe84991?s=96&d=mm&r=g\",\"caption\":\"Justine Tripard\"},\"url\":\"https:\\\/\\\/www.autojm.fr\\\/blog\\\/author\\\/justine\\\/\"}]}<\/script>\n<!-- \/ Yoast SEO plugin. -->","yoast_head_json":{"title":"Nouvelle DS N\u00b04 : l\u2019\u00e9l\u00e9gante compacte passe \u00e0 l\u2019\u00e9lectrique - AutoJM Mag","description":"DS Automobiles a d\u00e9voil\u00e9 le 14 mai la DS N\u00b04, une version restyl\u00e9e et rebaptis\u00e9e de sa berline compacte DS 4, d\u00e9sormais r\u00e9solument tourn\u00e9e...","robots":{"index":"index","follow":"follow","max-snippet":"max-snippet:-1","max-image-preview":"max-image-preview:large","max-video-preview":"max-video-preview:-1"},"canonical":"https:\/\/www.autojm.fr\/blog\/nouvelle-ds-n4-lelegante-compacte-passe-a-lelectrique\/","og_locale":"fr_FR","og_type":"article","og_title":"Nouvelle DS N\u00b04 : l\u2019\u00e9l\u00e9gante compacte passe \u00e0 l\u2019\u00e9lectrique - AutoJM Mag","og_description":"DS Automobiles a d\u00e9voil\u00e9 le 14 mai la DS N\u00b04, une version restyl\u00e9e et rebaptis\u00e9e de sa berline compacte DS 4, d\u00e9sormais r\u00e9solument tourn\u00e9e...","og_url":"https:\/\/www.autojm.fr\/blog\/nouvelle-ds-n4-lelegante-compacte-passe-a-lelectrique\/","og_site_name":"AutoJM Mag","article_publisher":"https:\/\/www.facebook.com\/AutoJM25","article_published_time":"2025-05-30T07:00:00+00:00","article_modified_time":"2026-02-20T08:29:55+00:00","og_image":[{"width":1000,"height":500,"url":"https:\/\/www.autojm.fr\/blog\/wp-content\/uploads\/2025\/05\/image-top-1000x500-47.png","type":"image\/png"}],"author":"Justine Tripard","twitter_card":"summary_large_image","twitter_misc":{"\u00c9crit par":"Justine Tripard","Dur\u00e9e de lecture estim\u00e9e":"4 minutes"},"schema":{"@context":"https:\/\/schema.org","@graph":[{"@type":"Article","@id":"https:\/\/www.autojm.fr\/blog\/nouvelle-ds-n4-lelegante-compacte-passe-a-lelectrique\/#article","isPartOf":{"@id":"https:\/\/www.autojm.fr\/blog\/nouvelle-ds-n4-lelegante-compacte-passe-a-lelectrique\/"},"author":{"name":"Justine Tripard","@id":"https:\/\/www.autojm.fr\/blog\/#\/schema\/person\/1cc83a91548d88a62eb8cf06f562a72c"},"headline":"Nouvelle DS N\u00b04 : l\u2019\u00e9l\u00e9gante compacte passe \u00e0 l\u2019\u00e9lectrique","datePublished":"2025-05-30T07:00:00+00:00","dateModified":"2026-02-20T08:29:55+00:00","mainEntityOfPage":{"@id":"https:\/\/www.autojm.fr\/blog\/nouvelle-ds-n4-lelegante-compacte-passe-a-lelectrique\/"},"wordCount":10,"commentCount":0,"publisher":{"@id":"https:\/\/www.autojm.fr\/blog\/#organization"},"image":{"@id":"https:\/\/www.autojm.fr\/blog\/nouvelle-ds-n4-lelegante-compacte-passe-a-lelectrique\/#primaryimage"},"thumbnailUrl":"https:\/\/www.autojm.fr\/blog\/wp-content\/uploads\/2025\/05\/image-top-1000x500-47.png","keywords":["berline","compacte","DS","restylage"],"articleSection":["Actualit\u00e9 Automobile","Actualit\u00e9s DS"],"inLanguage":"fr-FR","potentialAction":[{"@type":"CommentAction","name":"Comment","target":["https:\/\/www.autojm.fr\/blog\/nouvelle-ds-n4-lelegante-compacte-passe-a-lelectrique\/#respond"]}]},{"@type":"WebPage","@id":"https:\/\/www.autojm.fr\/blog\/nouvelle-ds-n4-lelegante-compacte-passe-a-lelectrique\/","url":"https:\/\/www.autojm.fr\/blog\/nouvelle-ds-n4-lelegante-compacte-passe-a-lelectrique\/","name":"Nouvelle DS N\u00b04 : l\u2019\u00e9l\u00e9gante compacte passe \u00e0 l\u2019\u00e9lectrique - AutoJM Mag","isPartOf":{"@id":"https:\/\/www.autojm.fr\/blog\/#website"},"primaryImageOfPage":{"@id":"https:\/\/www.autojm.fr\/blog\/nouvelle-ds-n4-lelegante-compacte-passe-a-lelectrique\/#primaryimage"},"image":{"@id":"https:\/\/www.autojm.fr\/blog\/nouvelle-ds-n4-lelegante-compacte-passe-a-lelectrique\/#primaryimage"},"thumbnailUrl":"https:\/\/www.autojm.fr\/blog\/wp-content\/uploads\/2025\/05\/image-top-1000x500-47.png","datePublished":"2025-05-30T07:00:00+00:00","dateModified":"2026-02-20T08:29:55+00:00","description":"DS Automobiles a d\u00e9voil\u00e9 le 14 mai la DS N\u00b04, une version restyl\u00e9e et rebaptis\u00e9e de sa berline compacte DS 4, d\u00e9sormais r\u00e9solument tourn\u00e9e...","breadcrumb":{"@id":"https:\/\/www.autojm.fr\/blog\/nouvelle-ds-n4-lelegante-compacte-passe-a-lelectrique\/#breadcrumb"},"inLanguage":"fr-FR","potentialAction":[{"@type":"ReadAction","target":["https:\/\/www.autojm.fr\/blog\/nouvelle-ds-n4-lelegante-compacte-passe-a-lelectrique\/"]}]},{"@type":"ImageObject","inLanguage":"fr-FR","@id":"https:\/\/www.autojm.fr\/blog\/nouvelle-ds-n4-lelegante-compacte-passe-a-lelectrique\/#primaryimage","url":"https:\/\/www.autojm.fr\/blog\/wp-content\/uploads\/2025\/05\/image-top-1000x500-47.png","contentUrl":"https:\/\/www.autojm.fr\/blog\/wp-content\/uploads\/2025\/05\/image-top-1000x500-47.png","width":1000,"height":500},{"@type":"BreadcrumbList","@id":"https:\/\/www.autojm.fr\/blog\/nouvelle-ds-n4-lelegante-compacte-passe-a-lelectrique\/#breadcrumb","itemListElement":[{"@type":"ListItem","position":1,"name":"Accueil","item":"https:\/\/www.autojm.fr\/blog\/"},{"@type":"ListItem","position":2,"name":"Actualit\u00e9 Automobile","item":"https:\/\/www.autojm.fr\/blog\/actualite-automobile\/"},{"@type":"ListItem","position":3,"name":"Nouvelle DS N\u00b04 : l\u2019\u00e9l\u00e9gante compacte passe \u00e0 l\u2019\u00e9lectrique"}]},{"@type":"WebSite","@id":"https:\/\/www.autojm.fr\/blog\/#website","url":"https:\/\/www.autojm.fr\/blog\/","name":"AutoJM Mag","description":"Toute l&#039;actu auto en 1 clic !","publisher":{"@id":"https:\/\/www.autojm.fr\/blog\/#organization"},"potentialAction":[{"@type":"SearchAction","target":{"@type":"EntryPoint","urlTemplate":"https:\/\/www.autojm.fr\/blog\/?s={search_term_string}"},"query-input":{"@type":"PropertyValueSpecification","valueRequired":true,"valueName":"search_term_string"}}],"inLanguage":"fr-FR"},{"@type":"Organization","@id":"https:\/\/www.autojm.fr\/blog\/#organization","name":"AutoJM Mag","url":"https:\/\/www.autojm.fr\/blog\/","logo":{"@type":"ImageObject","inLanguage":"fr-FR","@id":"https:\/\/www.autojm.fr\/blog\/#\/schema\/logo\/image\/","url":"https:\/\/www.autojm.fr\/blog\/wp-content\/uploads\/2022\/12\/cropped-AutoJMag-png.png","contentUrl":"https:\/\/www.autojm.fr\/blog\/wp-content\/uploads\/2022\/12\/cropped-AutoJMag-png.png","width":2834,"height":585,"caption":"AutoJM Mag"},"image":{"@id":"https:\/\/www.autojm.fr\/blog\/#\/schema\/logo\/image\/"},"sameAs":["https:\/\/www.facebook.com\/AutoJM25"]},{"@type":"Person","@id":"https:\/\/www.autojm.fr\/blog\/#\/schema\/person\/1cc83a91548d88a62eb8cf06f562a72c","name":"Justine Tripard","image":{"@type":"ImageObject","inLanguage":"fr-FR","@id":"https:\/\/secure.gravatar.com\/avatar\/b8b45209a4cf0b7b127b9238ec348090e7302306d2485eeaab17b6761fe84991?s=96&d=mm&r=g","url":"https:\/\/secure.gravatar.com\/avatar\/b8b45209a4cf0b7b127b9238ec348090e7302306d2485eeaab17b6761fe84991?s=96&d=mm&r=g","contentUrl":"https:\/\/secure.gravatar.com\/avatar\/b8b45209a4cf0b7b127b9238ec348090e7302306d2485eeaab17b6761fe84991?s=96&d=mm&r=g","caption":"Justine Tripard"},"url":"https:\/\/www.autojm.fr\/blog\/author\/justine\/"}]}},"_links":{"self":[{"href":"https:\/\/www.autojm.fr\/blog\/wp-json\/wp\/v2\/posts\/22759","targetHints":{"allow":["GET"]}}],"collection":[{"href":"https:\/\/www.autojm.fr\/blog\/wp-json\/wp\/v2\/posts"}],"about":[{"href":"https:\/\/www.autojm.fr\/blog\/wp-json\/wp\/v2\/types\/post"}],"author":[{"embeddable":true,"href":"https:\/\/www.autojm.fr\/blog\/wp-json\/wp\/v2\/users\/6"}],"replies":[{"embeddable":true,"href":"https:\/\/www.autojm.fr\/blog\/wp-json\/wp\/v2\/comments?post=22759"}],"version-history":[{"count":8,"href":"https:\/\/www.autojm.fr\/blog\/wp-json\/wp\/v2\/posts\/22759\/revisions"}],"predecessor-version":[{"id":22820,"href":"https:\/\/www.autojm.fr\/blog\/wp-json\/wp\/v2\/posts\/22759\/revisions\/22820"}],"wp:featuredmedia":[{"embeddable":true,"href":"https:\/\/www.autojm.fr\/blog\/wp-json\/wp\/v2\/media\/54322"}],"wp:attachment":[{"href":"https:\/\/www.autojm.fr\/blog\/wp-json\/wp\/v2\/media?parent=22759"}],"wp:term":[{"taxonomy":"category","embeddable":true,"href":"https:\/\/www.autojm.fr\/blog\/wp-json\/wp\/v2\/categories?post=22759"},{"taxonomy":"post_tag","embeddable":true,"href":"https:\/\/www.autojm.fr\/blog\/wp-json\/wp\/v2\/tags?post=22759"}],"curies":[{"name":"wp","href":"https:\/\/api.w.org\/{rel}","templated":true}]}}