{"id":22396,"date":"2025-04-25T09:00:00","date_gmt":"2025-04-25T07:00:00","guid":{"rendered":"https:\/\/www.autojm.fr\/blog\/?p=22396"},"modified":"2025-04-11T10:17:14","modified_gmt":"2025-04-11T08:17:14","slug":"le-grand-retour-de-la-gti-chez-peugeot-en-2025-la-legende-redemarre","status":"publish","type":"post","link":"https:\/\/www.autojm.fr\/blog\/le-grand-retour-de-la-gti-chez-peugeot-en-2025-la-legende-redemarre\/","title":{"rendered":"Le grand retour de la GTi chez Peugeot en 2025 : la l\u00e9gende red\u00e9marre !"},"content":{"rendered":"","protected":false},"excerpt":{"rendered":"<p>Depuis plusieurs d\u00e9cennies, les trois lettres GTi font vibrer le c\u0153ur des passionn\u00e9s d&rsquo;automobile, et particuli\u00e8rement les amoureux de la marque au lion.<\/p>\n","protected":false},"author":2,"featured_media":22400,"comment_status":"open","ping_status":"open","sticky":false,"template":"","format":"standard","meta":{"_acf_changed":false,"content-type":"","footnotes":""},"categories":[5,63],"tags":[375,90,79,105,384,73,78],"class_list":["post-22396","post","type-post","status-publish","format-standard","has-post-thumbnail","hentry","category-actualite-automobile","category-actualites-peugeot","tag-abarth","tag-autojm","tag-citroen","tag-ds","tag-mini","tag-peugeot","tag-renault"],"acf":[],"yoast_head":"<!-- This site is optimized with the Yoast SEO plugin v27.5 - https:\/\/yoast.com\/product\/yoast-seo-wordpress\/ -->\n<title>Le grand retour de la GTi chez Peugeot en 2025 : la l\u00e9gende red\u00e9marre ! - AutoJM Mag<\/title>\n<meta name=\"description\" content=\"GTi, c\u2019est une promesse : celle d\u2019un temp\u00e9rament sportif, d\u2019un plaisir de conduite pur et d\u2019un design \u00e0 l\u2019ADN rac\u00e9.\" \/>\n<meta name=\"robots\" content=\"index, follow, max-snippet:-1, max-image-preview:large, max-video-preview:-1\" \/>\n<link rel=\"canonical\" href=\"https:\/\/www.autojm.fr\/blog\/le-grand-retour-de-la-gti-chez-peugeot-en-2025-la-legende-redemarre\/\" \/>\n<meta property=\"og:locale\" content=\"fr_FR\" \/>\n<meta property=\"og:type\" content=\"article\" \/>\n<meta property=\"og:title\" content=\"Le grand retour de la GTi chez Peugeot en 2025 : la l\u00e9gende red\u00e9marre ! - AutoJM Mag\" \/>\n<meta property=\"og:description\" content=\"GTi, c\u2019est une promesse : celle d\u2019un temp\u00e9rament sportif, d\u2019un plaisir de conduite pur et d\u2019un design \u00e0 l\u2019ADN rac\u00e9.\" \/>\n<meta property=\"og:url\" content=\"https:\/\/www.autojm.fr\/blog\/le-grand-retour-de-la-gti-chez-peugeot-en-2025-la-legende-redemarre\/\" \/>\n<meta property=\"og:site_name\" content=\"AutoJM Mag\" \/>\n<meta property=\"article:publisher\" content=\"https:\/\/www.facebook.com\/AutoJM25\" \/>\n<meta property=\"article:published_time\" content=\"2025-04-25T07:00:00+00:00\" \/>\n<meta property=\"og:image\" content=\"https:\/\/www.autojm.fr\/blog\/wp-content\/uploads\/2025\/04\/image-top-33.png\" \/>\n\t<meta property=\"og:image:width\" content=\"1000\" \/>\n\t<meta property=\"og:image:height\" content=\"500\" \/>\n\t<meta property=\"og:image:type\" content=\"image\/png\" \/>\n<meta name=\"author\" content=\"Aur\u00e9lia AutoJM\" \/>\n<meta name=\"twitter:card\" content=\"summary_large_image\" \/>\n<meta name=\"twitter:label1\" content=\"\u00c9crit par\" \/>\n\t<meta name=\"twitter:data1\" content=\"Aur\u00e9lia AutoJM\" \/>\n\t<meta name=\"twitter:label2\" content=\"Dur\u00e9e de lecture estim\u00e9e\" \/>\n\t<meta name=\"twitter:data2\" content=\"4 minutes\" \/>\n<script type=\"application\/ld+json\" class=\"yoast-schema-graph\">{\"@context\":\"https:\\\/\\\/schema.org\",\"@graph\":[{\"@type\":\"Article\",\"@id\":\"https:\\\/\\\/www.autojm.fr\\\/blog\\\/le-grand-retour-de-la-gti-chez-peugeot-en-2025-la-legende-redemarre\\\/#article\",\"isPartOf\":{\"@id\":\"https:\\\/\\\/www.autojm.fr\\\/blog\\\/le-grand-retour-de-la-gti-chez-peugeot-en-2025-la-legende-redemarre\\\/\"},\"author\":{\"name\":\"Aur\u00e9lia AutoJM\",\"@id\":\"https:\\\/\\\/www.autojm.fr\\\/blog\\\/#\\\/schema\\\/person\\\/e640a62bb6e669182918fd7871fe1ec5\"},\"headline\":\"Le grand retour de la GTi chez Peugeot en 2025 : la l\u00e9gende red\u00e9marre !\",\"datePublished\":\"2025-04-25T07:00:00+00:00\",\"mainEntityOfPage\":{\"@id\":\"https:\\\/\\\/www.autojm.fr\\\/blog\\\/le-grand-retour-de-la-gti-chez-peugeot-en-2025-la-legende-redemarre\\\/\"},\"wordCount\":14,\"commentCount\":0,\"publisher\":{\"@id\":\"https:\\\/\\\/www.autojm.fr\\\/blog\\\/#organization\"},\"image\":{\"@id\":\"https:\\\/\\\/www.autojm.fr\\\/blog\\\/le-grand-retour-de-la-gti-chez-peugeot-en-2025-la-legende-redemarre\\\/#primaryimage\"},\"thumbnailUrl\":\"https:\\\/\\\/www.autojm.fr\\\/blog\\\/wp-content\\\/uploads\\\/2025\\\/04\\\/image-top-33.png\",\"keywords\":[\"Abarth\",\"autojm\",\"citroen\",\"DS\",\"Mini\",\"peugeot\",\"renault\"],\"articleSection\":[\"Actualit\u00e9 Automobile\",\"Actualit\u00e9s Peugeot\"],\"inLanguage\":\"fr-FR\",\"potentialAction\":[{\"@type\":\"CommentAction\",\"name\":\"Comment\",\"target\":[\"https:\\\/\\\/www.autojm.fr\\\/blog\\\/le-grand-retour-de-la-gti-chez-peugeot-en-2025-la-legende-redemarre\\\/#respond\"]}]},{\"@type\":\"WebPage\",\"@id\":\"https:\\\/\\\/www.autojm.fr\\\/blog\\\/le-grand-retour-de-la-gti-chez-peugeot-en-2025-la-legende-redemarre\\\/\",\"url\":\"https:\\\/\\\/www.autojm.fr\\\/blog\\\/le-grand-retour-de-la-gti-chez-peugeot-en-2025-la-legende-redemarre\\\/\",\"name\":\"Le grand retour de la GTi chez Peugeot en 2025 : la l\u00e9gende red\u00e9marre ! - AutoJM Mag\",\"isPartOf\":{\"@id\":\"https:\\\/\\\/www.autojm.fr\\\/blog\\\/#website\"},\"primaryImageOfPage\":{\"@id\":\"https:\\\/\\\/www.autojm.fr\\\/blog\\\/le-grand-retour-de-la-gti-chez-peugeot-en-2025-la-legende-redemarre\\\/#primaryimage\"},\"image\":{\"@id\":\"https:\\\/\\\/www.autojm.fr\\\/blog\\\/le-grand-retour-de-la-gti-chez-peugeot-en-2025-la-legende-redemarre\\\/#primaryimage\"},\"thumbnailUrl\":\"https:\\\/\\\/www.autojm.fr\\\/blog\\\/wp-content\\\/uploads\\\/2025\\\/04\\\/image-top-33.png\",\"datePublished\":\"2025-04-25T07:00:00+00:00\",\"description\":\"GTi, c\u2019est une promesse : celle d\u2019un temp\u00e9rament sportif, d\u2019un plaisir de conduite pur et d\u2019un design \u00e0 l\u2019ADN rac\u00e9.\",\"breadcrumb\":{\"@id\":\"https:\\\/\\\/www.autojm.fr\\\/blog\\\/le-grand-retour-de-la-gti-chez-peugeot-en-2025-la-legende-redemarre\\\/#breadcrumb\"},\"inLanguage\":\"fr-FR\",\"potentialAction\":[{\"@type\":\"ReadAction\",\"target\":[\"https:\\\/\\\/www.autojm.fr\\\/blog\\\/le-grand-retour-de-la-gti-chez-peugeot-en-2025-la-legende-redemarre\\\/\"]}]},{\"@type\":\"ImageObject\",\"inLanguage\":\"fr-FR\",\"@id\":\"https:\\\/\\\/www.autojm.fr\\\/blog\\\/le-grand-retour-de-la-gti-chez-peugeot-en-2025-la-legende-redemarre\\\/#primaryimage\",\"url\":\"https:\\\/\\\/www.autojm.fr\\\/blog\\\/wp-content\\\/uploads\\\/2025\\\/04\\\/image-top-33.png\",\"contentUrl\":\"https:\\\/\\\/www.autojm.fr\\\/blog\\\/wp-content\\\/uploads\\\/2025\\\/04\\\/image-top-33.png\",\"width\":1000,\"height\":500,\"caption\":\"peugeot GTI\"},{\"@type\":\"BreadcrumbList\",\"@id\":\"https:\\\/\\\/www.autojm.fr\\\/blog\\\/le-grand-retour-de-la-gti-chez-peugeot-en-2025-la-legende-redemarre\\\/#breadcrumb\",\"itemListElement\":[{\"@type\":\"ListItem\",\"position\":1,\"name\":\"Accueil\",\"item\":\"https:\\\/\\\/www.autojm.fr\\\/blog\\\/\"},{\"@type\":\"ListItem\",\"position\":2,\"name\":\"Actualit\u00e9 Automobile\",\"item\":\"https:\\\/\\\/www.autojm.fr\\\/blog\\\/actualite-automobile\\\/\"},{\"@type\":\"ListItem\",\"position\":3,\"name\":\"Le grand retour de la GTi chez Peugeot en 2025 : la l\u00e9gende red\u00e9marre !\"}]},{\"@type\":\"WebSite\",\"@id\":\"https:\\\/\\\/www.autojm.fr\\\/blog\\\/#website\",\"url\":\"https:\\\/\\\/www.autojm.fr\\\/blog\\\/\",\"name\":\"AutoJM Mag\",\"description\":\"Toute l&#039;actu auto en 1 clic !\",\"publisher\":{\"@id\":\"https:\\\/\\\/www.autojm.fr\\\/blog\\\/#organization\"},\"potentialAction\":[{\"@type\":\"SearchAction\",\"target\":{\"@type\":\"EntryPoint\",\"urlTemplate\":\"https:\\\/\\\/www.autojm.fr\\\/blog\\\/?s={search_term_string}\"},\"query-input\":{\"@type\":\"PropertyValueSpecification\",\"valueRequired\":true,\"valueName\":\"search_term_string\"}}],\"inLanguage\":\"fr-FR\"},{\"@type\":\"Organization\",\"@id\":\"https:\\\/\\\/www.autojm.fr\\\/blog\\\/#organization\",\"name\":\"AutoJM Mag\",\"url\":\"https:\\\/\\\/www.autojm.fr\\\/blog\\\/\",\"logo\":{\"@type\":\"ImageObject\",\"inLanguage\":\"fr-FR\",\"@id\":\"https:\\\/\\\/www.autojm.fr\\\/blog\\\/#\\\/schema\\\/logo\\\/image\\\/\",\"url\":\"https:\\\/\\\/www.autojm.fr\\\/blog\\\/wp-content\\\/uploads\\\/2022\\\/12\\\/cropped-AutoJMag-png.png\",\"contentUrl\":\"https:\\\/\\\/www.autojm.fr\\\/blog\\\/wp-content\\\/uploads\\\/2022\\\/12\\\/cropped-AutoJMag-png.png\",\"width\":2834,\"height\":585,\"caption\":\"AutoJM Mag\"},\"image\":{\"@id\":\"https:\\\/\\\/www.autojm.fr\\\/blog\\\/#\\\/schema\\\/logo\\\/image\\\/\"},\"sameAs\":[\"https:\\\/\\\/www.facebook.com\\\/AutoJM25\"]},{\"@type\":\"Person\",\"@id\":\"https:\\\/\\\/www.autojm.fr\\\/blog\\\/#\\\/schema\\\/person\\\/e640a62bb6e669182918fd7871fe1ec5\",\"name\":\"Aur\u00e9lia AutoJM\",\"image\":{\"@type\":\"ImageObject\",\"inLanguage\":\"fr-FR\",\"@id\":\"https:\\\/\\\/secure.gravatar.com\\\/avatar\\\/17404fe7ba867704dc53905b3aeb1f66282e3a23def617ff4d39a7130702f24b?s=96&d=mm&r=g\",\"url\":\"https:\\\/\\\/secure.gravatar.com\\\/avatar\\\/17404fe7ba867704dc53905b3aeb1f66282e3a23def617ff4d39a7130702f24b?s=96&d=mm&r=g\",\"contentUrl\":\"https:\\\/\\\/secure.gravatar.com\\\/avatar\\\/17404fe7ba867704dc53905b3aeb1f66282e3a23def617ff4d39a7130702f24b?s=96&d=mm&r=g\",\"caption\":\"Aur\u00e9lia AutoJM\"},\"url\":\"https:\\\/\\\/www.autojm.fr\\\/blog\\\/author\\\/autojm\\\/\"}]}<\/script>\n<!-- \/ Yoast SEO plugin. -->","yoast_head_json":{"title":"Le grand retour de la GTi chez Peugeot en 2025 : la l\u00e9gende red\u00e9marre ! - AutoJM Mag","description":"GTi, c\u2019est une promesse : celle d\u2019un temp\u00e9rament sportif, d\u2019un plaisir de conduite pur et d\u2019un design \u00e0 l\u2019ADN rac\u00e9.","robots":{"index":"index","follow":"follow","max-snippet":"max-snippet:-1","max-image-preview":"max-image-preview:large","max-video-preview":"max-video-preview:-1"},"canonical":"https:\/\/www.autojm.fr\/blog\/le-grand-retour-de-la-gti-chez-peugeot-en-2025-la-legende-redemarre\/","og_locale":"fr_FR","og_type":"article","og_title":"Le grand retour de la GTi chez Peugeot en 2025 : la l\u00e9gende red\u00e9marre ! - AutoJM Mag","og_description":"GTi, c\u2019est une promesse : celle d\u2019un temp\u00e9rament sportif, d\u2019un plaisir de conduite pur et d\u2019un design \u00e0 l\u2019ADN rac\u00e9.","og_url":"https:\/\/www.autojm.fr\/blog\/le-grand-retour-de-la-gti-chez-peugeot-en-2025-la-legende-redemarre\/","og_site_name":"AutoJM Mag","article_publisher":"https:\/\/www.facebook.com\/AutoJM25","article_published_time":"2025-04-25T07:00:00+00:00","og_image":[{"width":1000,"height":500,"url":"https:\/\/www.autojm.fr\/blog\/wp-content\/uploads\/2025\/04\/image-top-33.png","type":"image\/png"}],"author":"Aur\u00e9lia AutoJM","twitter_card":"summary_large_image","twitter_misc":{"\u00c9crit par":"Aur\u00e9lia AutoJM","Dur\u00e9e de lecture estim\u00e9e":"4 minutes"},"schema":{"@context":"https:\/\/schema.org","@graph":[{"@type":"Article","@id":"https:\/\/www.autojm.fr\/blog\/le-grand-retour-de-la-gti-chez-peugeot-en-2025-la-legende-redemarre\/#article","isPartOf":{"@id":"https:\/\/www.autojm.fr\/blog\/le-grand-retour-de-la-gti-chez-peugeot-en-2025-la-legende-redemarre\/"},"author":{"name":"Aur\u00e9lia AutoJM","@id":"https:\/\/www.autojm.fr\/blog\/#\/schema\/person\/e640a62bb6e669182918fd7871fe1ec5"},"headline":"Le grand retour de la GTi chez Peugeot en 2025 : la l\u00e9gende red\u00e9marre !","datePublished":"2025-04-25T07:00:00+00:00","mainEntityOfPage":{"@id":"https:\/\/www.autojm.fr\/blog\/le-grand-retour-de-la-gti-chez-peugeot-en-2025-la-legende-redemarre\/"},"wordCount":14,"commentCount":0,"publisher":{"@id":"https:\/\/www.autojm.fr\/blog\/#organization"},"image":{"@id":"https:\/\/www.autojm.fr\/blog\/le-grand-retour-de-la-gti-chez-peugeot-en-2025-la-legende-redemarre\/#primaryimage"},"thumbnailUrl":"https:\/\/www.autojm.fr\/blog\/wp-content\/uploads\/2025\/04\/image-top-33.png","keywords":["Abarth","autojm","citroen","DS","Mini","peugeot","renault"],"articleSection":["Actualit\u00e9 Automobile","Actualit\u00e9s Peugeot"],"inLanguage":"fr-FR","potentialAction":[{"@type":"CommentAction","name":"Comment","target":["https:\/\/www.autojm.fr\/blog\/le-grand-retour-de-la-gti-chez-peugeot-en-2025-la-legende-redemarre\/#respond"]}]},{"@type":"WebPage","@id":"https:\/\/www.autojm.fr\/blog\/le-grand-retour-de-la-gti-chez-peugeot-en-2025-la-legende-redemarre\/","url":"https:\/\/www.autojm.fr\/blog\/le-grand-retour-de-la-gti-chez-peugeot-en-2025-la-legende-redemarre\/","name":"Le grand retour de la GTi chez Peugeot en 2025 : la l\u00e9gende red\u00e9marre ! - AutoJM Mag","isPartOf":{"@id":"https:\/\/www.autojm.fr\/blog\/#website"},"primaryImageOfPage":{"@id":"https:\/\/www.autojm.fr\/blog\/le-grand-retour-de-la-gti-chez-peugeot-en-2025-la-legende-redemarre\/#primaryimage"},"image":{"@id":"https:\/\/www.autojm.fr\/blog\/le-grand-retour-de-la-gti-chez-peugeot-en-2025-la-legende-redemarre\/#primaryimage"},"thumbnailUrl":"https:\/\/www.autojm.fr\/blog\/wp-content\/uploads\/2025\/04\/image-top-33.png","datePublished":"2025-04-25T07:00:00+00:00","description":"GTi, c\u2019est une promesse : celle d\u2019un temp\u00e9rament sportif, d\u2019un plaisir de conduite pur et d\u2019un design \u00e0 l\u2019ADN rac\u00e9.","breadcrumb":{"@id":"https:\/\/www.autojm.fr\/blog\/le-grand-retour-de-la-gti-chez-peugeot-en-2025-la-legende-redemarre\/#breadcrumb"},"inLanguage":"fr-FR","potentialAction":[{"@type":"ReadAction","target":["https:\/\/www.autojm.fr\/blog\/le-grand-retour-de-la-gti-chez-peugeot-en-2025-la-legende-redemarre\/"]}]},{"@type":"ImageObject","inLanguage":"fr-FR","@id":"https:\/\/www.autojm.fr\/blog\/le-grand-retour-de-la-gti-chez-peugeot-en-2025-la-legende-redemarre\/#primaryimage","url":"https:\/\/www.autojm.fr\/blog\/wp-content\/uploads\/2025\/04\/image-top-33.png","contentUrl":"https:\/\/www.autojm.fr\/blog\/wp-content\/uploads\/2025\/04\/image-top-33.png","width":1000,"height":500,"caption":"peugeot GTI"},{"@type":"BreadcrumbList","@id":"https:\/\/www.autojm.fr\/blog\/le-grand-retour-de-la-gti-chez-peugeot-en-2025-la-legende-redemarre\/#breadcrumb","itemListElement":[{"@type":"ListItem","position":1,"name":"Accueil","item":"https:\/\/www.autojm.fr\/blog\/"},{"@type":"ListItem","position":2,"name":"Actualit\u00e9 Automobile","item":"https:\/\/www.autojm.fr\/blog\/actualite-automobile\/"},{"@type":"ListItem","position":3,"name":"Le grand retour de la GTi chez Peugeot en 2025 : la l\u00e9gende red\u00e9marre !"}]},{"@type":"WebSite","@id":"https:\/\/www.autojm.fr\/blog\/#website","url":"https:\/\/www.autojm.fr\/blog\/","name":"AutoJM Mag","description":"Toute l&#039;actu auto en 1 clic !","publisher":{"@id":"https:\/\/www.autojm.fr\/blog\/#organization"},"potentialAction":[{"@type":"SearchAction","target":{"@type":"EntryPoint","urlTemplate":"https:\/\/www.autojm.fr\/blog\/?s={search_term_string}"},"query-input":{"@type":"PropertyValueSpecification","valueRequired":true,"valueName":"search_term_string"}}],"inLanguage":"fr-FR"},{"@type":"Organization","@id":"https:\/\/www.autojm.fr\/blog\/#organization","name":"AutoJM Mag","url":"https:\/\/www.autojm.fr\/blog\/","logo":{"@type":"ImageObject","inLanguage":"fr-FR","@id":"https:\/\/www.autojm.fr\/blog\/#\/schema\/logo\/image\/","url":"https:\/\/www.autojm.fr\/blog\/wp-content\/uploads\/2022\/12\/cropped-AutoJMag-png.png","contentUrl":"https:\/\/www.autojm.fr\/blog\/wp-content\/uploads\/2022\/12\/cropped-AutoJMag-png.png","width":2834,"height":585,"caption":"AutoJM Mag"},"image":{"@id":"https:\/\/www.autojm.fr\/blog\/#\/schema\/logo\/image\/"},"sameAs":["https:\/\/www.facebook.com\/AutoJM25"]},{"@type":"Person","@id":"https:\/\/www.autojm.fr\/blog\/#\/schema\/person\/e640a62bb6e669182918fd7871fe1ec5","name":"Aur\u00e9lia AutoJM","image":{"@type":"ImageObject","inLanguage":"fr-FR","@id":"https:\/\/secure.gravatar.com\/avatar\/17404fe7ba867704dc53905b3aeb1f66282e3a23def617ff4d39a7130702f24b?s=96&d=mm&r=g","url":"https:\/\/secure.gravatar.com\/avatar\/17404fe7ba867704dc53905b3aeb1f66282e3a23def617ff4d39a7130702f24b?s=96&d=mm&r=g","contentUrl":"https:\/\/secure.gravatar.com\/avatar\/17404fe7ba867704dc53905b3aeb1f66282e3a23def617ff4d39a7130702f24b?s=96&d=mm&r=g","caption":"Aur\u00e9lia AutoJM"},"url":"https:\/\/www.autojm.fr\/blog\/author\/autojm\/"}]}},"_links":{"self":[{"href":"https:\/\/www.autojm.fr\/blog\/wp-json\/wp\/v2\/posts\/22396","targetHints":{"allow":["GET"]}}],"collection":[{"href":"https:\/\/www.autojm.fr\/blog\/wp-json\/wp\/v2\/posts"}],"about":[{"href":"https:\/\/www.autojm.fr\/blog\/wp-json\/wp\/v2\/types\/post"}],"author":[{"embeddable":true,"href":"https:\/\/www.autojm.fr\/blog\/wp-json\/wp\/v2\/users\/2"}],"replies":[{"embeddable":true,"href":"https:\/\/www.autojm.fr\/blog\/wp-json\/wp\/v2\/comments?post=22396"}],"version-history":[{"count":8,"href":"https:\/\/www.autojm.fr\/blog\/wp-json\/wp\/v2\/posts\/22396\/revisions"}],"predecessor-version":[{"id":22449,"href":"https:\/\/www.autojm.fr\/blog\/wp-json\/wp\/v2\/posts\/22396\/revisions\/22449"}],"wp:featuredmedia":[{"embeddable":true,"href":"https:\/\/www.autojm.fr\/blog\/wp-json\/wp\/v2\/media\/22400"}],"wp:attachment":[{"href":"https:\/\/www.autojm.fr\/blog\/wp-json\/wp\/v2\/media?parent=22396"}],"wp:term":[{"taxonomy":"category","embeddable":true,"href":"https:\/\/www.autojm.fr\/blog\/wp-json\/wp\/v2\/categories?post=22396"},{"taxonomy":"post_tag","embeddable":true,"href":"https:\/\/www.autojm.fr\/blog\/wp-json\/wp\/v2\/tags?post=22396"}],"curies":[{"name":"wp","href":"https:\/\/api.w.org\/{rel}","templated":true}]}}