{"id":21536,"date":"2025-02-11T09:00:00","date_gmt":"2025-02-11T07:00:00","guid":{"rendered":"https:\/\/www.autojm.fr\/blog\/?p=21536"},"modified":"2025-02-10T15:31:50","modified_gmt":"2025-02-10T13:31:50","slug":"analyse-du-marche-automobile-francais-en-janvier-2025","status":"publish","type":"post","link":"https:\/\/www.autojm.fr\/blog\/analyse-du-marche-automobile-francais-en-janvier-2025\/","title":{"rendered":"Le march\u00e9 automobile fran\u00e7ais \u00e0 nouveau en baisse en janvier"},"content":{"rendered":"","protected":false},"excerpt":{"rendered":"<p>Le march\u00e9 automobile fran\u00e7ais a connu un d\u00e9but d&rsquo;ann\u00e9e 2025 difficile, marqu\u00e9 par une baisse notable des immatriculations de voitures particuli\u00e8res neuves. Selon le communiqu\u00e9 de presse du 1er f\u00e9vrier 2025 publi\u00e9 par AAA DATA, les immatriculations ont diminu\u00e9 de 6 % par rapport \u00e0 janvier 2024, totalisant 114 673 unit\u00e9s. Cette tendance \u00e0 la baisse, amorc\u00e9e au printemps 2024, se poursuit, refl\u00e9tant les d\u00e9fis persistants auxquels le secteur est confront\u00e9. <\/p>\n","protected":false},"author":6,"featured_media":21544,"comment_status":"open","ping_status":"open","sticky":false,"template":"","format":"standard","meta":{"_acf_changed":false,"content-type":"","footnotes":""},"categories":[5],"tags":[530,397,493,471,413,443,491,422,459,528,441,526,399,532],"class_list":["post-21536","post","type-post","status-publish","format-standard","has-post-thumbnail","hentry","category-actualite-automobile","tag-530","tag-automobile","tag-bonus","tag-chiffres","tag-diesel","tag-ecologique","tag-electrique-2","tag-essence","tag-hybride","tag-janvier","tag-malus","tag-marche-2","tag-suv","tag-thermique"],"acf":[],"yoast_head":"<!-- This site is optimized with the Yoast SEO plugin v27.5 - https:\/\/yoast.com\/product\/yoast-seo-wordpress\/ -->\n<title>Le march\u00e9 automobile fran\u00e7ais \u00e0 nouveau en baisse en janvier - AutoJM Mag<\/title>\n<meta name=\"description\" content=\"Le march\u00e9 automobile fran\u00e7ais a connu un d\u00e9but d&#039;ann\u00e9e 2025 difficile, marqu\u00e9 par une baisse notable des immatriculations de voitures...\" \/>\n<meta name=\"robots\" content=\"index, follow, max-snippet:-1, max-image-preview:large, max-video-preview:-1\" \/>\n<link rel=\"canonical\" href=\"https:\/\/www.autojm.fr\/blog\/analyse-du-marche-automobile-francais-en-janvier-2025\/\" \/>\n<meta property=\"og:locale\" content=\"fr_FR\" \/>\n<meta property=\"og:type\" content=\"article\" \/>\n<meta property=\"og:title\" content=\"Le march\u00e9 automobile fran\u00e7ais \u00e0 nouveau en baisse en janvier - AutoJM Mag\" \/>\n<meta property=\"og:description\" content=\"Le march\u00e9 automobile fran\u00e7ais a connu un d\u00e9but d&#039;ann\u00e9e 2025 difficile, marqu\u00e9 par une baisse notable des immatriculations de voitures...\" \/>\n<meta property=\"og:url\" content=\"https:\/\/www.autojm.fr\/blog\/analyse-du-marche-automobile-francais-en-janvier-2025\/\" \/>\n<meta property=\"og:site_name\" content=\"AutoJM Mag\" \/>\n<meta property=\"article:publisher\" content=\"https:\/\/www.facebook.com\/AutoJM25\" \/>\n<meta property=\"article:published_time\" content=\"2025-02-11T07:00:00+00:00\" \/>\n<meta property=\"og:image\" content=\"https:\/\/www.autojm.fr\/blog\/wp-content\/uploads\/2025\/02\/image-top-1.png\" \/>\n\t<meta property=\"og:image:width\" content=\"1000\" \/>\n\t<meta property=\"og:image:height\" content=\"500\" \/>\n\t<meta property=\"og:image:type\" content=\"image\/png\" \/>\n<meta name=\"author\" content=\"Justine Tripard\" \/>\n<meta name=\"twitter:card\" content=\"summary_large_image\" \/>\n<meta name=\"twitter:label1\" content=\"\u00c9crit par\" \/>\n\t<meta name=\"twitter:data1\" content=\"Justine Tripard\" \/>\n\t<meta name=\"twitter:label2\" content=\"Dur\u00e9e de lecture estim\u00e9e\" \/>\n\t<meta name=\"twitter:data2\" content=\"4 minutes\" \/>\n<script type=\"application\/ld+json\" class=\"yoast-schema-graph\">{\"@context\":\"https:\\\/\\\/schema.org\",\"@graph\":[{\"@type\":\"Article\",\"@id\":\"https:\\\/\\\/www.autojm.fr\\\/blog\\\/analyse-du-marche-automobile-francais-en-janvier-2025\\\/#article\",\"isPartOf\":{\"@id\":\"https:\\\/\\\/www.autojm.fr\\\/blog\\\/analyse-du-marche-automobile-francais-en-janvier-2025\\\/\"},\"author\":{\"name\":\"Justine Tripard\",\"@id\":\"https:\\\/\\\/www.autojm.fr\\\/blog\\\/#\\\/schema\\\/person\\\/1cc83a91548d88a62eb8cf06f562a72c\"},\"headline\":\"Le march\u00e9 automobile fran\u00e7ais \u00e0 nouveau en baisse en janvier\",\"datePublished\":\"2025-02-11T07:00:00+00:00\",\"mainEntityOfPage\":{\"@id\":\"https:\\\/\\\/www.autojm.fr\\\/blog\\\/analyse-du-marche-automobile-francais-en-janvier-2025\\\/\"},\"wordCount\":10,\"commentCount\":0,\"publisher\":{\"@id\":\"https:\\\/\\\/www.autojm.fr\\\/blog\\\/#organization\"},\"image\":{\"@id\":\"https:\\\/\\\/www.autojm.fr\\\/blog\\\/analyse-du-marche-automobile-francais-en-janvier-2025\\\/#primaryimage\"},\"thumbnailUrl\":\"https:\\\/\\\/www.autojm.fr\\\/blog\\\/wp-content\\\/uploads\\\/2025\\\/02\\\/image-top-1.png\",\"keywords\":[\"2025\",\"automobile\",\"bonus\",\"chiffres\",\"diesel\",\"\u00e9cologique\",\"electrique\",\"essence\",\"hybride\",\"janvier\",\"malus\",\"marche\",\"suv\",\"thermique\"],\"articleSection\":[\"Actualit\u00e9 Automobile\"],\"inLanguage\":\"fr-FR\",\"potentialAction\":[{\"@type\":\"CommentAction\",\"name\":\"Comment\",\"target\":[\"https:\\\/\\\/www.autojm.fr\\\/blog\\\/analyse-du-marche-automobile-francais-en-janvier-2025\\\/#respond\"]}]},{\"@type\":\"WebPage\",\"@id\":\"https:\\\/\\\/www.autojm.fr\\\/blog\\\/analyse-du-marche-automobile-francais-en-janvier-2025\\\/\",\"url\":\"https:\\\/\\\/www.autojm.fr\\\/blog\\\/analyse-du-marche-automobile-francais-en-janvier-2025\\\/\",\"name\":\"Le march\u00e9 automobile fran\u00e7ais \u00e0 nouveau en baisse en janvier - AutoJM Mag\",\"isPartOf\":{\"@id\":\"https:\\\/\\\/www.autojm.fr\\\/blog\\\/#website\"},\"primaryImageOfPage\":{\"@id\":\"https:\\\/\\\/www.autojm.fr\\\/blog\\\/analyse-du-marche-automobile-francais-en-janvier-2025\\\/#primaryimage\"},\"image\":{\"@id\":\"https:\\\/\\\/www.autojm.fr\\\/blog\\\/analyse-du-marche-automobile-francais-en-janvier-2025\\\/#primaryimage\"},\"thumbnailUrl\":\"https:\\\/\\\/www.autojm.fr\\\/blog\\\/wp-content\\\/uploads\\\/2025\\\/02\\\/image-top-1.png\",\"datePublished\":\"2025-02-11T07:00:00+00:00\",\"description\":\"Le march\u00e9 automobile fran\u00e7ais a connu un d\u00e9but d'ann\u00e9e 2025 difficile, marqu\u00e9 par une baisse notable des immatriculations de voitures...\",\"breadcrumb\":{\"@id\":\"https:\\\/\\\/www.autojm.fr\\\/blog\\\/analyse-du-marche-automobile-francais-en-janvier-2025\\\/#breadcrumb\"},\"inLanguage\":\"fr-FR\",\"potentialAction\":[{\"@type\":\"ReadAction\",\"target\":[\"https:\\\/\\\/www.autojm.fr\\\/blog\\\/analyse-du-marche-automobile-francais-en-janvier-2025\\\/\"]}]},{\"@type\":\"ImageObject\",\"inLanguage\":\"fr-FR\",\"@id\":\"https:\\\/\\\/www.autojm.fr\\\/blog\\\/analyse-du-marche-automobile-francais-en-janvier-2025\\\/#primaryimage\",\"url\":\"https:\\\/\\\/www.autojm.fr\\\/blog\\\/wp-content\\\/uploads\\\/2025\\\/02\\\/image-top-1.png\",\"contentUrl\":\"https:\\\/\\\/www.autojm.fr\\\/blog\\\/wp-content\\\/uploads\\\/2025\\\/02\\\/image-top-1.png\",\"width\":1000,\"height\":500,\"caption\":\"chiffres janvier 2025\"},{\"@type\":\"BreadcrumbList\",\"@id\":\"https:\\\/\\\/www.autojm.fr\\\/blog\\\/analyse-du-marche-automobile-francais-en-janvier-2025\\\/#breadcrumb\",\"itemListElement\":[{\"@type\":\"ListItem\",\"position\":1,\"name\":\"Accueil\",\"item\":\"https:\\\/\\\/www.autojm.fr\\\/blog\\\/\"},{\"@type\":\"ListItem\",\"position\":2,\"name\":\"Actualit\u00e9 Automobile\",\"item\":\"https:\\\/\\\/www.autojm.fr\\\/blog\\\/actualite-automobile\\\/\"},{\"@type\":\"ListItem\",\"position\":3,\"name\":\"Le march\u00e9 automobile fran\u00e7ais \u00e0 nouveau en baisse en janvier\"}]},{\"@type\":\"WebSite\",\"@id\":\"https:\\\/\\\/www.autojm.fr\\\/blog\\\/#website\",\"url\":\"https:\\\/\\\/www.autojm.fr\\\/blog\\\/\",\"name\":\"AutoJM Mag\",\"description\":\"Toute l&#039;actu auto en 1 clic !\",\"publisher\":{\"@id\":\"https:\\\/\\\/www.autojm.fr\\\/blog\\\/#organization\"},\"potentialAction\":[{\"@type\":\"SearchAction\",\"target\":{\"@type\":\"EntryPoint\",\"urlTemplate\":\"https:\\\/\\\/www.autojm.fr\\\/blog\\\/?s={search_term_string}\"},\"query-input\":{\"@type\":\"PropertyValueSpecification\",\"valueRequired\":true,\"valueName\":\"search_term_string\"}}],\"inLanguage\":\"fr-FR\"},{\"@type\":\"Organization\",\"@id\":\"https:\\\/\\\/www.autojm.fr\\\/blog\\\/#organization\",\"name\":\"AutoJM Mag\",\"url\":\"https:\\\/\\\/www.autojm.fr\\\/blog\\\/\",\"logo\":{\"@type\":\"ImageObject\",\"inLanguage\":\"fr-FR\",\"@id\":\"https:\\\/\\\/www.autojm.fr\\\/blog\\\/#\\\/schema\\\/logo\\\/image\\\/\",\"url\":\"https:\\\/\\\/www.autojm.fr\\\/blog\\\/wp-content\\\/uploads\\\/2022\\\/12\\\/cropped-AutoJMag-png.png\",\"contentUrl\":\"https:\\\/\\\/www.autojm.fr\\\/blog\\\/wp-content\\\/uploads\\\/2022\\\/12\\\/cropped-AutoJMag-png.png\",\"width\":2834,\"height\":585,\"caption\":\"AutoJM Mag\"},\"image\":{\"@id\":\"https:\\\/\\\/www.autojm.fr\\\/blog\\\/#\\\/schema\\\/logo\\\/image\\\/\"},\"sameAs\":[\"https:\\\/\\\/www.facebook.com\\\/AutoJM25\"]},{\"@type\":\"Person\",\"@id\":\"https:\\\/\\\/www.autojm.fr\\\/blog\\\/#\\\/schema\\\/person\\\/1cc83a91548d88a62eb8cf06f562a72c\",\"name\":\"Justine Tripard\",\"image\":{\"@type\":\"ImageObject\",\"inLanguage\":\"fr-FR\",\"@id\":\"https:\\\/\\\/secure.gravatar.com\\\/avatar\\\/b8b45209a4cf0b7b127b9238ec348090e7302306d2485eeaab17b6761fe84991?s=96&d=mm&r=g\",\"url\":\"https:\\\/\\\/secure.gravatar.com\\\/avatar\\\/b8b45209a4cf0b7b127b9238ec348090e7302306d2485eeaab17b6761fe84991?s=96&d=mm&r=g\",\"contentUrl\":\"https:\\\/\\\/secure.gravatar.com\\\/avatar\\\/b8b45209a4cf0b7b127b9238ec348090e7302306d2485eeaab17b6761fe84991?s=96&d=mm&r=g\",\"caption\":\"Justine Tripard\"},\"url\":\"https:\\\/\\\/www.autojm.fr\\\/blog\\\/author\\\/justine\\\/\"}]}<\/script>\n<!-- \/ Yoast SEO plugin. -->","yoast_head_json":{"title":"Le march\u00e9 automobile fran\u00e7ais \u00e0 nouveau en baisse en janvier - AutoJM Mag","description":"Le march\u00e9 automobile fran\u00e7ais a connu un d\u00e9but d'ann\u00e9e 2025 difficile, marqu\u00e9 par une baisse notable des immatriculations de voitures...","robots":{"index":"index","follow":"follow","max-snippet":"max-snippet:-1","max-image-preview":"max-image-preview:large","max-video-preview":"max-video-preview:-1"},"canonical":"https:\/\/www.autojm.fr\/blog\/analyse-du-marche-automobile-francais-en-janvier-2025\/","og_locale":"fr_FR","og_type":"article","og_title":"Le march\u00e9 automobile fran\u00e7ais \u00e0 nouveau en baisse en janvier - AutoJM Mag","og_description":"Le march\u00e9 automobile fran\u00e7ais a connu un d\u00e9but d'ann\u00e9e 2025 difficile, marqu\u00e9 par une baisse notable des immatriculations de voitures...","og_url":"https:\/\/www.autojm.fr\/blog\/analyse-du-marche-automobile-francais-en-janvier-2025\/","og_site_name":"AutoJM Mag","article_publisher":"https:\/\/www.facebook.com\/AutoJM25","article_published_time":"2025-02-11T07:00:00+00:00","og_image":[{"width":1000,"height":500,"url":"https:\/\/www.autojm.fr\/blog\/wp-content\/uploads\/2025\/02\/image-top-1.png","type":"image\/png"}],"author":"Justine Tripard","twitter_card":"summary_large_image","twitter_misc":{"\u00c9crit par":"Justine Tripard","Dur\u00e9e de lecture estim\u00e9e":"4 minutes"},"schema":{"@context":"https:\/\/schema.org","@graph":[{"@type":"Article","@id":"https:\/\/www.autojm.fr\/blog\/analyse-du-marche-automobile-francais-en-janvier-2025\/#article","isPartOf":{"@id":"https:\/\/www.autojm.fr\/blog\/analyse-du-marche-automobile-francais-en-janvier-2025\/"},"author":{"name":"Justine Tripard","@id":"https:\/\/www.autojm.fr\/blog\/#\/schema\/person\/1cc83a91548d88a62eb8cf06f562a72c"},"headline":"Le march\u00e9 automobile fran\u00e7ais \u00e0 nouveau en baisse en janvier","datePublished":"2025-02-11T07:00:00+00:00","mainEntityOfPage":{"@id":"https:\/\/www.autojm.fr\/blog\/analyse-du-marche-automobile-francais-en-janvier-2025\/"},"wordCount":10,"commentCount":0,"publisher":{"@id":"https:\/\/www.autojm.fr\/blog\/#organization"},"image":{"@id":"https:\/\/www.autojm.fr\/blog\/analyse-du-marche-automobile-francais-en-janvier-2025\/#primaryimage"},"thumbnailUrl":"https:\/\/www.autojm.fr\/blog\/wp-content\/uploads\/2025\/02\/image-top-1.png","keywords":["2025","automobile","bonus","chiffres","diesel","\u00e9cologique","electrique","essence","hybride","janvier","malus","marche","suv","thermique"],"articleSection":["Actualit\u00e9 Automobile"],"inLanguage":"fr-FR","potentialAction":[{"@type":"CommentAction","name":"Comment","target":["https:\/\/www.autojm.fr\/blog\/analyse-du-marche-automobile-francais-en-janvier-2025\/#respond"]}]},{"@type":"WebPage","@id":"https:\/\/www.autojm.fr\/blog\/analyse-du-marche-automobile-francais-en-janvier-2025\/","url":"https:\/\/www.autojm.fr\/blog\/analyse-du-marche-automobile-francais-en-janvier-2025\/","name":"Le march\u00e9 automobile fran\u00e7ais \u00e0 nouveau en baisse en janvier - AutoJM Mag","isPartOf":{"@id":"https:\/\/www.autojm.fr\/blog\/#website"},"primaryImageOfPage":{"@id":"https:\/\/www.autojm.fr\/blog\/analyse-du-marche-automobile-francais-en-janvier-2025\/#primaryimage"},"image":{"@id":"https:\/\/www.autojm.fr\/blog\/analyse-du-marche-automobile-francais-en-janvier-2025\/#primaryimage"},"thumbnailUrl":"https:\/\/www.autojm.fr\/blog\/wp-content\/uploads\/2025\/02\/image-top-1.png","datePublished":"2025-02-11T07:00:00+00:00","description":"Le march\u00e9 automobile fran\u00e7ais a connu un d\u00e9but d'ann\u00e9e 2025 difficile, marqu\u00e9 par une baisse notable des immatriculations de voitures...","breadcrumb":{"@id":"https:\/\/www.autojm.fr\/blog\/analyse-du-marche-automobile-francais-en-janvier-2025\/#breadcrumb"},"inLanguage":"fr-FR","potentialAction":[{"@type":"ReadAction","target":["https:\/\/www.autojm.fr\/blog\/analyse-du-marche-automobile-francais-en-janvier-2025\/"]}]},{"@type":"ImageObject","inLanguage":"fr-FR","@id":"https:\/\/www.autojm.fr\/blog\/analyse-du-marche-automobile-francais-en-janvier-2025\/#primaryimage","url":"https:\/\/www.autojm.fr\/blog\/wp-content\/uploads\/2025\/02\/image-top-1.png","contentUrl":"https:\/\/www.autojm.fr\/blog\/wp-content\/uploads\/2025\/02\/image-top-1.png","width":1000,"height":500,"caption":"chiffres janvier 2025"},{"@type":"BreadcrumbList","@id":"https:\/\/www.autojm.fr\/blog\/analyse-du-marche-automobile-francais-en-janvier-2025\/#breadcrumb","itemListElement":[{"@type":"ListItem","position":1,"name":"Accueil","item":"https:\/\/www.autojm.fr\/blog\/"},{"@type":"ListItem","position":2,"name":"Actualit\u00e9 Automobile","item":"https:\/\/www.autojm.fr\/blog\/actualite-automobile\/"},{"@type":"ListItem","position":3,"name":"Le march\u00e9 automobile fran\u00e7ais \u00e0 nouveau en baisse en janvier"}]},{"@type":"WebSite","@id":"https:\/\/www.autojm.fr\/blog\/#website","url":"https:\/\/www.autojm.fr\/blog\/","name":"AutoJM Mag","description":"Toute l&#039;actu auto en 1 clic !","publisher":{"@id":"https:\/\/www.autojm.fr\/blog\/#organization"},"potentialAction":[{"@type":"SearchAction","target":{"@type":"EntryPoint","urlTemplate":"https:\/\/www.autojm.fr\/blog\/?s={search_term_string}"},"query-input":{"@type":"PropertyValueSpecification","valueRequired":true,"valueName":"search_term_string"}}],"inLanguage":"fr-FR"},{"@type":"Organization","@id":"https:\/\/www.autojm.fr\/blog\/#organization","name":"AutoJM Mag","url":"https:\/\/www.autojm.fr\/blog\/","logo":{"@type":"ImageObject","inLanguage":"fr-FR","@id":"https:\/\/www.autojm.fr\/blog\/#\/schema\/logo\/image\/","url":"https:\/\/www.autojm.fr\/blog\/wp-content\/uploads\/2022\/12\/cropped-AutoJMag-png.png","contentUrl":"https:\/\/www.autojm.fr\/blog\/wp-content\/uploads\/2022\/12\/cropped-AutoJMag-png.png","width":2834,"height":585,"caption":"AutoJM Mag"},"image":{"@id":"https:\/\/www.autojm.fr\/blog\/#\/schema\/logo\/image\/"},"sameAs":["https:\/\/www.facebook.com\/AutoJM25"]},{"@type":"Person","@id":"https:\/\/www.autojm.fr\/blog\/#\/schema\/person\/1cc83a91548d88a62eb8cf06f562a72c","name":"Justine Tripard","image":{"@type":"ImageObject","inLanguage":"fr-FR","@id":"https:\/\/secure.gravatar.com\/avatar\/b8b45209a4cf0b7b127b9238ec348090e7302306d2485eeaab17b6761fe84991?s=96&d=mm&r=g","url":"https:\/\/secure.gravatar.com\/avatar\/b8b45209a4cf0b7b127b9238ec348090e7302306d2485eeaab17b6761fe84991?s=96&d=mm&r=g","contentUrl":"https:\/\/secure.gravatar.com\/avatar\/b8b45209a4cf0b7b127b9238ec348090e7302306d2485eeaab17b6761fe84991?s=96&d=mm&r=g","caption":"Justine Tripard"},"url":"https:\/\/www.autojm.fr\/blog\/author\/justine\/"}]}},"_links":{"self":[{"href":"https:\/\/www.autojm.fr\/blog\/wp-json\/wp\/v2\/posts\/21536","targetHints":{"allow":["GET"]}}],"collection":[{"href":"https:\/\/www.autojm.fr\/blog\/wp-json\/wp\/v2\/posts"}],"about":[{"href":"https:\/\/www.autojm.fr\/blog\/wp-json\/wp\/v2\/types\/post"}],"author":[{"embeddable":true,"href":"https:\/\/www.autojm.fr\/blog\/wp-json\/wp\/v2\/users\/6"}],"replies":[{"embeddable":true,"href":"https:\/\/www.autojm.fr\/blog\/wp-json\/wp\/v2\/comments?post=21536"}],"version-history":[{"count":5,"href":"https:\/\/www.autojm.fr\/blog\/wp-json\/wp\/v2\/posts\/21536\/revisions"}],"predecessor-version":[{"id":21552,"href":"https:\/\/www.autojm.fr\/blog\/wp-json\/wp\/v2\/posts\/21536\/revisions\/21552"}],"wp:featuredmedia":[{"embeddable":true,"href":"https:\/\/www.autojm.fr\/blog\/wp-json\/wp\/v2\/media\/21544"}],"wp:attachment":[{"href":"https:\/\/www.autojm.fr\/blog\/wp-json\/wp\/v2\/media?parent=21536"}],"wp:term":[{"taxonomy":"category","embeddable":true,"href":"https:\/\/www.autojm.fr\/blog\/wp-json\/wp\/v2\/categories?post=21536"},{"taxonomy":"post_tag","embeddable":true,"href":"https:\/\/www.autojm.fr\/blog\/wp-json\/wp\/v2\/tags?post=21536"}],"curies":[{"name":"wp","href":"https:\/\/api.w.org\/{rel}","templated":true}]}}