{"id":21340,"date":"2025-02-18T09:00:00","date_gmt":"2025-02-18T07:00:00","guid":{"rendered":"https:\/\/www.autojm.fr\/blog\/?p=21340"},"modified":"2025-02-04T12:33:40","modified_gmt":"2025-02-04T10:33:40","slug":"comment-choisir-le-vehicule-adapte-pour-la-traction-dune-remorque","status":"publish","type":"post","link":"https:\/\/www.autojm.fr\/blog\/comment-choisir-le-vehicule-adapte-pour-la-traction-dune-remorque\/","title":{"rendered":"Comment choisir le v\u00e9hicule adapt\u00e9 pour la traction d&rsquo;une remorque ?"},"content":{"rendered":"","protected":false},"excerpt":{"rendered":"<p>Dans une \u00e8re o\u00f9 la mobilit\u00e9 s&rsquo;adapte aux besoins croissants des consommateurs, le choix d&rsquo;un v\u00e9hicule pour tracter votre remorque fourgon sur mesure n&rsquo;a jamais \u00e9t\u00e9 aussi crucial. Que vous soyez un aventurier partant \u00e0 l&rsquo;assaut de routes sinueuses avec votre caravane ou un professionnel ayant besoin d&rsquo;espace suppl\u00e9mentaire pour transporter vos outils, il est essentiel de choisir un v\u00e9hicule qui r\u00e9ponde parfaitement \u00e0 vos besoins de traction. Cet article vous guidera \u00e0 travers les crit\u00e8res essentiels pour s\u00e9lectionner le v\u00e9hicule id\u00e9al, alliant s\u00e9curit\u00e9, puissance et efficacit\u00e9.<\/p>\n","protected":false},"author":6,"featured_media":21344,"comment_status":"open","ping_status":"open","sticky":false,"template":"","format":"standard","meta":{"_acf_changed":false,"content-type":"","footnotes":""},"categories":[22],"tags":[90,524,438],"class_list":["post-21340","post","type-post","status-publish","format-standard","has-post-thumbnail","hentry","category-conseils-astuces","tag-autojm","tag-remorque","tag-voiture"],"acf":[],"yoast_head":"<!-- This site is optimized with the Yoast SEO plugin v27.5 - https:\/\/yoast.com\/product\/yoast-seo-wordpress\/ -->\n<title>Comment choisir le v\u00e9hicule adapt\u00e9 pour la traction d&#039;une remorque ? - AutoJM Mag<\/title>\n<meta name=\"description\" content=\"Dans une \u00e8re o\u00f9 la mobilit\u00e9 s&#039;adapte aux besoins croissants des consommateurs, le choix d&#039;un v\u00e9hicule pour tracter votre remorque fourgon sur\" \/>\n<meta name=\"robots\" content=\"index, follow, max-snippet:-1, max-image-preview:large, max-video-preview:-1\" \/>\n<link rel=\"canonical\" href=\"https:\/\/www.autojm.fr\/blog\/comment-choisir-le-vehicule-adapte-pour-la-traction-dune-remorque\/\" \/>\n<meta property=\"og:locale\" content=\"fr_FR\" \/>\n<meta property=\"og:type\" content=\"article\" \/>\n<meta property=\"og:title\" content=\"Comment choisir le v\u00e9hicule adapt\u00e9 pour la traction d&#039;une remorque ? - AutoJM Mag\" \/>\n<meta property=\"og:description\" content=\"Dans une \u00e8re o\u00f9 la mobilit\u00e9 s&#039;adapte aux besoins croissants des consommateurs, le choix d&#039;un v\u00e9hicule pour tracter votre remorque fourgon sur\" \/>\n<meta property=\"og:url\" content=\"https:\/\/www.autojm.fr\/blog\/comment-choisir-le-vehicule-adapte-pour-la-traction-dune-remorque\/\" \/>\n<meta property=\"og:site_name\" content=\"AutoJM Mag\" \/>\n<meta property=\"article:publisher\" content=\"https:\/\/www.facebook.com\/AutoJM25\" \/>\n<meta property=\"article:published_time\" content=\"2025-02-18T07:00:00+00:00\" \/>\n<meta property=\"og:image\" content=\"https:\/\/www.autojm.fr\/blog\/wp-content\/uploads\/2025\/02\/image-top.png\" \/>\n\t<meta property=\"og:image:width\" content=\"1000\" \/>\n\t<meta property=\"og:image:height\" content=\"500\" \/>\n\t<meta property=\"og:image:type\" content=\"image\/png\" \/>\n<meta name=\"author\" content=\"Justine Tripard\" \/>\n<meta name=\"twitter:card\" content=\"summary_large_image\" \/>\n<meta name=\"twitter:label1\" content=\"\u00c9crit par\" \/>\n\t<meta name=\"twitter:data1\" content=\"Justine Tripard\" \/>\n\t<meta name=\"twitter:label2\" content=\"Dur\u00e9e de lecture estim\u00e9e\" \/>\n\t<meta name=\"twitter:data2\" content=\"5 minutes\" \/>\n<script type=\"application\/ld+json\" class=\"yoast-schema-graph\">{\"@context\":\"https:\\\/\\\/schema.org\",\"@graph\":[{\"@type\":\"Article\",\"@id\":\"https:\\\/\\\/www.autojm.fr\\\/blog\\\/comment-choisir-le-vehicule-adapte-pour-la-traction-dune-remorque\\\/#article\",\"isPartOf\":{\"@id\":\"https:\\\/\\\/www.autojm.fr\\\/blog\\\/comment-choisir-le-vehicule-adapte-pour-la-traction-dune-remorque\\\/\"},\"author\":{\"name\":\"Justine Tripard\",\"@id\":\"https:\\\/\\\/www.autojm.fr\\\/blog\\\/#\\\/schema\\\/person\\\/1cc83a91548d88a62eb8cf06f562a72c\"},\"headline\":\"Comment choisir le v\u00e9hicule adapt\u00e9 pour la traction d&rsquo;une remorque ?\",\"datePublished\":\"2025-02-18T07:00:00+00:00\",\"mainEntityOfPage\":{\"@id\":\"https:\\\/\\\/www.autojm.fr\\\/blog\\\/comment-choisir-le-vehicule-adapte-pour-la-traction-dune-remorque\\\/\"},\"wordCount\":11,\"commentCount\":0,\"publisher\":{\"@id\":\"https:\\\/\\\/www.autojm.fr\\\/blog\\\/#organization\"},\"image\":{\"@id\":\"https:\\\/\\\/www.autojm.fr\\\/blog\\\/comment-choisir-le-vehicule-adapte-pour-la-traction-dune-remorque\\\/#primaryimage\"},\"thumbnailUrl\":\"https:\\\/\\\/www.autojm.fr\\\/blog\\\/wp-content\\\/uploads\\\/2025\\\/02\\\/image-top.png\",\"keywords\":[\"autojm\",\"remorque\",\"voiture\"],\"articleSection\":[\"Conseils &amp; Astuces\"],\"inLanguage\":\"fr-FR\",\"potentialAction\":[{\"@type\":\"CommentAction\",\"name\":\"Comment\",\"target\":[\"https:\\\/\\\/www.autojm.fr\\\/blog\\\/comment-choisir-le-vehicule-adapte-pour-la-traction-dune-remorque\\\/#respond\"]}]},{\"@type\":\"WebPage\",\"@id\":\"https:\\\/\\\/www.autojm.fr\\\/blog\\\/comment-choisir-le-vehicule-adapte-pour-la-traction-dune-remorque\\\/\",\"url\":\"https:\\\/\\\/www.autojm.fr\\\/blog\\\/comment-choisir-le-vehicule-adapte-pour-la-traction-dune-remorque\\\/\",\"name\":\"Comment choisir le v\u00e9hicule adapt\u00e9 pour la traction d'une remorque ? - AutoJM Mag\",\"isPartOf\":{\"@id\":\"https:\\\/\\\/www.autojm.fr\\\/blog\\\/#website\"},\"primaryImageOfPage\":{\"@id\":\"https:\\\/\\\/www.autojm.fr\\\/blog\\\/comment-choisir-le-vehicule-adapte-pour-la-traction-dune-remorque\\\/#primaryimage\"},\"image\":{\"@id\":\"https:\\\/\\\/www.autojm.fr\\\/blog\\\/comment-choisir-le-vehicule-adapte-pour-la-traction-dune-remorque\\\/#primaryimage\"},\"thumbnailUrl\":\"https:\\\/\\\/www.autojm.fr\\\/blog\\\/wp-content\\\/uploads\\\/2025\\\/02\\\/image-top.png\",\"datePublished\":\"2025-02-18T07:00:00+00:00\",\"description\":\"Dans une \u00e8re o\u00f9 la mobilit\u00e9 s'adapte aux besoins croissants des consommateurs, le choix d'un v\u00e9hicule pour tracter votre remorque fourgon sur\",\"breadcrumb\":{\"@id\":\"https:\\\/\\\/www.autojm.fr\\\/blog\\\/comment-choisir-le-vehicule-adapte-pour-la-traction-dune-remorque\\\/#breadcrumb\"},\"inLanguage\":\"fr-FR\",\"potentialAction\":[{\"@type\":\"ReadAction\",\"target\":[\"https:\\\/\\\/www.autojm.fr\\\/blog\\\/comment-choisir-le-vehicule-adapte-pour-la-traction-dune-remorque\\\/\"]}]},{\"@type\":\"ImageObject\",\"inLanguage\":\"fr-FR\",\"@id\":\"https:\\\/\\\/www.autojm.fr\\\/blog\\\/comment-choisir-le-vehicule-adapte-pour-la-traction-dune-remorque\\\/#primaryimage\",\"url\":\"https:\\\/\\\/www.autojm.fr\\\/blog\\\/wp-content\\\/uploads\\\/2025\\\/02\\\/image-top.png\",\"contentUrl\":\"https:\\\/\\\/www.autojm.fr\\\/blog\\\/wp-content\\\/uploads\\\/2025\\\/02\\\/image-top.png\",\"width\":1000,\"height\":500,\"caption\":\"Remorque\"},{\"@type\":\"BreadcrumbList\",\"@id\":\"https:\\\/\\\/www.autojm.fr\\\/blog\\\/comment-choisir-le-vehicule-adapte-pour-la-traction-dune-remorque\\\/#breadcrumb\",\"itemListElement\":[{\"@type\":\"ListItem\",\"position\":1,\"name\":\"Accueil\",\"item\":\"https:\\\/\\\/www.autojm.fr\\\/blog\\\/\"},{\"@type\":\"ListItem\",\"position\":2,\"name\":\"Conseils &amp; Astuces\",\"item\":\"https:\\\/\\\/www.autojm.fr\\\/blog\\\/conseils-astuces\\\/\"},{\"@type\":\"ListItem\",\"position\":3,\"name\":\"Comment choisir le v\u00e9hicule adapt\u00e9 pour la traction d&rsquo;une remorque ?\"}]},{\"@type\":\"WebSite\",\"@id\":\"https:\\\/\\\/www.autojm.fr\\\/blog\\\/#website\",\"url\":\"https:\\\/\\\/www.autojm.fr\\\/blog\\\/\",\"name\":\"AutoJM Mag\",\"description\":\"Toute l&#039;actu auto en 1 clic !\",\"publisher\":{\"@id\":\"https:\\\/\\\/www.autojm.fr\\\/blog\\\/#organization\"},\"potentialAction\":[{\"@type\":\"SearchAction\",\"target\":{\"@type\":\"EntryPoint\",\"urlTemplate\":\"https:\\\/\\\/www.autojm.fr\\\/blog\\\/?s={search_term_string}\"},\"query-input\":{\"@type\":\"PropertyValueSpecification\",\"valueRequired\":true,\"valueName\":\"search_term_string\"}}],\"inLanguage\":\"fr-FR\"},{\"@type\":\"Organization\",\"@id\":\"https:\\\/\\\/www.autojm.fr\\\/blog\\\/#organization\",\"name\":\"AutoJM Mag\",\"url\":\"https:\\\/\\\/www.autojm.fr\\\/blog\\\/\",\"logo\":{\"@type\":\"ImageObject\",\"inLanguage\":\"fr-FR\",\"@id\":\"https:\\\/\\\/www.autojm.fr\\\/blog\\\/#\\\/schema\\\/logo\\\/image\\\/\",\"url\":\"https:\\\/\\\/www.autojm.fr\\\/blog\\\/wp-content\\\/uploads\\\/2022\\\/12\\\/cropped-AutoJMag-png.png\",\"contentUrl\":\"https:\\\/\\\/www.autojm.fr\\\/blog\\\/wp-content\\\/uploads\\\/2022\\\/12\\\/cropped-AutoJMag-png.png\",\"width\":2834,\"height\":585,\"caption\":\"AutoJM Mag\"},\"image\":{\"@id\":\"https:\\\/\\\/www.autojm.fr\\\/blog\\\/#\\\/schema\\\/logo\\\/image\\\/\"},\"sameAs\":[\"https:\\\/\\\/www.facebook.com\\\/AutoJM25\"]},{\"@type\":\"Person\",\"@id\":\"https:\\\/\\\/www.autojm.fr\\\/blog\\\/#\\\/schema\\\/person\\\/1cc83a91548d88a62eb8cf06f562a72c\",\"name\":\"Justine Tripard\",\"image\":{\"@type\":\"ImageObject\",\"inLanguage\":\"fr-FR\",\"@id\":\"https:\\\/\\\/secure.gravatar.com\\\/avatar\\\/b8b45209a4cf0b7b127b9238ec348090e7302306d2485eeaab17b6761fe84991?s=96&d=mm&r=g\",\"url\":\"https:\\\/\\\/secure.gravatar.com\\\/avatar\\\/b8b45209a4cf0b7b127b9238ec348090e7302306d2485eeaab17b6761fe84991?s=96&d=mm&r=g\",\"contentUrl\":\"https:\\\/\\\/secure.gravatar.com\\\/avatar\\\/b8b45209a4cf0b7b127b9238ec348090e7302306d2485eeaab17b6761fe84991?s=96&d=mm&r=g\",\"caption\":\"Justine Tripard\"},\"url\":\"https:\\\/\\\/www.autojm.fr\\\/blog\\\/author\\\/justine\\\/\"}]}<\/script>\n<!-- \/ Yoast SEO plugin. -->","yoast_head_json":{"title":"Comment choisir le v\u00e9hicule adapt\u00e9 pour la traction d'une remorque ? - AutoJM Mag","description":"Dans une \u00e8re o\u00f9 la mobilit\u00e9 s'adapte aux besoins croissants des consommateurs, le choix d'un v\u00e9hicule pour tracter votre remorque fourgon sur","robots":{"index":"index","follow":"follow","max-snippet":"max-snippet:-1","max-image-preview":"max-image-preview:large","max-video-preview":"max-video-preview:-1"},"canonical":"https:\/\/www.autojm.fr\/blog\/comment-choisir-le-vehicule-adapte-pour-la-traction-dune-remorque\/","og_locale":"fr_FR","og_type":"article","og_title":"Comment choisir le v\u00e9hicule adapt\u00e9 pour la traction d'une remorque ? - AutoJM Mag","og_description":"Dans une \u00e8re o\u00f9 la mobilit\u00e9 s'adapte aux besoins croissants des consommateurs, le choix d'un v\u00e9hicule pour tracter votre remorque fourgon sur","og_url":"https:\/\/www.autojm.fr\/blog\/comment-choisir-le-vehicule-adapte-pour-la-traction-dune-remorque\/","og_site_name":"AutoJM Mag","article_publisher":"https:\/\/www.facebook.com\/AutoJM25","article_published_time":"2025-02-18T07:00:00+00:00","og_image":[{"width":1000,"height":500,"url":"https:\/\/www.autojm.fr\/blog\/wp-content\/uploads\/2025\/02\/image-top.png","type":"image\/png"}],"author":"Justine Tripard","twitter_card":"summary_large_image","twitter_misc":{"\u00c9crit par":"Justine Tripard","Dur\u00e9e de lecture estim\u00e9e":"5 minutes"},"schema":{"@context":"https:\/\/schema.org","@graph":[{"@type":"Article","@id":"https:\/\/www.autojm.fr\/blog\/comment-choisir-le-vehicule-adapte-pour-la-traction-dune-remorque\/#article","isPartOf":{"@id":"https:\/\/www.autojm.fr\/blog\/comment-choisir-le-vehicule-adapte-pour-la-traction-dune-remorque\/"},"author":{"name":"Justine Tripard","@id":"https:\/\/www.autojm.fr\/blog\/#\/schema\/person\/1cc83a91548d88a62eb8cf06f562a72c"},"headline":"Comment choisir le v\u00e9hicule adapt\u00e9 pour la traction d&rsquo;une remorque ?","datePublished":"2025-02-18T07:00:00+00:00","mainEntityOfPage":{"@id":"https:\/\/www.autojm.fr\/blog\/comment-choisir-le-vehicule-adapte-pour-la-traction-dune-remorque\/"},"wordCount":11,"commentCount":0,"publisher":{"@id":"https:\/\/www.autojm.fr\/blog\/#organization"},"image":{"@id":"https:\/\/www.autojm.fr\/blog\/comment-choisir-le-vehicule-adapte-pour-la-traction-dune-remorque\/#primaryimage"},"thumbnailUrl":"https:\/\/www.autojm.fr\/blog\/wp-content\/uploads\/2025\/02\/image-top.png","keywords":["autojm","remorque","voiture"],"articleSection":["Conseils &amp; Astuces"],"inLanguage":"fr-FR","potentialAction":[{"@type":"CommentAction","name":"Comment","target":["https:\/\/www.autojm.fr\/blog\/comment-choisir-le-vehicule-adapte-pour-la-traction-dune-remorque\/#respond"]}]},{"@type":"WebPage","@id":"https:\/\/www.autojm.fr\/blog\/comment-choisir-le-vehicule-adapte-pour-la-traction-dune-remorque\/","url":"https:\/\/www.autojm.fr\/blog\/comment-choisir-le-vehicule-adapte-pour-la-traction-dune-remorque\/","name":"Comment choisir le v\u00e9hicule adapt\u00e9 pour la traction d'une remorque ? - AutoJM Mag","isPartOf":{"@id":"https:\/\/www.autojm.fr\/blog\/#website"},"primaryImageOfPage":{"@id":"https:\/\/www.autojm.fr\/blog\/comment-choisir-le-vehicule-adapte-pour-la-traction-dune-remorque\/#primaryimage"},"image":{"@id":"https:\/\/www.autojm.fr\/blog\/comment-choisir-le-vehicule-adapte-pour-la-traction-dune-remorque\/#primaryimage"},"thumbnailUrl":"https:\/\/www.autojm.fr\/blog\/wp-content\/uploads\/2025\/02\/image-top.png","datePublished":"2025-02-18T07:00:00+00:00","description":"Dans une \u00e8re o\u00f9 la mobilit\u00e9 s'adapte aux besoins croissants des consommateurs, le choix d'un v\u00e9hicule pour tracter votre remorque fourgon sur","breadcrumb":{"@id":"https:\/\/www.autojm.fr\/blog\/comment-choisir-le-vehicule-adapte-pour-la-traction-dune-remorque\/#breadcrumb"},"inLanguage":"fr-FR","potentialAction":[{"@type":"ReadAction","target":["https:\/\/www.autojm.fr\/blog\/comment-choisir-le-vehicule-adapte-pour-la-traction-dune-remorque\/"]}]},{"@type":"ImageObject","inLanguage":"fr-FR","@id":"https:\/\/www.autojm.fr\/blog\/comment-choisir-le-vehicule-adapte-pour-la-traction-dune-remorque\/#primaryimage","url":"https:\/\/www.autojm.fr\/blog\/wp-content\/uploads\/2025\/02\/image-top.png","contentUrl":"https:\/\/www.autojm.fr\/blog\/wp-content\/uploads\/2025\/02\/image-top.png","width":1000,"height":500,"caption":"Remorque"},{"@type":"BreadcrumbList","@id":"https:\/\/www.autojm.fr\/blog\/comment-choisir-le-vehicule-adapte-pour-la-traction-dune-remorque\/#breadcrumb","itemListElement":[{"@type":"ListItem","position":1,"name":"Accueil","item":"https:\/\/www.autojm.fr\/blog\/"},{"@type":"ListItem","position":2,"name":"Conseils &amp; Astuces","item":"https:\/\/www.autojm.fr\/blog\/conseils-astuces\/"},{"@type":"ListItem","position":3,"name":"Comment choisir le v\u00e9hicule adapt\u00e9 pour la traction d&rsquo;une remorque ?"}]},{"@type":"WebSite","@id":"https:\/\/www.autojm.fr\/blog\/#website","url":"https:\/\/www.autojm.fr\/blog\/","name":"AutoJM Mag","description":"Toute l&#039;actu auto en 1 clic !","publisher":{"@id":"https:\/\/www.autojm.fr\/blog\/#organization"},"potentialAction":[{"@type":"SearchAction","target":{"@type":"EntryPoint","urlTemplate":"https:\/\/www.autojm.fr\/blog\/?s={search_term_string}"},"query-input":{"@type":"PropertyValueSpecification","valueRequired":true,"valueName":"search_term_string"}}],"inLanguage":"fr-FR"},{"@type":"Organization","@id":"https:\/\/www.autojm.fr\/blog\/#organization","name":"AutoJM Mag","url":"https:\/\/www.autojm.fr\/blog\/","logo":{"@type":"ImageObject","inLanguage":"fr-FR","@id":"https:\/\/www.autojm.fr\/blog\/#\/schema\/logo\/image\/","url":"https:\/\/www.autojm.fr\/blog\/wp-content\/uploads\/2022\/12\/cropped-AutoJMag-png.png","contentUrl":"https:\/\/www.autojm.fr\/blog\/wp-content\/uploads\/2022\/12\/cropped-AutoJMag-png.png","width":2834,"height":585,"caption":"AutoJM Mag"},"image":{"@id":"https:\/\/www.autojm.fr\/blog\/#\/schema\/logo\/image\/"},"sameAs":["https:\/\/www.facebook.com\/AutoJM25"]},{"@type":"Person","@id":"https:\/\/www.autojm.fr\/blog\/#\/schema\/person\/1cc83a91548d88a62eb8cf06f562a72c","name":"Justine Tripard","image":{"@type":"ImageObject","inLanguage":"fr-FR","@id":"https:\/\/secure.gravatar.com\/avatar\/b8b45209a4cf0b7b127b9238ec348090e7302306d2485eeaab17b6761fe84991?s=96&d=mm&r=g","url":"https:\/\/secure.gravatar.com\/avatar\/b8b45209a4cf0b7b127b9238ec348090e7302306d2485eeaab17b6761fe84991?s=96&d=mm&r=g","contentUrl":"https:\/\/secure.gravatar.com\/avatar\/b8b45209a4cf0b7b127b9238ec348090e7302306d2485eeaab17b6761fe84991?s=96&d=mm&r=g","caption":"Justine Tripard"},"url":"https:\/\/www.autojm.fr\/blog\/author\/justine\/"}]}},"_links":{"self":[{"href":"https:\/\/www.autojm.fr\/blog\/wp-json\/wp\/v2\/posts\/21340","targetHints":{"allow":["GET"]}}],"collection":[{"href":"https:\/\/www.autojm.fr\/blog\/wp-json\/wp\/v2\/posts"}],"about":[{"href":"https:\/\/www.autojm.fr\/blog\/wp-json\/wp\/v2\/types\/post"}],"author":[{"embeddable":true,"href":"https:\/\/www.autojm.fr\/blog\/wp-json\/wp\/v2\/users\/6"}],"replies":[{"embeddable":true,"href":"https:\/\/www.autojm.fr\/blog\/wp-json\/wp\/v2\/comments?post=21340"}],"version-history":[{"count":22,"href":"https:\/\/www.autojm.fr\/blog\/wp-json\/wp\/v2\/posts\/21340\/revisions"}],"predecessor-version":[{"id":21408,"href":"https:\/\/www.autojm.fr\/blog\/wp-json\/wp\/v2\/posts\/21340\/revisions\/21408"}],"wp:featuredmedia":[{"embeddable":true,"href":"https:\/\/www.autojm.fr\/blog\/wp-json\/wp\/v2\/media\/21344"}],"wp:attachment":[{"href":"https:\/\/www.autojm.fr\/blog\/wp-json\/wp\/v2\/media?parent=21340"}],"wp:term":[{"taxonomy":"category","embeddable":true,"href":"https:\/\/www.autojm.fr\/blog\/wp-json\/wp\/v2\/categories?post=21340"},{"taxonomy":"post_tag","embeddable":true,"href":"https:\/\/www.autojm.fr\/blog\/wp-json\/wp\/v2\/tags?post=21340"}],"curies":[{"name":"wp","href":"https:\/\/api.w.org\/{rel}","templated":true}]}}