{"id":20723,"date":"2025-01-03T09:00:00","date_gmt":"2025-01-03T07:00:00","guid":{"rendered":"https:\/\/www.autojm.fr\/blog\/?p=20723"},"modified":"2025-01-02T17:57:11","modified_gmt":"2025-01-02T15:57:11","slug":"le-marche-automobile-en-2024-une-annee-de-transition-entre-recul-et-espoir","status":"publish","type":"post","link":"https:\/\/www.autojm.fr\/blog\/le-marche-automobile-en-2024-une-annee-de-transition-entre-recul-et-espoir\/","title":{"rendered":"Le march\u00e9 automobile en 2024 : une ann\u00e9e de transition entre recul et espoir\u00a0"},"content":{"rendered":"","protected":false},"excerpt":{"rendered":"<p>L\u2019ann\u00e9e 2024 a \u00e9t\u00e9 marqu\u00e9e par des \u00e9volutions significatives dans le secteur automobile en France. Entre le recul des immatriculations de voitures neuves, l\u2019essor des motorisations hybrides et les changements dans les habitudes de consommation, le march\u00e9 a connu une p\u00e9riode de transition. Cet article revient sur les principales tendances de l\u2019ann\u00e9e et les perspectives pour 2025. <\/p>\n","protected":false},"author":6,"featured_media":20725,"comment_status":"open","ping_status":"open","sticky":false,"template":"","format":"standard","meta":{"_acf_changed":false,"content-type":"","footnotes":""},"categories":[5],"tags":[507,509,90,397,471,74,393,73,114,78,140],"class_list":["post-20723","post","type-post","status-publish","format-standard","has-post-thumbnail","hentry","category-actualite-automobile","tag-507","tag-auto","tag-autojm","tag-automobile","tag-chiffres","tag-dacia","tag-dacia-sandero","tag-peugeot","tag-peugeot-208","tag-renault","tag-renault-clio-5"],"acf":[],"yoast_head":"<!-- This site is optimized with the Yoast SEO plugin v27.5 - https:\/\/yoast.com\/product\/yoast-seo-wordpress\/ -->\n<title>Le march\u00e9 automobile en 2024 : une ann\u00e9e de transition entre recul et espoir\u00a0 - AutoJM Mag<\/title>\n<meta name=\"description\" content=\"L\u2019ann\u00e9e 2024 a \u00e9t\u00e9 marqu\u00e9e par des \u00e9volutions significatives dans le secteur automobile en France. Entre le recul des immatriculations de...\" \/>\n<meta name=\"robots\" content=\"index, follow, max-snippet:-1, max-image-preview:large, max-video-preview:-1\" \/>\n<link rel=\"canonical\" href=\"https:\/\/www.autojm.fr\/blog\/le-marche-automobile-en-2024-une-annee-de-transition-entre-recul-et-espoir\/\" \/>\n<meta property=\"og:locale\" content=\"fr_FR\" \/>\n<meta property=\"og:type\" content=\"article\" \/>\n<meta property=\"og:title\" content=\"Le march\u00e9 automobile en 2024 : une ann\u00e9e de transition entre recul et espoir\u00a0 - AutoJM Mag\" \/>\n<meta property=\"og:description\" content=\"L\u2019ann\u00e9e 2024 a \u00e9t\u00e9 marqu\u00e9e par des \u00e9volutions significatives dans le secteur automobile en France. Entre le recul des immatriculations de...\" \/>\n<meta property=\"og:url\" content=\"https:\/\/www.autojm.fr\/blog\/le-marche-automobile-en-2024-une-annee-de-transition-entre-recul-et-espoir\/\" \/>\n<meta property=\"og:site_name\" content=\"AutoJM Mag\" \/>\n<meta property=\"article:publisher\" content=\"https:\/\/www.facebook.com\/AutoJM25\" \/>\n<meta property=\"article:published_time\" content=\"2025-01-03T07:00:00+00:00\" \/>\n<meta property=\"og:image\" content=\"https:\/\/www.autojm.fr\/blog\/wp-content\/uploads\/2025\/01\/image-top.png\" \/>\n\t<meta property=\"og:image:width\" content=\"1000\" \/>\n\t<meta property=\"og:image:height\" content=\"500\" \/>\n\t<meta property=\"og:image:type\" content=\"image\/png\" \/>\n<meta name=\"author\" content=\"Justine Tripard\" \/>\n<meta name=\"twitter:card\" content=\"summary_large_image\" \/>\n<meta name=\"twitter:label1\" content=\"\u00c9crit par\" \/>\n\t<meta name=\"twitter:data1\" content=\"Justine Tripard\" \/>\n\t<meta name=\"twitter:label2\" content=\"Dur\u00e9e de lecture estim\u00e9e\" \/>\n\t<meta name=\"twitter:data2\" content=\"4 minutes\" \/>\n<script type=\"application\/ld+json\" class=\"yoast-schema-graph\">{\"@context\":\"https:\\\/\\\/schema.org\",\"@graph\":[{\"@type\":\"Article\",\"@id\":\"https:\\\/\\\/www.autojm.fr\\\/blog\\\/le-marche-automobile-en-2024-une-annee-de-transition-entre-recul-et-espoir\\\/#article\",\"isPartOf\":{\"@id\":\"https:\\\/\\\/www.autojm.fr\\\/blog\\\/le-marche-automobile-en-2024-une-annee-de-transition-entre-recul-et-espoir\\\/\"},\"author\":{\"name\":\"Justine Tripard\",\"@id\":\"https:\\\/\\\/www.autojm.fr\\\/blog\\\/#\\\/schema\\\/person\\\/1cc83a91548d88a62eb8cf06f562a72c\"},\"headline\":\"Le march\u00e9 automobile en 2024 : une ann\u00e9e de transition entre recul et espoir\u00a0\",\"datePublished\":\"2025-01-03T07:00:00+00:00\",\"mainEntityOfPage\":{\"@id\":\"https:\\\/\\\/www.autojm.fr\\\/blog\\\/le-marche-automobile-en-2024-une-annee-de-transition-entre-recul-et-espoir\\\/\"},\"wordCount\":13,\"commentCount\":0,\"publisher\":{\"@id\":\"https:\\\/\\\/www.autojm.fr\\\/blog\\\/#organization\"},\"image\":{\"@id\":\"https:\\\/\\\/www.autojm.fr\\\/blog\\\/le-marche-automobile-en-2024-une-annee-de-transition-entre-recul-et-espoir\\\/#primaryimage\"},\"thumbnailUrl\":\"https:\\\/\\\/www.autojm.fr\\\/blog\\\/wp-content\\\/uploads\\\/2025\\\/01\\\/image-top.png\",\"keywords\":[\"2024\",\"auto\",\"autojm\",\"automobile\",\"chiffres\",\"dacia\",\"dacia sandero\",\"peugeot\",\"Peugeot 208\",\"renault\",\"Renault Clio 5\"],\"articleSection\":[\"Actualit\u00e9 Automobile\"],\"inLanguage\":\"fr-FR\",\"potentialAction\":[{\"@type\":\"CommentAction\",\"name\":\"Comment\",\"target\":[\"https:\\\/\\\/www.autojm.fr\\\/blog\\\/le-marche-automobile-en-2024-une-annee-de-transition-entre-recul-et-espoir\\\/#respond\"]}]},{\"@type\":\"WebPage\",\"@id\":\"https:\\\/\\\/www.autojm.fr\\\/blog\\\/le-marche-automobile-en-2024-une-annee-de-transition-entre-recul-et-espoir\\\/\",\"url\":\"https:\\\/\\\/www.autojm.fr\\\/blog\\\/le-marche-automobile-en-2024-une-annee-de-transition-entre-recul-et-espoir\\\/\",\"name\":\"Le march\u00e9 automobile en 2024 : une ann\u00e9e de transition entre recul et espoir\u00a0 - AutoJM Mag\",\"isPartOf\":{\"@id\":\"https:\\\/\\\/www.autojm.fr\\\/blog\\\/#website\"},\"primaryImageOfPage\":{\"@id\":\"https:\\\/\\\/www.autojm.fr\\\/blog\\\/le-marche-automobile-en-2024-une-annee-de-transition-entre-recul-et-espoir\\\/#primaryimage\"},\"image\":{\"@id\":\"https:\\\/\\\/www.autojm.fr\\\/blog\\\/le-marche-automobile-en-2024-une-annee-de-transition-entre-recul-et-espoir\\\/#primaryimage\"},\"thumbnailUrl\":\"https:\\\/\\\/www.autojm.fr\\\/blog\\\/wp-content\\\/uploads\\\/2025\\\/01\\\/image-top.png\",\"datePublished\":\"2025-01-03T07:00:00+00:00\",\"description\":\"L\u2019ann\u00e9e 2024 a \u00e9t\u00e9 marqu\u00e9e par des \u00e9volutions significatives dans le secteur automobile en France. Entre le recul des immatriculations de...\",\"breadcrumb\":{\"@id\":\"https:\\\/\\\/www.autojm.fr\\\/blog\\\/le-marche-automobile-en-2024-une-annee-de-transition-entre-recul-et-espoir\\\/#breadcrumb\"},\"inLanguage\":\"fr-FR\",\"potentialAction\":[{\"@type\":\"ReadAction\",\"target\":[\"https:\\\/\\\/www.autojm.fr\\\/blog\\\/le-marche-automobile-en-2024-une-annee-de-transition-entre-recul-et-espoir\\\/\"]}]},{\"@type\":\"ImageObject\",\"inLanguage\":\"fr-FR\",\"@id\":\"https:\\\/\\\/www.autojm.fr\\\/blog\\\/le-marche-automobile-en-2024-une-annee-de-transition-entre-recul-et-espoir\\\/#primaryimage\",\"url\":\"https:\\\/\\\/www.autojm.fr\\\/blog\\\/wp-content\\\/uploads\\\/2025\\\/01\\\/image-top.png\",\"contentUrl\":\"https:\\\/\\\/www.autojm.fr\\\/blog\\\/wp-content\\\/uploads\\\/2025\\\/01\\\/image-top.png\",\"width\":1000,\"height\":500,\"caption\":\"chiffres auto 2024\"},{\"@type\":\"BreadcrumbList\",\"@id\":\"https:\\\/\\\/www.autojm.fr\\\/blog\\\/le-marche-automobile-en-2024-une-annee-de-transition-entre-recul-et-espoir\\\/#breadcrumb\",\"itemListElement\":[{\"@type\":\"ListItem\",\"position\":1,\"name\":\"Accueil\",\"item\":\"https:\\\/\\\/www.autojm.fr\\\/blog\\\/\"},{\"@type\":\"ListItem\",\"position\":2,\"name\":\"Actualit\u00e9 Automobile\",\"item\":\"https:\\\/\\\/www.autojm.fr\\\/blog\\\/actualite-automobile\\\/\"},{\"@type\":\"ListItem\",\"position\":3,\"name\":\"Le march\u00e9 automobile en 2024 : une ann\u00e9e de transition entre recul et espoir\u00a0\"}]},{\"@type\":\"WebSite\",\"@id\":\"https:\\\/\\\/www.autojm.fr\\\/blog\\\/#website\",\"url\":\"https:\\\/\\\/www.autojm.fr\\\/blog\\\/\",\"name\":\"AutoJM Mag\",\"description\":\"Toute l&#039;actu auto en 1 clic !\",\"publisher\":{\"@id\":\"https:\\\/\\\/www.autojm.fr\\\/blog\\\/#organization\"},\"potentialAction\":[{\"@type\":\"SearchAction\",\"target\":{\"@type\":\"EntryPoint\",\"urlTemplate\":\"https:\\\/\\\/www.autojm.fr\\\/blog\\\/?s={search_term_string}\"},\"query-input\":{\"@type\":\"PropertyValueSpecification\",\"valueRequired\":true,\"valueName\":\"search_term_string\"}}],\"inLanguage\":\"fr-FR\"},{\"@type\":\"Organization\",\"@id\":\"https:\\\/\\\/www.autojm.fr\\\/blog\\\/#organization\",\"name\":\"AutoJM Mag\",\"url\":\"https:\\\/\\\/www.autojm.fr\\\/blog\\\/\",\"logo\":{\"@type\":\"ImageObject\",\"inLanguage\":\"fr-FR\",\"@id\":\"https:\\\/\\\/www.autojm.fr\\\/blog\\\/#\\\/schema\\\/logo\\\/image\\\/\",\"url\":\"https:\\\/\\\/www.autojm.fr\\\/blog\\\/wp-content\\\/uploads\\\/2022\\\/12\\\/cropped-AutoJMag-png.png\",\"contentUrl\":\"https:\\\/\\\/www.autojm.fr\\\/blog\\\/wp-content\\\/uploads\\\/2022\\\/12\\\/cropped-AutoJMag-png.png\",\"width\":2834,\"height\":585,\"caption\":\"AutoJM Mag\"},\"image\":{\"@id\":\"https:\\\/\\\/www.autojm.fr\\\/blog\\\/#\\\/schema\\\/logo\\\/image\\\/\"},\"sameAs\":[\"https:\\\/\\\/www.facebook.com\\\/AutoJM25\"]},{\"@type\":\"Person\",\"@id\":\"https:\\\/\\\/www.autojm.fr\\\/blog\\\/#\\\/schema\\\/person\\\/1cc83a91548d88a62eb8cf06f562a72c\",\"name\":\"Justine Tripard\",\"image\":{\"@type\":\"ImageObject\",\"inLanguage\":\"fr-FR\",\"@id\":\"https:\\\/\\\/secure.gravatar.com\\\/avatar\\\/b8b45209a4cf0b7b127b9238ec348090e7302306d2485eeaab17b6761fe84991?s=96&d=mm&r=g\",\"url\":\"https:\\\/\\\/secure.gravatar.com\\\/avatar\\\/b8b45209a4cf0b7b127b9238ec348090e7302306d2485eeaab17b6761fe84991?s=96&d=mm&r=g\",\"contentUrl\":\"https:\\\/\\\/secure.gravatar.com\\\/avatar\\\/b8b45209a4cf0b7b127b9238ec348090e7302306d2485eeaab17b6761fe84991?s=96&d=mm&r=g\",\"caption\":\"Justine Tripard\"},\"url\":\"https:\\\/\\\/www.autojm.fr\\\/blog\\\/author\\\/justine\\\/\"}]}<\/script>\n<!-- \/ Yoast SEO plugin. -->","yoast_head_json":{"title":"Le march\u00e9 automobile en 2024 : une ann\u00e9e de transition entre recul et espoir\u00a0 - AutoJM Mag","description":"L\u2019ann\u00e9e 2024 a \u00e9t\u00e9 marqu\u00e9e par des \u00e9volutions significatives dans le secteur automobile en France. Entre le recul des immatriculations de...","robots":{"index":"index","follow":"follow","max-snippet":"max-snippet:-1","max-image-preview":"max-image-preview:large","max-video-preview":"max-video-preview:-1"},"canonical":"https:\/\/www.autojm.fr\/blog\/le-marche-automobile-en-2024-une-annee-de-transition-entre-recul-et-espoir\/","og_locale":"fr_FR","og_type":"article","og_title":"Le march\u00e9 automobile en 2024 : une ann\u00e9e de transition entre recul et espoir\u00a0 - AutoJM Mag","og_description":"L\u2019ann\u00e9e 2024 a \u00e9t\u00e9 marqu\u00e9e par des \u00e9volutions significatives dans le secteur automobile en France. Entre le recul des immatriculations de...","og_url":"https:\/\/www.autojm.fr\/blog\/le-marche-automobile-en-2024-une-annee-de-transition-entre-recul-et-espoir\/","og_site_name":"AutoJM Mag","article_publisher":"https:\/\/www.facebook.com\/AutoJM25","article_published_time":"2025-01-03T07:00:00+00:00","og_image":[{"width":1000,"height":500,"url":"https:\/\/www.autojm.fr\/blog\/wp-content\/uploads\/2025\/01\/image-top.png","type":"image\/png"}],"author":"Justine Tripard","twitter_card":"summary_large_image","twitter_misc":{"\u00c9crit par":"Justine Tripard","Dur\u00e9e de lecture estim\u00e9e":"4 minutes"},"schema":{"@context":"https:\/\/schema.org","@graph":[{"@type":"Article","@id":"https:\/\/www.autojm.fr\/blog\/le-marche-automobile-en-2024-une-annee-de-transition-entre-recul-et-espoir\/#article","isPartOf":{"@id":"https:\/\/www.autojm.fr\/blog\/le-marche-automobile-en-2024-une-annee-de-transition-entre-recul-et-espoir\/"},"author":{"name":"Justine Tripard","@id":"https:\/\/www.autojm.fr\/blog\/#\/schema\/person\/1cc83a91548d88a62eb8cf06f562a72c"},"headline":"Le march\u00e9 automobile en 2024 : une ann\u00e9e de transition entre recul et espoir\u00a0","datePublished":"2025-01-03T07:00:00+00:00","mainEntityOfPage":{"@id":"https:\/\/www.autojm.fr\/blog\/le-marche-automobile-en-2024-une-annee-de-transition-entre-recul-et-espoir\/"},"wordCount":13,"commentCount":0,"publisher":{"@id":"https:\/\/www.autojm.fr\/blog\/#organization"},"image":{"@id":"https:\/\/www.autojm.fr\/blog\/le-marche-automobile-en-2024-une-annee-de-transition-entre-recul-et-espoir\/#primaryimage"},"thumbnailUrl":"https:\/\/www.autojm.fr\/blog\/wp-content\/uploads\/2025\/01\/image-top.png","keywords":["2024","auto","autojm","automobile","chiffres","dacia","dacia sandero","peugeot","Peugeot 208","renault","Renault Clio 5"],"articleSection":["Actualit\u00e9 Automobile"],"inLanguage":"fr-FR","potentialAction":[{"@type":"CommentAction","name":"Comment","target":["https:\/\/www.autojm.fr\/blog\/le-marche-automobile-en-2024-une-annee-de-transition-entre-recul-et-espoir\/#respond"]}]},{"@type":"WebPage","@id":"https:\/\/www.autojm.fr\/blog\/le-marche-automobile-en-2024-une-annee-de-transition-entre-recul-et-espoir\/","url":"https:\/\/www.autojm.fr\/blog\/le-marche-automobile-en-2024-une-annee-de-transition-entre-recul-et-espoir\/","name":"Le march\u00e9 automobile en 2024 : une ann\u00e9e de transition entre recul et espoir\u00a0 - AutoJM Mag","isPartOf":{"@id":"https:\/\/www.autojm.fr\/blog\/#website"},"primaryImageOfPage":{"@id":"https:\/\/www.autojm.fr\/blog\/le-marche-automobile-en-2024-une-annee-de-transition-entre-recul-et-espoir\/#primaryimage"},"image":{"@id":"https:\/\/www.autojm.fr\/blog\/le-marche-automobile-en-2024-une-annee-de-transition-entre-recul-et-espoir\/#primaryimage"},"thumbnailUrl":"https:\/\/www.autojm.fr\/blog\/wp-content\/uploads\/2025\/01\/image-top.png","datePublished":"2025-01-03T07:00:00+00:00","description":"L\u2019ann\u00e9e 2024 a \u00e9t\u00e9 marqu\u00e9e par des \u00e9volutions significatives dans le secteur automobile en France. Entre le recul des immatriculations de...","breadcrumb":{"@id":"https:\/\/www.autojm.fr\/blog\/le-marche-automobile-en-2024-une-annee-de-transition-entre-recul-et-espoir\/#breadcrumb"},"inLanguage":"fr-FR","potentialAction":[{"@type":"ReadAction","target":["https:\/\/www.autojm.fr\/blog\/le-marche-automobile-en-2024-une-annee-de-transition-entre-recul-et-espoir\/"]}]},{"@type":"ImageObject","inLanguage":"fr-FR","@id":"https:\/\/www.autojm.fr\/blog\/le-marche-automobile-en-2024-une-annee-de-transition-entre-recul-et-espoir\/#primaryimage","url":"https:\/\/www.autojm.fr\/blog\/wp-content\/uploads\/2025\/01\/image-top.png","contentUrl":"https:\/\/www.autojm.fr\/blog\/wp-content\/uploads\/2025\/01\/image-top.png","width":1000,"height":500,"caption":"chiffres auto 2024"},{"@type":"BreadcrumbList","@id":"https:\/\/www.autojm.fr\/blog\/le-marche-automobile-en-2024-une-annee-de-transition-entre-recul-et-espoir\/#breadcrumb","itemListElement":[{"@type":"ListItem","position":1,"name":"Accueil","item":"https:\/\/www.autojm.fr\/blog\/"},{"@type":"ListItem","position":2,"name":"Actualit\u00e9 Automobile","item":"https:\/\/www.autojm.fr\/blog\/actualite-automobile\/"},{"@type":"ListItem","position":3,"name":"Le march\u00e9 automobile en 2024 : une ann\u00e9e de transition entre recul et espoir\u00a0"}]},{"@type":"WebSite","@id":"https:\/\/www.autojm.fr\/blog\/#website","url":"https:\/\/www.autojm.fr\/blog\/","name":"AutoJM Mag","description":"Toute l&#039;actu auto en 1 clic !","publisher":{"@id":"https:\/\/www.autojm.fr\/blog\/#organization"},"potentialAction":[{"@type":"SearchAction","target":{"@type":"EntryPoint","urlTemplate":"https:\/\/www.autojm.fr\/blog\/?s={search_term_string}"},"query-input":{"@type":"PropertyValueSpecification","valueRequired":true,"valueName":"search_term_string"}}],"inLanguage":"fr-FR"},{"@type":"Organization","@id":"https:\/\/www.autojm.fr\/blog\/#organization","name":"AutoJM Mag","url":"https:\/\/www.autojm.fr\/blog\/","logo":{"@type":"ImageObject","inLanguage":"fr-FR","@id":"https:\/\/www.autojm.fr\/blog\/#\/schema\/logo\/image\/","url":"https:\/\/www.autojm.fr\/blog\/wp-content\/uploads\/2022\/12\/cropped-AutoJMag-png.png","contentUrl":"https:\/\/www.autojm.fr\/blog\/wp-content\/uploads\/2022\/12\/cropped-AutoJMag-png.png","width":2834,"height":585,"caption":"AutoJM Mag"},"image":{"@id":"https:\/\/www.autojm.fr\/blog\/#\/schema\/logo\/image\/"},"sameAs":["https:\/\/www.facebook.com\/AutoJM25"]},{"@type":"Person","@id":"https:\/\/www.autojm.fr\/blog\/#\/schema\/person\/1cc83a91548d88a62eb8cf06f562a72c","name":"Justine Tripard","image":{"@type":"ImageObject","inLanguage":"fr-FR","@id":"https:\/\/secure.gravatar.com\/avatar\/b8b45209a4cf0b7b127b9238ec348090e7302306d2485eeaab17b6761fe84991?s=96&d=mm&r=g","url":"https:\/\/secure.gravatar.com\/avatar\/b8b45209a4cf0b7b127b9238ec348090e7302306d2485eeaab17b6761fe84991?s=96&d=mm&r=g","contentUrl":"https:\/\/secure.gravatar.com\/avatar\/b8b45209a4cf0b7b127b9238ec348090e7302306d2485eeaab17b6761fe84991?s=96&d=mm&r=g","caption":"Justine Tripard"},"url":"https:\/\/www.autojm.fr\/blog\/author\/justine\/"}]}},"_links":{"self":[{"href":"https:\/\/www.autojm.fr\/blog\/wp-json\/wp\/v2\/posts\/20723","targetHints":{"allow":["GET"]}}],"collection":[{"href":"https:\/\/www.autojm.fr\/blog\/wp-json\/wp\/v2\/posts"}],"about":[{"href":"https:\/\/www.autojm.fr\/blog\/wp-json\/wp\/v2\/types\/post"}],"author":[{"embeddable":true,"href":"https:\/\/www.autojm.fr\/blog\/wp-json\/wp\/v2\/users\/6"}],"replies":[{"embeddable":true,"href":"https:\/\/www.autojm.fr\/blog\/wp-json\/wp\/v2\/comments?post=20723"}],"version-history":[{"count":5,"href":"https:\/\/www.autojm.fr\/blog\/wp-json\/wp\/v2\/posts\/20723\/revisions"}],"predecessor-version":[{"id":20737,"href":"https:\/\/www.autojm.fr\/blog\/wp-json\/wp\/v2\/posts\/20723\/revisions\/20737"}],"wp:featuredmedia":[{"embeddable":true,"href":"https:\/\/www.autojm.fr\/blog\/wp-json\/wp\/v2\/media\/20725"}],"wp:attachment":[{"href":"https:\/\/www.autojm.fr\/blog\/wp-json\/wp\/v2\/media?parent=20723"}],"wp:term":[{"taxonomy":"category","embeddable":true,"href":"https:\/\/www.autojm.fr\/blog\/wp-json\/wp\/v2\/categories?post=20723"},{"taxonomy":"post_tag","embeddable":true,"href":"https:\/\/www.autojm.fr\/blog\/wp-json\/wp\/v2\/tags?post=20723"}],"curies":[{"name":"wp","href":"https:\/\/api.w.org\/{rel}","templated":true}]}}