{"id":20490,"date":"2026-01-13T09:00:00","date_gmt":"2026-01-13T07:00:00","guid":{"rendered":"https:\/\/www.autojm.fr\/blog\/?p=20490"},"modified":"2026-01-12T14:44:32","modified_gmt":"2026-01-12T12:44:32","slug":"voitures-doccasion-quels-modeles-critair-1-a-moins-de-15-000-e","status":"publish","type":"post","link":"https:\/\/www.autojm.fr\/blog\/voitures-doccasion-quels-modeles-critair-1-a-moins-de-15-000-e\/","title":{"rendered":"Voitures d\u2019occasion : Quels mod\u00e8les Crit&rsquo;Air 1 \u00e0 moins de 15 000 \u20ac ?"},"content":{"rendered":"","protected":false},"excerpt":{"rendered":"<p>Face aux restrictions croissantes dans les zones \u00e0 faibles \u00e9missions (ZFE), de nombreux automobilistes recherchent des v\u00e9hicules \u00e9quip\u00e9s de la vignette Crit\u2019Air 1. <\/p>\n","protected":false},"author":2,"featured_media":25117,"comment_status":"open","ping_status":"open","sticky":false,"template":"","format":"standard","meta":{"_acf_changed":false,"content-type":"","footnotes":""},"categories":[5],"tags":[90,496,106,114,171,498],"class_list":["post-20490","post","type-post","status-publish","format-standard","has-post-thumbnail","hentry","category-actualite-automobile","tag-autojm","tag-citroen-c3-2","tag-kia","tag-peugeot-208","tag-renault-clio","tag-volkswagen-polo"],"acf":[],"yoast_head":"<!-- This site is optimized with the Yoast SEO plugin v27.5 - https:\/\/yoast.com\/product\/yoast-seo-wordpress\/ -->\n<title>Voitures d\u2019occasion : Quels mod\u00e8les Crit&#039;Air 1 \u00e0 moins de 15 000 \u20ac ? - AutoJM Mag<\/title>\n<meta name=\"description\" content=\"Face aux restrictions croissantes dans les zones \u00e0 faibles \u00e9missions (ZFE), de nombreux automobilistes recherchent des v\u00e9hicules \u00e9quip\u00e9s de la vignette Crit\u2019Air 1.\" \/>\n<meta name=\"robots\" content=\"index, follow, max-snippet:-1, max-image-preview:large, max-video-preview:-1\" \/>\n<link rel=\"canonical\" href=\"https:\/\/www.autojm.fr\/blog\/voitures-doccasion-quels-modeles-critair-1-a-moins-de-15-000-e\/\" \/>\n<meta property=\"og:locale\" content=\"fr_FR\" \/>\n<meta property=\"og:type\" content=\"article\" \/>\n<meta property=\"og:title\" content=\"Voitures d\u2019occasion : Quels mod\u00e8les Crit&#039;Air 1 \u00e0 moins de 15 000 \u20ac ? - AutoJM Mag\" \/>\n<meta property=\"og:description\" content=\"Face aux restrictions croissantes dans les zones \u00e0 faibles \u00e9missions (ZFE), de nombreux automobilistes recherchent des v\u00e9hicules \u00e9quip\u00e9s de la vignette Crit\u2019Air 1.\" \/>\n<meta property=\"og:url\" content=\"https:\/\/www.autojm.fr\/blog\/voitures-doccasion-quels-modeles-critair-1-a-moins-de-15-000-e\/\" \/>\n<meta property=\"og:site_name\" content=\"AutoJM Mag\" \/>\n<meta property=\"article:publisher\" content=\"https:\/\/www.facebook.com\/AutoJM25\" \/>\n<meta property=\"article:published_time\" content=\"2026-01-13T07:00:00+00:00\" \/>\n<meta property=\"og:image\" content=\"https:\/\/www.autojm.fr\/blog\/wp-content\/uploads\/2025\/12\/image-top-1000x500-40.png\" \/>\n\t<meta property=\"og:image:width\" content=\"1000\" \/>\n\t<meta property=\"og:image:height\" content=\"500\" \/>\n\t<meta property=\"og:image:type\" content=\"image\/png\" \/>\n<meta name=\"author\" content=\"Aur\u00e9lia AutoJM\" \/>\n<meta name=\"twitter:card\" content=\"summary_large_image\" \/>\n<meta name=\"twitter:label1\" content=\"\u00c9crit par\" \/>\n\t<meta name=\"twitter:data1\" content=\"Aur\u00e9lia AutoJM\" \/>\n\t<meta name=\"twitter:label2\" content=\"Dur\u00e9e de lecture estim\u00e9e\" \/>\n\t<meta name=\"twitter:data2\" content=\"6 minutes\" \/>\n<script type=\"application\/ld+json\" class=\"yoast-schema-graph\">{\"@context\":\"https:\\\/\\\/schema.org\",\"@graph\":[{\"@type\":\"Article\",\"@id\":\"https:\\\/\\\/www.autojm.fr\\\/blog\\\/voitures-doccasion-quels-modeles-critair-1-a-moins-de-15-000-e\\\/#article\",\"isPartOf\":{\"@id\":\"https:\\\/\\\/www.autojm.fr\\\/blog\\\/voitures-doccasion-quels-modeles-critair-1-a-moins-de-15-000-e\\\/\"},\"author\":{\"name\":\"Aur\u00e9lia AutoJM\",\"@id\":\"https:\\\/\\\/www.autojm.fr\\\/blog\\\/#\\\/schema\\\/person\\\/e640a62bb6e669182918fd7871fe1ec5\"},\"headline\":\"Voitures d\u2019occasion : Quels mod\u00e8les Crit&rsquo;Air 1 \u00e0 moins de 15 000 \u20ac ?\",\"datePublished\":\"2026-01-13T07:00:00+00:00\",\"mainEntityOfPage\":{\"@id\":\"https:\\\/\\\/www.autojm.fr\\\/blog\\\/voitures-doccasion-quels-modeles-critair-1-a-moins-de-15-000-e\\\/\"},\"wordCount\":9,\"commentCount\":0,\"publisher\":{\"@id\":\"https:\\\/\\\/www.autojm.fr\\\/blog\\\/#organization\"},\"image\":{\"@id\":\"https:\\\/\\\/www.autojm.fr\\\/blog\\\/voitures-doccasion-quels-modeles-critair-1-a-moins-de-15-000-e\\\/#primaryimage\"},\"thumbnailUrl\":\"https:\\\/\\\/www.autojm.fr\\\/blog\\\/wp-content\\\/uploads\\\/2025\\\/12\\\/image-top-1000x500-40.png\",\"keywords\":[\"autojm\",\"citroen c3\",\"Kia\",\"Peugeot 208\",\"Renault Clio\",\"volkswagen polo\"],\"articleSection\":[\"Actualit\u00e9 Automobile\"],\"inLanguage\":\"fr-FR\",\"potentialAction\":[{\"@type\":\"CommentAction\",\"name\":\"Comment\",\"target\":[\"https:\\\/\\\/www.autojm.fr\\\/blog\\\/voitures-doccasion-quels-modeles-critair-1-a-moins-de-15-000-e\\\/#respond\"]}]},{\"@type\":\"WebPage\",\"@id\":\"https:\\\/\\\/www.autojm.fr\\\/blog\\\/voitures-doccasion-quels-modeles-critair-1-a-moins-de-15-000-e\\\/\",\"url\":\"https:\\\/\\\/www.autojm.fr\\\/blog\\\/voitures-doccasion-quels-modeles-critair-1-a-moins-de-15-000-e\\\/\",\"name\":\"Voitures d\u2019occasion : Quels mod\u00e8les Crit'Air 1 \u00e0 moins de 15 000 \u20ac ? - AutoJM Mag\",\"isPartOf\":{\"@id\":\"https:\\\/\\\/www.autojm.fr\\\/blog\\\/#website\"},\"primaryImageOfPage\":{\"@id\":\"https:\\\/\\\/www.autojm.fr\\\/blog\\\/voitures-doccasion-quels-modeles-critair-1-a-moins-de-15-000-e\\\/#primaryimage\"},\"image\":{\"@id\":\"https:\\\/\\\/www.autojm.fr\\\/blog\\\/voitures-doccasion-quels-modeles-critair-1-a-moins-de-15-000-e\\\/#primaryimage\"},\"thumbnailUrl\":\"https:\\\/\\\/www.autojm.fr\\\/blog\\\/wp-content\\\/uploads\\\/2025\\\/12\\\/image-top-1000x500-40.png\",\"datePublished\":\"2026-01-13T07:00:00+00:00\",\"description\":\"Face aux restrictions croissantes dans les zones \u00e0 faibles \u00e9missions (ZFE), de nombreux automobilistes recherchent des v\u00e9hicules \u00e9quip\u00e9s de la vignette Crit\u2019Air 1.\",\"breadcrumb\":{\"@id\":\"https:\\\/\\\/www.autojm.fr\\\/blog\\\/voitures-doccasion-quels-modeles-critair-1-a-moins-de-15-000-e\\\/#breadcrumb\"},\"inLanguage\":\"fr-FR\",\"potentialAction\":[{\"@type\":\"ReadAction\",\"target\":[\"https:\\\/\\\/www.autojm.fr\\\/blog\\\/voitures-doccasion-quels-modeles-critair-1-a-moins-de-15-000-e\\\/\"]}]},{\"@type\":\"ImageObject\",\"inLanguage\":\"fr-FR\",\"@id\":\"https:\\\/\\\/www.autojm.fr\\\/blog\\\/voitures-doccasion-quels-modeles-critair-1-a-moins-de-15-000-e\\\/#primaryimage\",\"url\":\"https:\\\/\\\/www.autojm.fr\\\/blog\\\/wp-content\\\/uploads\\\/2025\\\/12\\\/image-top-1000x500-40.png\",\"contentUrl\":\"https:\\\/\\\/www.autojm.fr\\\/blog\\\/wp-content\\\/uploads\\\/2025\\\/12\\\/image-top-1000x500-40.png\",\"width\":1000,\"height\":500,\"caption\":\"vignette crit air occasion\"},{\"@type\":\"BreadcrumbList\",\"@id\":\"https:\\\/\\\/www.autojm.fr\\\/blog\\\/voitures-doccasion-quels-modeles-critair-1-a-moins-de-15-000-e\\\/#breadcrumb\",\"itemListElement\":[{\"@type\":\"ListItem\",\"position\":1,\"name\":\"Accueil\",\"item\":\"https:\\\/\\\/www.autojm.fr\\\/blog\\\/\"},{\"@type\":\"ListItem\",\"position\":2,\"name\":\"Actualit\u00e9 Automobile\",\"item\":\"https:\\\/\\\/www.autojm.fr\\\/blog\\\/actualite-automobile\\\/\"},{\"@type\":\"ListItem\",\"position\":3,\"name\":\"Voitures d\u2019occasion : Quels mod\u00e8les Crit&rsquo;Air 1 \u00e0 moins de 15 000 \u20ac ?\"}]},{\"@type\":\"WebSite\",\"@id\":\"https:\\\/\\\/www.autojm.fr\\\/blog\\\/#website\",\"url\":\"https:\\\/\\\/www.autojm.fr\\\/blog\\\/\",\"name\":\"AutoJM Mag\",\"description\":\"Toute l&#039;actu auto en 1 clic !\",\"publisher\":{\"@id\":\"https:\\\/\\\/www.autojm.fr\\\/blog\\\/#organization\"},\"potentialAction\":[{\"@type\":\"SearchAction\",\"target\":{\"@type\":\"EntryPoint\",\"urlTemplate\":\"https:\\\/\\\/www.autojm.fr\\\/blog\\\/?s={search_term_string}\"},\"query-input\":{\"@type\":\"PropertyValueSpecification\",\"valueRequired\":true,\"valueName\":\"search_term_string\"}}],\"inLanguage\":\"fr-FR\"},{\"@type\":\"Organization\",\"@id\":\"https:\\\/\\\/www.autojm.fr\\\/blog\\\/#organization\",\"name\":\"AutoJM Mag\",\"url\":\"https:\\\/\\\/www.autojm.fr\\\/blog\\\/\",\"logo\":{\"@type\":\"ImageObject\",\"inLanguage\":\"fr-FR\",\"@id\":\"https:\\\/\\\/www.autojm.fr\\\/blog\\\/#\\\/schema\\\/logo\\\/image\\\/\",\"url\":\"https:\\\/\\\/www.autojm.fr\\\/blog\\\/wp-content\\\/uploads\\\/2022\\\/12\\\/cropped-AutoJMag-png.png\",\"contentUrl\":\"https:\\\/\\\/www.autojm.fr\\\/blog\\\/wp-content\\\/uploads\\\/2022\\\/12\\\/cropped-AutoJMag-png.png\",\"width\":2834,\"height\":585,\"caption\":\"AutoJM Mag\"},\"image\":{\"@id\":\"https:\\\/\\\/www.autojm.fr\\\/blog\\\/#\\\/schema\\\/logo\\\/image\\\/\"},\"sameAs\":[\"https:\\\/\\\/www.facebook.com\\\/AutoJM25\"]},{\"@type\":\"Person\",\"@id\":\"https:\\\/\\\/www.autojm.fr\\\/blog\\\/#\\\/schema\\\/person\\\/e640a62bb6e669182918fd7871fe1ec5\",\"name\":\"Aur\u00e9lia AutoJM\",\"image\":{\"@type\":\"ImageObject\",\"inLanguage\":\"fr-FR\",\"@id\":\"https:\\\/\\\/secure.gravatar.com\\\/avatar\\\/17404fe7ba867704dc53905b3aeb1f66282e3a23def617ff4d39a7130702f24b?s=96&d=mm&r=g\",\"url\":\"https:\\\/\\\/secure.gravatar.com\\\/avatar\\\/17404fe7ba867704dc53905b3aeb1f66282e3a23def617ff4d39a7130702f24b?s=96&d=mm&r=g\",\"contentUrl\":\"https:\\\/\\\/secure.gravatar.com\\\/avatar\\\/17404fe7ba867704dc53905b3aeb1f66282e3a23def617ff4d39a7130702f24b?s=96&d=mm&r=g\",\"caption\":\"Aur\u00e9lia AutoJM\"},\"url\":\"https:\\\/\\\/www.autojm.fr\\\/blog\\\/author\\\/autojm\\\/\"}]}<\/script>\n<!-- \/ Yoast SEO plugin. -->","yoast_head_json":{"title":"Voitures d\u2019occasion : Quels mod\u00e8les Crit'Air 1 \u00e0 moins de 15 000 \u20ac ? - AutoJM Mag","description":"Face aux restrictions croissantes dans les zones \u00e0 faibles \u00e9missions (ZFE), de nombreux automobilistes recherchent des v\u00e9hicules \u00e9quip\u00e9s de la vignette Crit\u2019Air 1.","robots":{"index":"index","follow":"follow","max-snippet":"max-snippet:-1","max-image-preview":"max-image-preview:large","max-video-preview":"max-video-preview:-1"},"canonical":"https:\/\/www.autojm.fr\/blog\/voitures-doccasion-quels-modeles-critair-1-a-moins-de-15-000-e\/","og_locale":"fr_FR","og_type":"article","og_title":"Voitures d\u2019occasion : Quels mod\u00e8les Crit'Air 1 \u00e0 moins de 15 000 \u20ac ? - AutoJM Mag","og_description":"Face aux restrictions croissantes dans les zones \u00e0 faibles \u00e9missions (ZFE), de nombreux automobilistes recherchent des v\u00e9hicules \u00e9quip\u00e9s de la vignette Crit\u2019Air 1.","og_url":"https:\/\/www.autojm.fr\/blog\/voitures-doccasion-quels-modeles-critair-1-a-moins-de-15-000-e\/","og_site_name":"AutoJM Mag","article_publisher":"https:\/\/www.facebook.com\/AutoJM25","article_published_time":"2026-01-13T07:00:00+00:00","og_image":[{"width":1000,"height":500,"url":"https:\/\/www.autojm.fr\/blog\/wp-content\/uploads\/2025\/12\/image-top-1000x500-40.png","type":"image\/png"}],"author":"Aur\u00e9lia AutoJM","twitter_card":"summary_large_image","twitter_misc":{"\u00c9crit par":"Aur\u00e9lia AutoJM","Dur\u00e9e de lecture estim\u00e9e":"6 minutes"},"schema":{"@context":"https:\/\/schema.org","@graph":[{"@type":"Article","@id":"https:\/\/www.autojm.fr\/blog\/voitures-doccasion-quels-modeles-critair-1-a-moins-de-15-000-e\/#article","isPartOf":{"@id":"https:\/\/www.autojm.fr\/blog\/voitures-doccasion-quels-modeles-critair-1-a-moins-de-15-000-e\/"},"author":{"name":"Aur\u00e9lia AutoJM","@id":"https:\/\/www.autojm.fr\/blog\/#\/schema\/person\/e640a62bb6e669182918fd7871fe1ec5"},"headline":"Voitures d\u2019occasion : Quels mod\u00e8les Crit&rsquo;Air 1 \u00e0 moins de 15 000 \u20ac ?","datePublished":"2026-01-13T07:00:00+00:00","mainEntityOfPage":{"@id":"https:\/\/www.autojm.fr\/blog\/voitures-doccasion-quels-modeles-critair-1-a-moins-de-15-000-e\/"},"wordCount":9,"commentCount":0,"publisher":{"@id":"https:\/\/www.autojm.fr\/blog\/#organization"},"image":{"@id":"https:\/\/www.autojm.fr\/blog\/voitures-doccasion-quels-modeles-critair-1-a-moins-de-15-000-e\/#primaryimage"},"thumbnailUrl":"https:\/\/www.autojm.fr\/blog\/wp-content\/uploads\/2025\/12\/image-top-1000x500-40.png","keywords":["autojm","citroen c3","Kia","Peugeot 208","Renault Clio","volkswagen polo"],"articleSection":["Actualit\u00e9 Automobile"],"inLanguage":"fr-FR","potentialAction":[{"@type":"CommentAction","name":"Comment","target":["https:\/\/www.autojm.fr\/blog\/voitures-doccasion-quels-modeles-critair-1-a-moins-de-15-000-e\/#respond"]}]},{"@type":"WebPage","@id":"https:\/\/www.autojm.fr\/blog\/voitures-doccasion-quels-modeles-critair-1-a-moins-de-15-000-e\/","url":"https:\/\/www.autojm.fr\/blog\/voitures-doccasion-quels-modeles-critair-1-a-moins-de-15-000-e\/","name":"Voitures d\u2019occasion : Quels mod\u00e8les Crit'Air 1 \u00e0 moins de 15 000 \u20ac ? - AutoJM Mag","isPartOf":{"@id":"https:\/\/www.autojm.fr\/blog\/#website"},"primaryImageOfPage":{"@id":"https:\/\/www.autojm.fr\/blog\/voitures-doccasion-quels-modeles-critair-1-a-moins-de-15-000-e\/#primaryimage"},"image":{"@id":"https:\/\/www.autojm.fr\/blog\/voitures-doccasion-quels-modeles-critair-1-a-moins-de-15-000-e\/#primaryimage"},"thumbnailUrl":"https:\/\/www.autojm.fr\/blog\/wp-content\/uploads\/2025\/12\/image-top-1000x500-40.png","datePublished":"2026-01-13T07:00:00+00:00","description":"Face aux restrictions croissantes dans les zones \u00e0 faibles \u00e9missions (ZFE), de nombreux automobilistes recherchent des v\u00e9hicules \u00e9quip\u00e9s de la vignette Crit\u2019Air 1.","breadcrumb":{"@id":"https:\/\/www.autojm.fr\/blog\/voitures-doccasion-quels-modeles-critair-1-a-moins-de-15-000-e\/#breadcrumb"},"inLanguage":"fr-FR","potentialAction":[{"@type":"ReadAction","target":["https:\/\/www.autojm.fr\/blog\/voitures-doccasion-quels-modeles-critair-1-a-moins-de-15-000-e\/"]}]},{"@type":"ImageObject","inLanguage":"fr-FR","@id":"https:\/\/www.autojm.fr\/blog\/voitures-doccasion-quels-modeles-critair-1-a-moins-de-15-000-e\/#primaryimage","url":"https:\/\/www.autojm.fr\/blog\/wp-content\/uploads\/2025\/12\/image-top-1000x500-40.png","contentUrl":"https:\/\/www.autojm.fr\/blog\/wp-content\/uploads\/2025\/12\/image-top-1000x500-40.png","width":1000,"height":500,"caption":"vignette crit air occasion"},{"@type":"BreadcrumbList","@id":"https:\/\/www.autojm.fr\/blog\/voitures-doccasion-quels-modeles-critair-1-a-moins-de-15-000-e\/#breadcrumb","itemListElement":[{"@type":"ListItem","position":1,"name":"Accueil","item":"https:\/\/www.autojm.fr\/blog\/"},{"@type":"ListItem","position":2,"name":"Actualit\u00e9 Automobile","item":"https:\/\/www.autojm.fr\/blog\/actualite-automobile\/"},{"@type":"ListItem","position":3,"name":"Voitures d\u2019occasion : Quels mod\u00e8les Crit&rsquo;Air 1 \u00e0 moins de 15 000 \u20ac ?"}]},{"@type":"WebSite","@id":"https:\/\/www.autojm.fr\/blog\/#website","url":"https:\/\/www.autojm.fr\/blog\/","name":"AutoJM Mag","description":"Toute l&#039;actu auto en 1 clic !","publisher":{"@id":"https:\/\/www.autojm.fr\/blog\/#organization"},"potentialAction":[{"@type":"SearchAction","target":{"@type":"EntryPoint","urlTemplate":"https:\/\/www.autojm.fr\/blog\/?s={search_term_string}"},"query-input":{"@type":"PropertyValueSpecification","valueRequired":true,"valueName":"search_term_string"}}],"inLanguage":"fr-FR"},{"@type":"Organization","@id":"https:\/\/www.autojm.fr\/blog\/#organization","name":"AutoJM Mag","url":"https:\/\/www.autojm.fr\/blog\/","logo":{"@type":"ImageObject","inLanguage":"fr-FR","@id":"https:\/\/www.autojm.fr\/blog\/#\/schema\/logo\/image\/","url":"https:\/\/www.autojm.fr\/blog\/wp-content\/uploads\/2022\/12\/cropped-AutoJMag-png.png","contentUrl":"https:\/\/www.autojm.fr\/blog\/wp-content\/uploads\/2022\/12\/cropped-AutoJMag-png.png","width":2834,"height":585,"caption":"AutoJM Mag"},"image":{"@id":"https:\/\/www.autojm.fr\/blog\/#\/schema\/logo\/image\/"},"sameAs":["https:\/\/www.facebook.com\/AutoJM25"]},{"@type":"Person","@id":"https:\/\/www.autojm.fr\/blog\/#\/schema\/person\/e640a62bb6e669182918fd7871fe1ec5","name":"Aur\u00e9lia AutoJM","image":{"@type":"ImageObject","inLanguage":"fr-FR","@id":"https:\/\/secure.gravatar.com\/avatar\/17404fe7ba867704dc53905b3aeb1f66282e3a23def617ff4d39a7130702f24b?s=96&d=mm&r=g","url":"https:\/\/secure.gravatar.com\/avatar\/17404fe7ba867704dc53905b3aeb1f66282e3a23def617ff4d39a7130702f24b?s=96&d=mm&r=g","contentUrl":"https:\/\/secure.gravatar.com\/avatar\/17404fe7ba867704dc53905b3aeb1f66282e3a23def617ff4d39a7130702f24b?s=96&d=mm&r=g","caption":"Aur\u00e9lia AutoJM"},"url":"https:\/\/www.autojm.fr\/blog\/author\/autojm\/"}]}},"_links":{"self":[{"href":"https:\/\/www.autojm.fr\/blog\/wp-json\/wp\/v2\/posts\/20490","targetHints":{"allow":["GET"]}}],"collection":[{"href":"https:\/\/www.autojm.fr\/blog\/wp-json\/wp\/v2\/posts"}],"about":[{"href":"https:\/\/www.autojm.fr\/blog\/wp-json\/wp\/v2\/types\/post"}],"author":[{"embeddable":true,"href":"https:\/\/www.autojm.fr\/blog\/wp-json\/wp\/v2\/users\/2"}],"replies":[{"embeddable":true,"href":"https:\/\/www.autojm.fr\/blog\/wp-json\/wp\/v2\/comments?post=20490"}],"version-history":[{"count":13,"href":"https:\/\/www.autojm.fr\/blog\/wp-json\/wp\/v2\/posts\/20490\/revisions"}],"predecessor-version":[{"id":25133,"href":"https:\/\/www.autojm.fr\/blog\/wp-json\/wp\/v2\/posts\/20490\/revisions\/25133"}],"wp:featuredmedia":[{"embeddable":true,"href":"https:\/\/www.autojm.fr\/blog\/wp-json\/wp\/v2\/media\/25117"}],"wp:attachment":[{"href":"https:\/\/www.autojm.fr\/blog\/wp-json\/wp\/v2\/media?parent=20490"}],"wp:term":[{"taxonomy":"category","embeddable":true,"href":"https:\/\/www.autojm.fr\/blog\/wp-json\/wp\/v2\/categories?post=20490"},{"taxonomy":"post_tag","embeddable":true,"href":"https:\/\/www.autojm.fr\/blog\/wp-json\/wp\/v2\/tags?post=20490"}],"curies":[{"name":"wp","href":"https:\/\/api.w.org\/{rel}","templated":true}]}}