{"id":20283,"date":"2024-12-06T10:00:00","date_gmt":"2024-12-06T08:00:00","guid":{"rendered":"https:\/\/www.autojm.fr\/blog\/?p=20283"},"modified":"2024-12-06T10:35:41","modified_gmt":"2024-12-06T08:35:41","slug":"le-marche-automobile-en-baisse-pour-le-7eme-mois-consecutif","status":"publish","type":"post","link":"https:\/\/www.autojm.fr\/blog\/le-marche-automobile-en-baisse-pour-le-7eme-mois-consecutif\/","title":{"rendered":"Le march\u00e9 automobile en baisse pour le 7\u00e8me mois cons\u00e9cutif\u00a0"},"content":{"rendered":"","protected":false},"excerpt":{"rendered":"<p>En novembre, le march\u00e9 automobile enregistre une nouvelle contraction avec une baisse notable des immatriculations (133 319), refl\u00e9tant les incertitudes \u00e9conomiques et les ajustements li\u00e9s aux nouvelles \u00e9volutions du secteur. Les immatriculations de voitures particuli\u00e8res neuves ont recul\u00e9 ce mois-ci de 13 % par rapport \u00e0 novembre 2023, un mois qui b\u00e9n\u00e9ficiait de deux jours ouvr\u00e9s suppl\u00e9mentaires. Cette baisse alourdit le bilan annuel, portant le repli cumul\u00e9 \u00e0 -4 %. <\/p>\n","protected":false},"author":6,"featured_media":20289,"comment_status":"open","ping_status":"open","sticky":false,"template":"","format":"standard","meta":{"_acf_changed":false,"content-type":"","footnotes":""},"categories":[5],"tags":[90,397,471,477,473,479,475,481,399],"class_list":["post-20283","post","type-post","status-publish","format-standard","has-post-thumbnail","hentry","category-actualite-automobile","tag-autojm","tag-automobile","tag-chiffres","tag-hybrides","tag-marche","tag-neuf","tag-novembre","tag-occasion","tag-suv"],"acf":[],"yoast_head":"<!-- This site is optimized with the Yoast SEO plugin v27.5 - https:\/\/yoast.com\/product\/yoast-seo-wordpress\/ -->\n<title>Le march\u00e9 automobile en baisse pour le 7\u00e8me mois cons\u00e9cutif\u00a0 - AutoJM Mag<\/title>\n<meta name=\"description\" content=\"En novembre, le march\u00e9 automobile enregistre une nouvelle contraction avec une baisse notable des immatriculations (133 319), refl\u00e9tant les\" \/>\n<meta name=\"robots\" content=\"index, follow, max-snippet:-1, max-image-preview:large, max-video-preview:-1\" \/>\n<link rel=\"canonical\" href=\"https:\/\/www.autojm.fr\/blog\/le-marche-automobile-en-baisse-pour-le-7eme-mois-consecutif\/\" \/>\n<meta property=\"og:locale\" content=\"fr_FR\" \/>\n<meta property=\"og:type\" content=\"article\" \/>\n<meta property=\"og:title\" content=\"Le march\u00e9 automobile en baisse pour le 7\u00e8me mois cons\u00e9cutif\u00a0 - AutoJM Mag\" \/>\n<meta property=\"og:description\" content=\"En novembre, le march\u00e9 automobile enregistre une nouvelle contraction avec une baisse notable des immatriculations (133 319), refl\u00e9tant les\" \/>\n<meta property=\"og:url\" content=\"https:\/\/www.autojm.fr\/blog\/le-marche-automobile-en-baisse-pour-le-7eme-mois-consecutif\/\" \/>\n<meta property=\"og:site_name\" content=\"AutoJM Mag\" \/>\n<meta property=\"article:publisher\" content=\"https:\/\/www.facebook.com\/AutoJM25\" \/>\n<meta property=\"article:published_time\" content=\"2024-12-06T08:00:00+00:00\" \/>\n<meta property=\"article:modified_time\" content=\"2024-12-06T08:35:41+00:00\" \/>\n<meta property=\"og:image\" content=\"https:\/\/www.autojm.fr\/blog\/wp-content\/uploads\/2024\/12\/blog-image-top-1.png\" \/>\n\t<meta property=\"og:image:width\" content=\"750\" \/>\n\t<meta property=\"og:image:height\" content=\"340\" \/>\n\t<meta property=\"og:image:type\" content=\"image\/png\" \/>\n<meta name=\"author\" content=\"Justine Tripard\" \/>\n<meta name=\"twitter:card\" content=\"summary_large_image\" \/>\n<meta name=\"twitter:label1\" content=\"\u00c9crit par\" \/>\n\t<meta name=\"twitter:data1\" content=\"Justine Tripard\" \/>\n\t<meta name=\"twitter:label2\" content=\"Dur\u00e9e de lecture estim\u00e9e\" \/>\n\t<meta name=\"twitter:data2\" content=\"6 minutes\" \/>\n<script type=\"application\/ld+json\" class=\"yoast-schema-graph\">{\"@context\":\"https:\\\/\\\/schema.org\",\"@graph\":[{\"@type\":\"Article\",\"@id\":\"https:\\\/\\\/www.autojm.fr\\\/blog\\\/le-marche-automobile-en-baisse-pour-le-7eme-mois-consecutif\\\/#article\",\"isPartOf\":{\"@id\":\"https:\\\/\\\/www.autojm.fr\\\/blog\\\/le-marche-automobile-en-baisse-pour-le-7eme-mois-consecutif\\\/\"},\"author\":{\"name\":\"Justine Tripard\",\"@id\":\"https:\\\/\\\/www.autojm.fr\\\/blog\\\/#\\\/schema\\\/person\\\/1cc83a91548d88a62eb8cf06f562a72c\"},\"headline\":\"Le march\u00e9 automobile en baisse pour le 7\u00e8me mois cons\u00e9cutif\u00a0\",\"datePublished\":\"2024-12-06T08:00:00+00:00\",\"dateModified\":\"2024-12-06T08:35:41+00:00\",\"mainEntityOfPage\":{\"@id\":\"https:\\\/\\\/www.autojm.fr\\\/blog\\\/le-marche-automobile-en-baisse-pour-le-7eme-mois-consecutif\\\/\"},\"wordCount\":11,\"commentCount\":0,\"publisher\":{\"@id\":\"https:\\\/\\\/www.autojm.fr\\\/blog\\\/#organization\"},\"image\":{\"@id\":\"https:\\\/\\\/www.autojm.fr\\\/blog\\\/le-marche-automobile-en-baisse-pour-le-7eme-mois-consecutif\\\/#primaryimage\"},\"thumbnailUrl\":\"https:\\\/\\\/www.autojm.fr\\\/blog\\\/wp-content\\\/uploads\\\/2024\\\/12\\\/blog-image-top-1.png\",\"keywords\":[\"autojm\",\"automobile\",\"chiffres\",\"hybrides\",\"march\u00e9\",\"neuf\",\"novembre\",\"occasion\",\"suv\"],\"articleSection\":[\"Actualit\u00e9 Automobile\"],\"inLanguage\":\"fr-FR\",\"potentialAction\":[{\"@type\":\"CommentAction\",\"name\":\"Comment\",\"target\":[\"https:\\\/\\\/www.autojm.fr\\\/blog\\\/le-marche-automobile-en-baisse-pour-le-7eme-mois-consecutif\\\/#respond\"]}]},{\"@type\":\"WebPage\",\"@id\":\"https:\\\/\\\/www.autojm.fr\\\/blog\\\/le-marche-automobile-en-baisse-pour-le-7eme-mois-consecutif\\\/\",\"url\":\"https:\\\/\\\/www.autojm.fr\\\/blog\\\/le-marche-automobile-en-baisse-pour-le-7eme-mois-consecutif\\\/\",\"name\":\"Le march\u00e9 automobile en baisse pour le 7\u00e8me mois cons\u00e9cutif\u00a0 - AutoJM Mag\",\"isPartOf\":{\"@id\":\"https:\\\/\\\/www.autojm.fr\\\/blog\\\/#website\"},\"primaryImageOfPage\":{\"@id\":\"https:\\\/\\\/www.autojm.fr\\\/blog\\\/le-marche-automobile-en-baisse-pour-le-7eme-mois-consecutif\\\/#primaryimage\"},\"image\":{\"@id\":\"https:\\\/\\\/www.autojm.fr\\\/blog\\\/le-marche-automobile-en-baisse-pour-le-7eme-mois-consecutif\\\/#primaryimage\"},\"thumbnailUrl\":\"https:\\\/\\\/www.autojm.fr\\\/blog\\\/wp-content\\\/uploads\\\/2024\\\/12\\\/blog-image-top-1.png\",\"datePublished\":\"2024-12-06T08:00:00+00:00\",\"dateModified\":\"2024-12-06T08:35:41+00:00\",\"description\":\"En novembre, le march\u00e9 automobile enregistre une nouvelle contraction avec une baisse notable des immatriculations (133 319), refl\u00e9tant les\",\"breadcrumb\":{\"@id\":\"https:\\\/\\\/www.autojm.fr\\\/blog\\\/le-marche-automobile-en-baisse-pour-le-7eme-mois-consecutif\\\/#breadcrumb\"},\"inLanguage\":\"fr-FR\",\"potentialAction\":[{\"@type\":\"ReadAction\",\"target\":[\"https:\\\/\\\/www.autojm.fr\\\/blog\\\/le-marche-automobile-en-baisse-pour-le-7eme-mois-consecutif\\\/\"]}]},{\"@type\":\"ImageObject\",\"inLanguage\":\"fr-FR\",\"@id\":\"https:\\\/\\\/www.autojm.fr\\\/blog\\\/le-marche-automobile-en-baisse-pour-le-7eme-mois-consecutif\\\/#primaryimage\",\"url\":\"https:\\\/\\\/www.autojm.fr\\\/blog\\\/wp-content\\\/uploads\\\/2024\\\/12\\\/blog-image-top-1.png\",\"contentUrl\":\"https:\\\/\\\/www.autojm.fr\\\/blog\\\/wp-content\\\/uploads\\\/2024\\\/12\\\/blog-image-top-1.png\",\"width\":750,\"height\":340,\"caption\":\"march\u00e9 automobile novembre\"},{\"@type\":\"BreadcrumbList\",\"@id\":\"https:\\\/\\\/www.autojm.fr\\\/blog\\\/le-marche-automobile-en-baisse-pour-le-7eme-mois-consecutif\\\/#breadcrumb\",\"itemListElement\":[{\"@type\":\"ListItem\",\"position\":1,\"name\":\"Accueil\",\"item\":\"https:\\\/\\\/www.autojm.fr\\\/blog\\\/\"},{\"@type\":\"ListItem\",\"position\":2,\"name\":\"Actualit\u00e9 Automobile\",\"item\":\"https:\\\/\\\/www.autojm.fr\\\/blog\\\/actualite-automobile\\\/\"},{\"@type\":\"ListItem\",\"position\":3,\"name\":\"Le march\u00e9 automobile en baisse pour le 7\u00e8me mois cons\u00e9cutif\u00a0\"}]},{\"@type\":\"WebSite\",\"@id\":\"https:\\\/\\\/www.autojm.fr\\\/blog\\\/#website\",\"url\":\"https:\\\/\\\/www.autojm.fr\\\/blog\\\/\",\"name\":\"AutoJM Mag\",\"description\":\"Toute l&#039;actu auto en 1 clic !\",\"publisher\":{\"@id\":\"https:\\\/\\\/www.autojm.fr\\\/blog\\\/#organization\"},\"potentialAction\":[{\"@type\":\"SearchAction\",\"target\":{\"@type\":\"EntryPoint\",\"urlTemplate\":\"https:\\\/\\\/www.autojm.fr\\\/blog\\\/?s={search_term_string}\"},\"query-input\":{\"@type\":\"PropertyValueSpecification\",\"valueRequired\":true,\"valueName\":\"search_term_string\"}}],\"inLanguage\":\"fr-FR\"},{\"@type\":\"Organization\",\"@id\":\"https:\\\/\\\/www.autojm.fr\\\/blog\\\/#organization\",\"name\":\"AutoJM Mag\",\"url\":\"https:\\\/\\\/www.autojm.fr\\\/blog\\\/\",\"logo\":{\"@type\":\"ImageObject\",\"inLanguage\":\"fr-FR\",\"@id\":\"https:\\\/\\\/www.autojm.fr\\\/blog\\\/#\\\/schema\\\/logo\\\/image\\\/\",\"url\":\"https:\\\/\\\/www.autojm.fr\\\/blog\\\/wp-content\\\/uploads\\\/2022\\\/12\\\/cropped-AutoJMag-png.png\",\"contentUrl\":\"https:\\\/\\\/www.autojm.fr\\\/blog\\\/wp-content\\\/uploads\\\/2022\\\/12\\\/cropped-AutoJMag-png.png\",\"width\":2834,\"height\":585,\"caption\":\"AutoJM Mag\"},\"image\":{\"@id\":\"https:\\\/\\\/www.autojm.fr\\\/blog\\\/#\\\/schema\\\/logo\\\/image\\\/\"},\"sameAs\":[\"https:\\\/\\\/www.facebook.com\\\/AutoJM25\"]},{\"@type\":\"Person\",\"@id\":\"https:\\\/\\\/www.autojm.fr\\\/blog\\\/#\\\/schema\\\/person\\\/1cc83a91548d88a62eb8cf06f562a72c\",\"name\":\"Justine Tripard\",\"image\":{\"@type\":\"ImageObject\",\"inLanguage\":\"fr-FR\",\"@id\":\"https:\\\/\\\/secure.gravatar.com\\\/avatar\\\/b8b45209a4cf0b7b127b9238ec348090e7302306d2485eeaab17b6761fe84991?s=96&d=mm&r=g\",\"url\":\"https:\\\/\\\/secure.gravatar.com\\\/avatar\\\/b8b45209a4cf0b7b127b9238ec348090e7302306d2485eeaab17b6761fe84991?s=96&d=mm&r=g\",\"contentUrl\":\"https:\\\/\\\/secure.gravatar.com\\\/avatar\\\/b8b45209a4cf0b7b127b9238ec348090e7302306d2485eeaab17b6761fe84991?s=96&d=mm&r=g\",\"caption\":\"Justine Tripard\"},\"url\":\"https:\\\/\\\/www.autojm.fr\\\/blog\\\/author\\\/justine\\\/\"}]}<\/script>\n<!-- \/ Yoast SEO plugin. -->","yoast_head_json":{"title":"Le march\u00e9 automobile en baisse pour le 7\u00e8me mois cons\u00e9cutif\u00a0 - AutoJM Mag","description":"En novembre, le march\u00e9 automobile enregistre une nouvelle contraction avec une baisse notable des immatriculations (133 319), refl\u00e9tant les","robots":{"index":"index","follow":"follow","max-snippet":"max-snippet:-1","max-image-preview":"max-image-preview:large","max-video-preview":"max-video-preview:-1"},"canonical":"https:\/\/www.autojm.fr\/blog\/le-marche-automobile-en-baisse-pour-le-7eme-mois-consecutif\/","og_locale":"fr_FR","og_type":"article","og_title":"Le march\u00e9 automobile en baisse pour le 7\u00e8me mois cons\u00e9cutif\u00a0 - AutoJM Mag","og_description":"En novembre, le march\u00e9 automobile enregistre une nouvelle contraction avec une baisse notable des immatriculations (133 319), refl\u00e9tant les","og_url":"https:\/\/www.autojm.fr\/blog\/le-marche-automobile-en-baisse-pour-le-7eme-mois-consecutif\/","og_site_name":"AutoJM Mag","article_publisher":"https:\/\/www.facebook.com\/AutoJM25","article_published_time":"2024-12-06T08:00:00+00:00","article_modified_time":"2024-12-06T08:35:41+00:00","og_image":[{"width":750,"height":340,"url":"https:\/\/www.autojm.fr\/blog\/wp-content\/uploads\/2024\/12\/blog-image-top-1.png","type":"image\/png"}],"author":"Justine Tripard","twitter_card":"summary_large_image","twitter_misc":{"\u00c9crit par":"Justine Tripard","Dur\u00e9e de lecture estim\u00e9e":"6 minutes"},"schema":{"@context":"https:\/\/schema.org","@graph":[{"@type":"Article","@id":"https:\/\/www.autojm.fr\/blog\/le-marche-automobile-en-baisse-pour-le-7eme-mois-consecutif\/#article","isPartOf":{"@id":"https:\/\/www.autojm.fr\/blog\/le-marche-automobile-en-baisse-pour-le-7eme-mois-consecutif\/"},"author":{"name":"Justine Tripard","@id":"https:\/\/www.autojm.fr\/blog\/#\/schema\/person\/1cc83a91548d88a62eb8cf06f562a72c"},"headline":"Le march\u00e9 automobile en baisse pour le 7\u00e8me mois cons\u00e9cutif\u00a0","datePublished":"2024-12-06T08:00:00+00:00","dateModified":"2024-12-06T08:35:41+00:00","mainEntityOfPage":{"@id":"https:\/\/www.autojm.fr\/blog\/le-marche-automobile-en-baisse-pour-le-7eme-mois-consecutif\/"},"wordCount":11,"commentCount":0,"publisher":{"@id":"https:\/\/www.autojm.fr\/blog\/#organization"},"image":{"@id":"https:\/\/www.autojm.fr\/blog\/le-marche-automobile-en-baisse-pour-le-7eme-mois-consecutif\/#primaryimage"},"thumbnailUrl":"https:\/\/www.autojm.fr\/blog\/wp-content\/uploads\/2024\/12\/blog-image-top-1.png","keywords":["autojm","automobile","chiffres","hybrides","march\u00e9","neuf","novembre","occasion","suv"],"articleSection":["Actualit\u00e9 Automobile"],"inLanguage":"fr-FR","potentialAction":[{"@type":"CommentAction","name":"Comment","target":["https:\/\/www.autojm.fr\/blog\/le-marche-automobile-en-baisse-pour-le-7eme-mois-consecutif\/#respond"]}]},{"@type":"WebPage","@id":"https:\/\/www.autojm.fr\/blog\/le-marche-automobile-en-baisse-pour-le-7eme-mois-consecutif\/","url":"https:\/\/www.autojm.fr\/blog\/le-marche-automobile-en-baisse-pour-le-7eme-mois-consecutif\/","name":"Le march\u00e9 automobile en baisse pour le 7\u00e8me mois cons\u00e9cutif\u00a0 - AutoJM Mag","isPartOf":{"@id":"https:\/\/www.autojm.fr\/blog\/#website"},"primaryImageOfPage":{"@id":"https:\/\/www.autojm.fr\/blog\/le-marche-automobile-en-baisse-pour-le-7eme-mois-consecutif\/#primaryimage"},"image":{"@id":"https:\/\/www.autojm.fr\/blog\/le-marche-automobile-en-baisse-pour-le-7eme-mois-consecutif\/#primaryimage"},"thumbnailUrl":"https:\/\/www.autojm.fr\/blog\/wp-content\/uploads\/2024\/12\/blog-image-top-1.png","datePublished":"2024-12-06T08:00:00+00:00","dateModified":"2024-12-06T08:35:41+00:00","description":"En novembre, le march\u00e9 automobile enregistre une nouvelle contraction avec une baisse notable des immatriculations (133 319), refl\u00e9tant les","breadcrumb":{"@id":"https:\/\/www.autojm.fr\/blog\/le-marche-automobile-en-baisse-pour-le-7eme-mois-consecutif\/#breadcrumb"},"inLanguage":"fr-FR","potentialAction":[{"@type":"ReadAction","target":["https:\/\/www.autojm.fr\/blog\/le-marche-automobile-en-baisse-pour-le-7eme-mois-consecutif\/"]}]},{"@type":"ImageObject","inLanguage":"fr-FR","@id":"https:\/\/www.autojm.fr\/blog\/le-marche-automobile-en-baisse-pour-le-7eme-mois-consecutif\/#primaryimage","url":"https:\/\/www.autojm.fr\/blog\/wp-content\/uploads\/2024\/12\/blog-image-top-1.png","contentUrl":"https:\/\/www.autojm.fr\/blog\/wp-content\/uploads\/2024\/12\/blog-image-top-1.png","width":750,"height":340,"caption":"march\u00e9 automobile novembre"},{"@type":"BreadcrumbList","@id":"https:\/\/www.autojm.fr\/blog\/le-marche-automobile-en-baisse-pour-le-7eme-mois-consecutif\/#breadcrumb","itemListElement":[{"@type":"ListItem","position":1,"name":"Accueil","item":"https:\/\/www.autojm.fr\/blog\/"},{"@type":"ListItem","position":2,"name":"Actualit\u00e9 Automobile","item":"https:\/\/www.autojm.fr\/blog\/actualite-automobile\/"},{"@type":"ListItem","position":3,"name":"Le march\u00e9 automobile en baisse pour le 7\u00e8me mois cons\u00e9cutif\u00a0"}]},{"@type":"WebSite","@id":"https:\/\/www.autojm.fr\/blog\/#website","url":"https:\/\/www.autojm.fr\/blog\/","name":"AutoJM Mag","description":"Toute l&#039;actu auto en 1 clic !","publisher":{"@id":"https:\/\/www.autojm.fr\/blog\/#organization"},"potentialAction":[{"@type":"SearchAction","target":{"@type":"EntryPoint","urlTemplate":"https:\/\/www.autojm.fr\/blog\/?s={search_term_string}"},"query-input":{"@type":"PropertyValueSpecification","valueRequired":true,"valueName":"search_term_string"}}],"inLanguage":"fr-FR"},{"@type":"Organization","@id":"https:\/\/www.autojm.fr\/blog\/#organization","name":"AutoJM Mag","url":"https:\/\/www.autojm.fr\/blog\/","logo":{"@type":"ImageObject","inLanguage":"fr-FR","@id":"https:\/\/www.autojm.fr\/blog\/#\/schema\/logo\/image\/","url":"https:\/\/www.autojm.fr\/blog\/wp-content\/uploads\/2022\/12\/cropped-AutoJMag-png.png","contentUrl":"https:\/\/www.autojm.fr\/blog\/wp-content\/uploads\/2022\/12\/cropped-AutoJMag-png.png","width":2834,"height":585,"caption":"AutoJM Mag"},"image":{"@id":"https:\/\/www.autojm.fr\/blog\/#\/schema\/logo\/image\/"},"sameAs":["https:\/\/www.facebook.com\/AutoJM25"]},{"@type":"Person","@id":"https:\/\/www.autojm.fr\/blog\/#\/schema\/person\/1cc83a91548d88a62eb8cf06f562a72c","name":"Justine Tripard","image":{"@type":"ImageObject","inLanguage":"fr-FR","@id":"https:\/\/secure.gravatar.com\/avatar\/b8b45209a4cf0b7b127b9238ec348090e7302306d2485eeaab17b6761fe84991?s=96&d=mm&r=g","url":"https:\/\/secure.gravatar.com\/avatar\/b8b45209a4cf0b7b127b9238ec348090e7302306d2485eeaab17b6761fe84991?s=96&d=mm&r=g","contentUrl":"https:\/\/secure.gravatar.com\/avatar\/b8b45209a4cf0b7b127b9238ec348090e7302306d2485eeaab17b6761fe84991?s=96&d=mm&r=g","caption":"Justine Tripard"},"url":"https:\/\/www.autojm.fr\/blog\/author\/justine\/"}]}},"_links":{"self":[{"href":"https:\/\/www.autojm.fr\/blog\/wp-json\/wp\/v2\/posts\/20283","targetHints":{"allow":["GET"]}}],"collection":[{"href":"https:\/\/www.autojm.fr\/blog\/wp-json\/wp\/v2\/posts"}],"about":[{"href":"https:\/\/www.autojm.fr\/blog\/wp-json\/wp\/v2\/types\/post"}],"author":[{"embeddable":true,"href":"https:\/\/www.autojm.fr\/blog\/wp-json\/wp\/v2\/users\/6"}],"replies":[{"embeddable":true,"href":"https:\/\/www.autojm.fr\/blog\/wp-json\/wp\/v2\/comments?post=20283"}],"version-history":[{"count":6,"href":"https:\/\/www.autojm.fr\/blog\/wp-json\/wp\/v2\/posts\/20283\/revisions"}],"predecessor-version":[{"id":20303,"href":"https:\/\/www.autojm.fr\/blog\/wp-json\/wp\/v2\/posts\/20283\/revisions\/20303"}],"wp:featuredmedia":[{"embeddable":true,"href":"https:\/\/www.autojm.fr\/blog\/wp-json\/wp\/v2\/media\/20289"}],"wp:attachment":[{"href":"https:\/\/www.autojm.fr\/blog\/wp-json\/wp\/v2\/media?parent=20283"}],"wp:term":[{"taxonomy":"category","embeddable":true,"href":"https:\/\/www.autojm.fr\/blog\/wp-json\/wp\/v2\/categories?post=20283"},{"taxonomy":"post_tag","embeddable":true,"href":"https:\/\/www.autojm.fr\/blog\/wp-json\/wp\/v2\/tags?post=20283"}],"curies":[{"name":"wp","href":"https:\/\/api.w.org\/{rel}","templated":true}]}}