{"id":20249,"date":"2024-12-18T09:00:00","date_gmt":"2024-12-18T07:00:00","guid":{"rendered":"https:\/\/www.autojm.fr\/blog\/?p=20249"},"modified":"2024-12-18T10:46:48","modified_gmt":"2024-12-18T08:46:48","slug":"quelle-valise-diagnostic-auto-pour-professionnel-choisir","status":"publish","type":"post","link":"https:\/\/www.autojm.fr\/blog\/quelle-valise-diagnostic-auto-pour-professionnel-choisir\/","title":{"rendered":"Quelle valise diagnostic auto pour professionnel choisir ?\u00a0"},"content":{"rendered":"","protected":false},"excerpt":{"rendered":"<p>Les professionnels de l\u2019automobile doivent imp\u00e9rativement s\u2019\u00e9quiper d\u2019outils performants pour optimiser leur diagnostic et leurs r\u00e9parations. Parmi eux, la valise de diagnostic automobile est un alli\u00e9 incontournable permettant de d\u00e9tecter rapidement les pannes et d\u2019intervenir avec pr\u00e9cision. Cependant, face \u00e0 une offre vari\u00e9e et aux multiples fonctionnalit\u00e9s disponibles, il peut \u00eatre difficile de faire le bon choix. Alors, quelles caract\u00e9ristiques rechercher et quel mod\u00e8le privil\u00e9gier pour r\u00e9pondre aux besoins sp\u00e9cifiques d\u2019un atelier ou d\u2019un garage ? D\u00e9couvrez nos conseils pour choisir la valise id\u00e9ale. <\/p>\n","protected":false},"author":6,"featured_media":20267,"comment_status":"open","ping_status":"open","sticky":false,"template":"","format":"standard","meta":{"_acf_changed":false,"content-type":"","footnotes":""},"categories":[75],"tags":[90,397,467,469,465],"class_list":["post-20249","post","type-post","status-publish","format-standard","has-post-thumbnail","hentry","category-guide-dachat","tag-autojm","tag-automobile","tag-diagnostic","tag-icarsoft","tag-valise"],"acf":[],"yoast_head":"<!-- This site is optimized with the Yoast SEO plugin v27.4 - https:\/\/yoast.com\/product\/yoast-seo-wordpress\/ -->\n<title>Quelle valise diagnostic auto pour professionnel choisir ?\u00a0 - AutoJM Mag<\/title>\n<meta name=\"description\" content=\"Les professionnels de l\u2019automobile doivent imp\u00e9rativement s\u2019\u00e9quiper d\u2019outils performants pour optimiser leur diagnostic et leurs r\u00e9parations.\" \/>\n<meta name=\"robots\" content=\"index, follow, max-snippet:-1, max-image-preview:large, max-video-preview:-1\" \/>\n<link rel=\"canonical\" href=\"https:\/\/www.autojm.fr\/blog\/quelle-valise-diagnostic-auto-pour-professionnel-choisir\/\" \/>\n<meta property=\"og:locale\" content=\"fr_FR\" \/>\n<meta property=\"og:type\" content=\"article\" \/>\n<meta property=\"og:title\" content=\"Quelle valise diagnostic auto pour professionnel choisir ?\u00a0 - AutoJM Mag\" \/>\n<meta property=\"og:description\" content=\"Les professionnels de l\u2019automobile doivent imp\u00e9rativement s\u2019\u00e9quiper d\u2019outils performants pour optimiser leur diagnostic et leurs r\u00e9parations.\" \/>\n<meta property=\"og:url\" content=\"https:\/\/www.autojm.fr\/blog\/quelle-valise-diagnostic-auto-pour-professionnel-choisir\/\" \/>\n<meta property=\"og:site_name\" content=\"AutoJM Mag\" \/>\n<meta property=\"article:publisher\" content=\"https:\/\/www.facebook.com\/AutoJM25\" \/>\n<meta property=\"article:published_time\" content=\"2024-12-18T07:00:00+00:00\" \/>\n<meta property=\"article:modified_time\" content=\"2024-12-18T08:46:48+00:00\" \/>\n<meta property=\"og:image\" content=\"https:\/\/www.autojm.fr\/blog\/wp-content\/uploads\/2024\/12\/blog-image-top.png\" \/>\n\t<meta property=\"og:image:width\" content=\"750\" \/>\n\t<meta property=\"og:image:height\" content=\"340\" \/>\n\t<meta property=\"og:image:type\" content=\"image\/png\" \/>\n<meta name=\"author\" content=\"Justine Tripard\" \/>\n<meta name=\"twitter:card\" content=\"summary_large_image\" \/>\n<meta name=\"twitter:label1\" content=\"\u00c9crit par\" \/>\n\t<meta name=\"twitter:data1\" content=\"Justine Tripard\" \/>\n\t<meta name=\"twitter:label2\" content=\"Dur\u00e9e de lecture estim\u00e9e\" \/>\n\t<meta name=\"twitter:data2\" content=\"6 minutes\" \/>\n<script type=\"application\/ld+json\" class=\"yoast-schema-graph\">{\"@context\":\"https:\\\/\\\/schema.org\",\"@graph\":[{\"@type\":\"Article\",\"@id\":\"https:\\\/\\\/www.autojm.fr\\\/blog\\\/quelle-valise-diagnostic-auto-pour-professionnel-choisir\\\/#article\",\"isPartOf\":{\"@id\":\"https:\\\/\\\/www.autojm.fr\\\/blog\\\/quelle-valise-diagnostic-auto-pour-professionnel-choisir\\\/\"},\"author\":{\"name\":\"Justine Tripard\",\"@id\":\"https:\\\/\\\/www.autojm.fr\\\/blog\\\/#\\\/schema\\\/person\\\/1cc83a91548d88a62eb8cf06f562a72c\"},\"headline\":\"Quelle valise diagnostic auto pour professionnel choisir ?\u00a0\",\"datePublished\":\"2024-12-18T07:00:00+00:00\",\"dateModified\":\"2024-12-18T08:46:48+00:00\",\"mainEntityOfPage\":{\"@id\":\"https:\\\/\\\/www.autojm.fr\\\/blog\\\/quelle-valise-diagnostic-auto-pour-professionnel-choisir\\\/\"},\"wordCount\":7,\"commentCount\":0,\"publisher\":{\"@id\":\"https:\\\/\\\/www.autojm.fr\\\/blog\\\/#organization\"},\"image\":{\"@id\":\"https:\\\/\\\/www.autojm.fr\\\/blog\\\/quelle-valise-diagnostic-auto-pour-professionnel-choisir\\\/#primaryimage\"},\"thumbnailUrl\":\"https:\\\/\\\/www.autojm.fr\\\/blog\\\/wp-content\\\/uploads\\\/2024\\\/12\\\/blog-image-top.png\",\"keywords\":[\"autojm\",\"automobile\",\"diagnostic\",\"icarsoft\",\"valise\"],\"articleSection\":[\"Guides d'achat\"],\"inLanguage\":\"fr-FR\",\"potentialAction\":[{\"@type\":\"CommentAction\",\"name\":\"Comment\",\"target\":[\"https:\\\/\\\/www.autojm.fr\\\/blog\\\/quelle-valise-diagnostic-auto-pour-professionnel-choisir\\\/#respond\"]}]},{\"@type\":\"WebPage\",\"@id\":\"https:\\\/\\\/www.autojm.fr\\\/blog\\\/quelle-valise-diagnostic-auto-pour-professionnel-choisir\\\/\",\"url\":\"https:\\\/\\\/www.autojm.fr\\\/blog\\\/quelle-valise-diagnostic-auto-pour-professionnel-choisir\\\/\",\"name\":\"Quelle valise diagnostic auto pour professionnel choisir ?\u00a0 - AutoJM Mag\",\"isPartOf\":{\"@id\":\"https:\\\/\\\/www.autojm.fr\\\/blog\\\/#website\"},\"primaryImageOfPage\":{\"@id\":\"https:\\\/\\\/www.autojm.fr\\\/blog\\\/quelle-valise-diagnostic-auto-pour-professionnel-choisir\\\/#primaryimage\"},\"image\":{\"@id\":\"https:\\\/\\\/www.autojm.fr\\\/blog\\\/quelle-valise-diagnostic-auto-pour-professionnel-choisir\\\/#primaryimage\"},\"thumbnailUrl\":\"https:\\\/\\\/www.autojm.fr\\\/blog\\\/wp-content\\\/uploads\\\/2024\\\/12\\\/blog-image-top.png\",\"datePublished\":\"2024-12-18T07:00:00+00:00\",\"dateModified\":\"2024-12-18T08:46:48+00:00\",\"description\":\"Les professionnels de l\u2019automobile doivent imp\u00e9rativement s\u2019\u00e9quiper d\u2019outils performants pour optimiser leur diagnostic et leurs r\u00e9parations.\",\"breadcrumb\":{\"@id\":\"https:\\\/\\\/www.autojm.fr\\\/blog\\\/quelle-valise-diagnostic-auto-pour-professionnel-choisir\\\/#breadcrumb\"},\"inLanguage\":\"fr-FR\",\"potentialAction\":[{\"@type\":\"ReadAction\",\"target\":[\"https:\\\/\\\/www.autojm.fr\\\/blog\\\/quelle-valise-diagnostic-auto-pour-professionnel-choisir\\\/\"]}]},{\"@type\":\"ImageObject\",\"inLanguage\":\"fr-FR\",\"@id\":\"https:\\\/\\\/www.autojm.fr\\\/blog\\\/quelle-valise-diagnostic-auto-pour-professionnel-choisir\\\/#primaryimage\",\"url\":\"https:\\\/\\\/www.autojm.fr\\\/blog\\\/wp-content\\\/uploads\\\/2024\\\/12\\\/blog-image-top.png\",\"contentUrl\":\"https:\\\/\\\/www.autojm.fr\\\/blog\\\/wp-content\\\/uploads\\\/2024\\\/12\\\/blog-image-top.png\",\"width\":750,\"height\":340},{\"@type\":\"BreadcrumbList\",\"@id\":\"https:\\\/\\\/www.autojm.fr\\\/blog\\\/quelle-valise-diagnostic-auto-pour-professionnel-choisir\\\/#breadcrumb\",\"itemListElement\":[{\"@type\":\"ListItem\",\"position\":1,\"name\":\"Accueil\",\"item\":\"https:\\\/\\\/www.autojm.fr\\\/blog\\\/\"},{\"@type\":\"ListItem\",\"position\":2,\"name\":\"Guides d'achat\",\"item\":\"https:\\\/\\\/www.autojm.fr\\\/blog\\\/guide-dachat\\\/\"},{\"@type\":\"ListItem\",\"position\":3,\"name\":\"Quelle valise diagnostic auto pour professionnel choisir ?\u00a0\"}]},{\"@type\":\"WebSite\",\"@id\":\"https:\\\/\\\/www.autojm.fr\\\/blog\\\/#website\",\"url\":\"https:\\\/\\\/www.autojm.fr\\\/blog\\\/\",\"name\":\"AutoJM Mag\",\"description\":\"Toute l&#039;actu auto en 1 clic !\",\"publisher\":{\"@id\":\"https:\\\/\\\/www.autojm.fr\\\/blog\\\/#organization\"},\"potentialAction\":[{\"@type\":\"SearchAction\",\"target\":{\"@type\":\"EntryPoint\",\"urlTemplate\":\"https:\\\/\\\/www.autojm.fr\\\/blog\\\/?s={search_term_string}\"},\"query-input\":{\"@type\":\"PropertyValueSpecification\",\"valueRequired\":true,\"valueName\":\"search_term_string\"}}],\"inLanguage\":\"fr-FR\"},{\"@type\":\"Organization\",\"@id\":\"https:\\\/\\\/www.autojm.fr\\\/blog\\\/#organization\",\"name\":\"AutoJM Mag\",\"url\":\"https:\\\/\\\/www.autojm.fr\\\/blog\\\/\",\"logo\":{\"@type\":\"ImageObject\",\"inLanguage\":\"fr-FR\",\"@id\":\"https:\\\/\\\/www.autojm.fr\\\/blog\\\/#\\\/schema\\\/logo\\\/image\\\/\",\"url\":\"https:\\\/\\\/www.autojm.fr\\\/blog\\\/wp-content\\\/uploads\\\/2022\\\/12\\\/cropped-AutoJMag-png.png\",\"contentUrl\":\"https:\\\/\\\/www.autojm.fr\\\/blog\\\/wp-content\\\/uploads\\\/2022\\\/12\\\/cropped-AutoJMag-png.png\",\"width\":2834,\"height\":585,\"caption\":\"AutoJM Mag\"},\"image\":{\"@id\":\"https:\\\/\\\/www.autojm.fr\\\/blog\\\/#\\\/schema\\\/logo\\\/image\\\/\"},\"sameAs\":[\"https:\\\/\\\/www.facebook.com\\\/AutoJM25\"]},{\"@type\":\"Person\",\"@id\":\"https:\\\/\\\/www.autojm.fr\\\/blog\\\/#\\\/schema\\\/person\\\/1cc83a91548d88a62eb8cf06f562a72c\",\"name\":\"Justine Tripard\",\"image\":{\"@type\":\"ImageObject\",\"inLanguage\":\"fr-FR\",\"@id\":\"https:\\\/\\\/secure.gravatar.com\\\/avatar\\\/b8b45209a4cf0b7b127b9238ec348090e7302306d2485eeaab17b6761fe84991?s=96&d=mm&r=g\",\"url\":\"https:\\\/\\\/secure.gravatar.com\\\/avatar\\\/b8b45209a4cf0b7b127b9238ec348090e7302306d2485eeaab17b6761fe84991?s=96&d=mm&r=g\",\"contentUrl\":\"https:\\\/\\\/secure.gravatar.com\\\/avatar\\\/b8b45209a4cf0b7b127b9238ec348090e7302306d2485eeaab17b6761fe84991?s=96&d=mm&r=g\",\"caption\":\"Justine Tripard\"},\"url\":\"https:\\\/\\\/www.autojm.fr\\\/blog\\\/author\\\/justine\\\/\"}]}<\/script>\n<!-- \/ Yoast SEO plugin. -->","yoast_head_json":{"title":"Quelle valise diagnostic auto pour professionnel choisir ?\u00a0 - AutoJM Mag","description":"Les professionnels de l\u2019automobile doivent imp\u00e9rativement s\u2019\u00e9quiper d\u2019outils performants pour optimiser leur diagnostic et leurs r\u00e9parations.","robots":{"index":"index","follow":"follow","max-snippet":"max-snippet:-1","max-image-preview":"max-image-preview:large","max-video-preview":"max-video-preview:-1"},"canonical":"https:\/\/www.autojm.fr\/blog\/quelle-valise-diagnostic-auto-pour-professionnel-choisir\/","og_locale":"fr_FR","og_type":"article","og_title":"Quelle valise diagnostic auto pour professionnel choisir ?\u00a0 - AutoJM Mag","og_description":"Les professionnels de l\u2019automobile doivent imp\u00e9rativement s\u2019\u00e9quiper d\u2019outils performants pour optimiser leur diagnostic et leurs r\u00e9parations.","og_url":"https:\/\/www.autojm.fr\/blog\/quelle-valise-diagnostic-auto-pour-professionnel-choisir\/","og_site_name":"AutoJM Mag","article_publisher":"https:\/\/www.facebook.com\/AutoJM25","article_published_time":"2024-12-18T07:00:00+00:00","article_modified_time":"2024-12-18T08:46:48+00:00","og_image":[{"width":750,"height":340,"url":"https:\/\/www.autojm.fr\/blog\/wp-content\/uploads\/2024\/12\/blog-image-top.png","type":"image\/png"}],"author":"Justine Tripard","twitter_card":"summary_large_image","twitter_misc":{"\u00c9crit par":"Justine Tripard","Dur\u00e9e de lecture estim\u00e9e":"6 minutes"},"schema":{"@context":"https:\/\/schema.org","@graph":[{"@type":"Article","@id":"https:\/\/www.autojm.fr\/blog\/quelle-valise-diagnostic-auto-pour-professionnel-choisir\/#article","isPartOf":{"@id":"https:\/\/www.autojm.fr\/blog\/quelle-valise-diagnostic-auto-pour-professionnel-choisir\/"},"author":{"name":"Justine Tripard","@id":"https:\/\/www.autojm.fr\/blog\/#\/schema\/person\/1cc83a91548d88a62eb8cf06f562a72c"},"headline":"Quelle valise diagnostic auto pour professionnel choisir ?\u00a0","datePublished":"2024-12-18T07:00:00+00:00","dateModified":"2024-12-18T08:46:48+00:00","mainEntityOfPage":{"@id":"https:\/\/www.autojm.fr\/blog\/quelle-valise-diagnostic-auto-pour-professionnel-choisir\/"},"wordCount":7,"commentCount":0,"publisher":{"@id":"https:\/\/www.autojm.fr\/blog\/#organization"},"image":{"@id":"https:\/\/www.autojm.fr\/blog\/quelle-valise-diagnostic-auto-pour-professionnel-choisir\/#primaryimage"},"thumbnailUrl":"https:\/\/www.autojm.fr\/blog\/wp-content\/uploads\/2024\/12\/blog-image-top.png","keywords":["autojm","automobile","diagnostic","icarsoft","valise"],"articleSection":["Guides d'achat"],"inLanguage":"fr-FR","potentialAction":[{"@type":"CommentAction","name":"Comment","target":["https:\/\/www.autojm.fr\/blog\/quelle-valise-diagnostic-auto-pour-professionnel-choisir\/#respond"]}]},{"@type":"WebPage","@id":"https:\/\/www.autojm.fr\/blog\/quelle-valise-diagnostic-auto-pour-professionnel-choisir\/","url":"https:\/\/www.autojm.fr\/blog\/quelle-valise-diagnostic-auto-pour-professionnel-choisir\/","name":"Quelle valise diagnostic auto pour professionnel choisir ?\u00a0 - AutoJM Mag","isPartOf":{"@id":"https:\/\/www.autojm.fr\/blog\/#website"},"primaryImageOfPage":{"@id":"https:\/\/www.autojm.fr\/blog\/quelle-valise-diagnostic-auto-pour-professionnel-choisir\/#primaryimage"},"image":{"@id":"https:\/\/www.autojm.fr\/blog\/quelle-valise-diagnostic-auto-pour-professionnel-choisir\/#primaryimage"},"thumbnailUrl":"https:\/\/www.autojm.fr\/blog\/wp-content\/uploads\/2024\/12\/blog-image-top.png","datePublished":"2024-12-18T07:00:00+00:00","dateModified":"2024-12-18T08:46:48+00:00","description":"Les professionnels de l\u2019automobile doivent imp\u00e9rativement s\u2019\u00e9quiper d\u2019outils performants pour optimiser leur diagnostic et leurs r\u00e9parations.","breadcrumb":{"@id":"https:\/\/www.autojm.fr\/blog\/quelle-valise-diagnostic-auto-pour-professionnel-choisir\/#breadcrumb"},"inLanguage":"fr-FR","potentialAction":[{"@type":"ReadAction","target":["https:\/\/www.autojm.fr\/blog\/quelle-valise-diagnostic-auto-pour-professionnel-choisir\/"]}]},{"@type":"ImageObject","inLanguage":"fr-FR","@id":"https:\/\/www.autojm.fr\/blog\/quelle-valise-diagnostic-auto-pour-professionnel-choisir\/#primaryimage","url":"https:\/\/www.autojm.fr\/blog\/wp-content\/uploads\/2024\/12\/blog-image-top.png","contentUrl":"https:\/\/www.autojm.fr\/blog\/wp-content\/uploads\/2024\/12\/blog-image-top.png","width":750,"height":340},{"@type":"BreadcrumbList","@id":"https:\/\/www.autojm.fr\/blog\/quelle-valise-diagnostic-auto-pour-professionnel-choisir\/#breadcrumb","itemListElement":[{"@type":"ListItem","position":1,"name":"Accueil","item":"https:\/\/www.autojm.fr\/blog\/"},{"@type":"ListItem","position":2,"name":"Guides d'achat","item":"https:\/\/www.autojm.fr\/blog\/guide-dachat\/"},{"@type":"ListItem","position":3,"name":"Quelle valise diagnostic auto pour professionnel choisir ?\u00a0"}]},{"@type":"WebSite","@id":"https:\/\/www.autojm.fr\/blog\/#website","url":"https:\/\/www.autojm.fr\/blog\/","name":"AutoJM Mag","description":"Toute l&#039;actu auto en 1 clic !","publisher":{"@id":"https:\/\/www.autojm.fr\/blog\/#organization"},"potentialAction":[{"@type":"SearchAction","target":{"@type":"EntryPoint","urlTemplate":"https:\/\/www.autojm.fr\/blog\/?s={search_term_string}"},"query-input":{"@type":"PropertyValueSpecification","valueRequired":true,"valueName":"search_term_string"}}],"inLanguage":"fr-FR"},{"@type":"Organization","@id":"https:\/\/www.autojm.fr\/blog\/#organization","name":"AutoJM Mag","url":"https:\/\/www.autojm.fr\/blog\/","logo":{"@type":"ImageObject","inLanguage":"fr-FR","@id":"https:\/\/www.autojm.fr\/blog\/#\/schema\/logo\/image\/","url":"https:\/\/www.autojm.fr\/blog\/wp-content\/uploads\/2022\/12\/cropped-AutoJMag-png.png","contentUrl":"https:\/\/www.autojm.fr\/blog\/wp-content\/uploads\/2022\/12\/cropped-AutoJMag-png.png","width":2834,"height":585,"caption":"AutoJM Mag"},"image":{"@id":"https:\/\/www.autojm.fr\/blog\/#\/schema\/logo\/image\/"},"sameAs":["https:\/\/www.facebook.com\/AutoJM25"]},{"@type":"Person","@id":"https:\/\/www.autojm.fr\/blog\/#\/schema\/person\/1cc83a91548d88a62eb8cf06f562a72c","name":"Justine Tripard","image":{"@type":"ImageObject","inLanguage":"fr-FR","@id":"https:\/\/secure.gravatar.com\/avatar\/b8b45209a4cf0b7b127b9238ec348090e7302306d2485eeaab17b6761fe84991?s=96&d=mm&r=g","url":"https:\/\/secure.gravatar.com\/avatar\/b8b45209a4cf0b7b127b9238ec348090e7302306d2485eeaab17b6761fe84991?s=96&d=mm&r=g","contentUrl":"https:\/\/secure.gravatar.com\/avatar\/b8b45209a4cf0b7b127b9238ec348090e7302306d2485eeaab17b6761fe84991?s=96&d=mm&r=g","caption":"Justine Tripard"},"url":"https:\/\/www.autojm.fr\/blog\/author\/justine\/"}]}},"_links":{"self":[{"href":"https:\/\/www.autojm.fr\/blog\/wp-json\/wp\/v2\/posts\/20249","targetHints":{"allow":["GET"]}}],"collection":[{"href":"https:\/\/www.autojm.fr\/blog\/wp-json\/wp\/v2\/posts"}],"about":[{"href":"https:\/\/www.autojm.fr\/blog\/wp-json\/wp\/v2\/types\/post"}],"author":[{"embeddable":true,"href":"https:\/\/www.autojm.fr\/blog\/wp-json\/wp\/v2\/users\/6"}],"replies":[{"embeddable":true,"href":"https:\/\/www.autojm.fr\/blog\/wp-json\/wp\/v2\/comments?post=20249"}],"version-history":[{"count":9,"href":"https:\/\/www.autojm.fr\/blog\/wp-json\/wp\/v2\/posts\/20249\/revisions"}],"predecessor-version":[{"id":20558,"href":"https:\/\/www.autojm.fr\/blog\/wp-json\/wp\/v2\/posts\/20249\/revisions\/20558"}],"wp:featuredmedia":[{"embeddable":true,"href":"https:\/\/www.autojm.fr\/blog\/wp-json\/wp\/v2\/media\/20267"}],"wp:attachment":[{"href":"https:\/\/www.autojm.fr\/blog\/wp-json\/wp\/v2\/media?parent=20249"}],"wp:term":[{"taxonomy":"category","embeddable":true,"href":"https:\/\/www.autojm.fr\/blog\/wp-json\/wp\/v2\/categories?post=20249"},{"taxonomy":"post_tag","embeddable":true,"href":"https:\/\/www.autojm.fr\/blog\/wp-json\/wp\/v2\/tags?post=20249"}],"curies":[{"name":"wp","href":"https:\/\/api.w.org\/{rel}","templated":true}]}}