{"id":20101,"date":"2024-11-22T09:00:00","date_gmt":"2024-11-22T07:00:00","guid":{"rendered":"https:\/\/www.autojm.fr\/blog\/?p=20101"},"modified":"2024-11-27T10:07:33","modified_gmt":"2024-11-27T08:07:33","slug":"zfe-du-grand-paris-linterdiction-des-vehicules-critair-3-cree-la-panique","status":"publish","type":"post","link":"https:\/\/www.autojm.fr\/blog\/zfe-du-grand-paris-linterdiction-des-vehicules-critair-3-cree-la-panique\/","title":{"rendered":"ZFE du Grand Paris : l\u2019interdiction des v\u00e9hicules Crit\u2019Air 3 cr\u00e9e la panique"},"content":{"rendered":"","protected":false},"excerpt":{"rendered":"<p>La mise en place de la Zone \u00e0 Faibles \u00c9missions (ZFE) du Grand Paris est sur le point d\u2019entrer dans une nouvelle phase d\u00e9cisive. \u00c0 partir de janvier 2025, l\u2019interdiction des v\u00e9hicules munis de la vignette Crit\u2019Air 3 va consid\u00e9rablement restreindre la circulation en \u00cele-de-France. Cette mesure, qui vise \u00e0 am\u00e9liorer la qualit\u00e9 de l\u2019air, suscite pourtant de vives inqui\u00e9tudes, notamment parmi les PME et les automobilistes franciliens. D\u00e9cryptons les enjeux, les cons\u00e9quences et les r\u00e9actions autour de cette nouvelle \u00e9tape de la ZFE.<\/p>\n","protected":false},"author":2,"featured_media":20105,"comment_status":"open","ping_status":"open","sticky":false,"template":"","format":"standard","meta":{"_acf_changed":false,"content-type":"","footnotes":""},"categories":[5],"tags":[90],"class_list":["post-20101","post","type-post","status-publish","format-standard","has-post-thumbnail","hentry","category-actualite-automobile","tag-autojm"],"acf":[],"yoast_head":"<!-- This site is optimized with the Yoast SEO plugin v27.5 - https:\/\/yoast.com\/product\/yoast-seo-wordpress\/ -->\n<title>ZFE du Grand Paris : l\u2019interdiction des v\u00e9hicules Crit\u2019Air 3 cr\u00e9e la panique - AutoJM Mag<\/title>\n<meta name=\"description\" content=\"La mise en place de la Zone \u00e0 Faibles \u00c9missions (ZFE) du Grand Paris est sur le point d\u2019entrer dans une nouvelle phase d\u00e9cisive.\" \/>\n<meta name=\"robots\" content=\"index, follow, max-snippet:-1, max-image-preview:large, max-video-preview:-1\" \/>\n<link rel=\"canonical\" href=\"https:\/\/www.autojm.fr\/blog\/zfe-du-grand-paris-linterdiction-des-vehicules-critair-3-cree-la-panique\/\" \/>\n<meta property=\"og:locale\" content=\"fr_FR\" \/>\n<meta property=\"og:type\" content=\"article\" \/>\n<meta property=\"og:title\" content=\"ZFE du Grand Paris : l\u2019interdiction des v\u00e9hicules Crit\u2019Air 3 cr\u00e9e la panique - AutoJM Mag\" \/>\n<meta property=\"og:description\" content=\"La mise en place de la Zone \u00e0 Faibles \u00c9missions (ZFE) du Grand Paris est sur le point d\u2019entrer dans une nouvelle phase d\u00e9cisive.\" \/>\n<meta property=\"og:url\" content=\"https:\/\/www.autojm.fr\/blog\/zfe-du-grand-paris-linterdiction-des-vehicules-critair-3-cree-la-panique\/\" \/>\n<meta property=\"og:site_name\" content=\"AutoJM Mag\" \/>\n<meta property=\"article:publisher\" content=\"https:\/\/www.facebook.com\/AutoJM25\" \/>\n<meta property=\"article:published_time\" content=\"2024-11-22T07:00:00+00:00\" \/>\n<meta property=\"article:modified_time\" content=\"2024-11-27T08:07:33+00:00\" \/>\n<meta property=\"og:image\" content=\"https:\/\/www.autojm.fr\/blog\/wp-content\/uploads\/2024\/11\/blog-image-top-2.png\" \/>\n\t<meta property=\"og:image:width\" content=\"750\" \/>\n\t<meta property=\"og:image:height\" content=\"340\" \/>\n\t<meta property=\"og:image:type\" content=\"image\/png\" \/>\n<meta name=\"author\" content=\"Aur\u00e9lia AutoJM\" \/>\n<meta name=\"twitter:card\" content=\"summary_large_image\" \/>\n<meta name=\"twitter:label1\" content=\"\u00c9crit par\" \/>\n\t<meta name=\"twitter:data1\" content=\"Aur\u00e9lia AutoJM\" \/>\n\t<meta name=\"twitter:label2\" content=\"Dur\u00e9e de lecture estim\u00e9e\" \/>\n\t<meta name=\"twitter:data2\" content=\"6 minutes\" \/>\n<script type=\"application\/ld+json\" class=\"yoast-schema-graph\">{\"@context\":\"https:\\\/\\\/schema.org\",\"@graph\":[{\"@type\":\"Article\",\"@id\":\"https:\\\/\\\/www.autojm.fr\\\/blog\\\/zfe-du-grand-paris-linterdiction-des-vehicules-critair-3-cree-la-panique\\\/#article\",\"isPartOf\":{\"@id\":\"https:\\\/\\\/www.autojm.fr\\\/blog\\\/zfe-du-grand-paris-linterdiction-des-vehicules-critair-3-cree-la-panique\\\/\"},\"author\":{\"name\":\"Aur\u00e9lia AutoJM\",\"@id\":\"https:\\\/\\\/www.autojm.fr\\\/blog\\\/#\\\/schema\\\/person\\\/e640a62bb6e669182918fd7871fe1ec5\"},\"headline\":\"ZFE du Grand Paris : l\u2019interdiction des v\u00e9hicules Crit\u2019Air 3 cr\u00e9e la panique\",\"datePublished\":\"2024-11-22T07:00:00+00:00\",\"dateModified\":\"2024-11-27T08:07:33+00:00\",\"mainEntityOfPage\":{\"@id\":\"https:\\\/\\\/www.autojm.fr\\\/blog\\\/zfe-du-grand-paris-linterdiction-des-vehicules-critair-3-cree-la-panique\\\/\"},\"wordCount\":15,\"commentCount\":0,\"publisher\":{\"@id\":\"https:\\\/\\\/www.autojm.fr\\\/blog\\\/#organization\"},\"image\":{\"@id\":\"https:\\\/\\\/www.autojm.fr\\\/blog\\\/zfe-du-grand-paris-linterdiction-des-vehicules-critair-3-cree-la-panique\\\/#primaryimage\"},\"thumbnailUrl\":\"https:\\\/\\\/www.autojm.fr\\\/blog\\\/wp-content\\\/uploads\\\/2024\\\/11\\\/blog-image-top-2.png\",\"keywords\":[\"autojm\"],\"articleSection\":[\"Actualit\u00e9 Automobile\"],\"inLanguage\":\"fr-FR\",\"potentialAction\":[{\"@type\":\"CommentAction\",\"name\":\"Comment\",\"target\":[\"https:\\\/\\\/www.autojm.fr\\\/blog\\\/zfe-du-grand-paris-linterdiction-des-vehicules-critair-3-cree-la-panique\\\/#respond\"]}]},{\"@type\":\"WebPage\",\"@id\":\"https:\\\/\\\/www.autojm.fr\\\/blog\\\/zfe-du-grand-paris-linterdiction-des-vehicules-critair-3-cree-la-panique\\\/\",\"url\":\"https:\\\/\\\/www.autojm.fr\\\/blog\\\/zfe-du-grand-paris-linterdiction-des-vehicules-critair-3-cree-la-panique\\\/\",\"name\":\"ZFE du Grand Paris : l\u2019interdiction des v\u00e9hicules Crit\u2019Air 3 cr\u00e9e la panique - AutoJM Mag\",\"isPartOf\":{\"@id\":\"https:\\\/\\\/www.autojm.fr\\\/blog\\\/#website\"},\"primaryImageOfPage\":{\"@id\":\"https:\\\/\\\/www.autojm.fr\\\/blog\\\/zfe-du-grand-paris-linterdiction-des-vehicules-critair-3-cree-la-panique\\\/#primaryimage\"},\"image\":{\"@id\":\"https:\\\/\\\/www.autojm.fr\\\/blog\\\/zfe-du-grand-paris-linterdiction-des-vehicules-critair-3-cree-la-panique\\\/#primaryimage\"},\"thumbnailUrl\":\"https:\\\/\\\/www.autojm.fr\\\/blog\\\/wp-content\\\/uploads\\\/2024\\\/11\\\/blog-image-top-2.png\",\"datePublished\":\"2024-11-22T07:00:00+00:00\",\"dateModified\":\"2024-11-27T08:07:33+00:00\",\"description\":\"La mise en place de la Zone \u00e0 Faibles \u00c9missions (ZFE) du Grand Paris est sur le point d\u2019entrer dans une nouvelle phase d\u00e9cisive.\",\"breadcrumb\":{\"@id\":\"https:\\\/\\\/www.autojm.fr\\\/blog\\\/zfe-du-grand-paris-linterdiction-des-vehicules-critair-3-cree-la-panique\\\/#breadcrumb\"},\"inLanguage\":\"fr-FR\",\"potentialAction\":[{\"@type\":\"ReadAction\",\"target\":[\"https:\\\/\\\/www.autojm.fr\\\/blog\\\/zfe-du-grand-paris-linterdiction-des-vehicules-critair-3-cree-la-panique\\\/\"]}]},{\"@type\":\"ImageObject\",\"inLanguage\":\"fr-FR\",\"@id\":\"https:\\\/\\\/www.autojm.fr\\\/blog\\\/zfe-du-grand-paris-linterdiction-des-vehicules-critair-3-cree-la-panique\\\/#primaryimage\",\"url\":\"https:\\\/\\\/www.autojm.fr\\\/blog\\\/wp-content\\\/uploads\\\/2024\\\/11\\\/blog-image-top-2.png\",\"contentUrl\":\"https:\\\/\\\/www.autojm.fr\\\/blog\\\/wp-content\\\/uploads\\\/2024\\\/11\\\/blog-image-top-2.png\",\"width\":750,\"height\":340,\"caption\":\"crit air\"},{\"@type\":\"BreadcrumbList\",\"@id\":\"https:\\\/\\\/www.autojm.fr\\\/blog\\\/zfe-du-grand-paris-linterdiction-des-vehicules-critair-3-cree-la-panique\\\/#breadcrumb\",\"itemListElement\":[{\"@type\":\"ListItem\",\"position\":1,\"name\":\"Accueil\",\"item\":\"https:\\\/\\\/www.autojm.fr\\\/blog\\\/\"},{\"@type\":\"ListItem\",\"position\":2,\"name\":\"Actualit\u00e9 Automobile\",\"item\":\"https:\\\/\\\/www.autojm.fr\\\/blog\\\/actualite-automobile\\\/\"},{\"@type\":\"ListItem\",\"position\":3,\"name\":\"ZFE du Grand Paris : l\u2019interdiction des v\u00e9hicules Crit\u2019Air 3 cr\u00e9e la panique\"}]},{\"@type\":\"WebSite\",\"@id\":\"https:\\\/\\\/www.autojm.fr\\\/blog\\\/#website\",\"url\":\"https:\\\/\\\/www.autojm.fr\\\/blog\\\/\",\"name\":\"AutoJM Mag\",\"description\":\"Toute l&#039;actu auto en 1 clic !\",\"publisher\":{\"@id\":\"https:\\\/\\\/www.autojm.fr\\\/blog\\\/#organization\"},\"potentialAction\":[{\"@type\":\"SearchAction\",\"target\":{\"@type\":\"EntryPoint\",\"urlTemplate\":\"https:\\\/\\\/www.autojm.fr\\\/blog\\\/?s={search_term_string}\"},\"query-input\":{\"@type\":\"PropertyValueSpecification\",\"valueRequired\":true,\"valueName\":\"search_term_string\"}}],\"inLanguage\":\"fr-FR\"},{\"@type\":\"Organization\",\"@id\":\"https:\\\/\\\/www.autojm.fr\\\/blog\\\/#organization\",\"name\":\"AutoJM Mag\",\"url\":\"https:\\\/\\\/www.autojm.fr\\\/blog\\\/\",\"logo\":{\"@type\":\"ImageObject\",\"inLanguage\":\"fr-FR\",\"@id\":\"https:\\\/\\\/www.autojm.fr\\\/blog\\\/#\\\/schema\\\/logo\\\/image\\\/\",\"url\":\"https:\\\/\\\/www.autojm.fr\\\/blog\\\/wp-content\\\/uploads\\\/2022\\\/12\\\/cropped-AutoJMag-png.png\",\"contentUrl\":\"https:\\\/\\\/www.autojm.fr\\\/blog\\\/wp-content\\\/uploads\\\/2022\\\/12\\\/cropped-AutoJMag-png.png\",\"width\":2834,\"height\":585,\"caption\":\"AutoJM Mag\"},\"image\":{\"@id\":\"https:\\\/\\\/www.autojm.fr\\\/blog\\\/#\\\/schema\\\/logo\\\/image\\\/\"},\"sameAs\":[\"https:\\\/\\\/www.facebook.com\\\/AutoJM25\"]},{\"@type\":\"Person\",\"@id\":\"https:\\\/\\\/www.autojm.fr\\\/blog\\\/#\\\/schema\\\/person\\\/e640a62bb6e669182918fd7871fe1ec5\",\"name\":\"Aur\u00e9lia AutoJM\",\"image\":{\"@type\":\"ImageObject\",\"inLanguage\":\"fr-FR\",\"@id\":\"https:\\\/\\\/secure.gravatar.com\\\/avatar\\\/17404fe7ba867704dc53905b3aeb1f66282e3a23def617ff4d39a7130702f24b?s=96&d=mm&r=g\",\"url\":\"https:\\\/\\\/secure.gravatar.com\\\/avatar\\\/17404fe7ba867704dc53905b3aeb1f66282e3a23def617ff4d39a7130702f24b?s=96&d=mm&r=g\",\"contentUrl\":\"https:\\\/\\\/secure.gravatar.com\\\/avatar\\\/17404fe7ba867704dc53905b3aeb1f66282e3a23def617ff4d39a7130702f24b?s=96&d=mm&r=g\",\"caption\":\"Aur\u00e9lia AutoJM\"},\"url\":\"https:\\\/\\\/www.autojm.fr\\\/blog\\\/author\\\/autojm\\\/\"}]}<\/script>\n<!-- \/ Yoast SEO plugin. -->","yoast_head_json":{"title":"ZFE du Grand Paris : l\u2019interdiction des v\u00e9hicules Crit\u2019Air 3 cr\u00e9e la panique - AutoJM Mag","description":"La mise en place de la Zone \u00e0 Faibles \u00c9missions (ZFE) du Grand Paris est sur le point d\u2019entrer dans une nouvelle phase d\u00e9cisive.","robots":{"index":"index","follow":"follow","max-snippet":"max-snippet:-1","max-image-preview":"max-image-preview:large","max-video-preview":"max-video-preview:-1"},"canonical":"https:\/\/www.autojm.fr\/blog\/zfe-du-grand-paris-linterdiction-des-vehicules-critair-3-cree-la-panique\/","og_locale":"fr_FR","og_type":"article","og_title":"ZFE du Grand Paris : l\u2019interdiction des v\u00e9hicules Crit\u2019Air 3 cr\u00e9e la panique - AutoJM Mag","og_description":"La mise en place de la Zone \u00e0 Faibles \u00c9missions (ZFE) du Grand Paris est sur le point d\u2019entrer dans une nouvelle phase d\u00e9cisive.","og_url":"https:\/\/www.autojm.fr\/blog\/zfe-du-grand-paris-linterdiction-des-vehicules-critair-3-cree-la-panique\/","og_site_name":"AutoJM Mag","article_publisher":"https:\/\/www.facebook.com\/AutoJM25","article_published_time":"2024-11-22T07:00:00+00:00","article_modified_time":"2024-11-27T08:07:33+00:00","og_image":[{"width":750,"height":340,"url":"https:\/\/www.autojm.fr\/blog\/wp-content\/uploads\/2024\/11\/blog-image-top-2.png","type":"image\/png"}],"author":"Aur\u00e9lia AutoJM","twitter_card":"summary_large_image","twitter_misc":{"\u00c9crit par":"Aur\u00e9lia AutoJM","Dur\u00e9e de lecture estim\u00e9e":"6 minutes"},"schema":{"@context":"https:\/\/schema.org","@graph":[{"@type":"Article","@id":"https:\/\/www.autojm.fr\/blog\/zfe-du-grand-paris-linterdiction-des-vehicules-critair-3-cree-la-panique\/#article","isPartOf":{"@id":"https:\/\/www.autojm.fr\/blog\/zfe-du-grand-paris-linterdiction-des-vehicules-critair-3-cree-la-panique\/"},"author":{"name":"Aur\u00e9lia AutoJM","@id":"https:\/\/www.autojm.fr\/blog\/#\/schema\/person\/e640a62bb6e669182918fd7871fe1ec5"},"headline":"ZFE du Grand Paris : l\u2019interdiction des v\u00e9hicules Crit\u2019Air 3 cr\u00e9e la panique","datePublished":"2024-11-22T07:00:00+00:00","dateModified":"2024-11-27T08:07:33+00:00","mainEntityOfPage":{"@id":"https:\/\/www.autojm.fr\/blog\/zfe-du-grand-paris-linterdiction-des-vehicules-critair-3-cree-la-panique\/"},"wordCount":15,"commentCount":0,"publisher":{"@id":"https:\/\/www.autojm.fr\/blog\/#organization"},"image":{"@id":"https:\/\/www.autojm.fr\/blog\/zfe-du-grand-paris-linterdiction-des-vehicules-critair-3-cree-la-panique\/#primaryimage"},"thumbnailUrl":"https:\/\/www.autojm.fr\/blog\/wp-content\/uploads\/2024\/11\/blog-image-top-2.png","keywords":["autojm"],"articleSection":["Actualit\u00e9 Automobile"],"inLanguage":"fr-FR","potentialAction":[{"@type":"CommentAction","name":"Comment","target":["https:\/\/www.autojm.fr\/blog\/zfe-du-grand-paris-linterdiction-des-vehicules-critair-3-cree-la-panique\/#respond"]}]},{"@type":"WebPage","@id":"https:\/\/www.autojm.fr\/blog\/zfe-du-grand-paris-linterdiction-des-vehicules-critair-3-cree-la-panique\/","url":"https:\/\/www.autojm.fr\/blog\/zfe-du-grand-paris-linterdiction-des-vehicules-critair-3-cree-la-panique\/","name":"ZFE du Grand Paris : l\u2019interdiction des v\u00e9hicules Crit\u2019Air 3 cr\u00e9e la panique - AutoJM Mag","isPartOf":{"@id":"https:\/\/www.autojm.fr\/blog\/#website"},"primaryImageOfPage":{"@id":"https:\/\/www.autojm.fr\/blog\/zfe-du-grand-paris-linterdiction-des-vehicules-critair-3-cree-la-panique\/#primaryimage"},"image":{"@id":"https:\/\/www.autojm.fr\/blog\/zfe-du-grand-paris-linterdiction-des-vehicules-critair-3-cree-la-panique\/#primaryimage"},"thumbnailUrl":"https:\/\/www.autojm.fr\/blog\/wp-content\/uploads\/2024\/11\/blog-image-top-2.png","datePublished":"2024-11-22T07:00:00+00:00","dateModified":"2024-11-27T08:07:33+00:00","description":"La mise en place de la Zone \u00e0 Faibles \u00c9missions (ZFE) du Grand Paris est sur le point d\u2019entrer dans une nouvelle phase d\u00e9cisive.","breadcrumb":{"@id":"https:\/\/www.autojm.fr\/blog\/zfe-du-grand-paris-linterdiction-des-vehicules-critair-3-cree-la-panique\/#breadcrumb"},"inLanguage":"fr-FR","potentialAction":[{"@type":"ReadAction","target":["https:\/\/www.autojm.fr\/blog\/zfe-du-grand-paris-linterdiction-des-vehicules-critair-3-cree-la-panique\/"]}]},{"@type":"ImageObject","inLanguage":"fr-FR","@id":"https:\/\/www.autojm.fr\/blog\/zfe-du-grand-paris-linterdiction-des-vehicules-critair-3-cree-la-panique\/#primaryimage","url":"https:\/\/www.autojm.fr\/blog\/wp-content\/uploads\/2024\/11\/blog-image-top-2.png","contentUrl":"https:\/\/www.autojm.fr\/blog\/wp-content\/uploads\/2024\/11\/blog-image-top-2.png","width":750,"height":340,"caption":"crit air"},{"@type":"BreadcrumbList","@id":"https:\/\/www.autojm.fr\/blog\/zfe-du-grand-paris-linterdiction-des-vehicules-critair-3-cree-la-panique\/#breadcrumb","itemListElement":[{"@type":"ListItem","position":1,"name":"Accueil","item":"https:\/\/www.autojm.fr\/blog\/"},{"@type":"ListItem","position":2,"name":"Actualit\u00e9 Automobile","item":"https:\/\/www.autojm.fr\/blog\/actualite-automobile\/"},{"@type":"ListItem","position":3,"name":"ZFE du Grand Paris : l\u2019interdiction des v\u00e9hicules Crit\u2019Air 3 cr\u00e9e la panique"}]},{"@type":"WebSite","@id":"https:\/\/www.autojm.fr\/blog\/#website","url":"https:\/\/www.autojm.fr\/blog\/","name":"AutoJM Mag","description":"Toute l&#039;actu auto en 1 clic !","publisher":{"@id":"https:\/\/www.autojm.fr\/blog\/#organization"},"potentialAction":[{"@type":"SearchAction","target":{"@type":"EntryPoint","urlTemplate":"https:\/\/www.autojm.fr\/blog\/?s={search_term_string}"},"query-input":{"@type":"PropertyValueSpecification","valueRequired":true,"valueName":"search_term_string"}}],"inLanguage":"fr-FR"},{"@type":"Organization","@id":"https:\/\/www.autojm.fr\/blog\/#organization","name":"AutoJM Mag","url":"https:\/\/www.autojm.fr\/blog\/","logo":{"@type":"ImageObject","inLanguage":"fr-FR","@id":"https:\/\/www.autojm.fr\/blog\/#\/schema\/logo\/image\/","url":"https:\/\/www.autojm.fr\/blog\/wp-content\/uploads\/2022\/12\/cropped-AutoJMag-png.png","contentUrl":"https:\/\/www.autojm.fr\/blog\/wp-content\/uploads\/2022\/12\/cropped-AutoJMag-png.png","width":2834,"height":585,"caption":"AutoJM Mag"},"image":{"@id":"https:\/\/www.autojm.fr\/blog\/#\/schema\/logo\/image\/"},"sameAs":["https:\/\/www.facebook.com\/AutoJM25"]},{"@type":"Person","@id":"https:\/\/www.autojm.fr\/blog\/#\/schema\/person\/e640a62bb6e669182918fd7871fe1ec5","name":"Aur\u00e9lia AutoJM","image":{"@type":"ImageObject","inLanguage":"fr-FR","@id":"https:\/\/secure.gravatar.com\/avatar\/17404fe7ba867704dc53905b3aeb1f66282e3a23def617ff4d39a7130702f24b?s=96&d=mm&r=g","url":"https:\/\/secure.gravatar.com\/avatar\/17404fe7ba867704dc53905b3aeb1f66282e3a23def617ff4d39a7130702f24b?s=96&d=mm&r=g","contentUrl":"https:\/\/secure.gravatar.com\/avatar\/17404fe7ba867704dc53905b3aeb1f66282e3a23def617ff4d39a7130702f24b?s=96&d=mm&r=g","caption":"Aur\u00e9lia AutoJM"},"url":"https:\/\/www.autojm.fr\/blog\/author\/autojm\/"}]}},"_links":{"self":[{"href":"https:\/\/www.autojm.fr\/blog\/wp-json\/wp\/v2\/posts\/20101","targetHints":{"allow":["GET"]}}],"collection":[{"href":"https:\/\/www.autojm.fr\/blog\/wp-json\/wp\/v2\/posts"}],"about":[{"href":"https:\/\/www.autojm.fr\/blog\/wp-json\/wp\/v2\/types\/post"}],"author":[{"embeddable":true,"href":"https:\/\/www.autojm.fr\/blog\/wp-json\/wp\/v2\/users\/2"}],"replies":[{"embeddable":true,"href":"https:\/\/www.autojm.fr\/blog\/wp-json\/wp\/v2\/comments?post=20101"}],"version-history":[{"count":5,"href":"https:\/\/www.autojm.fr\/blog\/wp-json\/wp\/v2\/posts\/20101\/revisions"}],"predecessor-version":[{"id":20218,"href":"https:\/\/www.autojm.fr\/blog\/wp-json\/wp\/v2\/posts\/20101\/revisions\/20218"}],"wp:featuredmedia":[{"embeddable":true,"href":"https:\/\/www.autojm.fr\/blog\/wp-json\/wp\/v2\/media\/20105"}],"wp:attachment":[{"href":"https:\/\/www.autojm.fr\/blog\/wp-json\/wp\/v2\/media?parent=20101"}],"wp:term":[{"taxonomy":"category","embeddable":true,"href":"https:\/\/www.autojm.fr\/blog\/wp-json\/wp\/v2\/categories?post=20101"},{"taxonomy":"post_tag","embeddable":true,"href":"https:\/\/www.autojm.fr\/blog\/wp-json\/wp\/v2\/tags?post=20101"}],"curies":[{"name":"wp","href":"https:\/\/api.w.org\/{rel}","templated":true}]}}