{"id":19701,"date":"2024-10-30T09:00:00","date_gmt":"2024-10-30T07:00:00","guid":{"rendered":"https:\/\/www.autojm.fr\/blog\/?p=19701"},"modified":"2024-10-21T11:50:48","modified_gmt":"2024-10-21T09:50:48","slug":"malus-ecologique-2025-ce-qui-va-changer-et-comment-sy-preparer","status":"publish","type":"post","link":"https:\/\/www.autojm.fr\/blog\/malus-ecologique-2025-ce-qui-va-changer-et-comment-sy-preparer\/","title":{"rendered":"Malus \u00e9cologique 2025 : ce qui va changer et comment s\u2019y pr\u00e9parer ?"},"content":{"rendered":"","protected":false},"excerpt":{"rendered":"<p>\u00c0 l&rsquo;horizon 2025, le malus \u00e9cologique va conna\u00eetre de nouvelles \u00e9volutions. Le gouvernement fran\u00e7ais, dans sa volont\u00e9 de r\u00e9duire les \u00e9missions de CO2 et d&rsquo;encourager une transition vers des v\u00e9hicules plus propres, a d\u00e9voil\u00e9 des mesures plus strictes pour l&rsquo;ann\u00e9e \u00e0 venir. Encore une mauvaise nouvelle pour le secteur automobile, suscitant \u00e0 la fois des interrogations et des pr\u00e9occupations.<\/p>\n","protected":false},"author":6,"featured_media":19717,"comment_status":"open","ping_status":"open","sticky":false,"template":"","format":"standard","meta":{"_acf_changed":false,"content-type":"","footnotes":""},"categories":[5],"tags":[397,449,445,76,453,447,443,441,451,455,399,438],"class_list":["post-19701","post","type-post","status-publish","format-standard","has-post-thumbnail","hentry","category-actualite-automobile","tag-automobile","tag-bareme","tag-berline","tag-citadine","tag-co2","tag-compacte","tag-ecologique","tag-malus","tag-poids","tag-pollution","tag-suv","tag-voiture"],"acf":[],"yoast_head":"<!-- This site is optimized with the Yoast SEO plugin v27.5 - https:\/\/yoast.com\/product\/yoast-seo-wordpress\/ -->\n<title>Malus \u00e9cologique 2025 : ce qui va changer et comment s\u2019y pr\u00e9parer ? - AutoJM Mag<\/title>\n<meta name=\"description\" content=\"\u00c0 l&#039;horizon 2025, le malus \u00e9cologique va conna\u00eetre de nouvelles \u00e9volutions. Le gouvernement fran\u00e7ais, dans sa volont\u00e9 de r\u00e9duire les...\" \/>\n<meta name=\"robots\" content=\"index, follow, max-snippet:-1, max-image-preview:large, max-video-preview:-1\" \/>\n<link rel=\"canonical\" href=\"https:\/\/www.autojm.fr\/blog\/malus-ecologique-2025-ce-qui-va-changer-et-comment-sy-preparer\/\" \/>\n<meta property=\"og:locale\" content=\"fr_FR\" \/>\n<meta property=\"og:type\" content=\"article\" \/>\n<meta property=\"og:title\" content=\"Malus \u00e9cologique 2025 : ce qui va changer et comment s\u2019y pr\u00e9parer ? - AutoJM Mag\" \/>\n<meta property=\"og:description\" content=\"\u00c0 l&#039;horizon 2025, le malus \u00e9cologique va conna\u00eetre de nouvelles \u00e9volutions. Le gouvernement fran\u00e7ais, dans sa volont\u00e9 de r\u00e9duire les...\" \/>\n<meta property=\"og:url\" content=\"https:\/\/www.autojm.fr\/blog\/malus-ecologique-2025-ce-qui-va-changer-et-comment-sy-preparer\/\" \/>\n<meta property=\"og:site_name\" content=\"AutoJM Mag\" \/>\n<meta property=\"article:publisher\" content=\"https:\/\/www.facebook.com\/AutoJM25\" \/>\n<meta property=\"article:published_time\" content=\"2024-10-30T07:00:00+00:00\" \/>\n<meta property=\"og:image\" content=\"https:\/\/www.autojm.fr\/blog\/wp-content\/uploads\/2024\/10\/image-top-1-2.png\" \/>\n\t<meta property=\"og:image:width\" content=\"1000\" \/>\n\t<meta property=\"og:image:height\" content=\"500\" \/>\n\t<meta property=\"og:image:type\" content=\"image\/png\" \/>\n<meta name=\"author\" content=\"Justine Tripard\" \/>\n<meta name=\"twitter:card\" content=\"summary_large_image\" \/>\n<meta name=\"twitter:label1\" content=\"\u00c9crit par\" \/>\n\t<meta name=\"twitter:data1\" content=\"Justine Tripard\" \/>\n\t<meta name=\"twitter:label2\" content=\"Dur\u00e9e de lecture estim\u00e9e\" \/>\n\t<meta name=\"twitter:data2\" content=\"7 minutes\" \/>\n<script type=\"application\/ld+json\" class=\"yoast-schema-graph\">{\"@context\":\"https:\\\/\\\/schema.org\",\"@graph\":[{\"@type\":\"Article\",\"@id\":\"https:\\\/\\\/www.autojm.fr\\\/blog\\\/malus-ecologique-2025-ce-qui-va-changer-et-comment-sy-preparer\\\/#article\",\"isPartOf\":{\"@id\":\"https:\\\/\\\/www.autojm.fr\\\/blog\\\/malus-ecologique-2025-ce-qui-va-changer-et-comment-sy-preparer\\\/\"},\"author\":{\"name\":\"Justine Tripard\",\"@id\":\"https:\\\/\\\/www.autojm.fr\\\/blog\\\/#\\\/schema\\\/person\\\/1cc83a91548d88a62eb8cf06f562a72c\"},\"headline\":\"Malus \u00e9cologique 2025 : ce qui va changer et comment s\u2019y pr\u00e9parer ?\",\"datePublished\":\"2024-10-30T07:00:00+00:00\",\"mainEntityOfPage\":{\"@id\":\"https:\\\/\\\/www.autojm.fr\\\/blog\\\/malus-ecologique-2025-ce-qui-va-changer-et-comment-sy-preparer\\\/\"},\"wordCount\":12,\"commentCount\":0,\"publisher\":{\"@id\":\"https:\\\/\\\/www.autojm.fr\\\/blog\\\/#organization\"},\"image\":{\"@id\":\"https:\\\/\\\/www.autojm.fr\\\/blog\\\/malus-ecologique-2025-ce-qui-va-changer-et-comment-sy-preparer\\\/#primaryimage\"},\"thumbnailUrl\":\"https:\\\/\\\/www.autojm.fr\\\/blog\\\/wp-content\\\/uploads\\\/2024\\\/10\\\/image-top-1-2.png\",\"keywords\":[\"automobile\",\"bar\u00e8me\",\"berline\",\"citadine\",\"CO2\",\"compacte\",\"\u00e9cologique\",\"malus\",\"poids\",\"pollution\",\"suv\",\"voiture\"],\"articleSection\":[\"Actualit\u00e9 Automobile\"],\"inLanguage\":\"fr-FR\",\"potentialAction\":[{\"@type\":\"CommentAction\",\"name\":\"Comment\",\"target\":[\"https:\\\/\\\/www.autojm.fr\\\/blog\\\/malus-ecologique-2025-ce-qui-va-changer-et-comment-sy-preparer\\\/#respond\"]}]},{\"@type\":\"WebPage\",\"@id\":\"https:\\\/\\\/www.autojm.fr\\\/blog\\\/malus-ecologique-2025-ce-qui-va-changer-et-comment-sy-preparer\\\/\",\"url\":\"https:\\\/\\\/www.autojm.fr\\\/blog\\\/malus-ecologique-2025-ce-qui-va-changer-et-comment-sy-preparer\\\/\",\"name\":\"Malus \u00e9cologique 2025 : ce qui va changer et comment s\u2019y pr\u00e9parer ? - AutoJM Mag\",\"isPartOf\":{\"@id\":\"https:\\\/\\\/www.autojm.fr\\\/blog\\\/#website\"},\"primaryImageOfPage\":{\"@id\":\"https:\\\/\\\/www.autojm.fr\\\/blog\\\/malus-ecologique-2025-ce-qui-va-changer-et-comment-sy-preparer\\\/#primaryimage\"},\"image\":{\"@id\":\"https:\\\/\\\/www.autojm.fr\\\/blog\\\/malus-ecologique-2025-ce-qui-va-changer-et-comment-sy-preparer\\\/#primaryimage\"},\"thumbnailUrl\":\"https:\\\/\\\/www.autojm.fr\\\/blog\\\/wp-content\\\/uploads\\\/2024\\\/10\\\/image-top-1-2.png\",\"datePublished\":\"2024-10-30T07:00:00+00:00\",\"description\":\"\u00c0 l'horizon 2025, le malus \u00e9cologique va conna\u00eetre de nouvelles \u00e9volutions. Le gouvernement fran\u00e7ais, dans sa volont\u00e9 de r\u00e9duire les...\",\"breadcrumb\":{\"@id\":\"https:\\\/\\\/www.autojm.fr\\\/blog\\\/malus-ecologique-2025-ce-qui-va-changer-et-comment-sy-preparer\\\/#breadcrumb\"},\"inLanguage\":\"fr-FR\",\"potentialAction\":[{\"@type\":\"ReadAction\",\"target\":[\"https:\\\/\\\/www.autojm.fr\\\/blog\\\/malus-ecologique-2025-ce-qui-va-changer-et-comment-sy-preparer\\\/\"]}]},{\"@type\":\"ImageObject\",\"inLanguage\":\"fr-FR\",\"@id\":\"https:\\\/\\\/www.autojm.fr\\\/blog\\\/malus-ecologique-2025-ce-qui-va-changer-et-comment-sy-preparer\\\/#primaryimage\",\"url\":\"https:\\\/\\\/www.autojm.fr\\\/blog\\\/wp-content\\\/uploads\\\/2024\\\/10\\\/image-top-1-2.png\",\"contentUrl\":\"https:\\\/\\\/www.autojm.fr\\\/blog\\\/wp-content\\\/uploads\\\/2024\\\/10\\\/image-top-1-2.png\",\"width\":1000,\"height\":500,\"caption\":\"malus \u00e9cologique\"},{\"@type\":\"BreadcrumbList\",\"@id\":\"https:\\\/\\\/www.autojm.fr\\\/blog\\\/malus-ecologique-2025-ce-qui-va-changer-et-comment-sy-preparer\\\/#breadcrumb\",\"itemListElement\":[{\"@type\":\"ListItem\",\"position\":1,\"name\":\"Accueil\",\"item\":\"https:\\\/\\\/www.autojm.fr\\\/blog\\\/\"},{\"@type\":\"ListItem\",\"position\":2,\"name\":\"Actualit\u00e9 Automobile\",\"item\":\"https:\\\/\\\/www.autojm.fr\\\/blog\\\/actualite-automobile\\\/\"},{\"@type\":\"ListItem\",\"position\":3,\"name\":\"Malus \u00e9cologique 2025 : ce qui va changer et comment s\u2019y pr\u00e9parer ?\"}]},{\"@type\":\"WebSite\",\"@id\":\"https:\\\/\\\/www.autojm.fr\\\/blog\\\/#website\",\"url\":\"https:\\\/\\\/www.autojm.fr\\\/blog\\\/\",\"name\":\"AutoJM Mag\",\"description\":\"Toute l&#039;actu auto en 1 clic !\",\"publisher\":{\"@id\":\"https:\\\/\\\/www.autojm.fr\\\/blog\\\/#organization\"},\"potentialAction\":[{\"@type\":\"SearchAction\",\"target\":{\"@type\":\"EntryPoint\",\"urlTemplate\":\"https:\\\/\\\/www.autojm.fr\\\/blog\\\/?s={search_term_string}\"},\"query-input\":{\"@type\":\"PropertyValueSpecification\",\"valueRequired\":true,\"valueName\":\"search_term_string\"}}],\"inLanguage\":\"fr-FR\"},{\"@type\":\"Organization\",\"@id\":\"https:\\\/\\\/www.autojm.fr\\\/blog\\\/#organization\",\"name\":\"AutoJM Mag\",\"url\":\"https:\\\/\\\/www.autojm.fr\\\/blog\\\/\",\"logo\":{\"@type\":\"ImageObject\",\"inLanguage\":\"fr-FR\",\"@id\":\"https:\\\/\\\/www.autojm.fr\\\/blog\\\/#\\\/schema\\\/logo\\\/image\\\/\",\"url\":\"https:\\\/\\\/www.autojm.fr\\\/blog\\\/wp-content\\\/uploads\\\/2022\\\/12\\\/cropped-AutoJMag-png.png\",\"contentUrl\":\"https:\\\/\\\/www.autojm.fr\\\/blog\\\/wp-content\\\/uploads\\\/2022\\\/12\\\/cropped-AutoJMag-png.png\",\"width\":2834,\"height\":585,\"caption\":\"AutoJM Mag\"},\"image\":{\"@id\":\"https:\\\/\\\/www.autojm.fr\\\/blog\\\/#\\\/schema\\\/logo\\\/image\\\/\"},\"sameAs\":[\"https:\\\/\\\/www.facebook.com\\\/AutoJM25\"]},{\"@type\":\"Person\",\"@id\":\"https:\\\/\\\/www.autojm.fr\\\/blog\\\/#\\\/schema\\\/person\\\/1cc83a91548d88a62eb8cf06f562a72c\",\"name\":\"Justine Tripard\",\"image\":{\"@type\":\"ImageObject\",\"inLanguage\":\"fr-FR\",\"@id\":\"https:\\\/\\\/secure.gravatar.com\\\/avatar\\\/b8b45209a4cf0b7b127b9238ec348090e7302306d2485eeaab17b6761fe84991?s=96&d=mm&r=g\",\"url\":\"https:\\\/\\\/secure.gravatar.com\\\/avatar\\\/b8b45209a4cf0b7b127b9238ec348090e7302306d2485eeaab17b6761fe84991?s=96&d=mm&r=g\",\"contentUrl\":\"https:\\\/\\\/secure.gravatar.com\\\/avatar\\\/b8b45209a4cf0b7b127b9238ec348090e7302306d2485eeaab17b6761fe84991?s=96&d=mm&r=g\",\"caption\":\"Justine Tripard\"},\"url\":\"https:\\\/\\\/www.autojm.fr\\\/blog\\\/author\\\/justine\\\/\"}]}<\/script>\n<!-- \/ Yoast SEO plugin. -->","yoast_head_json":{"title":"Malus \u00e9cologique 2025 : ce qui va changer et comment s\u2019y pr\u00e9parer ? - AutoJM Mag","description":"\u00c0 l'horizon 2025, le malus \u00e9cologique va conna\u00eetre de nouvelles \u00e9volutions. Le gouvernement fran\u00e7ais, dans sa volont\u00e9 de r\u00e9duire les...","robots":{"index":"index","follow":"follow","max-snippet":"max-snippet:-1","max-image-preview":"max-image-preview:large","max-video-preview":"max-video-preview:-1"},"canonical":"https:\/\/www.autojm.fr\/blog\/malus-ecologique-2025-ce-qui-va-changer-et-comment-sy-preparer\/","og_locale":"fr_FR","og_type":"article","og_title":"Malus \u00e9cologique 2025 : ce qui va changer et comment s\u2019y pr\u00e9parer ? - AutoJM Mag","og_description":"\u00c0 l'horizon 2025, le malus \u00e9cologique va conna\u00eetre de nouvelles \u00e9volutions. Le gouvernement fran\u00e7ais, dans sa volont\u00e9 de r\u00e9duire les...","og_url":"https:\/\/www.autojm.fr\/blog\/malus-ecologique-2025-ce-qui-va-changer-et-comment-sy-preparer\/","og_site_name":"AutoJM Mag","article_publisher":"https:\/\/www.facebook.com\/AutoJM25","article_published_time":"2024-10-30T07:00:00+00:00","og_image":[{"width":1000,"height":500,"url":"https:\/\/www.autojm.fr\/blog\/wp-content\/uploads\/2024\/10\/image-top-1-2.png","type":"image\/png"}],"author":"Justine Tripard","twitter_card":"summary_large_image","twitter_misc":{"\u00c9crit par":"Justine Tripard","Dur\u00e9e de lecture estim\u00e9e":"7 minutes"},"schema":{"@context":"https:\/\/schema.org","@graph":[{"@type":"Article","@id":"https:\/\/www.autojm.fr\/blog\/malus-ecologique-2025-ce-qui-va-changer-et-comment-sy-preparer\/#article","isPartOf":{"@id":"https:\/\/www.autojm.fr\/blog\/malus-ecologique-2025-ce-qui-va-changer-et-comment-sy-preparer\/"},"author":{"name":"Justine Tripard","@id":"https:\/\/www.autojm.fr\/blog\/#\/schema\/person\/1cc83a91548d88a62eb8cf06f562a72c"},"headline":"Malus \u00e9cologique 2025 : ce qui va changer et comment s\u2019y pr\u00e9parer ?","datePublished":"2024-10-30T07:00:00+00:00","mainEntityOfPage":{"@id":"https:\/\/www.autojm.fr\/blog\/malus-ecologique-2025-ce-qui-va-changer-et-comment-sy-preparer\/"},"wordCount":12,"commentCount":0,"publisher":{"@id":"https:\/\/www.autojm.fr\/blog\/#organization"},"image":{"@id":"https:\/\/www.autojm.fr\/blog\/malus-ecologique-2025-ce-qui-va-changer-et-comment-sy-preparer\/#primaryimage"},"thumbnailUrl":"https:\/\/www.autojm.fr\/blog\/wp-content\/uploads\/2024\/10\/image-top-1-2.png","keywords":["automobile","bar\u00e8me","berline","citadine","CO2","compacte","\u00e9cologique","malus","poids","pollution","suv","voiture"],"articleSection":["Actualit\u00e9 Automobile"],"inLanguage":"fr-FR","potentialAction":[{"@type":"CommentAction","name":"Comment","target":["https:\/\/www.autojm.fr\/blog\/malus-ecologique-2025-ce-qui-va-changer-et-comment-sy-preparer\/#respond"]}]},{"@type":"WebPage","@id":"https:\/\/www.autojm.fr\/blog\/malus-ecologique-2025-ce-qui-va-changer-et-comment-sy-preparer\/","url":"https:\/\/www.autojm.fr\/blog\/malus-ecologique-2025-ce-qui-va-changer-et-comment-sy-preparer\/","name":"Malus \u00e9cologique 2025 : ce qui va changer et comment s\u2019y pr\u00e9parer ? - AutoJM Mag","isPartOf":{"@id":"https:\/\/www.autojm.fr\/blog\/#website"},"primaryImageOfPage":{"@id":"https:\/\/www.autojm.fr\/blog\/malus-ecologique-2025-ce-qui-va-changer-et-comment-sy-preparer\/#primaryimage"},"image":{"@id":"https:\/\/www.autojm.fr\/blog\/malus-ecologique-2025-ce-qui-va-changer-et-comment-sy-preparer\/#primaryimage"},"thumbnailUrl":"https:\/\/www.autojm.fr\/blog\/wp-content\/uploads\/2024\/10\/image-top-1-2.png","datePublished":"2024-10-30T07:00:00+00:00","description":"\u00c0 l'horizon 2025, le malus \u00e9cologique va conna\u00eetre de nouvelles \u00e9volutions. Le gouvernement fran\u00e7ais, dans sa volont\u00e9 de r\u00e9duire les...","breadcrumb":{"@id":"https:\/\/www.autojm.fr\/blog\/malus-ecologique-2025-ce-qui-va-changer-et-comment-sy-preparer\/#breadcrumb"},"inLanguage":"fr-FR","potentialAction":[{"@type":"ReadAction","target":["https:\/\/www.autojm.fr\/blog\/malus-ecologique-2025-ce-qui-va-changer-et-comment-sy-preparer\/"]}]},{"@type":"ImageObject","inLanguage":"fr-FR","@id":"https:\/\/www.autojm.fr\/blog\/malus-ecologique-2025-ce-qui-va-changer-et-comment-sy-preparer\/#primaryimage","url":"https:\/\/www.autojm.fr\/blog\/wp-content\/uploads\/2024\/10\/image-top-1-2.png","contentUrl":"https:\/\/www.autojm.fr\/blog\/wp-content\/uploads\/2024\/10\/image-top-1-2.png","width":1000,"height":500,"caption":"malus \u00e9cologique"},{"@type":"BreadcrumbList","@id":"https:\/\/www.autojm.fr\/blog\/malus-ecologique-2025-ce-qui-va-changer-et-comment-sy-preparer\/#breadcrumb","itemListElement":[{"@type":"ListItem","position":1,"name":"Accueil","item":"https:\/\/www.autojm.fr\/blog\/"},{"@type":"ListItem","position":2,"name":"Actualit\u00e9 Automobile","item":"https:\/\/www.autojm.fr\/blog\/actualite-automobile\/"},{"@type":"ListItem","position":3,"name":"Malus \u00e9cologique 2025 : ce qui va changer et comment s\u2019y pr\u00e9parer ?"}]},{"@type":"WebSite","@id":"https:\/\/www.autojm.fr\/blog\/#website","url":"https:\/\/www.autojm.fr\/blog\/","name":"AutoJM Mag","description":"Toute l&#039;actu auto en 1 clic !","publisher":{"@id":"https:\/\/www.autojm.fr\/blog\/#organization"},"potentialAction":[{"@type":"SearchAction","target":{"@type":"EntryPoint","urlTemplate":"https:\/\/www.autojm.fr\/blog\/?s={search_term_string}"},"query-input":{"@type":"PropertyValueSpecification","valueRequired":true,"valueName":"search_term_string"}}],"inLanguage":"fr-FR"},{"@type":"Organization","@id":"https:\/\/www.autojm.fr\/blog\/#organization","name":"AutoJM Mag","url":"https:\/\/www.autojm.fr\/blog\/","logo":{"@type":"ImageObject","inLanguage":"fr-FR","@id":"https:\/\/www.autojm.fr\/blog\/#\/schema\/logo\/image\/","url":"https:\/\/www.autojm.fr\/blog\/wp-content\/uploads\/2022\/12\/cropped-AutoJMag-png.png","contentUrl":"https:\/\/www.autojm.fr\/blog\/wp-content\/uploads\/2022\/12\/cropped-AutoJMag-png.png","width":2834,"height":585,"caption":"AutoJM Mag"},"image":{"@id":"https:\/\/www.autojm.fr\/blog\/#\/schema\/logo\/image\/"},"sameAs":["https:\/\/www.facebook.com\/AutoJM25"]},{"@type":"Person","@id":"https:\/\/www.autojm.fr\/blog\/#\/schema\/person\/1cc83a91548d88a62eb8cf06f562a72c","name":"Justine Tripard","image":{"@type":"ImageObject","inLanguage":"fr-FR","@id":"https:\/\/secure.gravatar.com\/avatar\/b8b45209a4cf0b7b127b9238ec348090e7302306d2485eeaab17b6761fe84991?s=96&d=mm&r=g","url":"https:\/\/secure.gravatar.com\/avatar\/b8b45209a4cf0b7b127b9238ec348090e7302306d2485eeaab17b6761fe84991?s=96&d=mm&r=g","contentUrl":"https:\/\/secure.gravatar.com\/avatar\/b8b45209a4cf0b7b127b9238ec348090e7302306d2485eeaab17b6761fe84991?s=96&d=mm&r=g","caption":"Justine Tripard"},"url":"https:\/\/www.autojm.fr\/blog\/author\/justine\/"}]}},"_links":{"self":[{"href":"https:\/\/www.autojm.fr\/blog\/wp-json\/wp\/v2\/posts\/19701","targetHints":{"allow":["GET"]}}],"collection":[{"href":"https:\/\/www.autojm.fr\/blog\/wp-json\/wp\/v2\/posts"}],"about":[{"href":"https:\/\/www.autojm.fr\/blog\/wp-json\/wp\/v2\/types\/post"}],"author":[{"embeddable":true,"href":"https:\/\/www.autojm.fr\/blog\/wp-json\/wp\/v2\/users\/6"}],"replies":[{"embeddable":true,"href":"https:\/\/www.autojm.fr\/blog\/wp-json\/wp\/v2\/comments?post=19701"}],"version-history":[{"count":7,"href":"https:\/\/www.autojm.fr\/blog\/wp-json\/wp\/v2\/posts\/19701\/revisions"}],"predecessor-version":[{"id":19719,"href":"https:\/\/www.autojm.fr\/blog\/wp-json\/wp\/v2\/posts\/19701\/revisions\/19719"}],"wp:featuredmedia":[{"embeddable":true,"href":"https:\/\/www.autojm.fr\/blog\/wp-json\/wp\/v2\/media\/19717"}],"wp:attachment":[{"href":"https:\/\/www.autojm.fr\/blog\/wp-json\/wp\/v2\/media?parent=19701"}],"wp:term":[{"taxonomy":"category","embeddable":true,"href":"https:\/\/www.autojm.fr\/blog\/wp-json\/wp\/v2\/categories?post=19701"},{"taxonomy":"post_tag","embeddable":true,"href":"https:\/\/www.autojm.fr\/blog\/wp-json\/wp\/v2\/tags?post=19701"}],"curies":[{"name":"wp","href":"https:\/\/api.w.org\/{rel}","templated":true}]}}