{"id":19679,"date":"2024-10-25T08:30:00","date_gmt":"2024-10-25T06:30:00","guid":{"rendered":"https:\/\/www.autojm.fr\/blog\/?p=19679"},"modified":"2024-10-17T17:04:15","modified_gmt":"2024-10-17T15:04:15","slug":"dacia-vs-citroen-la-guerre-des-prix-au-coeur-du-marche-automobile","status":"publish","type":"post","link":"https:\/\/www.autojm.fr\/blog\/dacia-vs-citroen-la-guerre-des-prix-au-coeur-du-marche-automobile\/","title":{"rendered":"Dacia vs Citro\u00ebn : la Guerre des Prix au C\u0153ur du March\u00e9 Automobile"},"content":{"rendered":"","protected":false},"excerpt":{"rendered":"<p>Le march\u00e9 automobile est en pleine mutation, avec une pression croissante pour offrir des voitures \u00e0 la fois accessibles et attrayantes. Deux marques se retrouvent au c\u0153ur de cette bataille : Dacia et Citro\u00ebn. Ces deux constructeurs jouent la carte du prix bas pour s\u00e9duire une client\u00e8le \u00e0 la recherche de v\u00e9hicules pratiques, abordables et adapt\u00e9s \u00e0 la r\u00e9alit\u00e9 \u00e9conomique actuelle. Si Dacia est depuis longtemps reconnue comme le roi du low-cost, Citro\u00ebn s\u2019affirme d\u00e9sormais comme un concurrent direct, notamment avec des mod\u00e8les accessibles comme la Citro\u00ebn C3. Mais comment ces deux marques se diff\u00e9rencient et quelles sont les strat\u00e9gies derri\u00e8re cette guerre des prix ?<\/p>\n","protected":false},"author":2,"featured_media":19695,"comment_status":"open","ping_status":"open","sticky":false,"template":"","format":"standard","meta":{"_acf_changed":false,"content-type":"","footnotes":""},"categories":[5,70,355],"tags":[90,79,74],"class_list":["post-19679","post","type-post","status-publish","format-standard","has-post-thumbnail","hentry","category-actualite-automobile","category-actualites-citroen","category-actualites-dacia","tag-autojm","tag-citroen","tag-dacia"],"acf":[],"yoast_head":"<!-- This site is optimized with the Yoast SEO plugin v27.5 - https:\/\/yoast.com\/product\/yoast-seo-wordpress\/ -->\n<title>Dacia vs Citro\u00ebn : la Guerre des Prix au C\u0153ur du March\u00e9 Automobile - AutoJM Mag<\/title>\n<meta name=\"description\" content=\"Le march\u00e9 auto est en pleine mutation, avec une pression croissante pour offrir des voitures \u00e0 la fois accessibles et attrayantes. Deux marques...\" \/>\n<meta name=\"robots\" content=\"index, follow, max-snippet:-1, max-image-preview:large, max-video-preview:-1\" \/>\n<link rel=\"canonical\" href=\"https:\/\/www.autojm.fr\/blog\/dacia-vs-citroen-la-guerre-des-prix-au-coeur-du-marche-automobile\/\" \/>\n<meta property=\"og:locale\" content=\"fr_FR\" \/>\n<meta property=\"og:type\" content=\"article\" \/>\n<meta property=\"og:title\" content=\"Dacia vs Citro\u00ebn : la Guerre des Prix au C\u0153ur du March\u00e9 Automobile - AutoJM Mag\" \/>\n<meta property=\"og:description\" content=\"Le march\u00e9 auto est en pleine mutation, avec une pression croissante pour offrir des voitures \u00e0 la fois accessibles et attrayantes. Deux marques...\" \/>\n<meta property=\"og:url\" content=\"https:\/\/www.autojm.fr\/blog\/dacia-vs-citroen-la-guerre-des-prix-au-coeur-du-marche-automobile\/\" \/>\n<meta property=\"og:site_name\" content=\"AutoJM Mag\" \/>\n<meta property=\"article:publisher\" content=\"https:\/\/www.facebook.com\/AutoJM25\" \/>\n<meta property=\"article:published_time\" content=\"2024-10-25T06:30:00+00:00\" \/>\n<meta property=\"og:image\" content=\"https:\/\/www.autojm.fr\/blog\/wp-content\/uploads\/2024\/10\/image-top-5.png\" \/>\n\t<meta property=\"og:image:width\" content=\"1000\" \/>\n\t<meta property=\"og:image:height\" content=\"500\" \/>\n\t<meta property=\"og:image:type\" content=\"image\/png\" \/>\n<meta name=\"author\" content=\"Aur\u00e9lia AutoJM\" \/>\n<meta name=\"twitter:card\" content=\"summary_large_image\" \/>\n<meta name=\"twitter:label1\" content=\"\u00c9crit par\" \/>\n\t<meta name=\"twitter:data1\" content=\"Aur\u00e9lia AutoJM\" \/>\n\t<meta name=\"twitter:label2\" content=\"Dur\u00e9e de lecture estim\u00e9e\" \/>\n\t<meta name=\"twitter:data2\" content=\"6 minutes\" \/>\n<script type=\"application\/ld+json\" class=\"yoast-schema-graph\">{\"@context\":\"https:\\\/\\\/schema.org\",\"@graph\":[{\"@type\":\"Article\",\"@id\":\"https:\\\/\\\/www.autojm.fr\\\/blog\\\/dacia-vs-citroen-la-guerre-des-prix-au-coeur-du-marche-automobile\\\/#article\",\"isPartOf\":{\"@id\":\"https:\\\/\\\/www.autojm.fr\\\/blog\\\/dacia-vs-citroen-la-guerre-des-prix-au-coeur-du-marche-automobile\\\/\"},\"author\":{\"name\":\"Aur\u00e9lia AutoJM\",\"@id\":\"https:\\\/\\\/www.autojm.fr\\\/blog\\\/#\\\/schema\\\/person\\\/e640a62bb6e669182918fd7871fe1ec5\"},\"headline\":\"Dacia vs Citro\u00ebn : la Guerre des Prix au C\u0153ur du March\u00e9 Automobile\",\"datePublished\":\"2024-10-25T06:30:00+00:00\",\"mainEntityOfPage\":{\"@id\":\"https:\\\/\\\/www.autojm.fr\\\/blog\\\/dacia-vs-citroen-la-guerre-des-prix-au-coeur-du-marche-automobile\\\/\"},\"wordCount\":14,\"commentCount\":0,\"publisher\":{\"@id\":\"https:\\\/\\\/www.autojm.fr\\\/blog\\\/#organization\"},\"image\":{\"@id\":\"https:\\\/\\\/www.autojm.fr\\\/blog\\\/dacia-vs-citroen-la-guerre-des-prix-au-coeur-du-marche-automobile\\\/#primaryimage\"},\"thumbnailUrl\":\"https:\\\/\\\/www.autojm.fr\\\/blog\\\/wp-content\\\/uploads\\\/2024\\\/10\\\/image-top-5.png\",\"keywords\":[\"autojm\",\"citroen\",\"dacia\"],\"articleSection\":[\"Actualit\u00e9 Automobile\",\"Actualit\u00e9s Citro\u00ebn\",\"Actualit\u00e9s Dacia\"],\"inLanguage\":\"fr-FR\",\"potentialAction\":[{\"@type\":\"CommentAction\",\"name\":\"Comment\",\"target\":[\"https:\\\/\\\/www.autojm.fr\\\/blog\\\/dacia-vs-citroen-la-guerre-des-prix-au-coeur-du-marche-automobile\\\/#respond\"]}]},{\"@type\":\"WebPage\",\"@id\":\"https:\\\/\\\/www.autojm.fr\\\/blog\\\/dacia-vs-citroen-la-guerre-des-prix-au-coeur-du-marche-automobile\\\/\",\"url\":\"https:\\\/\\\/www.autojm.fr\\\/blog\\\/dacia-vs-citroen-la-guerre-des-prix-au-coeur-du-marche-automobile\\\/\",\"name\":\"Dacia vs Citro\u00ebn : la Guerre des Prix au C\u0153ur du March\u00e9 Automobile - AutoJM Mag\",\"isPartOf\":{\"@id\":\"https:\\\/\\\/www.autojm.fr\\\/blog\\\/#website\"},\"primaryImageOfPage\":{\"@id\":\"https:\\\/\\\/www.autojm.fr\\\/blog\\\/dacia-vs-citroen-la-guerre-des-prix-au-coeur-du-marche-automobile\\\/#primaryimage\"},\"image\":{\"@id\":\"https:\\\/\\\/www.autojm.fr\\\/blog\\\/dacia-vs-citroen-la-guerre-des-prix-au-coeur-du-marche-automobile\\\/#primaryimage\"},\"thumbnailUrl\":\"https:\\\/\\\/www.autojm.fr\\\/blog\\\/wp-content\\\/uploads\\\/2024\\\/10\\\/image-top-5.png\",\"datePublished\":\"2024-10-25T06:30:00+00:00\",\"description\":\"Le march\u00e9 auto est en pleine mutation, avec une pression croissante pour offrir des voitures \u00e0 la fois accessibles et attrayantes. Deux marques...\",\"breadcrumb\":{\"@id\":\"https:\\\/\\\/www.autojm.fr\\\/blog\\\/dacia-vs-citroen-la-guerre-des-prix-au-coeur-du-marche-automobile\\\/#breadcrumb\"},\"inLanguage\":\"fr-FR\",\"potentialAction\":[{\"@type\":\"ReadAction\",\"target\":[\"https:\\\/\\\/www.autojm.fr\\\/blog\\\/dacia-vs-citroen-la-guerre-des-prix-au-coeur-du-marche-automobile\\\/\"]}]},{\"@type\":\"ImageObject\",\"inLanguage\":\"fr-FR\",\"@id\":\"https:\\\/\\\/www.autojm.fr\\\/blog\\\/dacia-vs-citroen-la-guerre-des-prix-au-coeur-du-marche-automobile\\\/#primaryimage\",\"url\":\"https:\\\/\\\/www.autojm.fr\\\/blog\\\/wp-content\\\/uploads\\\/2024\\\/10\\\/image-top-5.png\",\"contentUrl\":\"https:\\\/\\\/www.autojm.fr\\\/blog\\\/wp-content\\\/uploads\\\/2024\\\/10\\\/image-top-5.png\",\"width\":1000,\"height\":500,\"caption\":\"dacia vs citroen\"},{\"@type\":\"BreadcrumbList\",\"@id\":\"https:\\\/\\\/www.autojm.fr\\\/blog\\\/dacia-vs-citroen-la-guerre-des-prix-au-coeur-du-marche-automobile\\\/#breadcrumb\",\"itemListElement\":[{\"@type\":\"ListItem\",\"position\":1,\"name\":\"Accueil\",\"item\":\"https:\\\/\\\/www.autojm.fr\\\/blog\\\/\"},{\"@type\":\"ListItem\",\"position\":2,\"name\":\"Actualit\u00e9 Automobile\",\"item\":\"https:\\\/\\\/www.autojm.fr\\\/blog\\\/actualite-automobile\\\/\"},{\"@type\":\"ListItem\",\"position\":3,\"name\":\"Dacia vs Citro\u00ebn : la Guerre des Prix au C\u0153ur du March\u00e9 Automobile\"}]},{\"@type\":\"WebSite\",\"@id\":\"https:\\\/\\\/www.autojm.fr\\\/blog\\\/#website\",\"url\":\"https:\\\/\\\/www.autojm.fr\\\/blog\\\/\",\"name\":\"AutoJM Mag\",\"description\":\"Toute l&#039;actu auto en 1 clic !\",\"publisher\":{\"@id\":\"https:\\\/\\\/www.autojm.fr\\\/blog\\\/#organization\"},\"potentialAction\":[{\"@type\":\"SearchAction\",\"target\":{\"@type\":\"EntryPoint\",\"urlTemplate\":\"https:\\\/\\\/www.autojm.fr\\\/blog\\\/?s={search_term_string}\"},\"query-input\":{\"@type\":\"PropertyValueSpecification\",\"valueRequired\":true,\"valueName\":\"search_term_string\"}}],\"inLanguage\":\"fr-FR\"},{\"@type\":\"Organization\",\"@id\":\"https:\\\/\\\/www.autojm.fr\\\/blog\\\/#organization\",\"name\":\"AutoJM Mag\",\"url\":\"https:\\\/\\\/www.autojm.fr\\\/blog\\\/\",\"logo\":{\"@type\":\"ImageObject\",\"inLanguage\":\"fr-FR\",\"@id\":\"https:\\\/\\\/www.autojm.fr\\\/blog\\\/#\\\/schema\\\/logo\\\/image\\\/\",\"url\":\"https:\\\/\\\/www.autojm.fr\\\/blog\\\/wp-content\\\/uploads\\\/2022\\\/12\\\/cropped-AutoJMag-png.png\",\"contentUrl\":\"https:\\\/\\\/www.autojm.fr\\\/blog\\\/wp-content\\\/uploads\\\/2022\\\/12\\\/cropped-AutoJMag-png.png\",\"width\":2834,\"height\":585,\"caption\":\"AutoJM Mag\"},\"image\":{\"@id\":\"https:\\\/\\\/www.autojm.fr\\\/blog\\\/#\\\/schema\\\/logo\\\/image\\\/\"},\"sameAs\":[\"https:\\\/\\\/www.facebook.com\\\/AutoJM25\"]},{\"@type\":\"Person\",\"@id\":\"https:\\\/\\\/www.autojm.fr\\\/blog\\\/#\\\/schema\\\/person\\\/e640a62bb6e669182918fd7871fe1ec5\",\"name\":\"Aur\u00e9lia AutoJM\",\"image\":{\"@type\":\"ImageObject\",\"inLanguage\":\"fr-FR\",\"@id\":\"https:\\\/\\\/secure.gravatar.com\\\/avatar\\\/17404fe7ba867704dc53905b3aeb1f66282e3a23def617ff4d39a7130702f24b?s=96&d=mm&r=g\",\"url\":\"https:\\\/\\\/secure.gravatar.com\\\/avatar\\\/17404fe7ba867704dc53905b3aeb1f66282e3a23def617ff4d39a7130702f24b?s=96&d=mm&r=g\",\"contentUrl\":\"https:\\\/\\\/secure.gravatar.com\\\/avatar\\\/17404fe7ba867704dc53905b3aeb1f66282e3a23def617ff4d39a7130702f24b?s=96&d=mm&r=g\",\"caption\":\"Aur\u00e9lia AutoJM\"},\"url\":\"https:\\\/\\\/www.autojm.fr\\\/blog\\\/author\\\/autojm\\\/\"}]}<\/script>\n<!-- \/ Yoast SEO plugin. -->","yoast_head_json":{"title":"Dacia vs Citro\u00ebn : la Guerre des Prix au C\u0153ur du March\u00e9 Automobile - AutoJM Mag","description":"Le march\u00e9 auto est en pleine mutation, avec une pression croissante pour offrir des voitures \u00e0 la fois accessibles et attrayantes. Deux marques...","robots":{"index":"index","follow":"follow","max-snippet":"max-snippet:-1","max-image-preview":"max-image-preview:large","max-video-preview":"max-video-preview:-1"},"canonical":"https:\/\/www.autojm.fr\/blog\/dacia-vs-citroen-la-guerre-des-prix-au-coeur-du-marche-automobile\/","og_locale":"fr_FR","og_type":"article","og_title":"Dacia vs Citro\u00ebn : la Guerre des Prix au C\u0153ur du March\u00e9 Automobile - AutoJM Mag","og_description":"Le march\u00e9 auto est en pleine mutation, avec une pression croissante pour offrir des voitures \u00e0 la fois accessibles et attrayantes. Deux marques...","og_url":"https:\/\/www.autojm.fr\/blog\/dacia-vs-citroen-la-guerre-des-prix-au-coeur-du-marche-automobile\/","og_site_name":"AutoJM Mag","article_publisher":"https:\/\/www.facebook.com\/AutoJM25","article_published_time":"2024-10-25T06:30:00+00:00","og_image":[{"width":1000,"height":500,"url":"https:\/\/www.autojm.fr\/blog\/wp-content\/uploads\/2024\/10\/image-top-5.png","type":"image\/png"}],"author":"Aur\u00e9lia AutoJM","twitter_card":"summary_large_image","twitter_misc":{"\u00c9crit par":"Aur\u00e9lia AutoJM","Dur\u00e9e de lecture estim\u00e9e":"6 minutes"},"schema":{"@context":"https:\/\/schema.org","@graph":[{"@type":"Article","@id":"https:\/\/www.autojm.fr\/blog\/dacia-vs-citroen-la-guerre-des-prix-au-coeur-du-marche-automobile\/#article","isPartOf":{"@id":"https:\/\/www.autojm.fr\/blog\/dacia-vs-citroen-la-guerre-des-prix-au-coeur-du-marche-automobile\/"},"author":{"name":"Aur\u00e9lia AutoJM","@id":"https:\/\/www.autojm.fr\/blog\/#\/schema\/person\/e640a62bb6e669182918fd7871fe1ec5"},"headline":"Dacia vs Citro\u00ebn : la Guerre des Prix au C\u0153ur du March\u00e9 Automobile","datePublished":"2024-10-25T06:30:00+00:00","mainEntityOfPage":{"@id":"https:\/\/www.autojm.fr\/blog\/dacia-vs-citroen-la-guerre-des-prix-au-coeur-du-marche-automobile\/"},"wordCount":14,"commentCount":0,"publisher":{"@id":"https:\/\/www.autojm.fr\/blog\/#organization"},"image":{"@id":"https:\/\/www.autojm.fr\/blog\/dacia-vs-citroen-la-guerre-des-prix-au-coeur-du-marche-automobile\/#primaryimage"},"thumbnailUrl":"https:\/\/www.autojm.fr\/blog\/wp-content\/uploads\/2024\/10\/image-top-5.png","keywords":["autojm","citroen","dacia"],"articleSection":["Actualit\u00e9 Automobile","Actualit\u00e9s Citro\u00ebn","Actualit\u00e9s Dacia"],"inLanguage":"fr-FR","potentialAction":[{"@type":"CommentAction","name":"Comment","target":["https:\/\/www.autojm.fr\/blog\/dacia-vs-citroen-la-guerre-des-prix-au-coeur-du-marche-automobile\/#respond"]}]},{"@type":"WebPage","@id":"https:\/\/www.autojm.fr\/blog\/dacia-vs-citroen-la-guerre-des-prix-au-coeur-du-marche-automobile\/","url":"https:\/\/www.autojm.fr\/blog\/dacia-vs-citroen-la-guerre-des-prix-au-coeur-du-marche-automobile\/","name":"Dacia vs Citro\u00ebn : la Guerre des Prix au C\u0153ur du March\u00e9 Automobile - AutoJM Mag","isPartOf":{"@id":"https:\/\/www.autojm.fr\/blog\/#website"},"primaryImageOfPage":{"@id":"https:\/\/www.autojm.fr\/blog\/dacia-vs-citroen-la-guerre-des-prix-au-coeur-du-marche-automobile\/#primaryimage"},"image":{"@id":"https:\/\/www.autojm.fr\/blog\/dacia-vs-citroen-la-guerre-des-prix-au-coeur-du-marche-automobile\/#primaryimage"},"thumbnailUrl":"https:\/\/www.autojm.fr\/blog\/wp-content\/uploads\/2024\/10\/image-top-5.png","datePublished":"2024-10-25T06:30:00+00:00","description":"Le march\u00e9 auto est en pleine mutation, avec une pression croissante pour offrir des voitures \u00e0 la fois accessibles et attrayantes. Deux marques...","breadcrumb":{"@id":"https:\/\/www.autojm.fr\/blog\/dacia-vs-citroen-la-guerre-des-prix-au-coeur-du-marche-automobile\/#breadcrumb"},"inLanguage":"fr-FR","potentialAction":[{"@type":"ReadAction","target":["https:\/\/www.autojm.fr\/blog\/dacia-vs-citroen-la-guerre-des-prix-au-coeur-du-marche-automobile\/"]}]},{"@type":"ImageObject","inLanguage":"fr-FR","@id":"https:\/\/www.autojm.fr\/blog\/dacia-vs-citroen-la-guerre-des-prix-au-coeur-du-marche-automobile\/#primaryimage","url":"https:\/\/www.autojm.fr\/blog\/wp-content\/uploads\/2024\/10\/image-top-5.png","contentUrl":"https:\/\/www.autojm.fr\/blog\/wp-content\/uploads\/2024\/10\/image-top-5.png","width":1000,"height":500,"caption":"dacia vs citroen"},{"@type":"BreadcrumbList","@id":"https:\/\/www.autojm.fr\/blog\/dacia-vs-citroen-la-guerre-des-prix-au-coeur-du-marche-automobile\/#breadcrumb","itemListElement":[{"@type":"ListItem","position":1,"name":"Accueil","item":"https:\/\/www.autojm.fr\/blog\/"},{"@type":"ListItem","position":2,"name":"Actualit\u00e9 Automobile","item":"https:\/\/www.autojm.fr\/blog\/actualite-automobile\/"},{"@type":"ListItem","position":3,"name":"Dacia vs Citro\u00ebn : la Guerre des Prix au C\u0153ur du March\u00e9 Automobile"}]},{"@type":"WebSite","@id":"https:\/\/www.autojm.fr\/blog\/#website","url":"https:\/\/www.autojm.fr\/blog\/","name":"AutoJM Mag","description":"Toute l&#039;actu auto en 1 clic !","publisher":{"@id":"https:\/\/www.autojm.fr\/blog\/#organization"},"potentialAction":[{"@type":"SearchAction","target":{"@type":"EntryPoint","urlTemplate":"https:\/\/www.autojm.fr\/blog\/?s={search_term_string}"},"query-input":{"@type":"PropertyValueSpecification","valueRequired":true,"valueName":"search_term_string"}}],"inLanguage":"fr-FR"},{"@type":"Organization","@id":"https:\/\/www.autojm.fr\/blog\/#organization","name":"AutoJM Mag","url":"https:\/\/www.autojm.fr\/blog\/","logo":{"@type":"ImageObject","inLanguage":"fr-FR","@id":"https:\/\/www.autojm.fr\/blog\/#\/schema\/logo\/image\/","url":"https:\/\/www.autojm.fr\/blog\/wp-content\/uploads\/2022\/12\/cropped-AutoJMag-png.png","contentUrl":"https:\/\/www.autojm.fr\/blog\/wp-content\/uploads\/2022\/12\/cropped-AutoJMag-png.png","width":2834,"height":585,"caption":"AutoJM Mag"},"image":{"@id":"https:\/\/www.autojm.fr\/blog\/#\/schema\/logo\/image\/"},"sameAs":["https:\/\/www.facebook.com\/AutoJM25"]},{"@type":"Person","@id":"https:\/\/www.autojm.fr\/blog\/#\/schema\/person\/e640a62bb6e669182918fd7871fe1ec5","name":"Aur\u00e9lia AutoJM","image":{"@type":"ImageObject","inLanguage":"fr-FR","@id":"https:\/\/secure.gravatar.com\/avatar\/17404fe7ba867704dc53905b3aeb1f66282e3a23def617ff4d39a7130702f24b?s=96&d=mm&r=g","url":"https:\/\/secure.gravatar.com\/avatar\/17404fe7ba867704dc53905b3aeb1f66282e3a23def617ff4d39a7130702f24b?s=96&d=mm&r=g","contentUrl":"https:\/\/secure.gravatar.com\/avatar\/17404fe7ba867704dc53905b3aeb1f66282e3a23def617ff4d39a7130702f24b?s=96&d=mm&r=g","caption":"Aur\u00e9lia AutoJM"},"url":"https:\/\/www.autojm.fr\/blog\/author\/autojm\/"}]}},"_links":{"self":[{"href":"https:\/\/www.autojm.fr\/blog\/wp-json\/wp\/v2\/posts\/19679","targetHints":{"allow":["GET"]}}],"collection":[{"href":"https:\/\/www.autojm.fr\/blog\/wp-json\/wp\/v2\/posts"}],"about":[{"href":"https:\/\/www.autojm.fr\/blog\/wp-json\/wp\/v2\/types\/post"}],"author":[{"embeddable":true,"href":"https:\/\/www.autojm.fr\/blog\/wp-json\/wp\/v2\/users\/2"}],"replies":[{"embeddable":true,"href":"https:\/\/www.autojm.fr\/blog\/wp-json\/wp\/v2\/comments?post=19679"}],"version-history":[{"count":4,"href":"https:\/\/www.autojm.fr\/blog\/wp-json\/wp\/v2\/posts\/19679\/revisions"}],"predecessor-version":[{"id":19693,"href":"https:\/\/www.autojm.fr\/blog\/wp-json\/wp\/v2\/posts\/19679\/revisions\/19693"}],"wp:featuredmedia":[{"embeddable":true,"href":"https:\/\/www.autojm.fr\/blog\/wp-json\/wp\/v2\/media\/19695"}],"wp:attachment":[{"href":"https:\/\/www.autojm.fr\/blog\/wp-json\/wp\/v2\/media?parent=19679"}],"wp:term":[{"taxonomy":"category","embeddable":true,"href":"https:\/\/www.autojm.fr\/blog\/wp-json\/wp\/v2\/categories?post=19679"},{"taxonomy":"post_tag","embeddable":true,"href":"https:\/\/www.autojm.fr\/blog\/wp-json\/wp\/v2\/tags?post=19679"}],"curies":[{"name":"wp","href":"https:\/\/api.w.org\/{rel}","templated":true}]}}