{"id":19579,"date":"2024-10-11T09:00:00","date_gmt":"2024-10-11T07:00:00","guid":{"rendered":"https:\/\/www.autojm.fr\/blog\/?p=19579"},"modified":"2024-10-11T10:09:09","modified_gmt":"2024-10-11T08:09:09","slug":"quelles-restrictions-pour-les-automobilistes-parisiens-a-partir-doctobre","status":"publish","type":"post","link":"https:\/\/www.autojm.fr\/blog\/quelles-restrictions-pour-les-automobilistes-parisiens-a-partir-doctobre\/","title":{"rendered":"Quelles restrictions pour les automobilistes parisiens \u00e0 partir d&rsquo;octobre ?\u00a0"},"content":{"rendered":"","protected":false},"excerpt":{"rendered":"<p>P\u00e9riph\u00e9rique \u00e0 50km\/h, hausse du prix du stationnement pour les SUV, fin de vente du diesel en station-service&#8230; Voici les nouvelles mesures instaur\u00e9es \u00e0 Paris et ses environs. Des changements qui ne font pas forc\u00e9ment la joie des automobilistes de la r\u00e9gion parisienne. Faisons le point sur ces nouvelles restrictions. <\/p>\n","protected":false},"author":6,"featured_media":19585,"comment_status":"open","ping_status":"open","sticky":false,"template":"","format":"standard","meta":{"_acf_changed":false,"content-type":"","footnotes":""},"categories":[5],"tags":[397,411,415,79,413,105,401,409,73,407,419,417,399,405,403],"class_list":["post-19579","post","type-post","status-publish","format-standard","has-post-thumbnail","hentry","category-actualite-automobile","tag-automobile","tag-automobilistes","tag-carburant","tag-citroen","tag-diesel","tag-ds","tag-paris","tag-peripherique","tag-peugeot","tag-restrictions","tag-station-service","tag-stationnement","tag-suv","tag-vehicules","tag-voitures"],"acf":[],"yoast_head":"<!-- This site is optimized with the Yoast SEO plugin v27.5 - https:\/\/yoast.com\/product\/yoast-seo-wordpress\/ -->\n<title>Quelles restrictions pour les automobilistes parisiens \u00e0 partir d&#039;octobre ?\u00a0<\/title>\n<meta name=\"description\" content=\"P\u00e9riph\u00e9rique \u00e0 50km\/h, hausse du prix du stationnement pour les SUV... Voici les nouvelles restrictions...\" \/>\n<meta name=\"robots\" content=\"index, follow, max-snippet:-1, max-image-preview:large, max-video-preview:-1\" \/>\n<link rel=\"canonical\" href=\"https:\/\/www.autojm.fr\/blog\/quelles-restrictions-pour-les-automobilistes-parisiens-a-partir-doctobre\/\" \/>\n<meta property=\"og:locale\" content=\"fr_FR\" \/>\n<meta property=\"og:type\" content=\"article\" \/>\n<meta property=\"og:title\" content=\"Quelles restrictions pour les automobilistes parisiens \u00e0 partir d&#039;octobre ?\u00a0\" \/>\n<meta property=\"og:description\" content=\"P\u00e9riph\u00e9rique \u00e0 50km\/h, hausse du prix du stationnement pour les SUV... Voici les nouvelles restrictions...\" \/>\n<meta property=\"og:url\" content=\"https:\/\/www.autojm.fr\/blog\/quelles-restrictions-pour-les-automobilistes-parisiens-a-partir-doctobre\/\" \/>\n<meta property=\"og:site_name\" content=\"AutoJM Mag\" \/>\n<meta property=\"article:publisher\" content=\"https:\/\/www.facebook.com\/AutoJM25\" \/>\n<meta property=\"article:published_time\" content=\"2024-10-11T07:00:00+00:00\" \/>\n<meta property=\"article:modified_time\" content=\"2024-10-11T08:09:09+00:00\" \/>\n<meta property=\"og:image\" content=\"https:\/\/www.autojm.fr\/blog\/wp-content\/uploads\/2024\/10\/image-top-3.png\" \/>\n\t<meta property=\"og:image:width\" content=\"1000\" \/>\n\t<meta property=\"og:image:height\" content=\"500\" \/>\n\t<meta property=\"og:image:type\" content=\"image\/png\" \/>\n<meta name=\"author\" content=\"Justine Tripard\" \/>\n<meta name=\"twitter:card\" content=\"summary_large_image\" \/>\n<meta name=\"twitter:label1\" content=\"\u00c9crit par\" \/>\n\t<meta name=\"twitter:data1\" content=\"Justine Tripard\" \/>\n\t<meta name=\"twitter:label2\" content=\"Dur\u00e9e de lecture estim\u00e9e\" \/>\n\t<meta name=\"twitter:data2\" content=\"6 minutes\" \/>\n<script type=\"application\/ld+json\" class=\"yoast-schema-graph\">{\"@context\":\"https:\\\/\\\/schema.org\",\"@graph\":[{\"@type\":\"Article\",\"@id\":\"https:\\\/\\\/www.autojm.fr\\\/blog\\\/quelles-restrictions-pour-les-automobilistes-parisiens-a-partir-doctobre\\\/#article\",\"isPartOf\":{\"@id\":\"https:\\\/\\\/www.autojm.fr\\\/blog\\\/quelles-restrictions-pour-les-automobilistes-parisiens-a-partir-doctobre\\\/\"},\"author\":{\"name\":\"Justine Tripard\",\"@id\":\"https:\\\/\\\/www.autojm.fr\\\/blog\\\/#\\\/schema\\\/person\\\/1cc83a91548d88a62eb8cf06f562a72c\"},\"headline\":\"Quelles restrictions pour les automobilistes parisiens \u00e0 partir d&rsquo;octobre ?\u00a0\",\"datePublished\":\"2024-10-11T07:00:00+00:00\",\"dateModified\":\"2024-10-11T08:09:09+00:00\",\"mainEntityOfPage\":{\"@id\":\"https:\\\/\\\/www.autojm.fr\\\/blog\\\/quelles-restrictions-pour-les-automobilistes-parisiens-a-partir-doctobre\\\/\"},\"wordCount\":8,\"commentCount\":0,\"publisher\":{\"@id\":\"https:\\\/\\\/www.autojm.fr\\\/blog\\\/#organization\"},\"image\":{\"@id\":\"https:\\\/\\\/www.autojm.fr\\\/blog\\\/quelles-restrictions-pour-les-automobilistes-parisiens-a-partir-doctobre\\\/#primaryimage\"},\"thumbnailUrl\":\"https:\\\/\\\/www.autojm.fr\\\/blog\\\/wp-content\\\/uploads\\\/2024\\\/10\\\/image-top-3.png\",\"keywords\":[\"automobile\",\"automobilistes\",\"carburant\",\"citroen\",\"diesel\",\"DS\",\"paris\",\"peripherique\",\"peugeot\",\"restrictions\",\"station-service\",\"stationnement\",\"suv\",\"vehicules\",\"voitures\"],\"articleSection\":[\"Actualit\u00e9 Automobile\"],\"inLanguage\":\"fr-FR\",\"potentialAction\":[{\"@type\":\"CommentAction\",\"name\":\"Comment\",\"target\":[\"https:\\\/\\\/www.autojm.fr\\\/blog\\\/quelles-restrictions-pour-les-automobilistes-parisiens-a-partir-doctobre\\\/#respond\"]}]},{\"@type\":\"WebPage\",\"@id\":\"https:\\\/\\\/www.autojm.fr\\\/blog\\\/quelles-restrictions-pour-les-automobilistes-parisiens-a-partir-doctobre\\\/\",\"url\":\"https:\\\/\\\/www.autojm.fr\\\/blog\\\/quelles-restrictions-pour-les-automobilistes-parisiens-a-partir-doctobre\\\/\",\"name\":\"Quelles restrictions pour les automobilistes parisiens \u00e0 partir d'octobre ?\u00a0\",\"isPartOf\":{\"@id\":\"https:\\\/\\\/www.autojm.fr\\\/blog\\\/#website\"},\"primaryImageOfPage\":{\"@id\":\"https:\\\/\\\/www.autojm.fr\\\/blog\\\/quelles-restrictions-pour-les-automobilistes-parisiens-a-partir-doctobre\\\/#primaryimage\"},\"image\":{\"@id\":\"https:\\\/\\\/www.autojm.fr\\\/blog\\\/quelles-restrictions-pour-les-automobilistes-parisiens-a-partir-doctobre\\\/#primaryimage\"},\"thumbnailUrl\":\"https:\\\/\\\/www.autojm.fr\\\/blog\\\/wp-content\\\/uploads\\\/2024\\\/10\\\/image-top-3.png\",\"datePublished\":\"2024-10-11T07:00:00+00:00\",\"dateModified\":\"2024-10-11T08:09:09+00:00\",\"description\":\"P\u00e9riph\u00e9rique \u00e0 50km\\\/h, hausse du prix du stationnement pour les SUV... Voici les nouvelles restrictions...\",\"breadcrumb\":{\"@id\":\"https:\\\/\\\/www.autojm.fr\\\/blog\\\/quelles-restrictions-pour-les-automobilistes-parisiens-a-partir-doctobre\\\/#breadcrumb\"},\"inLanguage\":\"fr-FR\",\"potentialAction\":[{\"@type\":\"ReadAction\",\"target\":[\"https:\\\/\\\/www.autojm.fr\\\/blog\\\/quelles-restrictions-pour-les-automobilistes-parisiens-a-partir-doctobre\\\/\"]}]},{\"@type\":\"ImageObject\",\"inLanguage\":\"fr-FR\",\"@id\":\"https:\\\/\\\/www.autojm.fr\\\/blog\\\/quelles-restrictions-pour-les-automobilistes-parisiens-a-partir-doctobre\\\/#primaryimage\",\"url\":\"https:\\\/\\\/www.autojm.fr\\\/blog\\\/wp-content\\\/uploads\\\/2024\\\/10\\\/image-top-3.png\",\"contentUrl\":\"https:\\\/\\\/www.autojm.fr\\\/blog\\\/wp-content\\\/uploads\\\/2024\\\/10\\\/image-top-3.png\",\"width\":1000,\"height\":500,\"caption\":\"restrictions paris\"},{\"@type\":\"BreadcrumbList\",\"@id\":\"https:\\\/\\\/www.autojm.fr\\\/blog\\\/quelles-restrictions-pour-les-automobilistes-parisiens-a-partir-doctobre\\\/#breadcrumb\",\"itemListElement\":[{\"@type\":\"ListItem\",\"position\":1,\"name\":\"Accueil\",\"item\":\"https:\\\/\\\/www.autojm.fr\\\/blog\\\/\"},{\"@type\":\"ListItem\",\"position\":2,\"name\":\"Actualit\u00e9 Automobile\",\"item\":\"https:\\\/\\\/www.autojm.fr\\\/blog\\\/actualite-automobile\\\/\"},{\"@type\":\"ListItem\",\"position\":3,\"name\":\"Quelles restrictions pour les automobilistes parisiens \u00e0 partir d&rsquo;octobre ?\u00a0\"}]},{\"@type\":\"WebSite\",\"@id\":\"https:\\\/\\\/www.autojm.fr\\\/blog\\\/#website\",\"url\":\"https:\\\/\\\/www.autojm.fr\\\/blog\\\/\",\"name\":\"AutoJM Mag\",\"description\":\"Toute l&#039;actu auto en 1 clic !\",\"publisher\":{\"@id\":\"https:\\\/\\\/www.autojm.fr\\\/blog\\\/#organization\"},\"potentialAction\":[{\"@type\":\"SearchAction\",\"target\":{\"@type\":\"EntryPoint\",\"urlTemplate\":\"https:\\\/\\\/www.autojm.fr\\\/blog\\\/?s={search_term_string}\"},\"query-input\":{\"@type\":\"PropertyValueSpecification\",\"valueRequired\":true,\"valueName\":\"search_term_string\"}}],\"inLanguage\":\"fr-FR\"},{\"@type\":\"Organization\",\"@id\":\"https:\\\/\\\/www.autojm.fr\\\/blog\\\/#organization\",\"name\":\"AutoJM Mag\",\"url\":\"https:\\\/\\\/www.autojm.fr\\\/blog\\\/\",\"logo\":{\"@type\":\"ImageObject\",\"inLanguage\":\"fr-FR\",\"@id\":\"https:\\\/\\\/www.autojm.fr\\\/blog\\\/#\\\/schema\\\/logo\\\/image\\\/\",\"url\":\"https:\\\/\\\/www.autojm.fr\\\/blog\\\/wp-content\\\/uploads\\\/2022\\\/12\\\/cropped-AutoJMag-png.png\",\"contentUrl\":\"https:\\\/\\\/www.autojm.fr\\\/blog\\\/wp-content\\\/uploads\\\/2022\\\/12\\\/cropped-AutoJMag-png.png\",\"width\":2834,\"height\":585,\"caption\":\"AutoJM Mag\"},\"image\":{\"@id\":\"https:\\\/\\\/www.autojm.fr\\\/blog\\\/#\\\/schema\\\/logo\\\/image\\\/\"},\"sameAs\":[\"https:\\\/\\\/www.facebook.com\\\/AutoJM25\"]},{\"@type\":\"Person\",\"@id\":\"https:\\\/\\\/www.autojm.fr\\\/blog\\\/#\\\/schema\\\/person\\\/1cc83a91548d88a62eb8cf06f562a72c\",\"name\":\"Justine Tripard\",\"image\":{\"@type\":\"ImageObject\",\"inLanguage\":\"fr-FR\",\"@id\":\"https:\\\/\\\/secure.gravatar.com\\\/avatar\\\/b8b45209a4cf0b7b127b9238ec348090e7302306d2485eeaab17b6761fe84991?s=96&d=mm&r=g\",\"url\":\"https:\\\/\\\/secure.gravatar.com\\\/avatar\\\/b8b45209a4cf0b7b127b9238ec348090e7302306d2485eeaab17b6761fe84991?s=96&d=mm&r=g\",\"contentUrl\":\"https:\\\/\\\/secure.gravatar.com\\\/avatar\\\/b8b45209a4cf0b7b127b9238ec348090e7302306d2485eeaab17b6761fe84991?s=96&d=mm&r=g\",\"caption\":\"Justine Tripard\"},\"url\":\"https:\\\/\\\/www.autojm.fr\\\/blog\\\/author\\\/justine\\\/\"}]}<\/script>\n<!-- \/ Yoast SEO plugin. -->","yoast_head_json":{"title":"Quelles restrictions pour les automobilistes parisiens \u00e0 partir d'octobre ?\u00a0","description":"P\u00e9riph\u00e9rique \u00e0 50km\/h, hausse du prix du stationnement pour les SUV... Voici les nouvelles restrictions...","robots":{"index":"index","follow":"follow","max-snippet":"max-snippet:-1","max-image-preview":"max-image-preview:large","max-video-preview":"max-video-preview:-1"},"canonical":"https:\/\/www.autojm.fr\/blog\/quelles-restrictions-pour-les-automobilistes-parisiens-a-partir-doctobre\/","og_locale":"fr_FR","og_type":"article","og_title":"Quelles restrictions pour les automobilistes parisiens \u00e0 partir d'octobre ?\u00a0","og_description":"P\u00e9riph\u00e9rique \u00e0 50km\/h, hausse du prix du stationnement pour les SUV... Voici les nouvelles restrictions...","og_url":"https:\/\/www.autojm.fr\/blog\/quelles-restrictions-pour-les-automobilistes-parisiens-a-partir-doctobre\/","og_site_name":"AutoJM Mag","article_publisher":"https:\/\/www.facebook.com\/AutoJM25","article_published_time":"2024-10-11T07:00:00+00:00","article_modified_time":"2024-10-11T08:09:09+00:00","og_image":[{"width":1000,"height":500,"url":"https:\/\/www.autojm.fr\/blog\/wp-content\/uploads\/2024\/10\/image-top-3.png","type":"image\/png"}],"author":"Justine Tripard","twitter_card":"summary_large_image","twitter_misc":{"\u00c9crit par":"Justine Tripard","Dur\u00e9e de lecture estim\u00e9e":"6 minutes"},"schema":{"@context":"https:\/\/schema.org","@graph":[{"@type":"Article","@id":"https:\/\/www.autojm.fr\/blog\/quelles-restrictions-pour-les-automobilistes-parisiens-a-partir-doctobre\/#article","isPartOf":{"@id":"https:\/\/www.autojm.fr\/blog\/quelles-restrictions-pour-les-automobilistes-parisiens-a-partir-doctobre\/"},"author":{"name":"Justine Tripard","@id":"https:\/\/www.autojm.fr\/blog\/#\/schema\/person\/1cc83a91548d88a62eb8cf06f562a72c"},"headline":"Quelles restrictions pour les automobilistes parisiens \u00e0 partir d&rsquo;octobre ?\u00a0","datePublished":"2024-10-11T07:00:00+00:00","dateModified":"2024-10-11T08:09:09+00:00","mainEntityOfPage":{"@id":"https:\/\/www.autojm.fr\/blog\/quelles-restrictions-pour-les-automobilistes-parisiens-a-partir-doctobre\/"},"wordCount":8,"commentCount":0,"publisher":{"@id":"https:\/\/www.autojm.fr\/blog\/#organization"},"image":{"@id":"https:\/\/www.autojm.fr\/blog\/quelles-restrictions-pour-les-automobilistes-parisiens-a-partir-doctobre\/#primaryimage"},"thumbnailUrl":"https:\/\/www.autojm.fr\/blog\/wp-content\/uploads\/2024\/10\/image-top-3.png","keywords":["automobile","automobilistes","carburant","citroen","diesel","DS","paris","peripherique","peugeot","restrictions","station-service","stationnement","suv","vehicules","voitures"],"articleSection":["Actualit\u00e9 Automobile"],"inLanguage":"fr-FR","potentialAction":[{"@type":"CommentAction","name":"Comment","target":["https:\/\/www.autojm.fr\/blog\/quelles-restrictions-pour-les-automobilistes-parisiens-a-partir-doctobre\/#respond"]}]},{"@type":"WebPage","@id":"https:\/\/www.autojm.fr\/blog\/quelles-restrictions-pour-les-automobilistes-parisiens-a-partir-doctobre\/","url":"https:\/\/www.autojm.fr\/blog\/quelles-restrictions-pour-les-automobilistes-parisiens-a-partir-doctobre\/","name":"Quelles restrictions pour les automobilistes parisiens \u00e0 partir d'octobre ?\u00a0","isPartOf":{"@id":"https:\/\/www.autojm.fr\/blog\/#website"},"primaryImageOfPage":{"@id":"https:\/\/www.autojm.fr\/blog\/quelles-restrictions-pour-les-automobilistes-parisiens-a-partir-doctobre\/#primaryimage"},"image":{"@id":"https:\/\/www.autojm.fr\/blog\/quelles-restrictions-pour-les-automobilistes-parisiens-a-partir-doctobre\/#primaryimage"},"thumbnailUrl":"https:\/\/www.autojm.fr\/blog\/wp-content\/uploads\/2024\/10\/image-top-3.png","datePublished":"2024-10-11T07:00:00+00:00","dateModified":"2024-10-11T08:09:09+00:00","description":"P\u00e9riph\u00e9rique \u00e0 50km\/h, hausse du prix du stationnement pour les SUV... Voici les nouvelles restrictions...","breadcrumb":{"@id":"https:\/\/www.autojm.fr\/blog\/quelles-restrictions-pour-les-automobilistes-parisiens-a-partir-doctobre\/#breadcrumb"},"inLanguage":"fr-FR","potentialAction":[{"@type":"ReadAction","target":["https:\/\/www.autojm.fr\/blog\/quelles-restrictions-pour-les-automobilistes-parisiens-a-partir-doctobre\/"]}]},{"@type":"ImageObject","inLanguage":"fr-FR","@id":"https:\/\/www.autojm.fr\/blog\/quelles-restrictions-pour-les-automobilistes-parisiens-a-partir-doctobre\/#primaryimage","url":"https:\/\/www.autojm.fr\/blog\/wp-content\/uploads\/2024\/10\/image-top-3.png","contentUrl":"https:\/\/www.autojm.fr\/blog\/wp-content\/uploads\/2024\/10\/image-top-3.png","width":1000,"height":500,"caption":"restrictions paris"},{"@type":"BreadcrumbList","@id":"https:\/\/www.autojm.fr\/blog\/quelles-restrictions-pour-les-automobilistes-parisiens-a-partir-doctobre\/#breadcrumb","itemListElement":[{"@type":"ListItem","position":1,"name":"Accueil","item":"https:\/\/www.autojm.fr\/blog\/"},{"@type":"ListItem","position":2,"name":"Actualit\u00e9 Automobile","item":"https:\/\/www.autojm.fr\/blog\/actualite-automobile\/"},{"@type":"ListItem","position":3,"name":"Quelles restrictions pour les automobilistes parisiens \u00e0 partir d&rsquo;octobre ?\u00a0"}]},{"@type":"WebSite","@id":"https:\/\/www.autojm.fr\/blog\/#website","url":"https:\/\/www.autojm.fr\/blog\/","name":"AutoJM Mag","description":"Toute l&#039;actu auto en 1 clic !","publisher":{"@id":"https:\/\/www.autojm.fr\/blog\/#organization"},"potentialAction":[{"@type":"SearchAction","target":{"@type":"EntryPoint","urlTemplate":"https:\/\/www.autojm.fr\/blog\/?s={search_term_string}"},"query-input":{"@type":"PropertyValueSpecification","valueRequired":true,"valueName":"search_term_string"}}],"inLanguage":"fr-FR"},{"@type":"Organization","@id":"https:\/\/www.autojm.fr\/blog\/#organization","name":"AutoJM Mag","url":"https:\/\/www.autojm.fr\/blog\/","logo":{"@type":"ImageObject","inLanguage":"fr-FR","@id":"https:\/\/www.autojm.fr\/blog\/#\/schema\/logo\/image\/","url":"https:\/\/www.autojm.fr\/blog\/wp-content\/uploads\/2022\/12\/cropped-AutoJMag-png.png","contentUrl":"https:\/\/www.autojm.fr\/blog\/wp-content\/uploads\/2022\/12\/cropped-AutoJMag-png.png","width":2834,"height":585,"caption":"AutoJM Mag"},"image":{"@id":"https:\/\/www.autojm.fr\/blog\/#\/schema\/logo\/image\/"},"sameAs":["https:\/\/www.facebook.com\/AutoJM25"]},{"@type":"Person","@id":"https:\/\/www.autojm.fr\/blog\/#\/schema\/person\/1cc83a91548d88a62eb8cf06f562a72c","name":"Justine Tripard","image":{"@type":"ImageObject","inLanguage":"fr-FR","@id":"https:\/\/secure.gravatar.com\/avatar\/b8b45209a4cf0b7b127b9238ec348090e7302306d2485eeaab17b6761fe84991?s=96&d=mm&r=g","url":"https:\/\/secure.gravatar.com\/avatar\/b8b45209a4cf0b7b127b9238ec348090e7302306d2485eeaab17b6761fe84991?s=96&d=mm&r=g","contentUrl":"https:\/\/secure.gravatar.com\/avatar\/b8b45209a4cf0b7b127b9238ec348090e7302306d2485eeaab17b6761fe84991?s=96&d=mm&r=g","caption":"Justine Tripard"},"url":"https:\/\/www.autojm.fr\/blog\/author\/justine\/"}]}},"_links":{"self":[{"href":"https:\/\/www.autojm.fr\/blog\/wp-json\/wp\/v2\/posts\/19579","targetHints":{"allow":["GET"]}}],"collection":[{"href":"https:\/\/www.autojm.fr\/blog\/wp-json\/wp\/v2\/posts"}],"about":[{"href":"https:\/\/www.autojm.fr\/blog\/wp-json\/wp\/v2\/types\/post"}],"author":[{"embeddable":true,"href":"https:\/\/www.autojm.fr\/blog\/wp-json\/wp\/v2\/users\/6"}],"replies":[{"embeddable":true,"href":"https:\/\/www.autojm.fr\/blog\/wp-json\/wp\/v2\/comments?post=19579"}],"version-history":[{"count":18,"href":"https:\/\/www.autojm.fr\/blog\/wp-json\/wp\/v2\/posts\/19579\/revisions"}],"predecessor-version":[{"id":19626,"href":"https:\/\/www.autojm.fr\/blog\/wp-json\/wp\/v2\/posts\/19579\/revisions\/19626"}],"wp:featuredmedia":[{"embeddable":true,"href":"https:\/\/www.autojm.fr\/blog\/wp-json\/wp\/v2\/media\/19585"}],"wp:attachment":[{"href":"https:\/\/www.autojm.fr\/blog\/wp-json\/wp\/v2\/media?parent=19579"}],"wp:term":[{"taxonomy":"category","embeddable":true,"href":"https:\/\/www.autojm.fr\/blog\/wp-json\/wp\/v2\/categories?post=19579"},{"taxonomy":"post_tag","embeddable":true,"href":"https:\/\/www.autojm.fr\/blog\/wp-json\/wp\/v2\/tags?post=19579"}],"curies":[{"name":"wp","href":"https:\/\/api.w.org\/{rel}","templated":true}]}}