{"id":19206,"date":"2024-09-17T11:25:33","date_gmt":"2024-09-17T11:25:33","guid":{"rendered":"https:\/\/www.autojm.fr\/blog\/?p=19206"},"modified":"2024-09-17T11:30:43","modified_gmt":"2024-09-17T11:30:43","slug":"vehicules-electriques-le-passeport-de-batterie-instaure-en-2027","status":"publish","type":"post","link":"https:\/\/www.autojm.fr\/blog\/vehicules-electriques-le-passeport-de-batterie-instaure-en-2027\/","title":{"rendered":"V\u00e9hicules \u00e9lectriques : le passeport de batterie instaur\u00e9 en 2027\u00a0"},"content":{"rendered":"","protected":false},"excerpt":{"rendered":"<p>Afin de suivre la provenance et l\u2019\u00e9volution des batteries de v\u00e9hicules \u00e9lectriques, l\u2019Union europ\u00e9enne a d\u00e9cid\u00e9 de mettre en place \u00e0 partir de 2027 un passeport num\u00e9rique pour chaque mod\u00e8le vendu sur le Vieux Continent. Une identification unique qui permettra de suivre l\u2019historique des batteries et de favoriser la revente sur le march\u00e9 de l\u2019occasion. <\/p>\n","protected":false},"author":6,"featured_media":19208,"comment_status":"open","ping_status":"open","sticky":false,"template":"","format":"standard","meta":{"_acf_changed":false,"content-type":"","footnotes":""},"categories":[5],"tags":[88,336,333,314,91,103,318,90,271,301,188,87,79,331,105,368,135,102,150,110,109,259,106,80,242,384,107,73,78,174,193,81,169,96,270],"class_list":["post-19206","post","type-post","status-publish","format-standard","has-post-thumbnail","hentry","category-actualite-automobile","tag-88","tag-336","tag-333","tag-314","tag-arkana","tag-audi","tag-austral","tag-autojm","tag-bmw","tag-c3","tag-c5-aircross","tag-captur","tag-citroen","tag-clio","tag-ds","tag-ds-7","tag-ds3","tag-ds4","tag-ds7-crossback","tag-fiat","tag-ford","tag-hyundai","tag-kia","tag-leon-sportstourer","tag-mazda","tag-mini","tag-opel","tag-peugeot","tag-renault","tag-seat","tag-skoda","tag-t-roc","tag-toyota","tag-volkswagen","tag-volvo"],"acf":[],"yoast_head":"<!-- This site is optimized with the Yoast SEO plugin v27.5 - https:\/\/yoast.com\/product\/yoast-seo-wordpress\/ -->\n<title>V\u00e9hicules \u00e9lectriques : le passeport de batterie instaur\u00e9 en 2027\u00a0 - AutoJM Mag<\/title>\n<meta name=\"description\" content=\"Afin de suivre la provenance et l\u2019\u00e9volution des batteries de v\u00e9hicules \u00e9lectriques, l\u2019Union europ\u00e9enne a d\u00e9cid\u00e9 de mettre en place...\" \/>\n<meta name=\"robots\" content=\"index, follow, max-snippet:-1, max-image-preview:large, max-video-preview:-1\" \/>\n<link rel=\"canonical\" href=\"https:\/\/www.autojm.fr\/blog\/vehicules-electriques-le-passeport-de-batterie-instaure-en-2027\/\" \/>\n<meta property=\"og:locale\" content=\"fr_FR\" \/>\n<meta property=\"og:type\" content=\"article\" \/>\n<meta property=\"og:title\" content=\"V\u00e9hicules \u00e9lectriques : le passeport de batterie instaur\u00e9 en 2027\u00a0 - AutoJM Mag\" \/>\n<meta property=\"og:description\" content=\"Afin de suivre la provenance et l\u2019\u00e9volution des batteries de v\u00e9hicules \u00e9lectriques, l\u2019Union europ\u00e9enne a d\u00e9cid\u00e9 de mettre en place...\" \/>\n<meta property=\"og:url\" content=\"https:\/\/www.autojm.fr\/blog\/vehicules-electriques-le-passeport-de-batterie-instaure-en-2027\/\" \/>\n<meta property=\"og:site_name\" content=\"AutoJM Mag\" \/>\n<meta property=\"article:publisher\" content=\"https:\/\/www.facebook.com\/AutoJM25\" \/>\n<meta property=\"article:published_time\" content=\"2024-09-17T11:25:33+00:00\" \/>\n<meta property=\"article:modified_time\" content=\"2024-09-17T11:30:43+00:00\" \/>\n<meta property=\"og:image\" content=\"https:\/\/www.autojm.fr\/blog\/wp-content\/uploads\/2024\/09\/Vehicules-electriques.jpg\" \/>\n\t<meta property=\"og:image:width\" content=\"1000\" \/>\n\t<meta property=\"og:image:height\" content=\"500\" \/>\n\t<meta property=\"og:image:type\" content=\"image\/jpeg\" \/>\n<meta name=\"author\" content=\"Justine Tripard\" \/>\n<meta name=\"twitter:card\" content=\"summary_large_image\" \/>\n<meta name=\"twitter:label1\" content=\"\u00c9crit par\" \/>\n\t<meta name=\"twitter:data1\" content=\"Justine Tripard\" \/>\n\t<meta name=\"twitter:label2\" content=\"Dur\u00e9e de lecture estim\u00e9e\" \/>\n\t<meta name=\"twitter:data2\" content=\"4 minutes\" \/>\n<script type=\"application\/ld+json\" class=\"yoast-schema-graph\">{\"@context\":\"https:\\\/\\\/schema.org\",\"@graph\":[{\"@type\":\"Article\",\"@id\":\"https:\\\/\\\/www.autojm.fr\\\/blog\\\/vehicules-electriques-le-passeport-de-batterie-instaure-en-2027\\\/#article\",\"isPartOf\":{\"@id\":\"https:\\\/\\\/www.autojm.fr\\\/blog\\\/vehicules-electriques-le-passeport-de-batterie-instaure-en-2027\\\/\"},\"author\":{\"name\":\"Justine Tripard\",\"@id\":\"https:\\\/\\\/www.autojm.fr\\\/blog\\\/#\\\/schema\\\/person\\\/1cc83a91548d88a62eb8cf06f562a72c\"},\"headline\":\"V\u00e9hicules \u00e9lectriques : le passeport de batterie instaur\u00e9 en 2027\u00a0\",\"datePublished\":\"2024-09-17T11:25:33+00:00\",\"dateModified\":\"2024-09-17T11:30:43+00:00\",\"mainEntityOfPage\":{\"@id\":\"https:\\\/\\\/www.autojm.fr\\\/blog\\\/vehicules-electriques-le-passeport-de-batterie-instaure-en-2027\\\/\"},\"wordCount\":9,\"commentCount\":0,\"publisher\":{\"@id\":\"https:\\\/\\\/www.autojm.fr\\\/blog\\\/#organization\"},\"image\":{\"@id\":\"https:\\\/\\\/www.autojm.fr\\\/blog\\\/vehicules-electriques-le-passeport-de-batterie-instaure-en-2027\\\/#primaryimage\"},\"thumbnailUrl\":\"https:\\\/\\\/www.autojm.fr\\\/blog\\\/wp-content\\\/uploads\\\/2024\\\/09\\\/Vehicules-electriques.jpg\",\"keywords\":[\"208\",\"3008\",\"308\",\"408\",\"arkana\",\"Audi\",\"Austral\",\"autojm\",\"BMW\",\"C3\",\"C5 Aircross\",\"captur\",\"citroen\",\"Clio\",\"DS\",\"DS 7\",\"DS3\",\"DS4\",\"DS7 Crossback\",\"Fiat\",\"Ford\",\"Hyundai\",\"Kia\",\"leon sportstourer\",\"Mazda\",\"Mini\",\"Opel\",\"peugeot\",\"renault\",\"Seat\",\"Skoda\",\"t-roc\",\"Toyota\",\"Volkswagen\",\"Volvo\"],\"articleSection\":[\"Actualit\u00e9 Automobile\"],\"inLanguage\":\"fr-FR\",\"potentialAction\":[{\"@type\":\"CommentAction\",\"name\":\"Comment\",\"target\":[\"https:\\\/\\\/www.autojm.fr\\\/blog\\\/vehicules-electriques-le-passeport-de-batterie-instaure-en-2027\\\/#respond\"]}]},{\"@type\":\"WebPage\",\"@id\":\"https:\\\/\\\/www.autojm.fr\\\/blog\\\/vehicules-electriques-le-passeport-de-batterie-instaure-en-2027\\\/\",\"url\":\"https:\\\/\\\/www.autojm.fr\\\/blog\\\/vehicules-electriques-le-passeport-de-batterie-instaure-en-2027\\\/\",\"name\":\"V\u00e9hicules \u00e9lectriques : le passeport de batterie instaur\u00e9 en 2027\u00a0 - AutoJM Mag\",\"isPartOf\":{\"@id\":\"https:\\\/\\\/www.autojm.fr\\\/blog\\\/#website\"},\"primaryImageOfPage\":{\"@id\":\"https:\\\/\\\/www.autojm.fr\\\/blog\\\/vehicules-electriques-le-passeport-de-batterie-instaure-en-2027\\\/#primaryimage\"},\"image\":{\"@id\":\"https:\\\/\\\/www.autojm.fr\\\/blog\\\/vehicules-electriques-le-passeport-de-batterie-instaure-en-2027\\\/#primaryimage\"},\"thumbnailUrl\":\"https:\\\/\\\/www.autojm.fr\\\/blog\\\/wp-content\\\/uploads\\\/2024\\\/09\\\/Vehicules-electriques.jpg\",\"datePublished\":\"2024-09-17T11:25:33+00:00\",\"dateModified\":\"2024-09-17T11:30:43+00:00\",\"description\":\"Afin de suivre la provenance et l\u2019\u00e9volution des batteries de v\u00e9hicules \u00e9lectriques, l\u2019Union europ\u00e9enne a d\u00e9cid\u00e9 de mettre en place...\",\"breadcrumb\":{\"@id\":\"https:\\\/\\\/www.autojm.fr\\\/blog\\\/vehicules-electriques-le-passeport-de-batterie-instaure-en-2027\\\/#breadcrumb\"},\"inLanguage\":\"fr-FR\",\"potentialAction\":[{\"@type\":\"ReadAction\",\"target\":[\"https:\\\/\\\/www.autojm.fr\\\/blog\\\/vehicules-electriques-le-passeport-de-batterie-instaure-en-2027\\\/\"]}]},{\"@type\":\"ImageObject\",\"inLanguage\":\"fr-FR\",\"@id\":\"https:\\\/\\\/www.autojm.fr\\\/blog\\\/vehicules-electriques-le-passeport-de-batterie-instaure-en-2027\\\/#primaryimage\",\"url\":\"https:\\\/\\\/www.autojm.fr\\\/blog\\\/wp-content\\\/uploads\\\/2024\\\/09\\\/Vehicules-electriques.jpg\",\"contentUrl\":\"https:\\\/\\\/www.autojm.fr\\\/blog\\\/wp-content\\\/uploads\\\/2024\\\/09\\\/Vehicules-electriques.jpg\",\"width\":1000,\"height\":500,\"caption\":\"V\u00e9hicules \u00e9lectriques\"},{\"@type\":\"BreadcrumbList\",\"@id\":\"https:\\\/\\\/www.autojm.fr\\\/blog\\\/vehicules-electriques-le-passeport-de-batterie-instaure-en-2027\\\/#breadcrumb\",\"itemListElement\":[{\"@type\":\"ListItem\",\"position\":1,\"name\":\"Accueil\",\"item\":\"https:\\\/\\\/www.autojm.fr\\\/blog\\\/\"},{\"@type\":\"ListItem\",\"position\":2,\"name\":\"Actualit\u00e9 Automobile\",\"item\":\"https:\\\/\\\/www.autojm.fr\\\/blog\\\/actualite-automobile\\\/\"},{\"@type\":\"ListItem\",\"position\":3,\"name\":\"V\u00e9hicules \u00e9lectriques : le passeport de batterie instaur\u00e9 en 2027\u00a0\"}]},{\"@type\":\"WebSite\",\"@id\":\"https:\\\/\\\/www.autojm.fr\\\/blog\\\/#website\",\"url\":\"https:\\\/\\\/www.autojm.fr\\\/blog\\\/\",\"name\":\"AutoJM Mag\",\"description\":\"Toute l&#039;actu auto en 1 clic !\",\"publisher\":{\"@id\":\"https:\\\/\\\/www.autojm.fr\\\/blog\\\/#organization\"},\"potentialAction\":[{\"@type\":\"SearchAction\",\"target\":{\"@type\":\"EntryPoint\",\"urlTemplate\":\"https:\\\/\\\/www.autojm.fr\\\/blog\\\/?s={search_term_string}\"},\"query-input\":{\"@type\":\"PropertyValueSpecification\",\"valueRequired\":true,\"valueName\":\"search_term_string\"}}],\"inLanguage\":\"fr-FR\"},{\"@type\":\"Organization\",\"@id\":\"https:\\\/\\\/www.autojm.fr\\\/blog\\\/#organization\",\"name\":\"AutoJM Mag\",\"url\":\"https:\\\/\\\/www.autojm.fr\\\/blog\\\/\",\"logo\":{\"@type\":\"ImageObject\",\"inLanguage\":\"fr-FR\",\"@id\":\"https:\\\/\\\/www.autojm.fr\\\/blog\\\/#\\\/schema\\\/logo\\\/image\\\/\",\"url\":\"https:\\\/\\\/www.autojm.fr\\\/blog\\\/wp-content\\\/uploads\\\/2022\\\/12\\\/cropped-AutoJMag-png.png\",\"contentUrl\":\"https:\\\/\\\/www.autojm.fr\\\/blog\\\/wp-content\\\/uploads\\\/2022\\\/12\\\/cropped-AutoJMag-png.png\",\"width\":2834,\"height\":585,\"caption\":\"AutoJM Mag\"},\"image\":{\"@id\":\"https:\\\/\\\/www.autojm.fr\\\/blog\\\/#\\\/schema\\\/logo\\\/image\\\/\"},\"sameAs\":[\"https:\\\/\\\/www.facebook.com\\\/AutoJM25\"]},{\"@type\":\"Person\",\"@id\":\"https:\\\/\\\/www.autojm.fr\\\/blog\\\/#\\\/schema\\\/person\\\/1cc83a91548d88a62eb8cf06f562a72c\",\"name\":\"Justine Tripard\",\"image\":{\"@type\":\"ImageObject\",\"inLanguage\":\"fr-FR\",\"@id\":\"https:\\\/\\\/secure.gravatar.com\\\/avatar\\\/b8b45209a4cf0b7b127b9238ec348090e7302306d2485eeaab17b6761fe84991?s=96&d=mm&r=g\",\"url\":\"https:\\\/\\\/secure.gravatar.com\\\/avatar\\\/b8b45209a4cf0b7b127b9238ec348090e7302306d2485eeaab17b6761fe84991?s=96&d=mm&r=g\",\"contentUrl\":\"https:\\\/\\\/secure.gravatar.com\\\/avatar\\\/b8b45209a4cf0b7b127b9238ec348090e7302306d2485eeaab17b6761fe84991?s=96&d=mm&r=g\",\"caption\":\"Justine Tripard\"},\"url\":\"https:\\\/\\\/www.autojm.fr\\\/blog\\\/author\\\/justine\\\/\"}]}<\/script>\n<!-- \/ Yoast SEO plugin. -->","yoast_head_json":{"title":"V\u00e9hicules \u00e9lectriques : le passeport de batterie instaur\u00e9 en 2027\u00a0 - AutoJM Mag","description":"Afin de suivre la provenance et l\u2019\u00e9volution des batteries de v\u00e9hicules \u00e9lectriques, l\u2019Union europ\u00e9enne a d\u00e9cid\u00e9 de mettre en place...","robots":{"index":"index","follow":"follow","max-snippet":"max-snippet:-1","max-image-preview":"max-image-preview:large","max-video-preview":"max-video-preview:-1"},"canonical":"https:\/\/www.autojm.fr\/blog\/vehicules-electriques-le-passeport-de-batterie-instaure-en-2027\/","og_locale":"fr_FR","og_type":"article","og_title":"V\u00e9hicules \u00e9lectriques : le passeport de batterie instaur\u00e9 en 2027\u00a0 - AutoJM Mag","og_description":"Afin de suivre la provenance et l\u2019\u00e9volution des batteries de v\u00e9hicules \u00e9lectriques, l\u2019Union europ\u00e9enne a d\u00e9cid\u00e9 de mettre en place...","og_url":"https:\/\/www.autojm.fr\/blog\/vehicules-electriques-le-passeport-de-batterie-instaure-en-2027\/","og_site_name":"AutoJM Mag","article_publisher":"https:\/\/www.facebook.com\/AutoJM25","article_published_time":"2024-09-17T11:25:33+00:00","article_modified_time":"2024-09-17T11:30:43+00:00","og_image":[{"width":1000,"height":500,"url":"https:\/\/www.autojm.fr\/blog\/wp-content\/uploads\/2024\/09\/Vehicules-electriques.jpg","type":"image\/jpeg"}],"author":"Justine Tripard","twitter_card":"summary_large_image","twitter_misc":{"\u00c9crit par":"Justine Tripard","Dur\u00e9e de lecture estim\u00e9e":"4 minutes"},"schema":{"@context":"https:\/\/schema.org","@graph":[{"@type":"Article","@id":"https:\/\/www.autojm.fr\/blog\/vehicules-electriques-le-passeport-de-batterie-instaure-en-2027\/#article","isPartOf":{"@id":"https:\/\/www.autojm.fr\/blog\/vehicules-electriques-le-passeport-de-batterie-instaure-en-2027\/"},"author":{"name":"Justine Tripard","@id":"https:\/\/www.autojm.fr\/blog\/#\/schema\/person\/1cc83a91548d88a62eb8cf06f562a72c"},"headline":"V\u00e9hicules \u00e9lectriques : le passeport de batterie instaur\u00e9 en 2027\u00a0","datePublished":"2024-09-17T11:25:33+00:00","dateModified":"2024-09-17T11:30:43+00:00","mainEntityOfPage":{"@id":"https:\/\/www.autojm.fr\/blog\/vehicules-electriques-le-passeport-de-batterie-instaure-en-2027\/"},"wordCount":9,"commentCount":0,"publisher":{"@id":"https:\/\/www.autojm.fr\/blog\/#organization"},"image":{"@id":"https:\/\/www.autojm.fr\/blog\/vehicules-electriques-le-passeport-de-batterie-instaure-en-2027\/#primaryimage"},"thumbnailUrl":"https:\/\/www.autojm.fr\/blog\/wp-content\/uploads\/2024\/09\/Vehicules-electriques.jpg","keywords":["208","3008","308","408","arkana","Audi","Austral","autojm","BMW","C3","C5 Aircross","captur","citroen","Clio","DS","DS 7","DS3","DS4","DS7 Crossback","Fiat","Ford","Hyundai","Kia","leon sportstourer","Mazda","Mini","Opel","peugeot","renault","Seat","Skoda","t-roc","Toyota","Volkswagen","Volvo"],"articleSection":["Actualit\u00e9 Automobile"],"inLanguage":"fr-FR","potentialAction":[{"@type":"CommentAction","name":"Comment","target":["https:\/\/www.autojm.fr\/blog\/vehicules-electriques-le-passeport-de-batterie-instaure-en-2027\/#respond"]}]},{"@type":"WebPage","@id":"https:\/\/www.autojm.fr\/blog\/vehicules-electriques-le-passeport-de-batterie-instaure-en-2027\/","url":"https:\/\/www.autojm.fr\/blog\/vehicules-electriques-le-passeport-de-batterie-instaure-en-2027\/","name":"V\u00e9hicules \u00e9lectriques : le passeport de batterie instaur\u00e9 en 2027\u00a0 - AutoJM Mag","isPartOf":{"@id":"https:\/\/www.autojm.fr\/blog\/#website"},"primaryImageOfPage":{"@id":"https:\/\/www.autojm.fr\/blog\/vehicules-electriques-le-passeport-de-batterie-instaure-en-2027\/#primaryimage"},"image":{"@id":"https:\/\/www.autojm.fr\/blog\/vehicules-electriques-le-passeport-de-batterie-instaure-en-2027\/#primaryimage"},"thumbnailUrl":"https:\/\/www.autojm.fr\/blog\/wp-content\/uploads\/2024\/09\/Vehicules-electriques.jpg","datePublished":"2024-09-17T11:25:33+00:00","dateModified":"2024-09-17T11:30:43+00:00","description":"Afin de suivre la provenance et l\u2019\u00e9volution des batteries de v\u00e9hicules \u00e9lectriques, l\u2019Union europ\u00e9enne a d\u00e9cid\u00e9 de mettre en place...","breadcrumb":{"@id":"https:\/\/www.autojm.fr\/blog\/vehicules-electriques-le-passeport-de-batterie-instaure-en-2027\/#breadcrumb"},"inLanguage":"fr-FR","potentialAction":[{"@type":"ReadAction","target":["https:\/\/www.autojm.fr\/blog\/vehicules-electriques-le-passeport-de-batterie-instaure-en-2027\/"]}]},{"@type":"ImageObject","inLanguage":"fr-FR","@id":"https:\/\/www.autojm.fr\/blog\/vehicules-electriques-le-passeport-de-batterie-instaure-en-2027\/#primaryimage","url":"https:\/\/www.autojm.fr\/blog\/wp-content\/uploads\/2024\/09\/Vehicules-electriques.jpg","contentUrl":"https:\/\/www.autojm.fr\/blog\/wp-content\/uploads\/2024\/09\/Vehicules-electriques.jpg","width":1000,"height":500,"caption":"V\u00e9hicules \u00e9lectriques"},{"@type":"BreadcrumbList","@id":"https:\/\/www.autojm.fr\/blog\/vehicules-electriques-le-passeport-de-batterie-instaure-en-2027\/#breadcrumb","itemListElement":[{"@type":"ListItem","position":1,"name":"Accueil","item":"https:\/\/www.autojm.fr\/blog\/"},{"@type":"ListItem","position":2,"name":"Actualit\u00e9 Automobile","item":"https:\/\/www.autojm.fr\/blog\/actualite-automobile\/"},{"@type":"ListItem","position":3,"name":"V\u00e9hicules \u00e9lectriques : le passeport de batterie instaur\u00e9 en 2027\u00a0"}]},{"@type":"WebSite","@id":"https:\/\/www.autojm.fr\/blog\/#website","url":"https:\/\/www.autojm.fr\/blog\/","name":"AutoJM Mag","description":"Toute l&#039;actu auto en 1 clic !","publisher":{"@id":"https:\/\/www.autojm.fr\/blog\/#organization"},"potentialAction":[{"@type":"SearchAction","target":{"@type":"EntryPoint","urlTemplate":"https:\/\/www.autojm.fr\/blog\/?s={search_term_string}"},"query-input":{"@type":"PropertyValueSpecification","valueRequired":true,"valueName":"search_term_string"}}],"inLanguage":"fr-FR"},{"@type":"Organization","@id":"https:\/\/www.autojm.fr\/blog\/#organization","name":"AutoJM Mag","url":"https:\/\/www.autojm.fr\/blog\/","logo":{"@type":"ImageObject","inLanguage":"fr-FR","@id":"https:\/\/www.autojm.fr\/blog\/#\/schema\/logo\/image\/","url":"https:\/\/www.autojm.fr\/blog\/wp-content\/uploads\/2022\/12\/cropped-AutoJMag-png.png","contentUrl":"https:\/\/www.autojm.fr\/blog\/wp-content\/uploads\/2022\/12\/cropped-AutoJMag-png.png","width":2834,"height":585,"caption":"AutoJM Mag"},"image":{"@id":"https:\/\/www.autojm.fr\/blog\/#\/schema\/logo\/image\/"},"sameAs":["https:\/\/www.facebook.com\/AutoJM25"]},{"@type":"Person","@id":"https:\/\/www.autojm.fr\/blog\/#\/schema\/person\/1cc83a91548d88a62eb8cf06f562a72c","name":"Justine Tripard","image":{"@type":"ImageObject","inLanguage":"fr-FR","@id":"https:\/\/secure.gravatar.com\/avatar\/b8b45209a4cf0b7b127b9238ec348090e7302306d2485eeaab17b6761fe84991?s=96&d=mm&r=g","url":"https:\/\/secure.gravatar.com\/avatar\/b8b45209a4cf0b7b127b9238ec348090e7302306d2485eeaab17b6761fe84991?s=96&d=mm&r=g","contentUrl":"https:\/\/secure.gravatar.com\/avatar\/b8b45209a4cf0b7b127b9238ec348090e7302306d2485eeaab17b6761fe84991?s=96&d=mm&r=g","caption":"Justine Tripard"},"url":"https:\/\/www.autojm.fr\/blog\/author\/justine\/"}]}},"_links":{"self":[{"href":"https:\/\/www.autojm.fr\/blog\/wp-json\/wp\/v2\/posts\/19206","targetHints":{"allow":["GET"]}}],"collection":[{"href":"https:\/\/www.autojm.fr\/blog\/wp-json\/wp\/v2\/posts"}],"about":[{"href":"https:\/\/www.autojm.fr\/blog\/wp-json\/wp\/v2\/types\/post"}],"author":[{"embeddable":true,"href":"https:\/\/www.autojm.fr\/blog\/wp-json\/wp\/v2\/users\/6"}],"replies":[{"embeddable":true,"href":"https:\/\/www.autojm.fr\/blog\/wp-json\/wp\/v2\/comments?post=19206"}],"version-history":[{"count":5,"href":"https:\/\/www.autojm.fr\/blog\/wp-json\/wp\/v2\/posts\/19206\/revisions"}],"predecessor-version":[{"id":19218,"href":"https:\/\/www.autojm.fr\/blog\/wp-json\/wp\/v2\/posts\/19206\/revisions\/19218"}],"wp:featuredmedia":[{"embeddable":true,"href":"https:\/\/www.autojm.fr\/blog\/wp-json\/wp\/v2\/media\/19208"}],"wp:attachment":[{"href":"https:\/\/www.autojm.fr\/blog\/wp-json\/wp\/v2\/media?parent=19206"}],"wp:term":[{"taxonomy":"category","embeddable":true,"href":"https:\/\/www.autojm.fr\/blog\/wp-json\/wp\/v2\/categories?post=19206"},{"taxonomy":"post_tag","embeddable":true,"href":"https:\/\/www.autojm.fr\/blog\/wp-json\/wp\/v2\/tags?post=19206"}],"curies":[{"name":"wp","href":"https:\/\/api.w.org\/{rel}","templated":true}]}}