{"id":17737,"date":"2024-06-19T12:13:29","date_gmt":"2024-06-19T12:13:29","guid":{"rendered":"https:\/\/www.autojm.fr\/blog\/?p=17737"},"modified":"2024-06-19T13:02:49","modified_gmt":"2024-06-19T13:02:49","slug":"dacia-sandero-vs-renault-clio-les-citadines-qui-carburent-au-gpl","status":"publish","type":"post","link":"https:\/\/www.autojm.fr\/blog\/dacia-sandero-vs-renault-clio-les-citadines-qui-carburent-au-gpl\/","title":{"rendered":"Dacia Sandero vs Renault Clio : les citadines qui carburent au GPL\u00a0"},"content":{"rendered":"","protected":false},"excerpt":{"rendered":"<p>La premi\u00e8re est roumaine, la seconde est fran\u00e7aise mais toutes deux sont produites en version GPL par un constructeur appartenant au groupe Renault. Avec des similitudes et des diff\u00e9rences en termes de design, d\u2019\u00e9quipements, de consommation et de performances, les Dacia Sandero et Renault Clio pr\u00e9sentent des caract\u00e9ristiques qui leur sont propres. Passage en revue des deux citadines \u00e0 travers ce comparatif. <\/p>\n","protected":false},"author":6,"featured_media":17739,"comment_status":"open","ping_status":"open","sticky":false,"template":"","format":"standard","meta":{"_acf_changed":false,"content-type":"","footnotes":""},"categories":[53],"tags":[331,74,94,78],"class_list":["post-17737","post","type-post","status-publish","format-standard","has-post-thumbnail","hentry","category-comparatifs","tag-clio","tag-dacia","tag-duster","tag-renault"],"acf":[],"yoast_head":"<!-- This site is optimized with the Yoast SEO plugin v27.5 - https:\/\/yoast.com\/product\/yoast-seo-wordpress\/ -->\n<title>Dacia Sandero vs Renault Clio : les citadines qui carburent au GPL\u00a0<\/title>\n<meta name=\"description\" content=\"La premi\u00e8re est roumaine, la seconde est fran\u00e7aise mais toutes deux sont produites en version GPL par un constructeur appartenant au...\" \/>\n<meta name=\"robots\" content=\"index, follow, max-snippet:-1, max-image-preview:large, max-video-preview:-1\" \/>\n<link rel=\"canonical\" href=\"https:\/\/www.autojm.fr\/blog\/dacia-sandero-vs-renault-clio-les-citadines-qui-carburent-au-gpl\/\" \/>\n<meta property=\"og:locale\" content=\"fr_FR\" \/>\n<meta property=\"og:type\" content=\"article\" \/>\n<meta property=\"og:title\" content=\"Dacia Sandero vs Renault Clio : les citadines qui carburent au GPL\u00a0\" \/>\n<meta property=\"og:description\" content=\"La premi\u00e8re est roumaine, la seconde est fran\u00e7aise mais toutes deux sont produites en version GPL par un constructeur appartenant au...\" \/>\n<meta property=\"og:url\" content=\"https:\/\/www.autojm.fr\/blog\/dacia-sandero-vs-renault-clio-les-citadines-qui-carburent-au-gpl\/\" \/>\n<meta property=\"og:site_name\" content=\"AutoJM Mag\" \/>\n<meta property=\"article:publisher\" content=\"https:\/\/www.facebook.com\/AutoJM25\" \/>\n<meta property=\"article:published_time\" content=\"2024-06-19T12:13:29+00:00\" \/>\n<meta property=\"article:modified_time\" content=\"2024-06-19T13:02:49+00:00\" \/>\n<meta property=\"og:image\" content=\"https:\/\/www.autojm.fr\/blog\/wp-content\/uploads\/2024\/06\/Dacia-Sandero-vs-Renault-Clio.jpg\" \/>\n\t<meta property=\"og:image:width\" content=\"1000\" \/>\n\t<meta property=\"og:image:height\" content=\"500\" \/>\n\t<meta property=\"og:image:type\" content=\"image\/jpeg\" \/>\n<meta name=\"author\" content=\"Justine Tripard\" \/>\n<meta name=\"twitter:card\" content=\"summary_large_image\" \/>\n<meta name=\"twitter:label1\" content=\"\u00c9crit par\" \/>\n\t<meta name=\"twitter:data1\" content=\"Justine Tripard\" \/>\n\t<meta name=\"twitter:label2\" content=\"Dur\u00e9e de lecture estim\u00e9e\" \/>\n\t<meta name=\"twitter:data2\" content=\"4 minutes\" \/>\n<script type=\"application\/ld+json\" class=\"yoast-schema-graph\">{\"@context\":\"https:\\\/\\\/schema.org\",\"@graph\":[{\"@type\":\"Article\",\"@id\":\"https:\\\/\\\/www.autojm.fr\\\/blog\\\/dacia-sandero-vs-renault-clio-les-citadines-qui-carburent-au-gpl\\\/#article\",\"isPartOf\":{\"@id\":\"https:\\\/\\\/www.autojm.fr\\\/blog\\\/dacia-sandero-vs-renault-clio-les-citadines-qui-carburent-au-gpl\\\/\"},\"author\":{\"name\":\"Justine Tripard\",\"@id\":\"https:\\\/\\\/www.autojm.fr\\\/blog\\\/#\\\/schema\\\/person\\\/1cc83a91548d88a62eb8cf06f562a72c\"},\"headline\":\"Dacia Sandero vs Renault Clio : les citadines qui carburent au GPL\u00a0\",\"datePublished\":\"2024-06-19T12:13:29+00:00\",\"dateModified\":\"2024-06-19T13:02:49+00:00\",\"mainEntityOfPage\":{\"@id\":\"https:\\\/\\\/www.autojm.fr\\\/blog\\\/dacia-sandero-vs-renault-clio-les-citadines-qui-carburent-au-gpl\\\/\"},\"wordCount\":11,\"commentCount\":0,\"publisher\":{\"@id\":\"https:\\\/\\\/www.autojm.fr\\\/blog\\\/#organization\"},\"image\":{\"@id\":\"https:\\\/\\\/www.autojm.fr\\\/blog\\\/dacia-sandero-vs-renault-clio-les-citadines-qui-carburent-au-gpl\\\/#primaryimage\"},\"thumbnailUrl\":\"https:\\\/\\\/www.autojm.fr\\\/blog\\\/wp-content\\\/uploads\\\/2024\\\/06\\\/Dacia-Sandero-vs-Renault-Clio.jpg\",\"keywords\":[\"Clio\",\"dacia\",\"duster\",\"renault\"],\"articleSection\":[\"Comparatifs\"],\"inLanguage\":\"fr-FR\",\"potentialAction\":[{\"@type\":\"CommentAction\",\"name\":\"Comment\",\"target\":[\"https:\\\/\\\/www.autojm.fr\\\/blog\\\/dacia-sandero-vs-renault-clio-les-citadines-qui-carburent-au-gpl\\\/#respond\"]}]},{\"@type\":\"WebPage\",\"@id\":\"https:\\\/\\\/www.autojm.fr\\\/blog\\\/dacia-sandero-vs-renault-clio-les-citadines-qui-carburent-au-gpl\\\/\",\"url\":\"https:\\\/\\\/www.autojm.fr\\\/blog\\\/dacia-sandero-vs-renault-clio-les-citadines-qui-carburent-au-gpl\\\/\",\"name\":\"Dacia Sandero vs Renault Clio : les citadines qui carburent au GPL\u00a0\",\"isPartOf\":{\"@id\":\"https:\\\/\\\/www.autojm.fr\\\/blog\\\/#website\"},\"primaryImageOfPage\":{\"@id\":\"https:\\\/\\\/www.autojm.fr\\\/blog\\\/dacia-sandero-vs-renault-clio-les-citadines-qui-carburent-au-gpl\\\/#primaryimage\"},\"image\":{\"@id\":\"https:\\\/\\\/www.autojm.fr\\\/blog\\\/dacia-sandero-vs-renault-clio-les-citadines-qui-carburent-au-gpl\\\/#primaryimage\"},\"thumbnailUrl\":\"https:\\\/\\\/www.autojm.fr\\\/blog\\\/wp-content\\\/uploads\\\/2024\\\/06\\\/Dacia-Sandero-vs-Renault-Clio.jpg\",\"datePublished\":\"2024-06-19T12:13:29+00:00\",\"dateModified\":\"2024-06-19T13:02:49+00:00\",\"description\":\"La premi\u00e8re est roumaine, la seconde est fran\u00e7aise mais toutes deux sont produites en version GPL par un constructeur appartenant au...\",\"breadcrumb\":{\"@id\":\"https:\\\/\\\/www.autojm.fr\\\/blog\\\/dacia-sandero-vs-renault-clio-les-citadines-qui-carburent-au-gpl\\\/#breadcrumb\"},\"inLanguage\":\"fr-FR\",\"potentialAction\":[{\"@type\":\"ReadAction\",\"target\":[\"https:\\\/\\\/www.autojm.fr\\\/blog\\\/dacia-sandero-vs-renault-clio-les-citadines-qui-carburent-au-gpl\\\/\"]}]},{\"@type\":\"ImageObject\",\"inLanguage\":\"fr-FR\",\"@id\":\"https:\\\/\\\/www.autojm.fr\\\/blog\\\/dacia-sandero-vs-renault-clio-les-citadines-qui-carburent-au-gpl\\\/#primaryimage\",\"url\":\"https:\\\/\\\/www.autojm.fr\\\/blog\\\/wp-content\\\/uploads\\\/2024\\\/06\\\/Dacia-Sandero-vs-Renault-Clio.jpg\",\"contentUrl\":\"https:\\\/\\\/www.autojm.fr\\\/blog\\\/wp-content\\\/uploads\\\/2024\\\/06\\\/Dacia-Sandero-vs-Renault-Clio.jpg\",\"width\":1000,\"height\":500,\"caption\":\"Dacia Sandero vs Renault Clio\"},{\"@type\":\"BreadcrumbList\",\"@id\":\"https:\\\/\\\/www.autojm.fr\\\/blog\\\/dacia-sandero-vs-renault-clio-les-citadines-qui-carburent-au-gpl\\\/#breadcrumb\",\"itemListElement\":[{\"@type\":\"ListItem\",\"position\":1,\"name\":\"Accueil\",\"item\":\"https:\\\/\\\/www.autojm.fr\\\/blog\\\/\"},{\"@type\":\"ListItem\",\"position\":2,\"name\":\"Comparatifs\",\"item\":\"https:\\\/\\\/www.autojm.fr\\\/blog\\\/comparatifs\\\/\"},{\"@type\":\"ListItem\",\"position\":3,\"name\":\"Dacia Sandero vs Renault Clio : les citadines qui carburent au GPL\u00a0\"}]},{\"@type\":\"WebSite\",\"@id\":\"https:\\\/\\\/www.autojm.fr\\\/blog\\\/#website\",\"url\":\"https:\\\/\\\/www.autojm.fr\\\/blog\\\/\",\"name\":\"AutoJM Mag\",\"description\":\"Toute l&#039;actu auto en 1 clic !\",\"publisher\":{\"@id\":\"https:\\\/\\\/www.autojm.fr\\\/blog\\\/#organization\"},\"potentialAction\":[{\"@type\":\"SearchAction\",\"target\":{\"@type\":\"EntryPoint\",\"urlTemplate\":\"https:\\\/\\\/www.autojm.fr\\\/blog\\\/?s={search_term_string}\"},\"query-input\":{\"@type\":\"PropertyValueSpecification\",\"valueRequired\":true,\"valueName\":\"search_term_string\"}}],\"inLanguage\":\"fr-FR\"},{\"@type\":\"Organization\",\"@id\":\"https:\\\/\\\/www.autojm.fr\\\/blog\\\/#organization\",\"name\":\"AutoJM Mag\",\"url\":\"https:\\\/\\\/www.autojm.fr\\\/blog\\\/\",\"logo\":{\"@type\":\"ImageObject\",\"inLanguage\":\"fr-FR\",\"@id\":\"https:\\\/\\\/www.autojm.fr\\\/blog\\\/#\\\/schema\\\/logo\\\/image\\\/\",\"url\":\"https:\\\/\\\/www.autojm.fr\\\/blog\\\/wp-content\\\/uploads\\\/2022\\\/12\\\/cropped-AutoJMag-png.png\",\"contentUrl\":\"https:\\\/\\\/www.autojm.fr\\\/blog\\\/wp-content\\\/uploads\\\/2022\\\/12\\\/cropped-AutoJMag-png.png\",\"width\":2834,\"height\":585,\"caption\":\"AutoJM Mag\"},\"image\":{\"@id\":\"https:\\\/\\\/www.autojm.fr\\\/blog\\\/#\\\/schema\\\/logo\\\/image\\\/\"},\"sameAs\":[\"https:\\\/\\\/www.facebook.com\\\/AutoJM25\"]},{\"@type\":\"Person\",\"@id\":\"https:\\\/\\\/www.autojm.fr\\\/blog\\\/#\\\/schema\\\/person\\\/1cc83a91548d88a62eb8cf06f562a72c\",\"name\":\"Justine Tripard\",\"image\":{\"@type\":\"ImageObject\",\"inLanguage\":\"fr-FR\",\"@id\":\"https:\\\/\\\/secure.gravatar.com\\\/avatar\\\/b8b45209a4cf0b7b127b9238ec348090e7302306d2485eeaab17b6761fe84991?s=96&d=mm&r=g\",\"url\":\"https:\\\/\\\/secure.gravatar.com\\\/avatar\\\/b8b45209a4cf0b7b127b9238ec348090e7302306d2485eeaab17b6761fe84991?s=96&d=mm&r=g\",\"contentUrl\":\"https:\\\/\\\/secure.gravatar.com\\\/avatar\\\/b8b45209a4cf0b7b127b9238ec348090e7302306d2485eeaab17b6761fe84991?s=96&d=mm&r=g\",\"caption\":\"Justine Tripard\"},\"url\":\"https:\\\/\\\/www.autojm.fr\\\/blog\\\/author\\\/justine\\\/\"}]}<\/script>\n<!-- \/ Yoast SEO plugin. -->","yoast_head_json":{"title":"Dacia Sandero vs Renault Clio : les citadines qui carburent au GPL\u00a0","description":"La premi\u00e8re est roumaine, la seconde est fran\u00e7aise mais toutes deux sont produites en version GPL par un constructeur appartenant au...","robots":{"index":"index","follow":"follow","max-snippet":"max-snippet:-1","max-image-preview":"max-image-preview:large","max-video-preview":"max-video-preview:-1"},"canonical":"https:\/\/www.autojm.fr\/blog\/dacia-sandero-vs-renault-clio-les-citadines-qui-carburent-au-gpl\/","og_locale":"fr_FR","og_type":"article","og_title":"Dacia Sandero vs Renault Clio : les citadines qui carburent au GPL\u00a0","og_description":"La premi\u00e8re est roumaine, la seconde est fran\u00e7aise mais toutes deux sont produites en version GPL par un constructeur appartenant au...","og_url":"https:\/\/www.autojm.fr\/blog\/dacia-sandero-vs-renault-clio-les-citadines-qui-carburent-au-gpl\/","og_site_name":"AutoJM Mag","article_publisher":"https:\/\/www.facebook.com\/AutoJM25","article_published_time":"2024-06-19T12:13:29+00:00","article_modified_time":"2024-06-19T13:02:49+00:00","og_image":[{"width":1000,"height":500,"url":"https:\/\/www.autojm.fr\/blog\/wp-content\/uploads\/2024\/06\/Dacia-Sandero-vs-Renault-Clio.jpg","type":"image\/jpeg"}],"author":"Justine Tripard","twitter_card":"summary_large_image","twitter_misc":{"\u00c9crit par":"Justine Tripard","Dur\u00e9e de lecture estim\u00e9e":"4 minutes"},"schema":{"@context":"https:\/\/schema.org","@graph":[{"@type":"Article","@id":"https:\/\/www.autojm.fr\/blog\/dacia-sandero-vs-renault-clio-les-citadines-qui-carburent-au-gpl\/#article","isPartOf":{"@id":"https:\/\/www.autojm.fr\/blog\/dacia-sandero-vs-renault-clio-les-citadines-qui-carburent-au-gpl\/"},"author":{"name":"Justine Tripard","@id":"https:\/\/www.autojm.fr\/blog\/#\/schema\/person\/1cc83a91548d88a62eb8cf06f562a72c"},"headline":"Dacia Sandero vs Renault Clio : les citadines qui carburent au GPL\u00a0","datePublished":"2024-06-19T12:13:29+00:00","dateModified":"2024-06-19T13:02:49+00:00","mainEntityOfPage":{"@id":"https:\/\/www.autojm.fr\/blog\/dacia-sandero-vs-renault-clio-les-citadines-qui-carburent-au-gpl\/"},"wordCount":11,"commentCount":0,"publisher":{"@id":"https:\/\/www.autojm.fr\/blog\/#organization"},"image":{"@id":"https:\/\/www.autojm.fr\/blog\/dacia-sandero-vs-renault-clio-les-citadines-qui-carburent-au-gpl\/#primaryimage"},"thumbnailUrl":"https:\/\/www.autojm.fr\/blog\/wp-content\/uploads\/2024\/06\/Dacia-Sandero-vs-Renault-Clio.jpg","keywords":["Clio","dacia","duster","renault"],"articleSection":["Comparatifs"],"inLanguage":"fr-FR","potentialAction":[{"@type":"CommentAction","name":"Comment","target":["https:\/\/www.autojm.fr\/blog\/dacia-sandero-vs-renault-clio-les-citadines-qui-carburent-au-gpl\/#respond"]}]},{"@type":"WebPage","@id":"https:\/\/www.autojm.fr\/blog\/dacia-sandero-vs-renault-clio-les-citadines-qui-carburent-au-gpl\/","url":"https:\/\/www.autojm.fr\/blog\/dacia-sandero-vs-renault-clio-les-citadines-qui-carburent-au-gpl\/","name":"Dacia Sandero vs Renault Clio : les citadines qui carburent au GPL\u00a0","isPartOf":{"@id":"https:\/\/www.autojm.fr\/blog\/#website"},"primaryImageOfPage":{"@id":"https:\/\/www.autojm.fr\/blog\/dacia-sandero-vs-renault-clio-les-citadines-qui-carburent-au-gpl\/#primaryimage"},"image":{"@id":"https:\/\/www.autojm.fr\/blog\/dacia-sandero-vs-renault-clio-les-citadines-qui-carburent-au-gpl\/#primaryimage"},"thumbnailUrl":"https:\/\/www.autojm.fr\/blog\/wp-content\/uploads\/2024\/06\/Dacia-Sandero-vs-Renault-Clio.jpg","datePublished":"2024-06-19T12:13:29+00:00","dateModified":"2024-06-19T13:02:49+00:00","description":"La premi\u00e8re est roumaine, la seconde est fran\u00e7aise mais toutes deux sont produites en version GPL par un constructeur appartenant au...","breadcrumb":{"@id":"https:\/\/www.autojm.fr\/blog\/dacia-sandero-vs-renault-clio-les-citadines-qui-carburent-au-gpl\/#breadcrumb"},"inLanguage":"fr-FR","potentialAction":[{"@type":"ReadAction","target":["https:\/\/www.autojm.fr\/blog\/dacia-sandero-vs-renault-clio-les-citadines-qui-carburent-au-gpl\/"]}]},{"@type":"ImageObject","inLanguage":"fr-FR","@id":"https:\/\/www.autojm.fr\/blog\/dacia-sandero-vs-renault-clio-les-citadines-qui-carburent-au-gpl\/#primaryimage","url":"https:\/\/www.autojm.fr\/blog\/wp-content\/uploads\/2024\/06\/Dacia-Sandero-vs-Renault-Clio.jpg","contentUrl":"https:\/\/www.autojm.fr\/blog\/wp-content\/uploads\/2024\/06\/Dacia-Sandero-vs-Renault-Clio.jpg","width":1000,"height":500,"caption":"Dacia Sandero vs Renault Clio"},{"@type":"BreadcrumbList","@id":"https:\/\/www.autojm.fr\/blog\/dacia-sandero-vs-renault-clio-les-citadines-qui-carburent-au-gpl\/#breadcrumb","itemListElement":[{"@type":"ListItem","position":1,"name":"Accueil","item":"https:\/\/www.autojm.fr\/blog\/"},{"@type":"ListItem","position":2,"name":"Comparatifs","item":"https:\/\/www.autojm.fr\/blog\/comparatifs\/"},{"@type":"ListItem","position":3,"name":"Dacia Sandero vs Renault Clio : les citadines qui carburent au GPL\u00a0"}]},{"@type":"WebSite","@id":"https:\/\/www.autojm.fr\/blog\/#website","url":"https:\/\/www.autojm.fr\/blog\/","name":"AutoJM Mag","description":"Toute l&#039;actu auto en 1 clic !","publisher":{"@id":"https:\/\/www.autojm.fr\/blog\/#organization"},"potentialAction":[{"@type":"SearchAction","target":{"@type":"EntryPoint","urlTemplate":"https:\/\/www.autojm.fr\/blog\/?s={search_term_string}"},"query-input":{"@type":"PropertyValueSpecification","valueRequired":true,"valueName":"search_term_string"}}],"inLanguage":"fr-FR"},{"@type":"Organization","@id":"https:\/\/www.autojm.fr\/blog\/#organization","name":"AutoJM Mag","url":"https:\/\/www.autojm.fr\/blog\/","logo":{"@type":"ImageObject","inLanguage":"fr-FR","@id":"https:\/\/www.autojm.fr\/blog\/#\/schema\/logo\/image\/","url":"https:\/\/www.autojm.fr\/blog\/wp-content\/uploads\/2022\/12\/cropped-AutoJMag-png.png","contentUrl":"https:\/\/www.autojm.fr\/blog\/wp-content\/uploads\/2022\/12\/cropped-AutoJMag-png.png","width":2834,"height":585,"caption":"AutoJM Mag"},"image":{"@id":"https:\/\/www.autojm.fr\/blog\/#\/schema\/logo\/image\/"},"sameAs":["https:\/\/www.facebook.com\/AutoJM25"]},{"@type":"Person","@id":"https:\/\/www.autojm.fr\/blog\/#\/schema\/person\/1cc83a91548d88a62eb8cf06f562a72c","name":"Justine Tripard","image":{"@type":"ImageObject","inLanguage":"fr-FR","@id":"https:\/\/secure.gravatar.com\/avatar\/b8b45209a4cf0b7b127b9238ec348090e7302306d2485eeaab17b6761fe84991?s=96&d=mm&r=g","url":"https:\/\/secure.gravatar.com\/avatar\/b8b45209a4cf0b7b127b9238ec348090e7302306d2485eeaab17b6761fe84991?s=96&d=mm&r=g","contentUrl":"https:\/\/secure.gravatar.com\/avatar\/b8b45209a4cf0b7b127b9238ec348090e7302306d2485eeaab17b6761fe84991?s=96&d=mm&r=g","caption":"Justine Tripard"},"url":"https:\/\/www.autojm.fr\/blog\/author\/justine\/"}]}},"_links":{"self":[{"href":"https:\/\/www.autojm.fr\/blog\/wp-json\/wp\/v2\/posts\/17737","targetHints":{"allow":["GET"]}}],"collection":[{"href":"https:\/\/www.autojm.fr\/blog\/wp-json\/wp\/v2\/posts"}],"about":[{"href":"https:\/\/www.autojm.fr\/blog\/wp-json\/wp\/v2\/types\/post"}],"author":[{"embeddable":true,"href":"https:\/\/www.autojm.fr\/blog\/wp-json\/wp\/v2\/users\/6"}],"replies":[{"embeddable":true,"href":"https:\/\/www.autojm.fr\/blog\/wp-json\/wp\/v2\/comments?post=17737"}],"version-history":[{"count":6,"href":"https:\/\/www.autojm.fr\/blog\/wp-json\/wp\/v2\/posts\/17737\/revisions"}],"predecessor-version":[{"id":17751,"href":"https:\/\/www.autojm.fr\/blog\/wp-json\/wp\/v2\/posts\/17737\/revisions\/17751"}],"wp:featuredmedia":[{"embeddable":true,"href":"https:\/\/www.autojm.fr\/blog\/wp-json\/wp\/v2\/media\/17739"}],"wp:attachment":[{"href":"https:\/\/www.autojm.fr\/blog\/wp-json\/wp\/v2\/media?parent=17737"}],"wp:term":[{"taxonomy":"category","embeddable":true,"href":"https:\/\/www.autojm.fr\/blog\/wp-json\/wp\/v2\/categories?post=17737"},{"taxonomy":"post_tag","embeddable":true,"href":"https:\/\/www.autojm.fr\/blog\/wp-json\/wp\/v2\/tags?post=17737"}],"curies":[{"name":"wp","href":"https:\/\/api.w.org\/{rel}","templated":true}]}}