{"id":17638,"date":"2024-07-02T09:29:35","date_gmt":"2024-07-02T09:29:35","guid":{"rendered":"https:\/\/www.autojm.fr\/blog\/?p=17638"},"modified":"2024-09-12T13:57:32","modified_gmt":"2024-09-12T13:57:32","slug":"union-europeenne-les-vehicules-electriques-chinois-concernes-par-les-droits-de-douane","status":"publish","type":"post","link":"https:\/\/www.autojm.fr\/blog\/union-europeenne-les-vehicules-electriques-chinois-concernes-par-les-droits-de-douane\/","title":{"rendered":"V\u00e9hicules \u00e9lectriques chinois\u00a0: la liste des mod\u00e8les surtax\u00e9s"},"content":{"rendered":"","protected":false},"excerpt":{"rendered":"<p>Suite \u00e0 l\u2019enqu\u00eate sur les subventions re\u00e7ues par les\u00a0constructeurs automobiles chinois, la Commission europ\u00e9enne a mis \u00e0 ex\u00e9cution sa menace de\u00a0surtaxer les v\u00e9hicules \u00e9lectriques produits dans l\u2019Empire du Milieu. Un rel\u00e8vement des droits de douane provisoire qui est en vigueur depuis le 4 juillet pour une trentaine de mod\u00e8les de 16 marques.<\/p>\n","protected":false},"author":6,"featured_media":17640,"comment_status":"open","ping_status":"open","sticky":false,"template":"","format":"standard","meta":{"_acf_changed":false,"content-type":"","footnotes":""},"categories":[5],"tags":[88,336,333,314,375,91,103,318,90,271,301,211,188,87,79,331,92,74,105,368,135,102,150,94,110,109,98,207,259,106,83,80,242,384,108,107,73,78,174,193,81,214,169,96,270],"class_list":["post-17638","post","type-post","status-publish","format-standard","has-post-thumbnail","hentry","category-actualite-automobile","tag-88","tag-336","tag-333","tag-314","tag-abarth","tag-arkana","tag-audi","tag-austral","tag-autojm","tag-bmw","tag-c3","tag-c4-picasso","tag-c5-aircross","tag-captur","tag-citroen","tag-clio","tag-clio-5","tag-dacia","tag-ds","tag-ds-7","tag-ds3","tag-ds4","tag-ds7-crossback","tag-duster","tag-fiat","tag-ford","tag-formentor","tag-golf-8","tag-hyundai","tag-kia","tag-leon-5-portes","tag-leon-sportstourer","tag-mazda","tag-mini","tag-nissan","tag-opel","tag-peugeot","tag-renault","tag-seat","tag-skoda","tag-t-roc","tag-tiguan","tag-toyota","tag-volkswagen","tag-volvo"],"acf":[],"yoast_head":"<!-- This site is optimized with the Yoast SEO plugin v27.5 - https:\/\/yoast.com\/product\/yoast-seo-wordpress\/ -->\n<title>V\u00e9hicules \u00e9lectriques chinois\u00a0: la liste des mod\u00e8les surtax\u00e9s - AutoJM Mag<\/title>\n<meta name=\"description\" content=\"Suite \u00e0 l\u2019enqu\u00eate sur les subventions re\u00e7ues par les constructeurs automobiles chinois, la Commission europ\u00e9enne a mis \u00e0 ex\u00e9cution...\" \/>\n<meta name=\"robots\" content=\"index, follow, max-snippet:-1, max-image-preview:large, max-video-preview:-1\" \/>\n<link rel=\"canonical\" href=\"https:\/\/www.autojm.fr\/blog\/union-europeenne-les-vehicules-electriques-chinois-concernes-par-les-droits-de-douane\/\" \/>\n<meta property=\"og:locale\" content=\"fr_FR\" \/>\n<meta property=\"og:type\" content=\"article\" \/>\n<meta property=\"og:title\" content=\"V\u00e9hicules \u00e9lectriques chinois\u00a0: la liste des mod\u00e8les surtax\u00e9s - AutoJM Mag\" \/>\n<meta property=\"og:description\" content=\"Suite \u00e0 l\u2019enqu\u00eate sur les subventions re\u00e7ues par les constructeurs automobiles chinois, la Commission europ\u00e9enne a mis \u00e0 ex\u00e9cution...\" \/>\n<meta property=\"og:url\" content=\"https:\/\/www.autojm.fr\/blog\/union-europeenne-les-vehicules-electriques-chinois-concernes-par-les-droits-de-douane\/\" \/>\n<meta property=\"og:site_name\" content=\"AutoJM Mag\" \/>\n<meta property=\"article:publisher\" content=\"https:\/\/www.facebook.com\/AutoJM25\" \/>\n<meta property=\"article:published_time\" content=\"2024-07-02T09:29:35+00:00\" \/>\n<meta property=\"article:modified_time\" content=\"2024-09-12T13:57:32+00:00\" \/>\n<meta property=\"og:image\" content=\"https:\/\/www.autojm.fr\/blog\/wp-content\/uploads\/2024\/06\/Vehicules-electriques-chinois.jpg\" \/>\n\t<meta property=\"og:image:width\" content=\"1000\" \/>\n\t<meta property=\"og:image:height\" content=\"500\" \/>\n\t<meta property=\"og:image:type\" content=\"image\/jpeg\" \/>\n<meta name=\"author\" content=\"Justine Tripard\" \/>\n<meta name=\"twitter:card\" content=\"summary_large_image\" \/>\n<meta name=\"twitter:label1\" content=\"\u00c9crit par\" \/>\n\t<meta name=\"twitter:data1\" content=\"Justine Tripard\" \/>\n\t<meta name=\"twitter:label2\" content=\"Dur\u00e9e de lecture estim\u00e9e\" \/>\n\t<meta name=\"twitter:data2\" content=\"3 minutes\" \/>\n<script type=\"application\/ld+json\" class=\"yoast-schema-graph\">{\"@context\":\"https:\\\/\\\/schema.org\",\"@graph\":[{\"@type\":\"Article\",\"@id\":\"https:\\\/\\\/www.autojm.fr\\\/blog\\\/union-europeenne-les-vehicules-electriques-chinois-concernes-par-les-droits-de-douane\\\/#article\",\"isPartOf\":{\"@id\":\"https:\\\/\\\/www.autojm.fr\\\/blog\\\/union-europeenne-les-vehicules-electriques-chinois-concernes-par-les-droits-de-douane\\\/\"},\"author\":{\"name\":\"Justine Tripard\",\"@id\":\"https:\\\/\\\/www.autojm.fr\\\/blog\\\/#\\\/schema\\\/person\\\/1cc83a91548d88a62eb8cf06f562a72c\"},\"headline\":\"V\u00e9hicules \u00e9lectriques chinois\u00a0: la liste des mod\u00e8les surtax\u00e9s\",\"datePublished\":\"2024-07-02T09:29:35+00:00\",\"dateModified\":\"2024-09-12T13:57:32+00:00\",\"mainEntityOfPage\":{\"@id\":\"https:\\\/\\\/www.autojm.fr\\\/blog\\\/union-europeenne-les-vehicules-electriques-chinois-concernes-par-les-droits-de-douane\\\/\"},\"wordCount\":11,\"commentCount\":0,\"publisher\":{\"@id\":\"https:\\\/\\\/www.autojm.fr\\\/blog\\\/#organization\"},\"image\":{\"@id\":\"https:\\\/\\\/www.autojm.fr\\\/blog\\\/union-europeenne-les-vehicules-electriques-chinois-concernes-par-les-droits-de-douane\\\/#primaryimage\"},\"thumbnailUrl\":\"https:\\\/\\\/www.autojm.fr\\\/blog\\\/wp-content\\\/uploads\\\/2024\\\/06\\\/Vehicules-electriques-chinois.jpg\",\"keywords\":[\"208\",\"3008\",\"308\",\"408\",\"Abarth\",\"arkana\",\"Audi\",\"Austral\",\"autojm\",\"BMW\",\"C3\",\"C4 Picasso\",\"C5 Aircross\",\"captur\",\"citroen\",\"Clio\",\"Clio 5\",\"dacia\",\"DS\",\"DS 7\",\"DS3\",\"DS4\",\"DS7 Crossback\",\"duster\",\"Fiat\",\"Ford\",\"formentor\",\"Golf 8\",\"Hyundai\",\"Kia\",\"leon 5 portes\",\"leon sportstourer\",\"Mazda\",\"Mini\",\"Nissan\",\"Opel\",\"peugeot\",\"renault\",\"Seat\",\"Skoda\",\"t-roc\",\"Tiguan\",\"Toyota\",\"Volkswagen\",\"Volvo\"],\"articleSection\":[\"Actualit\u00e9 Automobile\"],\"inLanguage\":\"fr-FR\",\"potentialAction\":[{\"@type\":\"CommentAction\",\"name\":\"Comment\",\"target\":[\"https:\\\/\\\/www.autojm.fr\\\/blog\\\/union-europeenne-les-vehicules-electriques-chinois-concernes-par-les-droits-de-douane\\\/#respond\"]}]},{\"@type\":\"WebPage\",\"@id\":\"https:\\\/\\\/www.autojm.fr\\\/blog\\\/union-europeenne-les-vehicules-electriques-chinois-concernes-par-les-droits-de-douane\\\/\",\"url\":\"https:\\\/\\\/www.autojm.fr\\\/blog\\\/union-europeenne-les-vehicules-electriques-chinois-concernes-par-les-droits-de-douane\\\/\",\"name\":\"V\u00e9hicules \u00e9lectriques chinois\u00a0: la liste des mod\u00e8les surtax\u00e9s - AutoJM Mag\",\"isPartOf\":{\"@id\":\"https:\\\/\\\/www.autojm.fr\\\/blog\\\/#website\"},\"primaryImageOfPage\":{\"@id\":\"https:\\\/\\\/www.autojm.fr\\\/blog\\\/union-europeenne-les-vehicules-electriques-chinois-concernes-par-les-droits-de-douane\\\/#primaryimage\"},\"image\":{\"@id\":\"https:\\\/\\\/www.autojm.fr\\\/blog\\\/union-europeenne-les-vehicules-electriques-chinois-concernes-par-les-droits-de-douane\\\/#primaryimage\"},\"thumbnailUrl\":\"https:\\\/\\\/www.autojm.fr\\\/blog\\\/wp-content\\\/uploads\\\/2024\\\/06\\\/Vehicules-electriques-chinois.jpg\",\"datePublished\":\"2024-07-02T09:29:35+00:00\",\"dateModified\":\"2024-09-12T13:57:32+00:00\",\"description\":\"Suite \u00e0 l\u2019enqu\u00eate sur les subventions re\u00e7ues par les constructeurs automobiles chinois, la Commission europ\u00e9enne a mis \u00e0 ex\u00e9cution...\",\"breadcrumb\":{\"@id\":\"https:\\\/\\\/www.autojm.fr\\\/blog\\\/union-europeenne-les-vehicules-electriques-chinois-concernes-par-les-droits-de-douane\\\/#breadcrumb\"},\"inLanguage\":\"fr-FR\",\"potentialAction\":[{\"@type\":\"ReadAction\",\"target\":[\"https:\\\/\\\/www.autojm.fr\\\/blog\\\/union-europeenne-les-vehicules-electriques-chinois-concernes-par-les-droits-de-douane\\\/\"]}]},{\"@type\":\"ImageObject\",\"inLanguage\":\"fr-FR\",\"@id\":\"https:\\\/\\\/www.autojm.fr\\\/blog\\\/union-europeenne-les-vehicules-electriques-chinois-concernes-par-les-droits-de-douane\\\/#primaryimage\",\"url\":\"https:\\\/\\\/www.autojm.fr\\\/blog\\\/wp-content\\\/uploads\\\/2024\\\/06\\\/Vehicules-electriques-chinois.jpg\",\"contentUrl\":\"https:\\\/\\\/www.autojm.fr\\\/blog\\\/wp-content\\\/uploads\\\/2024\\\/06\\\/Vehicules-electriques-chinois.jpg\",\"width\":1000,\"height\":500,\"caption\":\"V\u00e9hicules \u00e9lectriques chinois\"},{\"@type\":\"BreadcrumbList\",\"@id\":\"https:\\\/\\\/www.autojm.fr\\\/blog\\\/union-europeenne-les-vehicules-electriques-chinois-concernes-par-les-droits-de-douane\\\/#breadcrumb\",\"itemListElement\":[{\"@type\":\"ListItem\",\"position\":1,\"name\":\"Accueil\",\"item\":\"https:\\\/\\\/www.autojm.fr\\\/blog\\\/\"},{\"@type\":\"ListItem\",\"position\":2,\"name\":\"Actualit\u00e9 Automobile\",\"item\":\"https:\\\/\\\/www.autojm.fr\\\/blog\\\/actualite-automobile\\\/\"},{\"@type\":\"ListItem\",\"position\":3,\"name\":\"V\u00e9hicules \u00e9lectriques chinois\u00a0: la liste des mod\u00e8les surtax\u00e9s\"}]},{\"@type\":\"WebSite\",\"@id\":\"https:\\\/\\\/www.autojm.fr\\\/blog\\\/#website\",\"url\":\"https:\\\/\\\/www.autojm.fr\\\/blog\\\/\",\"name\":\"AutoJM Mag\",\"description\":\"Toute l&#039;actu auto en 1 clic !\",\"publisher\":{\"@id\":\"https:\\\/\\\/www.autojm.fr\\\/blog\\\/#organization\"},\"potentialAction\":[{\"@type\":\"SearchAction\",\"target\":{\"@type\":\"EntryPoint\",\"urlTemplate\":\"https:\\\/\\\/www.autojm.fr\\\/blog\\\/?s={search_term_string}\"},\"query-input\":{\"@type\":\"PropertyValueSpecification\",\"valueRequired\":true,\"valueName\":\"search_term_string\"}}],\"inLanguage\":\"fr-FR\"},{\"@type\":\"Organization\",\"@id\":\"https:\\\/\\\/www.autojm.fr\\\/blog\\\/#organization\",\"name\":\"AutoJM Mag\",\"url\":\"https:\\\/\\\/www.autojm.fr\\\/blog\\\/\",\"logo\":{\"@type\":\"ImageObject\",\"inLanguage\":\"fr-FR\",\"@id\":\"https:\\\/\\\/www.autojm.fr\\\/blog\\\/#\\\/schema\\\/logo\\\/image\\\/\",\"url\":\"https:\\\/\\\/www.autojm.fr\\\/blog\\\/wp-content\\\/uploads\\\/2022\\\/12\\\/cropped-AutoJMag-png.png\",\"contentUrl\":\"https:\\\/\\\/www.autojm.fr\\\/blog\\\/wp-content\\\/uploads\\\/2022\\\/12\\\/cropped-AutoJMag-png.png\",\"width\":2834,\"height\":585,\"caption\":\"AutoJM Mag\"},\"image\":{\"@id\":\"https:\\\/\\\/www.autojm.fr\\\/blog\\\/#\\\/schema\\\/logo\\\/image\\\/\"},\"sameAs\":[\"https:\\\/\\\/www.facebook.com\\\/AutoJM25\"]},{\"@type\":\"Person\",\"@id\":\"https:\\\/\\\/www.autojm.fr\\\/blog\\\/#\\\/schema\\\/person\\\/1cc83a91548d88a62eb8cf06f562a72c\",\"name\":\"Justine Tripard\",\"image\":{\"@type\":\"ImageObject\",\"inLanguage\":\"fr-FR\",\"@id\":\"https:\\\/\\\/secure.gravatar.com\\\/avatar\\\/b8b45209a4cf0b7b127b9238ec348090e7302306d2485eeaab17b6761fe84991?s=96&d=mm&r=g\",\"url\":\"https:\\\/\\\/secure.gravatar.com\\\/avatar\\\/b8b45209a4cf0b7b127b9238ec348090e7302306d2485eeaab17b6761fe84991?s=96&d=mm&r=g\",\"contentUrl\":\"https:\\\/\\\/secure.gravatar.com\\\/avatar\\\/b8b45209a4cf0b7b127b9238ec348090e7302306d2485eeaab17b6761fe84991?s=96&d=mm&r=g\",\"caption\":\"Justine Tripard\"},\"url\":\"https:\\\/\\\/www.autojm.fr\\\/blog\\\/author\\\/justine\\\/\"}]}<\/script>\n<!-- \/ Yoast SEO plugin. -->","yoast_head_json":{"title":"V\u00e9hicules \u00e9lectriques chinois\u00a0: la liste des mod\u00e8les surtax\u00e9s - AutoJM Mag","description":"Suite \u00e0 l\u2019enqu\u00eate sur les subventions re\u00e7ues par les constructeurs automobiles chinois, la Commission europ\u00e9enne a mis \u00e0 ex\u00e9cution...","robots":{"index":"index","follow":"follow","max-snippet":"max-snippet:-1","max-image-preview":"max-image-preview:large","max-video-preview":"max-video-preview:-1"},"canonical":"https:\/\/www.autojm.fr\/blog\/union-europeenne-les-vehicules-electriques-chinois-concernes-par-les-droits-de-douane\/","og_locale":"fr_FR","og_type":"article","og_title":"V\u00e9hicules \u00e9lectriques chinois\u00a0: la liste des mod\u00e8les surtax\u00e9s - AutoJM Mag","og_description":"Suite \u00e0 l\u2019enqu\u00eate sur les subventions re\u00e7ues par les constructeurs automobiles chinois, la Commission europ\u00e9enne a mis \u00e0 ex\u00e9cution...","og_url":"https:\/\/www.autojm.fr\/blog\/union-europeenne-les-vehicules-electriques-chinois-concernes-par-les-droits-de-douane\/","og_site_name":"AutoJM Mag","article_publisher":"https:\/\/www.facebook.com\/AutoJM25","article_published_time":"2024-07-02T09:29:35+00:00","article_modified_time":"2024-09-12T13:57:32+00:00","og_image":[{"width":1000,"height":500,"url":"https:\/\/www.autojm.fr\/blog\/wp-content\/uploads\/2024\/06\/Vehicules-electriques-chinois.jpg","type":"image\/jpeg"}],"author":"Justine Tripard","twitter_card":"summary_large_image","twitter_misc":{"\u00c9crit par":"Justine Tripard","Dur\u00e9e de lecture estim\u00e9e":"3 minutes"},"schema":{"@context":"https:\/\/schema.org","@graph":[{"@type":"Article","@id":"https:\/\/www.autojm.fr\/blog\/union-europeenne-les-vehicules-electriques-chinois-concernes-par-les-droits-de-douane\/#article","isPartOf":{"@id":"https:\/\/www.autojm.fr\/blog\/union-europeenne-les-vehicules-electriques-chinois-concernes-par-les-droits-de-douane\/"},"author":{"name":"Justine Tripard","@id":"https:\/\/www.autojm.fr\/blog\/#\/schema\/person\/1cc83a91548d88a62eb8cf06f562a72c"},"headline":"V\u00e9hicules \u00e9lectriques chinois\u00a0: la liste des mod\u00e8les surtax\u00e9s","datePublished":"2024-07-02T09:29:35+00:00","dateModified":"2024-09-12T13:57:32+00:00","mainEntityOfPage":{"@id":"https:\/\/www.autojm.fr\/blog\/union-europeenne-les-vehicules-electriques-chinois-concernes-par-les-droits-de-douane\/"},"wordCount":11,"commentCount":0,"publisher":{"@id":"https:\/\/www.autojm.fr\/blog\/#organization"},"image":{"@id":"https:\/\/www.autojm.fr\/blog\/union-europeenne-les-vehicules-electriques-chinois-concernes-par-les-droits-de-douane\/#primaryimage"},"thumbnailUrl":"https:\/\/www.autojm.fr\/blog\/wp-content\/uploads\/2024\/06\/Vehicules-electriques-chinois.jpg","keywords":["208","3008","308","408","Abarth","arkana","Audi","Austral","autojm","BMW","C3","C4 Picasso","C5 Aircross","captur","citroen","Clio","Clio 5","dacia","DS","DS 7","DS3","DS4","DS7 Crossback","duster","Fiat","Ford","formentor","Golf 8","Hyundai","Kia","leon 5 portes","leon sportstourer","Mazda","Mini","Nissan","Opel","peugeot","renault","Seat","Skoda","t-roc","Tiguan","Toyota","Volkswagen","Volvo"],"articleSection":["Actualit\u00e9 Automobile"],"inLanguage":"fr-FR","potentialAction":[{"@type":"CommentAction","name":"Comment","target":["https:\/\/www.autojm.fr\/blog\/union-europeenne-les-vehicules-electriques-chinois-concernes-par-les-droits-de-douane\/#respond"]}]},{"@type":"WebPage","@id":"https:\/\/www.autojm.fr\/blog\/union-europeenne-les-vehicules-electriques-chinois-concernes-par-les-droits-de-douane\/","url":"https:\/\/www.autojm.fr\/blog\/union-europeenne-les-vehicules-electriques-chinois-concernes-par-les-droits-de-douane\/","name":"V\u00e9hicules \u00e9lectriques chinois\u00a0: la liste des mod\u00e8les surtax\u00e9s - AutoJM Mag","isPartOf":{"@id":"https:\/\/www.autojm.fr\/blog\/#website"},"primaryImageOfPage":{"@id":"https:\/\/www.autojm.fr\/blog\/union-europeenne-les-vehicules-electriques-chinois-concernes-par-les-droits-de-douane\/#primaryimage"},"image":{"@id":"https:\/\/www.autojm.fr\/blog\/union-europeenne-les-vehicules-electriques-chinois-concernes-par-les-droits-de-douane\/#primaryimage"},"thumbnailUrl":"https:\/\/www.autojm.fr\/blog\/wp-content\/uploads\/2024\/06\/Vehicules-electriques-chinois.jpg","datePublished":"2024-07-02T09:29:35+00:00","dateModified":"2024-09-12T13:57:32+00:00","description":"Suite \u00e0 l\u2019enqu\u00eate sur les subventions re\u00e7ues par les constructeurs automobiles chinois, la Commission europ\u00e9enne a mis \u00e0 ex\u00e9cution...","breadcrumb":{"@id":"https:\/\/www.autojm.fr\/blog\/union-europeenne-les-vehicules-electriques-chinois-concernes-par-les-droits-de-douane\/#breadcrumb"},"inLanguage":"fr-FR","potentialAction":[{"@type":"ReadAction","target":["https:\/\/www.autojm.fr\/blog\/union-europeenne-les-vehicules-electriques-chinois-concernes-par-les-droits-de-douane\/"]}]},{"@type":"ImageObject","inLanguage":"fr-FR","@id":"https:\/\/www.autojm.fr\/blog\/union-europeenne-les-vehicules-electriques-chinois-concernes-par-les-droits-de-douane\/#primaryimage","url":"https:\/\/www.autojm.fr\/blog\/wp-content\/uploads\/2024\/06\/Vehicules-electriques-chinois.jpg","contentUrl":"https:\/\/www.autojm.fr\/blog\/wp-content\/uploads\/2024\/06\/Vehicules-electriques-chinois.jpg","width":1000,"height":500,"caption":"V\u00e9hicules \u00e9lectriques chinois"},{"@type":"BreadcrumbList","@id":"https:\/\/www.autojm.fr\/blog\/union-europeenne-les-vehicules-electriques-chinois-concernes-par-les-droits-de-douane\/#breadcrumb","itemListElement":[{"@type":"ListItem","position":1,"name":"Accueil","item":"https:\/\/www.autojm.fr\/blog\/"},{"@type":"ListItem","position":2,"name":"Actualit\u00e9 Automobile","item":"https:\/\/www.autojm.fr\/blog\/actualite-automobile\/"},{"@type":"ListItem","position":3,"name":"V\u00e9hicules \u00e9lectriques chinois\u00a0: la liste des mod\u00e8les surtax\u00e9s"}]},{"@type":"WebSite","@id":"https:\/\/www.autojm.fr\/blog\/#website","url":"https:\/\/www.autojm.fr\/blog\/","name":"AutoJM Mag","description":"Toute l&#039;actu auto en 1 clic !","publisher":{"@id":"https:\/\/www.autojm.fr\/blog\/#organization"},"potentialAction":[{"@type":"SearchAction","target":{"@type":"EntryPoint","urlTemplate":"https:\/\/www.autojm.fr\/blog\/?s={search_term_string}"},"query-input":{"@type":"PropertyValueSpecification","valueRequired":true,"valueName":"search_term_string"}}],"inLanguage":"fr-FR"},{"@type":"Organization","@id":"https:\/\/www.autojm.fr\/blog\/#organization","name":"AutoJM Mag","url":"https:\/\/www.autojm.fr\/blog\/","logo":{"@type":"ImageObject","inLanguage":"fr-FR","@id":"https:\/\/www.autojm.fr\/blog\/#\/schema\/logo\/image\/","url":"https:\/\/www.autojm.fr\/blog\/wp-content\/uploads\/2022\/12\/cropped-AutoJMag-png.png","contentUrl":"https:\/\/www.autojm.fr\/blog\/wp-content\/uploads\/2022\/12\/cropped-AutoJMag-png.png","width":2834,"height":585,"caption":"AutoJM Mag"},"image":{"@id":"https:\/\/www.autojm.fr\/blog\/#\/schema\/logo\/image\/"},"sameAs":["https:\/\/www.facebook.com\/AutoJM25"]},{"@type":"Person","@id":"https:\/\/www.autojm.fr\/blog\/#\/schema\/person\/1cc83a91548d88a62eb8cf06f562a72c","name":"Justine Tripard","image":{"@type":"ImageObject","inLanguage":"fr-FR","@id":"https:\/\/secure.gravatar.com\/avatar\/b8b45209a4cf0b7b127b9238ec348090e7302306d2485eeaab17b6761fe84991?s=96&d=mm&r=g","url":"https:\/\/secure.gravatar.com\/avatar\/b8b45209a4cf0b7b127b9238ec348090e7302306d2485eeaab17b6761fe84991?s=96&d=mm&r=g","contentUrl":"https:\/\/secure.gravatar.com\/avatar\/b8b45209a4cf0b7b127b9238ec348090e7302306d2485eeaab17b6761fe84991?s=96&d=mm&r=g","caption":"Justine Tripard"},"url":"https:\/\/www.autojm.fr\/blog\/author\/justine\/"}]}},"_links":{"self":[{"href":"https:\/\/www.autojm.fr\/blog\/wp-json\/wp\/v2\/posts\/17638","targetHints":{"allow":["GET"]}}],"collection":[{"href":"https:\/\/www.autojm.fr\/blog\/wp-json\/wp\/v2\/posts"}],"about":[{"href":"https:\/\/www.autojm.fr\/blog\/wp-json\/wp\/v2\/types\/post"}],"author":[{"embeddable":true,"href":"https:\/\/www.autojm.fr\/blog\/wp-json\/wp\/v2\/users\/6"}],"replies":[{"embeddable":true,"href":"https:\/\/www.autojm.fr\/blog\/wp-json\/wp\/v2\/comments?post=17638"}],"version-history":[{"count":16,"href":"https:\/\/www.autojm.fr\/blog\/wp-json\/wp\/v2\/posts\/17638\/revisions"}],"predecessor-version":[{"id":19159,"href":"https:\/\/www.autojm.fr\/blog\/wp-json\/wp\/v2\/posts\/17638\/revisions\/19159"}],"wp:featuredmedia":[{"embeddable":true,"href":"https:\/\/www.autojm.fr\/blog\/wp-json\/wp\/v2\/media\/17640"}],"wp:attachment":[{"href":"https:\/\/www.autojm.fr\/blog\/wp-json\/wp\/v2\/media?parent=17638"}],"wp:term":[{"taxonomy":"category","embeddable":true,"href":"https:\/\/www.autojm.fr\/blog\/wp-json\/wp\/v2\/categories?post=17638"},{"taxonomy":"post_tag","embeddable":true,"href":"https:\/\/www.autojm.fr\/blog\/wp-json\/wp\/v2\/tags?post=17638"}],"curies":[{"name":"wp","href":"https:\/\/api.w.org\/{rel}","templated":true}]}}