{"id":17146,"date":"2024-05-15T11:40:45","date_gmt":"2024-05-15T11:40:45","guid":{"rendered":"https:\/\/www.autojm.fr\/blog\/?p=17146"},"modified":"2024-05-17T13:48:48","modified_gmt":"2024-05-17T13:48:48","slug":"mini-aceman-le-nouveau-suv-qui-carbure-a-l-electrique","status":"publish","type":"post","link":"https:\/\/www.autojm.fr\/blog\/mini-aceman-le-nouveau-suv-qui-carbure-a-l-electrique\/","title":{"rendered":"Mini Aceman : le nouveau SUV qui carbure \u00e0 l\u2019\u00e9lectrique\u00a0"},"content":{"rendered":"","protected":false},"excerpt":{"rendered":"<p>Disponible \u00e0 la commande d\u2019ici cet \u00e9t\u00e9, le Mini Aceman fait l\u2019impasse sur les motorisations thermiques et se contente de versions 100% \u00e9lectriques. Petit fr\u00e8re du Mini Countryman, le crossover britannique sera dans un premier temps fabriqu\u00e9 en Chine avant de voir sa production rapatri\u00e9e au Royaume-Uni \u00e0 partir de 2026. <\/p>\n","protected":false},"author":6,"featured_media":17148,"comment_status":"open","ping_status":"open","sticky":false,"template":"","format":"standard","meta":{"_acf_changed":false,"content-type":"","footnotes":""},"categories":[382],"tags":[384],"class_list":["post-17146","post","type-post","status-publish","format-standard","has-post-thumbnail","hentry","category-nouveaute-mini","tag-mini"],"acf":[],"yoast_head":"<!-- This site is optimized with the Yoast SEO plugin v27.5 - https:\/\/yoast.com\/product\/yoast-seo-wordpress\/ -->\n<title>Mini Aceman : le nouveau SUV qui carbure \u00e0 l\u2019\u00e9lectrique\u00a0 - AutoJM Mag<\/title>\n<meta name=\"description\" content=\"Disponible \u00e0 la commande d\u2019ici cet \u00e9t\u00e9, le Mini Aceman fait l\u2019impasse sur les motorisations thermiques et se contente de versions 100%...\" \/>\n<meta name=\"robots\" content=\"index, follow, max-snippet:-1, max-image-preview:large, max-video-preview:-1\" \/>\n<link rel=\"canonical\" href=\"https:\/\/www.autojm.fr\/blog\/mini-aceman-le-nouveau-suv-qui-carbure-a-l-electrique\/\" \/>\n<meta property=\"og:locale\" content=\"fr_FR\" \/>\n<meta property=\"og:type\" content=\"article\" \/>\n<meta property=\"og:title\" content=\"Mini Aceman : le nouveau SUV qui carbure \u00e0 l\u2019\u00e9lectrique\u00a0 - AutoJM Mag\" \/>\n<meta property=\"og:description\" content=\"Disponible \u00e0 la commande d\u2019ici cet \u00e9t\u00e9, le Mini Aceman fait l\u2019impasse sur les motorisations thermiques et se contente de versions 100%...\" \/>\n<meta property=\"og:url\" content=\"https:\/\/www.autojm.fr\/blog\/mini-aceman-le-nouveau-suv-qui-carbure-a-l-electrique\/\" \/>\n<meta property=\"og:site_name\" content=\"AutoJM Mag\" \/>\n<meta property=\"article:publisher\" content=\"https:\/\/www.facebook.com\/AutoJM25\" \/>\n<meta property=\"article:published_time\" content=\"2024-05-15T11:40:45+00:00\" \/>\n<meta property=\"article:modified_time\" content=\"2024-05-17T13:48:48+00:00\" \/>\n<meta property=\"og:image\" content=\"https:\/\/www.autojm.fr\/blog\/wp-content\/uploads\/2024\/05\/Mini-Aceman.jpg\" \/>\n\t<meta property=\"og:image:width\" content=\"1000\" \/>\n\t<meta property=\"og:image:height\" content=\"500\" \/>\n\t<meta property=\"og:image:type\" content=\"image\/jpeg\" \/>\n<meta name=\"author\" content=\"Justine Tripard\" \/>\n<meta name=\"twitter:card\" content=\"summary_large_image\" \/>\n<meta name=\"twitter:label1\" content=\"\u00c9crit par\" \/>\n\t<meta name=\"twitter:data1\" content=\"Justine Tripard\" \/>\n\t<meta name=\"twitter:label2\" content=\"Dur\u00e9e de lecture estim\u00e9e\" \/>\n\t<meta name=\"twitter:data2\" content=\"5 minutes\" \/>\n<script type=\"application\/ld+json\" class=\"yoast-schema-graph\">{\"@context\":\"https:\\\/\\\/schema.org\",\"@graph\":[{\"@type\":\"Article\",\"@id\":\"https:\\\/\\\/www.autojm.fr\\\/blog\\\/mini-aceman-le-nouveau-suv-qui-carbure-a-l-electrique\\\/#article\",\"isPartOf\":{\"@id\":\"https:\\\/\\\/www.autojm.fr\\\/blog\\\/mini-aceman-le-nouveau-suv-qui-carbure-a-l-electrique\\\/\"},\"author\":{\"name\":\"Justine Tripard\",\"@id\":\"https:\\\/\\\/www.autojm.fr\\\/blog\\\/#\\\/schema\\\/person\\\/1cc83a91548d88a62eb8cf06f562a72c\"},\"headline\":\"Mini Aceman : le nouveau SUV qui carbure \u00e0 l\u2019\u00e9lectrique\u00a0\",\"datePublished\":\"2024-05-15T11:40:45+00:00\",\"dateModified\":\"2024-05-17T13:48:48+00:00\",\"mainEntityOfPage\":{\"@id\":\"https:\\\/\\\/www.autojm.fr\\\/blog\\\/mini-aceman-le-nouveau-suv-qui-carbure-a-l-electrique\\\/\"},\"wordCount\":9,\"commentCount\":0,\"publisher\":{\"@id\":\"https:\\\/\\\/www.autojm.fr\\\/blog\\\/#organization\"},\"image\":{\"@id\":\"https:\\\/\\\/www.autojm.fr\\\/blog\\\/mini-aceman-le-nouveau-suv-qui-carbure-a-l-electrique\\\/#primaryimage\"},\"thumbnailUrl\":\"https:\\\/\\\/www.autojm.fr\\\/blog\\\/wp-content\\\/uploads\\\/2024\\\/05\\\/Mini-Aceman.jpg\",\"keywords\":[\"Mini\"],\"articleSection\":[\"Nouveaut\u00e9 Mini\"],\"inLanguage\":\"fr-FR\",\"potentialAction\":[{\"@type\":\"CommentAction\",\"name\":\"Comment\",\"target\":[\"https:\\\/\\\/www.autojm.fr\\\/blog\\\/mini-aceman-le-nouveau-suv-qui-carbure-a-l-electrique\\\/#respond\"]}]},{\"@type\":\"WebPage\",\"@id\":\"https:\\\/\\\/www.autojm.fr\\\/blog\\\/mini-aceman-le-nouveau-suv-qui-carbure-a-l-electrique\\\/\",\"url\":\"https:\\\/\\\/www.autojm.fr\\\/blog\\\/mini-aceman-le-nouveau-suv-qui-carbure-a-l-electrique\\\/\",\"name\":\"Mini Aceman : le nouveau SUV qui carbure \u00e0 l\u2019\u00e9lectrique\u00a0 - AutoJM Mag\",\"isPartOf\":{\"@id\":\"https:\\\/\\\/www.autojm.fr\\\/blog\\\/#website\"},\"primaryImageOfPage\":{\"@id\":\"https:\\\/\\\/www.autojm.fr\\\/blog\\\/mini-aceman-le-nouveau-suv-qui-carbure-a-l-electrique\\\/#primaryimage\"},\"image\":{\"@id\":\"https:\\\/\\\/www.autojm.fr\\\/blog\\\/mini-aceman-le-nouveau-suv-qui-carbure-a-l-electrique\\\/#primaryimage\"},\"thumbnailUrl\":\"https:\\\/\\\/www.autojm.fr\\\/blog\\\/wp-content\\\/uploads\\\/2024\\\/05\\\/Mini-Aceman.jpg\",\"datePublished\":\"2024-05-15T11:40:45+00:00\",\"dateModified\":\"2024-05-17T13:48:48+00:00\",\"description\":\"Disponible \u00e0 la commande d\u2019ici cet \u00e9t\u00e9, le Mini Aceman fait l\u2019impasse sur les motorisations thermiques et se contente de versions 100%...\",\"breadcrumb\":{\"@id\":\"https:\\\/\\\/www.autojm.fr\\\/blog\\\/mini-aceman-le-nouveau-suv-qui-carbure-a-l-electrique\\\/#breadcrumb\"},\"inLanguage\":\"fr-FR\",\"potentialAction\":[{\"@type\":\"ReadAction\",\"target\":[\"https:\\\/\\\/www.autojm.fr\\\/blog\\\/mini-aceman-le-nouveau-suv-qui-carbure-a-l-electrique\\\/\"]}]},{\"@type\":\"ImageObject\",\"inLanguage\":\"fr-FR\",\"@id\":\"https:\\\/\\\/www.autojm.fr\\\/blog\\\/mini-aceman-le-nouveau-suv-qui-carbure-a-l-electrique\\\/#primaryimage\",\"url\":\"https:\\\/\\\/www.autojm.fr\\\/blog\\\/wp-content\\\/uploads\\\/2024\\\/05\\\/Mini-Aceman.jpg\",\"contentUrl\":\"https:\\\/\\\/www.autojm.fr\\\/blog\\\/wp-content\\\/uploads\\\/2024\\\/05\\\/Mini-Aceman.jpg\",\"width\":1000,\"height\":500,\"caption\":\"Mini Aceman\"},{\"@type\":\"BreadcrumbList\",\"@id\":\"https:\\\/\\\/www.autojm.fr\\\/blog\\\/mini-aceman-le-nouveau-suv-qui-carbure-a-l-electrique\\\/#breadcrumb\",\"itemListElement\":[{\"@type\":\"ListItem\",\"position\":1,\"name\":\"Accueil\",\"item\":\"https:\\\/\\\/www.autojm.fr\\\/blog\\\/\"},{\"@type\":\"ListItem\",\"position\":2,\"name\":\"Nouveaut\u00e9s Autos\",\"item\":\"https:\\\/\\\/www.autojm.fr\\\/blog\\\/nouveautes-autos\\\/\"},{\"@type\":\"ListItem\",\"position\":3,\"name\":\"Nouveaut\u00e9 Mini\",\"item\":\"https:\\\/\\\/www.autojm.fr\\\/blog\\\/nouveautes-autos\\\/nouveaute-mini\\\/\"},{\"@type\":\"ListItem\",\"position\":4,\"name\":\"Mini Aceman : le nouveau SUV qui carbure \u00e0 l\u2019\u00e9lectrique\u00a0\"}]},{\"@type\":\"WebSite\",\"@id\":\"https:\\\/\\\/www.autojm.fr\\\/blog\\\/#website\",\"url\":\"https:\\\/\\\/www.autojm.fr\\\/blog\\\/\",\"name\":\"AutoJM Mag\",\"description\":\"Toute l&#039;actu auto en 1 clic !\",\"publisher\":{\"@id\":\"https:\\\/\\\/www.autojm.fr\\\/blog\\\/#organization\"},\"potentialAction\":[{\"@type\":\"SearchAction\",\"target\":{\"@type\":\"EntryPoint\",\"urlTemplate\":\"https:\\\/\\\/www.autojm.fr\\\/blog\\\/?s={search_term_string}\"},\"query-input\":{\"@type\":\"PropertyValueSpecification\",\"valueRequired\":true,\"valueName\":\"search_term_string\"}}],\"inLanguage\":\"fr-FR\"},{\"@type\":\"Organization\",\"@id\":\"https:\\\/\\\/www.autojm.fr\\\/blog\\\/#organization\",\"name\":\"AutoJM Mag\",\"url\":\"https:\\\/\\\/www.autojm.fr\\\/blog\\\/\",\"logo\":{\"@type\":\"ImageObject\",\"inLanguage\":\"fr-FR\",\"@id\":\"https:\\\/\\\/www.autojm.fr\\\/blog\\\/#\\\/schema\\\/logo\\\/image\\\/\",\"url\":\"https:\\\/\\\/www.autojm.fr\\\/blog\\\/wp-content\\\/uploads\\\/2022\\\/12\\\/cropped-AutoJMag-png.png\",\"contentUrl\":\"https:\\\/\\\/www.autojm.fr\\\/blog\\\/wp-content\\\/uploads\\\/2022\\\/12\\\/cropped-AutoJMag-png.png\",\"width\":2834,\"height\":585,\"caption\":\"AutoJM Mag\"},\"image\":{\"@id\":\"https:\\\/\\\/www.autojm.fr\\\/blog\\\/#\\\/schema\\\/logo\\\/image\\\/\"},\"sameAs\":[\"https:\\\/\\\/www.facebook.com\\\/AutoJM25\"]},{\"@type\":\"Person\",\"@id\":\"https:\\\/\\\/www.autojm.fr\\\/blog\\\/#\\\/schema\\\/person\\\/1cc83a91548d88a62eb8cf06f562a72c\",\"name\":\"Justine Tripard\",\"image\":{\"@type\":\"ImageObject\",\"inLanguage\":\"fr-FR\",\"@id\":\"https:\\\/\\\/secure.gravatar.com\\\/avatar\\\/b8b45209a4cf0b7b127b9238ec348090e7302306d2485eeaab17b6761fe84991?s=96&d=mm&r=g\",\"url\":\"https:\\\/\\\/secure.gravatar.com\\\/avatar\\\/b8b45209a4cf0b7b127b9238ec348090e7302306d2485eeaab17b6761fe84991?s=96&d=mm&r=g\",\"contentUrl\":\"https:\\\/\\\/secure.gravatar.com\\\/avatar\\\/b8b45209a4cf0b7b127b9238ec348090e7302306d2485eeaab17b6761fe84991?s=96&d=mm&r=g\",\"caption\":\"Justine Tripard\"},\"url\":\"https:\\\/\\\/www.autojm.fr\\\/blog\\\/author\\\/justine\\\/\"}]}<\/script>\n<!-- \/ Yoast SEO plugin. -->","yoast_head_json":{"title":"Mini Aceman : le nouveau SUV qui carbure \u00e0 l\u2019\u00e9lectrique\u00a0 - AutoJM Mag","description":"Disponible \u00e0 la commande d\u2019ici cet \u00e9t\u00e9, le Mini Aceman fait l\u2019impasse sur les motorisations thermiques et se contente de versions 100%...","robots":{"index":"index","follow":"follow","max-snippet":"max-snippet:-1","max-image-preview":"max-image-preview:large","max-video-preview":"max-video-preview:-1"},"canonical":"https:\/\/www.autojm.fr\/blog\/mini-aceman-le-nouveau-suv-qui-carbure-a-l-electrique\/","og_locale":"fr_FR","og_type":"article","og_title":"Mini Aceman : le nouveau SUV qui carbure \u00e0 l\u2019\u00e9lectrique\u00a0 - AutoJM Mag","og_description":"Disponible \u00e0 la commande d\u2019ici cet \u00e9t\u00e9, le Mini Aceman fait l\u2019impasse sur les motorisations thermiques et se contente de versions 100%...","og_url":"https:\/\/www.autojm.fr\/blog\/mini-aceman-le-nouveau-suv-qui-carbure-a-l-electrique\/","og_site_name":"AutoJM Mag","article_publisher":"https:\/\/www.facebook.com\/AutoJM25","article_published_time":"2024-05-15T11:40:45+00:00","article_modified_time":"2024-05-17T13:48:48+00:00","og_image":[{"width":1000,"height":500,"url":"https:\/\/www.autojm.fr\/blog\/wp-content\/uploads\/2024\/05\/Mini-Aceman.jpg","type":"image\/jpeg"}],"author":"Justine Tripard","twitter_card":"summary_large_image","twitter_misc":{"\u00c9crit par":"Justine Tripard","Dur\u00e9e de lecture estim\u00e9e":"5 minutes"},"schema":{"@context":"https:\/\/schema.org","@graph":[{"@type":"Article","@id":"https:\/\/www.autojm.fr\/blog\/mini-aceman-le-nouveau-suv-qui-carbure-a-l-electrique\/#article","isPartOf":{"@id":"https:\/\/www.autojm.fr\/blog\/mini-aceman-le-nouveau-suv-qui-carbure-a-l-electrique\/"},"author":{"name":"Justine Tripard","@id":"https:\/\/www.autojm.fr\/blog\/#\/schema\/person\/1cc83a91548d88a62eb8cf06f562a72c"},"headline":"Mini Aceman : le nouveau SUV qui carbure \u00e0 l\u2019\u00e9lectrique\u00a0","datePublished":"2024-05-15T11:40:45+00:00","dateModified":"2024-05-17T13:48:48+00:00","mainEntityOfPage":{"@id":"https:\/\/www.autojm.fr\/blog\/mini-aceman-le-nouveau-suv-qui-carbure-a-l-electrique\/"},"wordCount":9,"commentCount":0,"publisher":{"@id":"https:\/\/www.autojm.fr\/blog\/#organization"},"image":{"@id":"https:\/\/www.autojm.fr\/blog\/mini-aceman-le-nouveau-suv-qui-carbure-a-l-electrique\/#primaryimage"},"thumbnailUrl":"https:\/\/www.autojm.fr\/blog\/wp-content\/uploads\/2024\/05\/Mini-Aceman.jpg","keywords":["Mini"],"articleSection":["Nouveaut\u00e9 Mini"],"inLanguage":"fr-FR","potentialAction":[{"@type":"CommentAction","name":"Comment","target":["https:\/\/www.autojm.fr\/blog\/mini-aceman-le-nouveau-suv-qui-carbure-a-l-electrique\/#respond"]}]},{"@type":"WebPage","@id":"https:\/\/www.autojm.fr\/blog\/mini-aceman-le-nouveau-suv-qui-carbure-a-l-electrique\/","url":"https:\/\/www.autojm.fr\/blog\/mini-aceman-le-nouveau-suv-qui-carbure-a-l-electrique\/","name":"Mini Aceman : le nouveau SUV qui carbure \u00e0 l\u2019\u00e9lectrique\u00a0 - AutoJM Mag","isPartOf":{"@id":"https:\/\/www.autojm.fr\/blog\/#website"},"primaryImageOfPage":{"@id":"https:\/\/www.autojm.fr\/blog\/mini-aceman-le-nouveau-suv-qui-carbure-a-l-electrique\/#primaryimage"},"image":{"@id":"https:\/\/www.autojm.fr\/blog\/mini-aceman-le-nouveau-suv-qui-carbure-a-l-electrique\/#primaryimage"},"thumbnailUrl":"https:\/\/www.autojm.fr\/blog\/wp-content\/uploads\/2024\/05\/Mini-Aceman.jpg","datePublished":"2024-05-15T11:40:45+00:00","dateModified":"2024-05-17T13:48:48+00:00","description":"Disponible \u00e0 la commande d\u2019ici cet \u00e9t\u00e9, le Mini Aceman fait l\u2019impasse sur les motorisations thermiques et se contente de versions 100%...","breadcrumb":{"@id":"https:\/\/www.autojm.fr\/blog\/mini-aceman-le-nouveau-suv-qui-carbure-a-l-electrique\/#breadcrumb"},"inLanguage":"fr-FR","potentialAction":[{"@type":"ReadAction","target":["https:\/\/www.autojm.fr\/blog\/mini-aceman-le-nouveau-suv-qui-carbure-a-l-electrique\/"]}]},{"@type":"ImageObject","inLanguage":"fr-FR","@id":"https:\/\/www.autojm.fr\/blog\/mini-aceman-le-nouveau-suv-qui-carbure-a-l-electrique\/#primaryimage","url":"https:\/\/www.autojm.fr\/blog\/wp-content\/uploads\/2024\/05\/Mini-Aceman.jpg","contentUrl":"https:\/\/www.autojm.fr\/blog\/wp-content\/uploads\/2024\/05\/Mini-Aceman.jpg","width":1000,"height":500,"caption":"Mini Aceman"},{"@type":"BreadcrumbList","@id":"https:\/\/www.autojm.fr\/blog\/mini-aceman-le-nouveau-suv-qui-carbure-a-l-electrique\/#breadcrumb","itemListElement":[{"@type":"ListItem","position":1,"name":"Accueil","item":"https:\/\/www.autojm.fr\/blog\/"},{"@type":"ListItem","position":2,"name":"Nouveaut\u00e9s Autos","item":"https:\/\/www.autojm.fr\/blog\/nouveautes-autos\/"},{"@type":"ListItem","position":3,"name":"Nouveaut\u00e9 Mini","item":"https:\/\/www.autojm.fr\/blog\/nouveautes-autos\/nouveaute-mini\/"},{"@type":"ListItem","position":4,"name":"Mini Aceman : le nouveau SUV qui carbure \u00e0 l\u2019\u00e9lectrique\u00a0"}]},{"@type":"WebSite","@id":"https:\/\/www.autojm.fr\/blog\/#website","url":"https:\/\/www.autojm.fr\/blog\/","name":"AutoJM Mag","description":"Toute l&#039;actu auto en 1 clic !","publisher":{"@id":"https:\/\/www.autojm.fr\/blog\/#organization"},"potentialAction":[{"@type":"SearchAction","target":{"@type":"EntryPoint","urlTemplate":"https:\/\/www.autojm.fr\/blog\/?s={search_term_string}"},"query-input":{"@type":"PropertyValueSpecification","valueRequired":true,"valueName":"search_term_string"}}],"inLanguage":"fr-FR"},{"@type":"Organization","@id":"https:\/\/www.autojm.fr\/blog\/#organization","name":"AutoJM Mag","url":"https:\/\/www.autojm.fr\/blog\/","logo":{"@type":"ImageObject","inLanguage":"fr-FR","@id":"https:\/\/www.autojm.fr\/blog\/#\/schema\/logo\/image\/","url":"https:\/\/www.autojm.fr\/blog\/wp-content\/uploads\/2022\/12\/cropped-AutoJMag-png.png","contentUrl":"https:\/\/www.autojm.fr\/blog\/wp-content\/uploads\/2022\/12\/cropped-AutoJMag-png.png","width":2834,"height":585,"caption":"AutoJM Mag"},"image":{"@id":"https:\/\/www.autojm.fr\/blog\/#\/schema\/logo\/image\/"},"sameAs":["https:\/\/www.facebook.com\/AutoJM25"]},{"@type":"Person","@id":"https:\/\/www.autojm.fr\/blog\/#\/schema\/person\/1cc83a91548d88a62eb8cf06f562a72c","name":"Justine Tripard","image":{"@type":"ImageObject","inLanguage":"fr-FR","@id":"https:\/\/secure.gravatar.com\/avatar\/b8b45209a4cf0b7b127b9238ec348090e7302306d2485eeaab17b6761fe84991?s=96&d=mm&r=g","url":"https:\/\/secure.gravatar.com\/avatar\/b8b45209a4cf0b7b127b9238ec348090e7302306d2485eeaab17b6761fe84991?s=96&d=mm&r=g","contentUrl":"https:\/\/secure.gravatar.com\/avatar\/b8b45209a4cf0b7b127b9238ec348090e7302306d2485eeaab17b6761fe84991?s=96&d=mm&r=g","caption":"Justine Tripard"},"url":"https:\/\/www.autojm.fr\/blog\/author\/justine\/"}]}},"_links":{"self":[{"href":"https:\/\/www.autojm.fr\/blog\/wp-json\/wp\/v2\/posts\/17146","targetHints":{"allow":["GET"]}}],"collection":[{"href":"https:\/\/www.autojm.fr\/blog\/wp-json\/wp\/v2\/posts"}],"about":[{"href":"https:\/\/www.autojm.fr\/blog\/wp-json\/wp\/v2\/types\/post"}],"author":[{"embeddable":true,"href":"https:\/\/www.autojm.fr\/blog\/wp-json\/wp\/v2\/users\/6"}],"replies":[{"embeddable":true,"href":"https:\/\/www.autojm.fr\/blog\/wp-json\/wp\/v2\/comments?post=17146"}],"version-history":[{"count":6,"href":"https:\/\/www.autojm.fr\/blog\/wp-json\/wp\/v2\/posts\/17146\/revisions"}],"predecessor-version":[{"id":17166,"href":"https:\/\/www.autojm.fr\/blog\/wp-json\/wp\/v2\/posts\/17146\/revisions\/17166"}],"wp:featuredmedia":[{"embeddable":true,"href":"https:\/\/www.autojm.fr\/blog\/wp-json\/wp\/v2\/media\/17148"}],"wp:attachment":[{"href":"https:\/\/www.autojm.fr\/blog\/wp-json\/wp\/v2\/media?parent=17146"}],"wp:term":[{"taxonomy":"category","embeddable":true,"href":"https:\/\/www.autojm.fr\/blog\/wp-json\/wp\/v2\/categories?post=17146"},{"taxonomy":"post_tag","embeddable":true,"href":"https:\/\/www.autojm.fr\/blog\/wp-json\/wp\/v2\/tags?post=17146"}],"curies":[{"name":"wp","href":"https:\/\/api.w.org\/{rel}","templated":true}]}}