{"id":16887,"date":"2024-05-03T12:13:53","date_gmt":"2024-05-03T12:13:53","guid":{"rendered":"https:\/\/www.autojm.fr\/blog\/?p=16887"},"modified":"2024-05-03T12:44:02","modified_gmt":"2024-05-03T12:44:02","slug":"la-cupra-formentor-passe-par-la-case-restylage","status":"publish","type":"post","link":"https:\/\/www.autojm.fr\/blog\/la-cupra-formentor-passe-par-la-case-restylage\/","title":{"rendered":"La Cupra Formentor passe par la case restylage\u00a0"},"content":{"rendered":"","protected":false},"excerpt":{"rendered":"<p>D\u00e9voil\u00e9e fin avril, la Cupra Formentor change radicalement de look en adoptant le nouveau style du constructeur espagnol. Premier mod\u00e8le de la marque depuis son \u00e9mancipation de Seat en 2018, le SUV subit un profond lifting qui se mat\u00e9rialise par un design plus affirm\u00e9 et de nouvelles motorisations \u00e9lectrifi\u00e9es. <\/p>\n","protected":false},"author":6,"featured_media":16889,"comment_status":"open","ping_status":"open","sticky":false,"template":"","format":"standard","meta":{"_acf_changed":false,"content-type":"","footnotes":""},"categories":[379],"tags":[80,174],"class_list":["post-16887","post","type-post","status-publish","format-standard","has-post-thumbnail","hentry","category-actualite-cupra","tag-leon-sportstourer","tag-seat"],"acf":[],"yoast_head":"<!-- This site is optimized with the Yoast SEO plugin v27.5 - https:\/\/yoast.com\/product\/yoast-seo-wordpress\/ -->\n<title>La Cupra Formentor passe par la case restylage\u00a0 - AutoJM Mag<\/title>\n<meta name=\"description\" content=\"D\u00e9voil\u00e9e fin avril, la Cupra Formentor change radicalement de look en adoptant le nouveau style du constructeur espagnol. Premier mod\u00e8le de...\" \/>\n<meta name=\"robots\" content=\"index, follow, max-snippet:-1, max-image-preview:large, max-video-preview:-1\" \/>\n<link rel=\"canonical\" href=\"https:\/\/www.autojm.fr\/blog\/la-cupra-formentor-passe-par-la-case-restylage\/\" \/>\n<meta property=\"og:locale\" content=\"fr_FR\" \/>\n<meta property=\"og:type\" content=\"article\" \/>\n<meta property=\"og:title\" content=\"La Cupra Formentor passe par la case restylage\u00a0 - AutoJM Mag\" \/>\n<meta property=\"og:description\" content=\"D\u00e9voil\u00e9e fin avril, la Cupra Formentor change radicalement de look en adoptant le nouveau style du constructeur espagnol. Premier mod\u00e8le de...\" \/>\n<meta property=\"og:url\" content=\"https:\/\/www.autojm.fr\/blog\/la-cupra-formentor-passe-par-la-case-restylage\/\" \/>\n<meta property=\"og:site_name\" content=\"AutoJM Mag\" \/>\n<meta property=\"article:publisher\" content=\"https:\/\/www.facebook.com\/AutoJM25\" \/>\n<meta property=\"article:published_time\" content=\"2024-05-03T12:13:53+00:00\" \/>\n<meta property=\"article:modified_time\" content=\"2024-05-03T12:44:02+00:00\" \/>\n<meta property=\"og:image\" content=\"https:\/\/www.autojm.fr\/blog\/wp-content\/uploads\/2024\/05\/Cupra-Formentor.jpg\" \/>\n\t<meta property=\"og:image:width\" content=\"1000\" \/>\n\t<meta property=\"og:image:height\" content=\"500\" \/>\n\t<meta property=\"og:image:type\" content=\"image\/jpeg\" \/>\n<meta name=\"author\" content=\"Justine Tripard\" \/>\n<meta name=\"twitter:card\" content=\"summary_large_image\" \/>\n<meta name=\"twitter:label1\" content=\"\u00c9crit par\" \/>\n\t<meta name=\"twitter:data1\" content=\"Justine Tripard\" \/>\n\t<meta name=\"twitter:label2\" content=\"Dur\u00e9e de lecture estim\u00e9e\" \/>\n\t<meta name=\"twitter:data2\" content=\"4 minutes\" \/>\n<script type=\"application\/ld+json\" class=\"yoast-schema-graph\">{\"@context\":\"https:\\\/\\\/schema.org\",\"@graph\":[{\"@type\":\"Article\",\"@id\":\"https:\\\/\\\/www.autojm.fr\\\/blog\\\/la-cupra-formentor-passe-par-la-case-restylage\\\/#article\",\"isPartOf\":{\"@id\":\"https:\\\/\\\/www.autojm.fr\\\/blog\\\/la-cupra-formentor-passe-par-la-case-restylage\\\/\"},\"author\":{\"name\":\"Justine Tripard\",\"@id\":\"https:\\\/\\\/www.autojm.fr\\\/blog\\\/#\\\/schema\\\/person\\\/1cc83a91548d88a62eb8cf06f562a72c\"},\"headline\":\"La Cupra Formentor passe par la case restylage\u00a0\",\"datePublished\":\"2024-05-03T12:13:53+00:00\",\"dateModified\":\"2024-05-03T12:44:02+00:00\",\"mainEntityOfPage\":{\"@id\":\"https:\\\/\\\/www.autojm.fr\\\/blog\\\/la-cupra-formentor-passe-par-la-case-restylage\\\/\"},\"wordCount\":8,\"commentCount\":0,\"publisher\":{\"@id\":\"https:\\\/\\\/www.autojm.fr\\\/blog\\\/#organization\"},\"image\":{\"@id\":\"https:\\\/\\\/www.autojm.fr\\\/blog\\\/la-cupra-formentor-passe-par-la-case-restylage\\\/#primaryimage\"},\"thumbnailUrl\":\"https:\\\/\\\/www.autojm.fr\\\/blog\\\/wp-content\\\/uploads\\\/2024\\\/05\\\/Cupra-Formentor.jpg\",\"keywords\":[\"leon sportstourer\",\"Seat\"],\"articleSection\":[\"Actualit\u00e9 Cupra\"],\"inLanguage\":\"fr-FR\",\"potentialAction\":[{\"@type\":\"CommentAction\",\"name\":\"Comment\",\"target\":[\"https:\\\/\\\/www.autojm.fr\\\/blog\\\/la-cupra-formentor-passe-par-la-case-restylage\\\/#respond\"]}]},{\"@type\":\"WebPage\",\"@id\":\"https:\\\/\\\/www.autojm.fr\\\/blog\\\/la-cupra-formentor-passe-par-la-case-restylage\\\/\",\"url\":\"https:\\\/\\\/www.autojm.fr\\\/blog\\\/la-cupra-formentor-passe-par-la-case-restylage\\\/\",\"name\":\"La Cupra Formentor passe par la case restylage\u00a0 - AutoJM Mag\",\"isPartOf\":{\"@id\":\"https:\\\/\\\/www.autojm.fr\\\/blog\\\/#website\"},\"primaryImageOfPage\":{\"@id\":\"https:\\\/\\\/www.autojm.fr\\\/blog\\\/la-cupra-formentor-passe-par-la-case-restylage\\\/#primaryimage\"},\"image\":{\"@id\":\"https:\\\/\\\/www.autojm.fr\\\/blog\\\/la-cupra-formentor-passe-par-la-case-restylage\\\/#primaryimage\"},\"thumbnailUrl\":\"https:\\\/\\\/www.autojm.fr\\\/blog\\\/wp-content\\\/uploads\\\/2024\\\/05\\\/Cupra-Formentor.jpg\",\"datePublished\":\"2024-05-03T12:13:53+00:00\",\"dateModified\":\"2024-05-03T12:44:02+00:00\",\"description\":\"D\u00e9voil\u00e9e fin avril, la Cupra Formentor change radicalement de look en adoptant le nouveau style du constructeur espagnol. Premier mod\u00e8le de...\",\"breadcrumb\":{\"@id\":\"https:\\\/\\\/www.autojm.fr\\\/blog\\\/la-cupra-formentor-passe-par-la-case-restylage\\\/#breadcrumb\"},\"inLanguage\":\"fr-FR\",\"potentialAction\":[{\"@type\":\"ReadAction\",\"target\":[\"https:\\\/\\\/www.autojm.fr\\\/blog\\\/la-cupra-formentor-passe-par-la-case-restylage\\\/\"]}]},{\"@type\":\"ImageObject\",\"inLanguage\":\"fr-FR\",\"@id\":\"https:\\\/\\\/www.autojm.fr\\\/blog\\\/la-cupra-formentor-passe-par-la-case-restylage\\\/#primaryimage\",\"url\":\"https:\\\/\\\/www.autojm.fr\\\/blog\\\/wp-content\\\/uploads\\\/2024\\\/05\\\/Cupra-Formentor.jpg\",\"contentUrl\":\"https:\\\/\\\/www.autojm.fr\\\/blog\\\/wp-content\\\/uploads\\\/2024\\\/05\\\/Cupra-Formentor.jpg\",\"width\":1000,\"height\":500,\"caption\":\"Cupra Formentor\"},{\"@type\":\"BreadcrumbList\",\"@id\":\"https:\\\/\\\/www.autojm.fr\\\/blog\\\/la-cupra-formentor-passe-par-la-case-restylage\\\/#breadcrumb\",\"itemListElement\":[{\"@type\":\"ListItem\",\"position\":1,\"name\":\"Accueil\",\"item\":\"https:\\\/\\\/www.autojm.fr\\\/blog\\\/\"},{\"@type\":\"ListItem\",\"position\":2,\"name\":\"Actualit\u00e9 Automobile\",\"item\":\"https:\\\/\\\/www.autojm.fr\\\/blog\\\/actualite-automobile\\\/\"},{\"@type\":\"ListItem\",\"position\":3,\"name\":\"Actualit\u00e9 Cupra\",\"item\":\"https:\\\/\\\/www.autojm.fr\\\/blog\\\/actualite-automobile\\\/actualite-cupra\\\/\"},{\"@type\":\"ListItem\",\"position\":4,\"name\":\"La Cupra Formentor passe par la case restylage\u00a0\"}]},{\"@type\":\"WebSite\",\"@id\":\"https:\\\/\\\/www.autojm.fr\\\/blog\\\/#website\",\"url\":\"https:\\\/\\\/www.autojm.fr\\\/blog\\\/\",\"name\":\"AutoJM Mag\",\"description\":\"Toute l&#039;actu auto en 1 clic !\",\"publisher\":{\"@id\":\"https:\\\/\\\/www.autojm.fr\\\/blog\\\/#organization\"},\"potentialAction\":[{\"@type\":\"SearchAction\",\"target\":{\"@type\":\"EntryPoint\",\"urlTemplate\":\"https:\\\/\\\/www.autojm.fr\\\/blog\\\/?s={search_term_string}\"},\"query-input\":{\"@type\":\"PropertyValueSpecification\",\"valueRequired\":true,\"valueName\":\"search_term_string\"}}],\"inLanguage\":\"fr-FR\"},{\"@type\":\"Organization\",\"@id\":\"https:\\\/\\\/www.autojm.fr\\\/blog\\\/#organization\",\"name\":\"AutoJM Mag\",\"url\":\"https:\\\/\\\/www.autojm.fr\\\/blog\\\/\",\"logo\":{\"@type\":\"ImageObject\",\"inLanguage\":\"fr-FR\",\"@id\":\"https:\\\/\\\/www.autojm.fr\\\/blog\\\/#\\\/schema\\\/logo\\\/image\\\/\",\"url\":\"https:\\\/\\\/www.autojm.fr\\\/blog\\\/wp-content\\\/uploads\\\/2022\\\/12\\\/cropped-AutoJMag-png.png\",\"contentUrl\":\"https:\\\/\\\/www.autojm.fr\\\/blog\\\/wp-content\\\/uploads\\\/2022\\\/12\\\/cropped-AutoJMag-png.png\",\"width\":2834,\"height\":585,\"caption\":\"AutoJM Mag\"},\"image\":{\"@id\":\"https:\\\/\\\/www.autojm.fr\\\/blog\\\/#\\\/schema\\\/logo\\\/image\\\/\"},\"sameAs\":[\"https:\\\/\\\/www.facebook.com\\\/AutoJM25\"]},{\"@type\":\"Person\",\"@id\":\"https:\\\/\\\/www.autojm.fr\\\/blog\\\/#\\\/schema\\\/person\\\/1cc83a91548d88a62eb8cf06f562a72c\",\"name\":\"Justine Tripard\",\"image\":{\"@type\":\"ImageObject\",\"inLanguage\":\"fr-FR\",\"@id\":\"https:\\\/\\\/secure.gravatar.com\\\/avatar\\\/b8b45209a4cf0b7b127b9238ec348090e7302306d2485eeaab17b6761fe84991?s=96&d=mm&r=g\",\"url\":\"https:\\\/\\\/secure.gravatar.com\\\/avatar\\\/b8b45209a4cf0b7b127b9238ec348090e7302306d2485eeaab17b6761fe84991?s=96&d=mm&r=g\",\"contentUrl\":\"https:\\\/\\\/secure.gravatar.com\\\/avatar\\\/b8b45209a4cf0b7b127b9238ec348090e7302306d2485eeaab17b6761fe84991?s=96&d=mm&r=g\",\"caption\":\"Justine Tripard\"},\"url\":\"https:\\\/\\\/www.autojm.fr\\\/blog\\\/author\\\/justine\\\/\"}]}<\/script>\n<!-- \/ Yoast SEO plugin. -->","yoast_head_json":{"title":"La Cupra Formentor passe par la case restylage\u00a0 - AutoJM Mag","description":"D\u00e9voil\u00e9e fin avril, la Cupra Formentor change radicalement de look en adoptant le nouveau style du constructeur espagnol. Premier mod\u00e8le de...","robots":{"index":"index","follow":"follow","max-snippet":"max-snippet:-1","max-image-preview":"max-image-preview:large","max-video-preview":"max-video-preview:-1"},"canonical":"https:\/\/www.autojm.fr\/blog\/la-cupra-formentor-passe-par-la-case-restylage\/","og_locale":"fr_FR","og_type":"article","og_title":"La Cupra Formentor passe par la case restylage\u00a0 - AutoJM Mag","og_description":"D\u00e9voil\u00e9e fin avril, la Cupra Formentor change radicalement de look en adoptant le nouveau style du constructeur espagnol. Premier mod\u00e8le de...","og_url":"https:\/\/www.autojm.fr\/blog\/la-cupra-formentor-passe-par-la-case-restylage\/","og_site_name":"AutoJM Mag","article_publisher":"https:\/\/www.facebook.com\/AutoJM25","article_published_time":"2024-05-03T12:13:53+00:00","article_modified_time":"2024-05-03T12:44:02+00:00","og_image":[{"width":1000,"height":500,"url":"https:\/\/www.autojm.fr\/blog\/wp-content\/uploads\/2024\/05\/Cupra-Formentor.jpg","type":"image\/jpeg"}],"author":"Justine Tripard","twitter_card":"summary_large_image","twitter_misc":{"\u00c9crit par":"Justine Tripard","Dur\u00e9e de lecture estim\u00e9e":"4 minutes"},"schema":{"@context":"https:\/\/schema.org","@graph":[{"@type":"Article","@id":"https:\/\/www.autojm.fr\/blog\/la-cupra-formentor-passe-par-la-case-restylage\/#article","isPartOf":{"@id":"https:\/\/www.autojm.fr\/blog\/la-cupra-formentor-passe-par-la-case-restylage\/"},"author":{"name":"Justine Tripard","@id":"https:\/\/www.autojm.fr\/blog\/#\/schema\/person\/1cc83a91548d88a62eb8cf06f562a72c"},"headline":"La Cupra Formentor passe par la case restylage\u00a0","datePublished":"2024-05-03T12:13:53+00:00","dateModified":"2024-05-03T12:44:02+00:00","mainEntityOfPage":{"@id":"https:\/\/www.autojm.fr\/blog\/la-cupra-formentor-passe-par-la-case-restylage\/"},"wordCount":8,"commentCount":0,"publisher":{"@id":"https:\/\/www.autojm.fr\/blog\/#organization"},"image":{"@id":"https:\/\/www.autojm.fr\/blog\/la-cupra-formentor-passe-par-la-case-restylage\/#primaryimage"},"thumbnailUrl":"https:\/\/www.autojm.fr\/blog\/wp-content\/uploads\/2024\/05\/Cupra-Formentor.jpg","keywords":["leon sportstourer","Seat"],"articleSection":["Actualit\u00e9 Cupra"],"inLanguage":"fr-FR","potentialAction":[{"@type":"CommentAction","name":"Comment","target":["https:\/\/www.autojm.fr\/blog\/la-cupra-formentor-passe-par-la-case-restylage\/#respond"]}]},{"@type":"WebPage","@id":"https:\/\/www.autojm.fr\/blog\/la-cupra-formentor-passe-par-la-case-restylage\/","url":"https:\/\/www.autojm.fr\/blog\/la-cupra-formentor-passe-par-la-case-restylage\/","name":"La Cupra Formentor passe par la case restylage\u00a0 - AutoJM Mag","isPartOf":{"@id":"https:\/\/www.autojm.fr\/blog\/#website"},"primaryImageOfPage":{"@id":"https:\/\/www.autojm.fr\/blog\/la-cupra-formentor-passe-par-la-case-restylage\/#primaryimage"},"image":{"@id":"https:\/\/www.autojm.fr\/blog\/la-cupra-formentor-passe-par-la-case-restylage\/#primaryimage"},"thumbnailUrl":"https:\/\/www.autojm.fr\/blog\/wp-content\/uploads\/2024\/05\/Cupra-Formentor.jpg","datePublished":"2024-05-03T12:13:53+00:00","dateModified":"2024-05-03T12:44:02+00:00","description":"D\u00e9voil\u00e9e fin avril, la Cupra Formentor change radicalement de look en adoptant le nouveau style du constructeur espagnol. Premier mod\u00e8le de...","breadcrumb":{"@id":"https:\/\/www.autojm.fr\/blog\/la-cupra-formentor-passe-par-la-case-restylage\/#breadcrumb"},"inLanguage":"fr-FR","potentialAction":[{"@type":"ReadAction","target":["https:\/\/www.autojm.fr\/blog\/la-cupra-formentor-passe-par-la-case-restylage\/"]}]},{"@type":"ImageObject","inLanguage":"fr-FR","@id":"https:\/\/www.autojm.fr\/blog\/la-cupra-formentor-passe-par-la-case-restylage\/#primaryimage","url":"https:\/\/www.autojm.fr\/blog\/wp-content\/uploads\/2024\/05\/Cupra-Formentor.jpg","contentUrl":"https:\/\/www.autojm.fr\/blog\/wp-content\/uploads\/2024\/05\/Cupra-Formentor.jpg","width":1000,"height":500,"caption":"Cupra Formentor"},{"@type":"BreadcrumbList","@id":"https:\/\/www.autojm.fr\/blog\/la-cupra-formentor-passe-par-la-case-restylage\/#breadcrumb","itemListElement":[{"@type":"ListItem","position":1,"name":"Accueil","item":"https:\/\/www.autojm.fr\/blog\/"},{"@type":"ListItem","position":2,"name":"Actualit\u00e9 Automobile","item":"https:\/\/www.autojm.fr\/blog\/actualite-automobile\/"},{"@type":"ListItem","position":3,"name":"Actualit\u00e9 Cupra","item":"https:\/\/www.autojm.fr\/blog\/actualite-automobile\/actualite-cupra\/"},{"@type":"ListItem","position":4,"name":"La Cupra Formentor passe par la case restylage\u00a0"}]},{"@type":"WebSite","@id":"https:\/\/www.autojm.fr\/blog\/#website","url":"https:\/\/www.autojm.fr\/blog\/","name":"AutoJM Mag","description":"Toute l&#039;actu auto en 1 clic !","publisher":{"@id":"https:\/\/www.autojm.fr\/blog\/#organization"},"potentialAction":[{"@type":"SearchAction","target":{"@type":"EntryPoint","urlTemplate":"https:\/\/www.autojm.fr\/blog\/?s={search_term_string}"},"query-input":{"@type":"PropertyValueSpecification","valueRequired":true,"valueName":"search_term_string"}}],"inLanguage":"fr-FR"},{"@type":"Organization","@id":"https:\/\/www.autojm.fr\/blog\/#organization","name":"AutoJM Mag","url":"https:\/\/www.autojm.fr\/blog\/","logo":{"@type":"ImageObject","inLanguage":"fr-FR","@id":"https:\/\/www.autojm.fr\/blog\/#\/schema\/logo\/image\/","url":"https:\/\/www.autojm.fr\/blog\/wp-content\/uploads\/2022\/12\/cropped-AutoJMag-png.png","contentUrl":"https:\/\/www.autojm.fr\/blog\/wp-content\/uploads\/2022\/12\/cropped-AutoJMag-png.png","width":2834,"height":585,"caption":"AutoJM Mag"},"image":{"@id":"https:\/\/www.autojm.fr\/blog\/#\/schema\/logo\/image\/"},"sameAs":["https:\/\/www.facebook.com\/AutoJM25"]},{"@type":"Person","@id":"https:\/\/www.autojm.fr\/blog\/#\/schema\/person\/1cc83a91548d88a62eb8cf06f562a72c","name":"Justine Tripard","image":{"@type":"ImageObject","inLanguage":"fr-FR","@id":"https:\/\/secure.gravatar.com\/avatar\/b8b45209a4cf0b7b127b9238ec348090e7302306d2485eeaab17b6761fe84991?s=96&d=mm&r=g","url":"https:\/\/secure.gravatar.com\/avatar\/b8b45209a4cf0b7b127b9238ec348090e7302306d2485eeaab17b6761fe84991?s=96&d=mm&r=g","contentUrl":"https:\/\/secure.gravatar.com\/avatar\/b8b45209a4cf0b7b127b9238ec348090e7302306d2485eeaab17b6761fe84991?s=96&d=mm&r=g","caption":"Justine Tripard"},"url":"https:\/\/www.autojm.fr\/blog\/author\/justine\/"}]}},"_links":{"self":[{"href":"https:\/\/www.autojm.fr\/blog\/wp-json\/wp\/v2\/posts\/16887","targetHints":{"allow":["GET"]}}],"collection":[{"href":"https:\/\/www.autojm.fr\/blog\/wp-json\/wp\/v2\/posts"}],"about":[{"href":"https:\/\/www.autojm.fr\/blog\/wp-json\/wp\/v2\/types\/post"}],"author":[{"embeddable":true,"href":"https:\/\/www.autojm.fr\/blog\/wp-json\/wp\/v2\/users\/6"}],"replies":[{"embeddable":true,"href":"https:\/\/www.autojm.fr\/blog\/wp-json\/wp\/v2\/comments?post=16887"}],"version-history":[{"count":3,"href":"https:\/\/www.autojm.fr\/blog\/wp-json\/wp\/v2\/posts\/16887\/revisions"}],"predecessor-version":[{"id":16899,"href":"https:\/\/www.autojm.fr\/blog\/wp-json\/wp\/v2\/posts\/16887\/revisions\/16899"}],"wp:featuredmedia":[{"embeddable":true,"href":"https:\/\/www.autojm.fr\/blog\/wp-json\/wp\/v2\/media\/16889"}],"wp:attachment":[{"href":"https:\/\/www.autojm.fr\/blog\/wp-json\/wp\/v2\/media?parent=16887"}],"wp:term":[{"taxonomy":"category","embeddable":true,"href":"https:\/\/www.autojm.fr\/blog\/wp-json\/wp\/v2\/categories?post=16887"},{"taxonomy":"post_tag","embeddable":true,"href":"https:\/\/www.autojm.fr\/blog\/wp-json\/wp\/v2\/tags?post=16887"}],"curies":[{"name":"wp","href":"https:\/\/api.w.org\/{rel}","templated":true}]}}