{"id":16852,"date":"2024-09-25T06:45:00","date_gmt":"2024-09-25T06:45:00","guid":{"rendered":"https:\/\/www.autojm.fr\/blog\/?p=16852"},"modified":"2026-04-27T11:23:59","modified_gmt":"2026-04-27T09:23:59","slug":"french-days-faites-de-bonnes-affaires-avec-autojm","status":"publish","type":"post","link":"https:\/\/www.autojm.fr\/blog\/french-days-faites-de-bonnes-affaires-avec-autojm\/","title":{"rendered":"French Days: faites de bonnes affaires avec AutoJM!\u00a0"},"content":{"rendered":"","protected":false},"excerpt":{"rendered":"<p>Les French Days, aussi appel\u00e9s \u201cjours fran\u00e7ais\u201d, sont devenus un rendez-vous incontournable pour les consommateurs \u00e0 la recherche de bonnes affaires. \u00c0 l\u2019image du Black Friday, cet \u00e9v\u00e9nement commercial met \u00e0 l\u2019honneur les enseignes fran\u00e7aises\u2026 et c\u2019est aussi une excellente opportunit\u00e9 pour acheter une voiture neuve \u00e0 prix r\u00e9duit.<\/p>\n","protected":false},"author":6,"featured_media":54673,"comment_status":"open","ping_status":"open","sticky":false,"template":"","format":"standard","meta":{"_acf_changed":false,"content-type":"","footnotes":""},"categories":[370],"tags":[88,336,333,314,91,103,318,90,271,301,211,188,87,79,331,92,105,368,135,102,150,110,109,207,259,106,80,242,384,107,73,78,174,193,81,169,96,270],"class_list":["post-16852","post","type-post","status-publish","format-standard","has-post-thumbnail","hentry","category-actualite-autojm","tag-88","tag-336","tag-333","tag-314","tag-arkana","tag-audi","tag-austral","tag-autojm","tag-bmw","tag-c3","tag-c4-picasso","tag-c5-aircross","tag-captur","tag-citroen","tag-clio","tag-clio-5","tag-ds","tag-ds-7","tag-ds3","tag-ds4","tag-ds7-crossback","tag-fiat","tag-ford","tag-golf-8","tag-hyundai","tag-kia","tag-leon-sportstourer","tag-mazda","tag-mini","tag-opel","tag-peugeot","tag-renault","tag-seat","tag-skoda","tag-t-roc","tag-toyota","tag-volkswagen","tag-volvo"],"acf":[],"yoast_head":"<!-- This site is optimized with the Yoast SEO plugin v27.5 - https:\/\/yoast.com\/product\/yoast-seo-wordpress\/ -->\n<title>French Days: faites de bonnes affaires avec AutoJM!\u00a0 - AutoJM Mag<\/title>\n<meta name=\"description\" content=\"Les French Days, aussi appel\u00e9s \u201cjours fran\u00e7ais\u201d, sont devenus un rendez-vous incontournable pour les automobilistes fran\u00e7ais...\" \/>\n<meta name=\"robots\" content=\"index, follow, max-snippet:-1, max-image-preview:large, max-video-preview:-1\" \/>\n<link rel=\"canonical\" href=\"https:\/\/www.autojm.fr\/blog\/french-days-faites-de-bonnes-affaires-avec-autojm\/\" \/>\n<meta property=\"og:locale\" content=\"fr_FR\" \/>\n<meta property=\"og:type\" content=\"article\" \/>\n<meta property=\"og:title\" content=\"French Days: faites de bonnes affaires avec AutoJM!\u00a0 - AutoJM Mag\" \/>\n<meta property=\"og:description\" content=\"Les French Days, aussi appel\u00e9s \u201cjours fran\u00e7ais\u201d, sont devenus un rendez-vous incontournable pour les automobilistes fran\u00e7ais...\" \/>\n<meta property=\"og:url\" content=\"https:\/\/www.autojm.fr\/blog\/french-days-faites-de-bonnes-affaires-avec-autojm\/\" \/>\n<meta property=\"og:site_name\" content=\"AutoJM Mag\" \/>\n<meta property=\"article:publisher\" content=\"https:\/\/www.facebook.com\/AutoJM25\" \/>\n<meta property=\"article:published_time\" content=\"2024-09-25T06:45:00+00:00\" \/>\n<meta property=\"article:modified_time\" content=\"2026-04-27T09:23:59+00:00\" \/>\n<meta property=\"og:image\" content=\"https:\/\/www.autojm.fr\/blog\/wp-content\/uploads\/2024\/09\/image-top-1000x500-66.png\" \/>\n\t<meta property=\"og:image:width\" content=\"1000\" \/>\n\t<meta property=\"og:image:height\" content=\"500\" \/>\n\t<meta property=\"og:image:type\" content=\"image\/png\" \/>\n<meta name=\"author\" content=\"Justine Tripard\" \/>\n<meta name=\"twitter:card\" content=\"summary_large_image\" \/>\n<meta name=\"twitter:label1\" content=\"\u00c9crit par\" \/>\n\t<meta name=\"twitter:data1\" content=\"Justine Tripard\" \/>\n\t<meta name=\"twitter:label2\" content=\"Dur\u00e9e de lecture estim\u00e9e\" \/>\n\t<meta name=\"twitter:data2\" content=\"4 minutes\" \/>\n<script type=\"application\/ld+json\" class=\"yoast-schema-graph\">{\"@context\":\"https:\\\/\\\/schema.org\",\"@graph\":[{\"@type\":\"Article\",\"@id\":\"https:\\\/\\\/www.autojm.fr\\\/blog\\\/french-days-faites-de-bonnes-affaires-avec-autojm\\\/#article\",\"isPartOf\":{\"@id\":\"https:\\\/\\\/www.autojm.fr\\\/blog\\\/french-days-faites-de-bonnes-affaires-avec-autojm\\\/\"},\"author\":{\"name\":\"Justine Tripard\",\"@id\":\"https:\\\/\\\/www.autojm.fr\\\/blog\\\/#\\\/schema\\\/person\\\/1cc83a91548d88a62eb8cf06f562a72c\"},\"headline\":\"French Days: faites de bonnes affaires avec AutoJM!\u00a0\",\"datePublished\":\"2024-09-25T06:45:00+00:00\",\"dateModified\":\"2026-04-27T09:23:59+00:00\",\"mainEntityOfPage\":{\"@id\":\"https:\\\/\\\/www.autojm.fr\\\/blog\\\/french-days-faites-de-bonnes-affaires-avec-autojm\\\/\"},\"wordCount\":8,\"commentCount\":0,\"publisher\":{\"@id\":\"https:\\\/\\\/www.autojm.fr\\\/blog\\\/#organization\"},\"image\":{\"@id\":\"https:\\\/\\\/www.autojm.fr\\\/blog\\\/french-days-faites-de-bonnes-affaires-avec-autojm\\\/#primaryimage\"},\"thumbnailUrl\":\"https:\\\/\\\/www.autojm.fr\\\/blog\\\/wp-content\\\/uploads\\\/2024\\\/09\\\/image-top-1000x500-66.png\",\"keywords\":[\"208\",\"3008\",\"308\",\"408\",\"arkana\",\"Audi\",\"Austral\",\"autojm\",\"BMW\",\"C3\",\"C4 Picasso\",\"C5 Aircross\",\"captur\",\"citroen\",\"Clio\",\"Clio 5\",\"DS\",\"DS 7\",\"DS3\",\"DS4\",\"DS7 Crossback\",\"Fiat\",\"Ford\",\"Golf 8\",\"Hyundai\",\"Kia\",\"leon sportstourer\",\"Mazda\",\"Mini\",\"Opel\",\"peugeot\",\"renault\",\"Seat\",\"Skoda\",\"t-roc\",\"Toyota\",\"Volkswagen\",\"Volvo\"],\"articleSection\":[\"Actualit\u00e9 AutoJM\"],\"inLanguage\":\"fr-FR\",\"potentialAction\":[{\"@type\":\"CommentAction\",\"name\":\"Comment\",\"target\":[\"https:\\\/\\\/www.autojm.fr\\\/blog\\\/french-days-faites-de-bonnes-affaires-avec-autojm\\\/#respond\"]}]},{\"@type\":\"WebPage\",\"@id\":\"https:\\\/\\\/www.autojm.fr\\\/blog\\\/french-days-faites-de-bonnes-affaires-avec-autojm\\\/\",\"url\":\"https:\\\/\\\/www.autojm.fr\\\/blog\\\/french-days-faites-de-bonnes-affaires-avec-autojm\\\/\",\"name\":\"French Days: faites de bonnes affaires avec AutoJM!\u00a0 - AutoJM Mag\",\"isPartOf\":{\"@id\":\"https:\\\/\\\/www.autojm.fr\\\/blog\\\/#website\"},\"primaryImageOfPage\":{\"@id\":\"https:\\\/\\\/www.autojm.fr\\\/blog\\\/french-days-faites-de-bonnes-affaires-avec-autojm\\\/#primaryimage\"},\"image\":{\"@id\":\"https:\\\/\\\/www.autojm.fr\\\/blog\\\/french-days-faites-de-bonnes-affaires-avec-autojm\\\/#primaryimage\"},\"thumbnailUrl\":\"https:\\\/\\\/www.autojm.fr\\\/blog\\\/wp-content\\\/uploads\\\/2024\\\/09\\\/image-top-1000x500-66.png\",\"datePublished\":\"2024-09-25T06:45:00+00:00\",\"dateModified\":\"2026-04-27T09:23:59+00:00\",\"description\":\"Les French Days, aussi appel\u00e9s \u201cjours fran\u00e7ais\u201d, sont devenus un rendez-vous incontournable pour les automobilistes fran\u00e7ais...\",\"breadcrumb\":{\"@id\":\"https:\\\/\\\/www.autojm.fr\\\/blog\\\/french-days-faites-de-bonnes-affaires-avec-autojm\\\/#breadcrumb\"},\"inLanguage\":\"fr-FR\",\"potentialAction\":[{\"@type\":\"ReadAction\",\"target\":[\"https:\\\/\\\/www.autojm.fr\\\/blog\\\/french-days-faites-de-bonnes-affaires-avec-autojm\\\/\"]}]},{\"@type\":\"ImageObject\",\"inLanguage\":\"fr-FR\",\"@id\":\"https:\\\/\\\/www.autojm.fr\\\/blog\\\/french-days-faites-de-bonnes-affaires-avec-autojm\\\/#primaryimage\",\"url\":\"https:\\\/\\\/www.autojm.fr\\\/blog\\\/wp-content\\\/uploads\\\/2024\\\/09\\\/image-top-1000x500-66.png\",\"contentUrl\":\"https:\\\/\\\/www.autojm.fr\\\/blog\\\/wp-content\\\/uploads\\\/2024\\\/09\\\/image-top-1000x500-66.png\",\"width\":1000,\"height\":500,\"caption\":\"french days\"},{\"@type\":\"BreadcrumbList\",\"@id\":\"https:\\\/\\\/www.autojm.fr\\\/blog\\\/french-days-faites-de-bonnes-affaires-avec-autojm\\\/#breadcrumb\",\"itemListElement\":[{\"@type\":\"ListItem\",\"position\":1,\"name\":\"Accueil\",\"item\":\"https:\\\/\\\/www.autojm.fr\\\/blog\\\/\"},{\"@type\":\"ListItem\",\"position\":2,\"name\":\"Actualit\u00e9 Automobile\",\"item\":\"https:\\\/\\\/www.autojm.fr\\\/blog\\\/actualite-automobile\\\/\"},{\"@type\":\"ListItem\",\"position\":3,\"name\":\"Actualit\u00e9 AutoJM\",\"item\":\"https:\\\/\\\/www.autojm.fr\\\/blog\\\/actualite-automobile\\\/actualite-autojm\\\/\"},{\"@type\":\"ListItem\",\"position\":4,\"name\":\"French Days: faites de bonnes affaires avec AutoJM!\u00a0\"}]},{\"@type\":\"WebSite\",\"@id\":\"https:\\\/\\\/www.autojm.fr\\\/blog\\\/#website\",\"url\":\"https:\\\/\\\/www.autojm.fr\\\/blog\\\/\",\"name\":\"AutoJM Mag\",\"description\":\"Toute l&#039;actu auto en 1 clic !\",\"publisher\":{\"@id\":\"https:\\\/\\\/www.autojm.fr\\\/blog\\\/#organization\"},\"potentialAction\":[{\"@type\":\"SearchAction\",\"target\":{\"@type\":\"EntryPoint\",\"urlTemplate\":\"https:\\\/\\\/www.autojm.fr\\\/blog\\\/?s={search_term_string}\"},\"query-input\":{\"@type\":\"PropertyValueSpecification\",\"valueRequired\":true,\"valueName\":\"search_term_string\"}}],\"inLanguage\":\"fr-FR\"},{\"@type\":\"Organization\",\"@id\":\"https:\\\/\\\/www.autojm.fr\\\/blog\\\/#organization\",\"name\":\"AutoJM Mag\",\"url\":\"https:\\\/\\\/www.autojm.fr\\\/blog\\\/\",\"logo\":{\"@type\":\"ImageObject\",\"inLanguage\":\"fr-FR\",\"@id\":\"https:\\\/\\\/www.autojm.fr\\\/blog\\\/#\\\/schema\\\/logo\\\/image\\\/\",\"url\":\"https:\\\/\\\/www.autojm.fr\\\/blog\\\/wp-content\\\/uploads\\\/2022\\\/12\\\/cropped-AutoJMag-png.png\",\"contentUrl\":\"https:\\\/\\\/www.autojm.fr\\\/blog\\\/wp-content\\\/uploads\\\/2022\\\/12\\\/cropped-AutoJMag-png.png\",\"width\":2834,\"height\":585,\"caption\":\"AutoJM Mag\"},\"image\":{\"@id\":\"https:\\\/\\\/www.autojm.fr\\\/blog\\\/#\\\/schema\\\/logo\\\/image\\\/\"},\"sameAs\":[\"https:\\\/\\\/www.facebook.com\\\/AutoJM25\"]},{\"@type\":\"Person\",\"@id\":\"https:\\\/\\\/www.autojm.fr\\\/blog\\\/#\\\/schema\\\/person\\\/1cc83a91548d88a62eb8cf06f562a72c\",\"name\":\"Justine Tripard\",\"image\":{\"@type\":\"ImageObject\",\"inLanguage\":\"fr-FR\",\"@id\":\"https:\\\/\\\/secure.gravatar.com\\\/avatar\\\/b8b45209a4cf0b7b127b9238ec348090e7302306d2485eeaab17b6761fe84991?s=96&d=mm&r=g\",\"url\":\"https:\\\/\\\/secure.gravatar.com\\\/avatar\\\/b8b45209a4cf0b7b127b9238ec348090e7302306d2485eeaab17b6761fe84991?s=96&d=mm&r=g\",\"contentUrl\":\"https:\\\/\\\/secure.gravatar.com\\\/avatar\\\/b8b45209a4cf0b7b127b9238ec348090e7302306d2485eeaab17b6761fe84991?s=96&d=mm&r=g\",\"caption\":\"Justine Tripard\"},\"url\":\"https:\\\/\\\/www.autojm.fr\\\/blog\\\/author\\\/justine\\\/\"}]}<\/script>\n<!-- \/ Yoast SEO plugin. -->","yoast_head_json":{"title":"French Days: faites de bonnes affaires avec AutoJM!\u00a0 - AutoJM Mag","description":"Les French Days, aussi appel\u00e9s \u201cjours fran\u00e7ais\u201d, sont devenus un rendez-vous incontournable pour les automobilistes fran\u00e7ais...","robots":{"index":"index","follow":"follow","max-snippet":"max-snippet:-1","max-image-preview":"max-image-preview:large","max-video-preview":"max-video-preview:-1"},"canonical":"https:\/\/www.autojm.fr\/blog\/french-days-faites-de-bonnes-affaires-avec-autojm\/","og_locale":"fr_FR","og_type":"article","og_title":"French Days: faites de bonnes affaires avec AutoJM!\u00a0 - AutoJM Mag","og_description":"Les French Days, aussi appel\u00e9s \u201cjours fran\u00e7ais\u201d, sont devenus un rendez-vous incontournable pour les automobilistes fran\u00e7ais...","og_url":"https:\/\/www.autojm.fr\/blog\/french-days-faites-de-bonnes-affaires-avec-autojm\/","og_site_name":"AutoJM Mag","article_publisher":"https:\/\/www.facebook.com\/AutoJM25","article_published_time":"2024-09-25T06:45:00+00:00","article_modified_time":"2026-04-27T09:23:59+00:00","og_image":[{"width":1000,"height":500,"url":"https:\/\/www.autojm.fr\/blog\/wp-content\/uploads\/2024\/09\/image-top-1000x500-66.png","type":"image\/png"}],"author":"Justine Tripard","twitter_card":"summary_large_image","twitter_misc":{"\u00c9crit par":"Justine Tripard","Dur\u00e9e de lecture estim\u00e9e":"4 minutes"},"schema":{"@context":"https:\/\/schema.org","@graph":[{"@type":"Article","@id":"https:\/\/www.autojm.fr\/blog\/french-days-faites-de-bonnes-affaires-avec-autojm\/#article","isPartOf":{"@id":"https:\/\/www.autojm.fr\/blog\/french-days-faites-de-bonnes-affaires-avec-autojm\/"},"author":{"name":"Justine Tripard","@id":"https:\/\/www.autojm.fr\/blog\/#\/schema\/person\/1cc83a91548d88a62eb8cf06f562a72c"},"headline":"French Days: faites de bonnes affaires avec AutoJM!\u00a0","datePublished":"2024-09-25T06:45:00+00:00","dateModified":"2026-04-27T09:23:59+00:00","mainEntityOfPage":{"@id":"https:\/\/www.autojm.fr\/blog\/french-days-faites-de-bonnes-affaires-avec-autojm\/"},"wordCount":8,"commentCount":0,"publisher":{"@id":"https:\/\/www.autojm.fr\/blog\/#organization"},"image":{"@id":"https:\/\/www.autojm.fr\/blog\/french-days-faites-de-bonnes-affaires-avec-autojm\/#primaryimage"},"thumbnailUrl":"https:\/\/www.autojm.fr\/blog\/wp-content\/uploads\/2024\/09\/image-top-1000x500-66.png","keywords":["208","3008","308","408","arkana","Audi","Austral","autojm","BMW","C3","C4 Picasso","C5 Aircross","captur","citroen","Clio","Clio 5","DS","DS 7","DS3","DS4","DS7 Crossback","Fiat","Ford","Golf 8","Hyundai","Kia","leon sportstourer","Mazda","Mini","Opel","peugeot","renault","Seat","Skoda","t-roc","Toyota","Volkswagen","Volvo"],"articleSection":["Actualit\u00e9 AutoJM"],"inLanguage":"fr-FR","potentialAction":[{"@type":"CommentAction","name":"Comment","target":["https:\/\/www.autojm.fr\/blog\/french-days-faites-de-bonnes-affaires-avec-autojm\/#respond"]}]},{"@type":"WebPage","@id":"https:\/\/www.autojm.fr\/blog\/french-days-faites-de-bonnes-affaires-avec-autojm\/","url":"https:\/\/www.autojm.fr\/blog\/french-days-faites-de-bonnes-affaires-avec-autojm\/","name":"French Days: faites de bonnes affaires avec AutoJM!\u00a0 - AutoJM Mag","isPartOf":{"@id":"https:\/\/www.autojm.fr\/blog\/#website"},"primaryImageOfPage":{"@id":"https:\/\/www.autojm.fr\/blog\/french-days-faites-de-bonnes-affaires-avec-autojm\/#primaryimage"},"image":{"@id":"https:\/\/www.autojm.fr\/blog\/french-days-faites-de-bonnes-affaires-avec-autojm\/#primaryimage"},"thumbnailUrl":"https:\/\/www.autojm.fr\/blog\/wp-content\/uploads\/2024\/09\/image-top-1000x500-66.png","datePublished":"2024-09-25T06:45:00+00:00","dateModified":"2026-04-27T09:23:59+00:00","description":"Les French Days, aussi appel\u00e9s \u201cjours fran\u00e7ais\u201d, sont devenus un rendez-vous incontournable pour les automobilistes fran\u00e7ais...","breadcrumb":{"@id":"https:\/\/www.autojm.fr\/blog\/french-days-faites-de-bonnes-affaires-avec-autojm\/#breadcrumb"},"inLanguage":"fr-FR","potentialAction":[{"@type":"ReadAction","target":["https:\/\/www.autojm.fr\/blog\/french-days-faites-de-bonnes-affaires-avec-autojm\/"]}]},{"@type":"ImageObject","inLanguage":"fr-FR","@id":"https:\/\/www.autojm.fr\/blog\/french-days-faites-de-bonnes-affaires-avec-autojm\/#primaryimage","url":"https:\/\/www.autojm.fr\/blog\/wp-content\/uploads\/2024\/09\/image-top-1000x500-66.png","contentUrl":"https:\/\/www.autojm.fr\/blog\/wp-content\/uploads\/2024\/09\/image-top-1000x500-66.png","width":1000,"height":500,"caption":"french days"},{"@type":"BreadcrumbList","@id":"https:\/\/www.autojm.fr\/blog\/french-days-faites-de-bonnes-affaires-avec-autojm\/#breadcrumb","itemListElement":[{"@type":"ListItem","position":1,"name":"Accueil","item":"https:\/\/www.autojm.fr\/blog\/"},{"@type":"ListItem","position":2,"name":"Actualit\u00e9 Automobile","item":"https:\/\/www.autojm.fr\/blog\/actualite-automobile\/"},{"@type":"ListItem","position":3,"name":"Actualit\u00e9 AutoJM","item":"https:\/\/www.autojm.fr\/blog\/actualite-automobile\/actualite-autojm\/"},{"@type":"ListItem","position":4,"name":"French Days: faites de bonnes affaires avec AutoJM!\u00a0"}]},{"@type":"WebSite","@id":"https:\/\/www.autojm.fr\/blog\/#website","url":"https:\/\/www.autojm.fr\/blog\/","name":"AutoJM Mag","description":"Toute l&#039;actu auto en 1 clic !","publisher":{"@id":"https:\/\/www.autojm.fr\/blog\/#organization"},"potentialAction":[{"@type":"SearchAction","target":{"@type":"EntryPoint","urlTemplate":"https:\/\/www.autojm.fr\/blog\/?s={search_term_string}"},"query-input":{"@type":"PropertyValueSpecification","valueRequired":true,"valueName":"search_term_string"}}],"inLanguage":"fr-FR"},{"@type":"Organization","@id":"https:\/\/www.autojm.fr\/blog\/#organization","name":"AutoJM Mag","url":"https:\/\/www.autojm.fr\/blog\/","logo":{"@type":"ImageObject","inLanguage":"fr-FR","@id":"https:\/\/www.autojm.fr\/blog\/#\/schema\/logo\/image\/","url":"https:\/\/www.autojm.fr\/blog\/wp-content\/uploads\/2022\/12\/cropped-AutoJMag-png.png","contentUrl":"https:\/\/www.autojm.fr\/blog\/wp-content\/uploads\/2022\/12\/cropped-AutoJMag-png.png","width":2834,"height":585,"caption":"AutoJM Mag"},"image":{"@id":"https:\/\/www.autojm.fr\/blog\/#\/schema\/logo\/image\/"},"sameAs":["https:\/\/www.facebook.com\/AutoJM25"]},{"@type":"Person","@id":"https:\/\/www.autojm.fr\/blog\/#\/schema\/person\/1cc83a91548d88a62eb8cf06f562a72c","name":"Justine Tripard","image":{"@type":"ImageObject","inLanguage":"fr-FR","@id":"https:\/\/secure.gravatar.com\/avatar\/b8b45209a4cf0b7b127b9238ec348090e7302306d2485eeaab17b6761fe84991?s=96&d=mm&r=g","url":"https:\/\/secure.gravatar.com\/avatar\/b8b45209a4cf0b7b127b9238ec348090e7302306d2485eeaab17b6761fe84991?s=96&d=mm&r=g","contentUrl":"https:\/\/secure.gravatar.com\/avatar\/b8b45209a4cf0b7b127b9238ec348090e7302306d2485eeaab17b6761fe84991?s=96&d=mm&r=g","caption":"Justine Tripard"},"url":"https:\/\/www.autojm.fr\/blog\/author\/justine\/"}]}},"_links":{"self":[{"href":"https:\/\/www.autojm.fr\/blog\/wp-json\/wp\/v2\/posts\/16852","targetHints":{"allow":["GET"]}}],"collection":[{"href":"https:\/\/www.autojm.fr\/blog\/wp-json\/wp\/v2\/posts"}],"about":[{"href":"https:\/\/www.autojm.fr\/blog\/wp-json\/wp\/v2\/types\/post"}],"author":[{"embeddable":true,"href":"https:\/\/www.autojm.fr\/blog\/wp-json\/wp\/v2\/users\/6"}],"replies":[{"embeddable":true,"href":"https:\/\/www.autojm.fr\/blog\/wp-json\/wp\/v2\/comments?post=16852"}],"version-history":[{"count":29,"href":"https:\/\/www.autojm.fr\/blog\/wp-json\/wp\/v2\/posts\/16852\/revisions"}],"predecessor-version":[{"id":54687,"href":"https:\/\/www.autojm.fr\/blog\/wp-json\/wp\/v2\/posts\/16852\/revisions\/54687"}],"wp:featuredmedia":[{"embeddable":true,"href":"https:\/\/www.autojm.fr\/blog\/wp-json\/wp\/v2\/media\/54673"}],"wp:attachment":[{"href":"https:\/\/www.autojm.fr\/blog\/wp-json\/wp\/v2\/media?parent=16852"}],"wp:term":[{"taxonomy":"category","embeddable":true,"href":"https:\/\/www.autojm.fr\/blog\/wp-json\/wp\/v2\/categories?post=16852"},{"taxonomy":"post_tag","embeddable":true,"href":"https:\/\/www.autojm.fr\/blog\/wp-json\/wp\/v2\/tags?post=16852"}],"curies":[{"name":"wp","href":"https:\/\/api.w.org\/{rel}","templated":true}]}}