{"id":16471,"date":"2024-03-25T10:16:35","date_gmt":"2024-03-25T10:16:35","guid":{"rendered":"https:\/\/www.autojm.fr\/blog\/?p=16471"},"modified":"2024-03-28T16:00:48","modified_gmt":"2024-03-28T16:00:48","slug":"kia-k4-la-nouvelle-generation-de-la-forte","status":"publish","type":"post","link":"https:\/\/www.autojm.fr\/blog\/kia-k4-la-nouvelle-generation-de-la-forte\/","title":{"rendered":"Kia K4 : la nouvelle g\u00e9n\u00e9ration de la Forte\u00a0"},"content":{"rendered":"","protected":false},"excerpt":{"rendered":"<p>Officiellement pr\u00e9sent\u00e9e le 27 mars au Salon automobile de New-York, la Kia K4 int\u00e8grera en 2025 le catalogue de la marque sud-cor\u00e9enne qui poursuit sa transition stylistique. Apr\u00e8s les SUV EV6 et EV9, la berline compacte aux lignes anguleuses se positionne comme la rempla\u00e7ante directe de la Forte. <\/p>\n","protected":false},"author":6,"featured_media":16473,"comment_status":"open","ping_status":"open","sticky":false,"template":"","format":"standard","meta":{"_acf_changed":false,"content-type":"","footnotes":""},"categories":[354],"tags":[106,280],"class_list":["post-16471","post","type-post","status-publish","format-standard","has-post-thumbnail","hentry","category-nouveaute-kia","tag-kia","tag-kia-niro"],"acf":[],"yoast_head":"<!-- This site is optimized with the Yoast SEO plugin v27.5 - https:\/\/yoast.com\/product\/yoast-seo-wordpress\/ -->\n<title>Kia K4 : la nouvelle g\u00e9n\u00e9ration de la Forte\u00a0 - AutoJM Mag<\/title>\n<meta name=\"description\" content=\"Officiellement pr\u00e9sent\u00e9e le 27 mars au Salon automobile de New-York, la Kia K4 int\u00e8grera en 2025 le catalogue de la marque sud-cor\u00e9enne...\" \/>\n<meta name=\"robots\" content=\"index, follow, max-snippet:-1, max-image-preview:large, max-video-preview:-1\" \/>\n<link rel=\"canonical\" href=\"https:\/\/www.autojm.fr\/blog\/kia-k4-la-nouvelle-generation-de-la-forte\/\" \/>\n<meta property=\"og:locale\" content=\"fr_FR\" \/>\n<meta property=\"og:type\" content=\"article\" \/>\n<meta property=\"og:title\" content=\"Kia K4 : la nouvelle g\u00e9n\u00e9ration de la Forte\u00a0 - AutoJM Mag\" \/>\n<meta property=\"og:description\" content=\"Officiellement pr\u00e9sent\u00e9e le 27 mars au Salon automobile de New-York, la Kia K4 int\u00e8grera en 2025 le catalogue de la marque sud-cor\u00e9enne...\" \/>\n<meta property=\"og:url\" content=\"https:\/\/www.autojm.fr\/blog\/kia-k4-la-nouvelle-generation-de-la-forte\/\" \/>\n<meta property=\"og:site_name\" content=\"AutoJM Mag\" \/>\n<meta property=\"article:publisher\" content=\"https:\/\/www.facebook.com\/AutoJM25\" \/>\n<meta property=\"article:published_time\" content=\"2024-03-25T10:16:35+00:00\" \/>\n<meta property=\"article:modified_time\" content=\"2024-03-28T16:00:48+00:00\" \/>\n<meta property=\"og:image\" content=\"https:\/\/www.autojm.fr\/blog\/wp-content\/uploads\/2024\/03\/Kia-K4.jpg\" \/>\n\t<meta property=\"og:image:width\" content=\"1000\" \/>\n\t<meta property=\"og:image:height\" content=\"500\" \/>\n\t<meta property=\"og:image:type\" content=\"image\/jpeg\" \/>\n<meta name=\"author\" content=\"Justine Tripard\" \/>\n<meta name=\"twitter:card\" content=\"summary_large_image\" \/>\n<meta name=\"twitter:label1\" content=\"\u00c9crit par\" \/>\n\t<meta name=\"twitter:data1\" content=\"Justine Tripard\" \/>\n\t<meta name=\"twitter:label2\" content=\"Dur\u00e9e de lecture estim\u00e9e\" \/>\n\t<meta name=\"twitter:data2\" content=\"4 minutes\" \/>\n<script type=\"application\/ld+json\" class=\"yoast-schema-graph\">{\"@context\":\"https:\\\/\\\/schema.org\",\"@graph\":[{\"@type\":\"Article\",\"@id\":\"https:\\\/\\\/www.autojm.fr\\\/blog\\\/kia-k4-la-nouvelle-generation-de-la-forte\\\/#article\",\"isPartOf\":{\"@id\":\"https:\\\/\\\/www.autojm.fr\\\/blog\\\/kia-k4-la-nouvelle-generation-de-la-forte\\\/\"},\"author\":{\"name\":\"Justine Tripard\",\"@id\":\"https:\\\/\\\/www.autojm.fr\\\/blog\\\/#\\\/schema\\\/person\\\/1cc83a91548d88a62eb8cf06f562a72c\"},\"headline\":\"Kia K4 : la nouvelle g\u00e9n\u00e9ration de la Forte\u00a0\",\"datePublished\":\"2024-03-25T10:16:35+00:00\",\"dateModified\":\"2024-03-28T16:00:48+00:00\",\"mainEntityOfPage\":{\"@id\":\"https:\\\/\\\/www.autojm.fr\\\/blog\\\/kia-k4-la-nouvelle-generation-de-la-forte\\\/\"},\"wordCount\":10,\"commentCount\":0,\"publisher\":{\"@id\":\"https:\\\/\\\/www.autojm.fr\\\/blog\\\/#organization\"},\"image\":{\"@id\":\"https:\\\/\\\/www.autojm.fr\\\/blog\\\/kia-k4-la-nouvelle-generation-de-la-forte\\\/#primaryimage\"},\"thumbnailUrl\":\"https:\\\/\\\/www.autojm.fr\\\/blog\\\/wp-content\\\/uploads\\\/2024\\\/03\\\/Kia-K4.jpg\",\"keywords\":[\"Kia\",\"Kia Niro\"],\"articleSection\":[\"Nouveaut\u00e9 Kia\"],\"inLanguage\":\"fr-FR\",\"potentialAction\":[{\"@type\":\"CommentAction\",\"name\":\"Comment\",\"target\":[\"https:\\\/\\\/www.autojm.fr\\\/blog\\\/kia-k4-la-nouvelle-generation-de-la-forte\\\/#respond\"]}]},{\"@type\":\"WebPage\",\"@id\":\"https:\\\/\\\/www.autojm.fr\\\/blog\\\/kia-k4-la-nouvelle-generation-de-la-forte\\\/\",\"url\":\"https:\\\/\\\/www.autojm.fr\\\/blog\\\/kia-k4-la-nouvelle-generation-de-la-forte\\\/\",\"name\":\"Kia K4 : la nouvelle g\u00e9n\u00e9ration de la Forte\u00a0 - AutoJM Mag\",\"isPartOf\":{\"@id\":\"https:\\\/\\\/www.autojm.fr\\\/blog\\\/#website\"},\"primaryImageOfPage\":{\"@id\":\"https:\\\/\\\/www.autojm.fr\\\/blog\\\/kia-k4-la-nouvelle-generation-de-la-forte\\\/#primaryimage\"},\"image\":{\"@id\":\"https:\\\/\\\/www.autojm.fr\\\/blog\\\/kia-k4-la-nouvelle-generation-de-la-forte\\\/#primaryimage\"},\"thumbnailUrl\":\"https:\\\/\\\/www.autojm.fr\\\/blog\\\/wp-content\\\/uploads\\\/2024\\\/03\\\/Kia-K4.jpg\",\"datePublished\":\"2024-03-25T10:16:35+00:00\",\"dateModified\":\"2024-03-28T16:00:48+00:00\",\"description\":\"Officiellement pr\u00e9sent\u00e9e le 27 mars au Salon automobile de New-York, la Kia K4 int\u00e8grera en 2025 le catalogue de la marque sud-cor\u00e9enne...\",\"breadcrumb\":{\"@id\":\"https:\\\/\\\/www.autojm.fr\\\/blog\\\/kia-k4-la-nouvelle-generation-de-la-forte\\\/#breadcrumb\"},\"inLanguage\":\"fr-FR\",\"potentialAction\":[{\"@type\":\"ReadAction\",\"target\":[\"https:\\\/\\\/www.autojm.fr\\\/blog\\\/kia-k4-la-nouvelle-generation-de-la-forte\\\/\"]}]},{\"@type\":\"ImageObject\",\"inLanguage\":\"fr-FR\",\"@id\":\"https:\\\/\\\/www.autojm.fr\\\/blog\\\/kia-k4-la-nouvelle-generation-de-la-forte\\\/#primaryimage\",\"url\":\"https:\\\/\\\/www.autojm.fr\\\/blog\\\/wp-content\\\/uploads\\\/2024\\\/03\\\/Kia-K4.jpg\",\"contentUrl\":\"https:\\\/\\\/www.autojm.fr\\\/blog\\\/wp-content\\\/uploads\\\/2024\\\/03\\\/Kia-K4.jpg\",\"width\":1000,\"height\":500,\"caption\":\"Kia K4\"},{\"@type\":\"BreadcrumbList\",\"@id\":\"https:\\\/\\\/www.autojm.fr\\\/blog\\\/kia-k4-la-nouvelle-generation-de-la-forte\\\/#breadcrumb\",\"itemListElement\":[{\"@type\":\"ListItem\",\"position\":1,\"name\":\"Accueil\",\"item\":\"https:\\\/\\\/www.autojm.fr\\\/blog\\\/\"},{\"@type\":\"ListItem\",\"position\":2,\"name\":\"Nouveaut\u00e9s Autos\",\"item\":\"https:\\\/\\\/www.autojm.fr\\\/blog\\\/nouveautes-autos\\\/\"},{\"@type\":\"ListItem\",\"position\":3,\"name\":\"Nouveaut\u00e9 Kia\",\"item\":\"https:\\\/\\\/www.autojm.fr\\\/blog\\\/nouveautes-autos\\\/nouveaute-kia\\\/\"},{\"@type\":\"ListItem\",\"position\":4,\"name\":\"Kia K4 : la nouvelle g\u00e9n\u00e9ration de la Forte\u00a0\"}]},{\"@type\":\"WebSite\",\"@id\":\"https:\\\/\\\/www.autojm.fr\\\/blog\\\/#website\",\"url\":\"https:\\\/\\\/www.autojm.fr\\\/blog\\\/\",\"name\":\"AutoJM Mag\",\"description\":\"Toute l&#039;actu auto en 1 clic !\",\"publisher\":{\"@id\":\"https:\\\/\\\/www.autojm.fr\\\/blog\\\/#organization\"},\"potentialAction\":[{\"@type\":\"SearchAction\",\"target\":{\"@type\":\"EntryPoint\",\"urlTemplate\":\"https:\\\/\\\/www.autojm.fr\\\/blog\\\/?s={search_term_string}\"},\"query-input\":{\"@type\":\"PropertyValueSpecification\",\"valueRequired\":true,\"valueName\":\"search_term_string\"}}],\"inLanguage\":\"fr-FR\"},{\"@type\":\"Organization\",\"@id\":\"https:\\\/\\\/www.autojm.fr\\\/blog\\\/#organization\",\"name\":\"AutoJM Mag\",\"url\":\"https:\\\/\\\/www.autojm.fr\\\/blog\\\/\",\"logo\":{\"@type\":\"ImageObject\",\"inLanguage\":\"fr-FR\",\"@id\":\"https:\\\/\\\/www.autojm.fr\\\/blog\\\/#\\\/schema\\\/logo\\\/image\\\/\",\"url\":\"https:\\\/\\\/www.autojm.fr\\\/blog\\\/wp-content\\\/uploads\\\/2022\\\/12\\\/cropped-AutoJMag-png.png\",\"contentUrl\":\"https:\\\/\\\/www.autojm.fr\\\/blog\\\/wp-content\\\/uploads\\\/2022\\\/12\\\/cropped-AutoJMag-png.png\",\"width\":2834,\"height\":585,\"caption\":\"AutoJM Mag\"},\"image\":{\"@id\":\"https:\\\/\\\/www.autojm.fr\\\/blog\\\/#\\\/schema\\\/logo\\\/image\\\/\"},\"sameAs\":[\"https:\\\/\\\/www.facebook.com\\\/AutoJM25\"]},{\"@type\":\"Person\",\"@id\":\"https:\\\/\\\/www.autojm.fr\\\/blog\\\/#\\\/schema\\\/person\\\/1cc83a91548d88a62eb8cf06f562a72c\",\"name\":\"Justine Tripard\",\"image\":{\"@type\":\"ImageObject\",\"inLanguage\":\"fr-FR\",\"@id\":\"https:\\\/\\\/secure.gravatar.com\\\/avatar\\\/b8b45209a4cf0b7b127b9238ec348090e7302306d2485eeaab17b6761fe84991?s=96&d=mm&r=g\",\"url\":\"https:\\\/\\\/secure.gravatar.com\\\/avatar\\\/b8b45209a4cf0b7b127b9238ec348090e7302306d2485eeaab17b6761fe84991?s=96&d=mm&r=g\",\"contentUrl\":\"https:\\\/\\\/secure.gravatar.com\\\/avatar\\\/b8b45209a4cf0b7b127b9238ec348090e7302306d2485eeaab17b6761fe84991?s=96&d=mm&r=g\",\"caption\":\"Justine Tripard\"},\"url\":\"https:\\\/\\\/www.autojm.fr\\\/blog\\\/author\\\/justine\\\/\"}]}<\/script>\n<!-- \/ Yoast SEO plugin. -->","yoast_head_json":{"title":"Kia K4 : la nouvelle g\u00e9n\u00e9ration de la Forte\u00a0 - AutoJM Mag","description":"Officiellement pr\u00e9sent\u00e9e le 27 mars au Salon automobile de New-York, la Kia K4 int\u00e8grera en 2025 le catalogue de la marque sud-cor\u00e9enne...","robots":{"index":"index","follow":"follow","max-snippet":"max-snippet:-1","max-image-preview":"max-image-preview:large","max-video-preview":"max-video-preview:-1"},"canonical":"https:\/\/www.autojm.fr\/blog\/kia-k4-la-nouvelle-generation-de-la-forte\/","og_locale":"fr_FR","og_type":"article","og_title":"Kia K4 : la nouvelle g\u00e9n\u00e9ration de la Forte\u00a0 - AutoJM Mag","og_description":"Officiellement pr\u00e9sent\u00e9e le 27 mars au Salon automobile de New-York, la Kia K4 int\u00e8grera en 2025 le catalogue de la marque sud-cor\u00e9enne...","og_url":"https:\/\/www.autojm.fr\/blog\/kia-k4-la-nouvelle-generation-de-la-forte\/","og_site_name":"AutoJM Mag","article_publisher":"https:\/\/www.facebook.com\/AutoJM25","article_published_time":"2024-03-25T10:16:35+00:00","article_modified_time":"2024-03-28T16:00:48+00:00","og_image":[{"width":1000,"height":500,"url":"https:\/\/www.autojm.fr\/blog\/wp-content\/uploads\/2024\/03\/Kia-K4.jpg","type":"image\/jpeg"}],"author":"Justine Tripard","twitter_card":"summary_large_image","twitter_misc":{"\u00c9crit par":"Justine Tripard","Dur\u00e9e de lecture estim\u00e9e":"4 minutes"},"schema":{"@context":"https:\/\/schema.org","@graph":[{"@type":"Article","@id":"https:\/\/www.autojm.fr\/blog\/kia-k4-la-nouvelle-generation-de-la-forte\/#article","isPartOf":{"@id":"https:\/\/www.autojm.fr\/blog\/kia-k4-la-nouvelle-generation-de-la-forte\/"},"author":{"name":"Justine Tripard","@id":"https:\/\/www.autojm.fr\/blog\/#\/schema\/person\/1cc83a91548d88a62eb8cf06f562a72c"},"headline":"Kia K4 : la nouvelle g\u00e9n\u00e9ration de la Forte\u00a0","datePublished":"2024-03-25T10:16:35+00:00","dateModified":"2024-03-28T16:00:48+00:00","mainEntityOfPage":{"@id":"https:\/\/www.autojm.fr\/blog\/kia-k4-la-nouvelle-generation-de-la-forte\/"},"wordCount":10,"commentCount":0,"publisher":{"@id":"https:\/\/www.autojm.fr\/blog\/#organization"},"image":{"@id":"https:\/\/www.autojm.fr\/blog\/kia-k4-la-nouvelle-generation-de-la-forte\/#primaryimage"},"thumbnailUrl":"https:\/\/www.autojm.fr\/blog\/wp-content\/uploads\/2024\/03\/Kia-K4.jpg","keywords":["Kia","Kia Niro"],"articleSection":["Nouveaut\u00e9 Kia"],"inLanguage":"fr-FR","potentialAction":[{"@type":"CommentAction","name":"Comment","target":["https:\/\/www.autojm.fr\/blog\/kia-k4-la-nouvelle-generation-de-la-forte\/#respond"]}]},{"@type":"WebPage","@id":"https:\/\/www.autojm.fr\/blog\/kia-k4-la-nouvelle-generation-de-la-forte\/","url":"https:\/\/www.autojm.fr\/blog\/kia-k4-la-nouvelle-generation-de-la-forte\/","name":"Kia K4 : la nouvelle g\u00e9n\u00e9ration de la Forte\u00a0 - AutoJM Mag","isPartOf":{"@id":"https:\/\/www.autojm.fr\/blog\/#website"},"primaryImageOfPage":{"@id":"https:\/\/www.autojm.fr\/blog\/kia-k4-la-nouvelle-generation-de-la-forte\/#primaryimage"},"image":{"@id":"https:\/\/www.autojm.fr\/blog\/kia-k4-la-nouvelle-generation-de-la-forte\/#primaryimage"},"thumbnailUrl":"https:\/\/www.autojm.fr\/blog\/wp-content\/uploads\/2024\/03\/Kia-K4.jpg","datePublished":"2024-03-25T10:16:35+00:00","dateModified":"2024-03-28T16:00:48+00:00","description":"Officiellement pr\u00e9sent\u00e9e le 27 mars au Salon automobile de New-York, la Kia K4 int\u00e8grera en 2025 le catalogue de la marque sud-cor\u00e9enne...","breadcrumb":{"@id":"https:\/\/www.autojm.fr\/blog\/kia-k4-la-nouvelle-generation-de-la-forte\/#breadcrumb"},"inLanguage":"fr-FR","potentialAction":[{"@type":"ReadAction","target":["https:\/\/www.autojm.fr\/blog\/kia-k4-la-nouvelle-generation-de-la-forte\/"]}]},{"@type":"ImageObject","inLanguage":"fr-FR","@id":"https:\/\/www.autojm.fr\/blog\/kia-k4-la-nouvelle-generation-de-la-forte\/#primaryimage","url":"https:\/\/www.autojm.fr\/blog\/wp-content\/uploads\/2024\/03\/Kia-K4.jpg","contentUrl":"https:\/\/www.autojm.fr\/blog\/wp-content\/uploads\/2024\/03\/Kia-K4.jpg","width":1000,"height":500,"caption":"Kia K4"},{"@type":"BreadcrumbList","@id":"https:\/\/www.autojm.fr\/blog\/kia-k4-la-nouvelle-generation-de-la-forte\/#breadcrumb","itemListElement":[{"@type":"ListItem","position":1,"name":"Accueil","item":"https:\/\/www.autojm.fr\/blog\/"},{"@type":"ListItem","position":2,"name":"Nouveaut\u00e9s Autos","item":"https:\/\/www.autojm.fr\/blog\/nouveautes-autos\/"},{"@type":"ListItem","position":3,"name":"Nouveaut\u00e9 Kia","item":"https:\/\/www.autojm.fr\/blog\/nouveautes-autos\/nouveaute-kia\/"},{"@type":"ListItem","position":4,"name":"Kia K4 : la nouvelle g\u00e9n\u00e9ration de la Forte\u00a0"}]},{"@type":"WebSite","@id":"https:\/\/www.autojm.fr\/blog\/#website","url":"https:\/\/www.autojm.fr\/blog\/","name":"AutoJM Mag","description":"Toute l&#039;actu auto en 1 clic !","publisher":{"@id":"https:\/\/www.autojm.fr\/blog\/#organization"},"potentialAction":[{"@type":"SearchAction","target":{"@type":"EntryPoint","urlTemplate":"https:\/\/www.autojm.fr\/blog\/?s={search_term_string}"},"query-input":{"@type":"PropertyValueSpecification","valueRequired":true,"valueName":"search_term_string"}}],"inLanguage":"fr-FR"},{"@type":"Organization","@id":"https:\/\/www.autojm.fr\/blog\/#organization","name":"AutoJM Mag","url":"https:\/\/www.autojm.fr\/blog\/","logo":{"@type":"ImageObject","inLanguage":"fr-FR","@id":"https:\/\/www.autojm.fr\/blog\/#\/schema\/logo\/image\/","url":"https:\/\/www.autojm.fr\/blog\/wp-content\/uploads\/2022\/12\/cropped-AutoJMag-png.png","contentUrl":"https:\/\/www.autojm.fr\/blog\/wp-content\/uploads\/2022\/12\/cropped-AutoJMag-png.png","width":2834,"height":585,"caption":"AutoJM Mag"},"image":{"@id":"https:\/\/www.autojm.fr\/blog\/#\/schema\/logo\/image\/"},"sameAs":["https:\/\/www.facebook.com\/AutoJM25"]},{"@type":"Person","@id":"https:\/\/www.autojm.fr\/blog\/#\/schema\/person\/1cc83a91548d88a62eb8cf06f562a72c","name":"Justine Tripard","image":{"@type":"ImageObject","inLanguage":"fr-FR","@id":"https:\/\/secure.gravatar.com\/avatar\/b8b45209a4cf0b7b127b9238ec348090e7302306d2485eeaab17b6761fe84991?s=96&d=mm&r=g","url":"https:\/\/secure.gravatar.com\/avatar\/b8b45209a4cf0b7b127b9238ec348090e7302306d2485eeaab17b6761fe84991?s=96&d=mm&r=g","contentUrl":"https:\/\/secure.gravatar.com\/avatar\/b8b45209a4cf0b7b127b9238ec348090e7302306d2485eeaab17b6761fe84991?s=96&d=mm&r=g","caption":"Justine Tripard"},"url":"https:\/\/www.autojm.fr\/blog\/author\/justine\/"}]}},"_links":{"self":[{"href":"https:\/\/www.autojm.fr\/blog\/wp-json\/wp\/v2\/posts\/16471","targetHints":{"allow":["GET"]}}],"collection":[{"href":"https:\/\/www.autojm.fr\/blog\/wp-json\/wp\/v2\/posts"}],"about":[{"href":"https:\/\/www.autojm.fr\/blog\/wp-json\/wp\/v2\/types\/post"}],"author":[{"embeddable":true,"href":"https:\/\/www.autojm.fr\/blog\/wp-json\/wp\/v2\/users\/6"}],"replies":[{"embeddable":true,"href":"https:\/\/www.autojm.fr\/blog\/wp-json\/wp\/v2\/comments?post=16471"}],"version-history":[{"count":8,"href":"https:\/\/www.autojm.fr\/blog\/wp-json\/wp\/v2\/posts\/16471\/revisions"}],"predecessor-version":[{"id":16553,"href":"https:\/\/www.autojm.fr\/blog\/wp-json\/wp\/v2\/posts\/16471\/revisions\/16553"}],"wp:featuredmedia":[{"embeddable":true,"href":"https:\/\/www.autojm.fr\/blog\/wp-json\/wp\/v2\/media\/16473"}],"wp:attachment":[{"href":"https:\/\/www.autojm.fr\/blog\/wp-json\/wp\/v2\/media?parent=16471"}],"wp:term":[{"taxonomy":"category","embeddable":true,"href":"https:\/\/www.autojm.fr\/blog\/wp-json\/wp\/v2\/categories?post=16471"},{"taxonomy":"post_tag","embeddable":true,"href":"https:\/\/www.autojm.fr\/blog\/wp-json\/wp\/v2\/tags?post=16471"}],"curies":[{"name":"wp","href":"https:\/\/api.w.org\/{rel}","templated":true}]}}