{"id":16405,"date":"2024-03-20T11:26:34","date_gmt":"2024-03-20T11:26:34","guid":{"rendered":"https:\/\/www.autojm.fr\/blog\/?p=16405"},"modified":"2024-07-19T14:55:18","modified_gmt":"2024-07-19T14:55:18","slug":"le-nouveau-peugeot-5008-devoile","status":"publish","type":"post","link":"https:\/\/www.autojm.fr\/blog\/le-nouveau-peugeot-5008-devoile\/","title":{"rendered":"Le nouveau Peugeot 5008 d\u00e9voil\u00e9\u00a0"},"content":{"rendered":"","protected":false},"excerpt":{"rendered":"<p>Pr\u00e9sent\u00e9e le 20 mars en attendant son lancement au mois d\u2019octobre sur le march\u00e9 de l&rsquo;auto en France, la troisi\u00e8me g\u00e9n\u00e9ration du Peugeot 5008 s\u2019appr\u00eate \u00e0 faire trembler ses concurrents sur le segment des SUV familiaux. Le crossover de 7 places qui croisera notamment sur sa route les Renault Espace et autre Opel Grandland se d\u00e9clinera en version \u00e9lectrique et hybride. <\/p>\n","protected":false},"author":6,"featured_media":16407,"comment_status":"open","ping_status":"open","sticky":false,"template":"","format":"standard","meta":{"_acf_changed":false,"content-type":"","footnotes":""},"categories":[235],"tags":[88,336,333,314,73],"class_list":["post-16405","post","type-post","status-publish","format-standard","has-post-thumbnail","hentry","category-nouveaute-peugeot","tag-88","tag-336","tag-333","tag-314","tag-peugeot"],"acf":[],"yoast_head":"<!-- This site is optimized with the Yoast SEO plugin v27.5 - https:\/\/yoast.com\/product\/yoast-seo-wordpress\/ -->\n<title>Le nouveau Peugeot 5008 d\u00e9voil\u00e9\u00a0 - AutoJM Mag<\/title>\n<meta name=\"description\" content=\"Pr\u00e9sent\u00e9e le 20 mars en attendant son lancement en octobre sur le march\u00e9 de l&#039;auto en France, la troisi\u00e8me g\u00e9n\u00e9ration du Peugeot 5008...\" \/>\n<meta name=\"robots\" content=\"index, follow, max-snippet:-1, max-image-preview:large, max-video-preview:-1\" \/>\n<link rel=\"canonical\" href=\"https:\/\/www.autojm.fr\/blog\/le-nouveau-peugeot-5008-devoile\/\" \/>\n<meta property=\"og:locale\" content=\"fr_FR\" \/>\n<meta property=\"og:type\" content=\"article\" \/>\n<meta property=\"og:title\" content=\"Le nouveau Peugeot 5008 d\u00e9voil\u00e9\u00a0 - AutoJM Mag\" \/>\n<meta property=\"og:description\" content=\"Pr\u00e9sent\u00e9e le 20 mars en attendant son lancement en octobre sur le march\u00e9 de l&#039;auto en France, la troisi\u00e8me g\u00e9n\u00e9ration du Peugeot 5008...\" \/>\n<meta property=\"og:url\" content=\"https:\/\/www.autojm.fr\/blog\/le-nouveau-peugeot-5008-devoile\/\" \/>\n<meta property=\"og:site_name\" content=\"AutoJM Mag\" \/>\n<meta property=\"article:publisher\" content=\"https:\/\/www.facebook.com\/AutoJM25\" \/>\n<meta property=\"article:published_time\" content=\"2024-03-20T11:26:34+00:00\" \/>\n<meta property=\"article:modified_time\" content=\"2024-07-19T14:55:18+00:00\" \/>\n<meta property=\"og:image\" content=\"https:\/\/www.autojm.fr\/blog\/wp-content\/uploads\/2024\/03\/Nouveau-Peugeot-5008.jpg\" \/>\n\t<meta property=\"og:image:width\" content=\"1000\" \/>\n\t<meta property=\"og:image:height\" content=\"500\" \/>\n\t<meta property=\"og:image:type\" content=\"image\/jpeg\" \/>\n<meta name=\"author\" content=\"Justine Tripard\" \/>\n<meta name=\"twitter:card\" content=\"summary_large_image\" \/>\n<meta name=\"twitter:label1\" content=\"\u00c9crit par\" \/>\n\t<meta name=\"twitter:data1\" content=\"Justine Tripard\" \/>\n\t<meta name=\"twitter:label2\" content=\"Dur\u00e9e de lecture estim\u00e9e\" \/>\n\t<meta name=\"twitter:data2\" content=\"5 minutes\" \/>\n<script type=\"application\/ld+json\" class=\"yoast-schema-graph\">{\"@context\":\"https:\\\/\\\/schema.org\",\"@graph\":[{\"@type\":\"Article\",\"@id\":\"https:\\\/\\\/www.autojm.fr\\\/blog\\\/le-nouveau-peugeot-5008-devoile\\\/#article\",\"isPartOf\":{\"@id\":\"https:\\\/\\\/www.autojm.fr\\\/blog\\\/le-nouveau-peugeot-5008-devoile\\\/\"},\"author\":{\"name\":\"Justine Tripard\",\"@id\":\"https:\\\/\\\/www.autojm.fr\\\/blog\\\/#\\\/schema\\\/person\\\/1cc83a91548d88a62eb8cf06f562a72c\"},\"headline\":\"Le nouveau Peugeot 5008 d\u00e9voil\u00e9\u00a0\",\"datePublished\":\"2024-03-20T11:26:34+00:00\",\"dateModified\":\"2024-07-19T14:55:18+00:00\",\"mainEntityOfPage\":{\"@id\":\"https:\\\/\\\/www.autojm.fr\\\/blog\\\/le-nouveau-peugeot-5008-devoile\\\/\"},\"wordCount\":5,\"commentCount\":0,\"publisher\":{\"@id\":\"https:\\\/\\\/www.autojm.fr\\\/blog\\\/#organization\"},\"image\":{\"@id\":\"https:\\\/\\\/www.autojm.fr\\\/blog\\\/le-nouveau-peugeot-5008-devoile\\\/#primaryimage\"},\"thumbnailUrl\":\"https:\\\/\\\/www.autojm.fr\\\/blog\\\/wp-content\\\/uploads\\\/2024\\\/03\\\/Nouveau-Peugeot-5008.jpg\",\"keywords\":[\"208\",\"3008\",\"308\",\"408\",\"peugeot\"],\"articleSection\":[\"Nouveaut\u00e9 Peugeot\"],\"inLanguage\":\"fr-FR\",\"potentialAction\":[{\"@type\":\"CommentAction\",\"name\":\"Comment\",\"target\":[\"https:\\\/\\\/www.autojm.fr\\\/blog\\\/le-nouveau-peugeot-5008-devoile\\\/#respond\"]}]},{\"@type\":\"WebPage\",\"@id\":\"https:\\\/\\\/www.autojm.fr\\\/blog\\\/le-nouveau-peugeot-5008-devoile\\\/\",\"url\":\"https:\\\/\\\/www.autojm.fr\\\/blog\\\/le-nouveau-peugeot-5008-devoile\\\/\",\"name\":\"Le nouveau Peugeot 5008 d\u00e9voil\u00e9\u00a0 - AutoJM Mag\",\"isPartOf\":{\"@id\":\"https:\\\/\\\/www.autojm.fr\\\/blog\\\/#website\"},\"primaryImageOfPage\":{\"@id\":\"https:\\\/\\\/www.autojm.fr\\\/blog\\\/le-nouveau-peugeot-5008-devoile\\\/#primaryimage\"},\"image\":{\"@id\":\"https:\\\/\\\/www.autojm.fr\\\/blog\\\/le-nouveau-peugeot-5008-devoile\\\/#primaryimage\"},\"thumbnailUrl\":\"https:\\\/\\\/www.autojm.fr\\\/blog\\\/wp-content\\\/uploads\\\/2024\\\/03\\\/Nouveau-Peugeot-5008.jpg\",\"datePublished\":\"2024-03-20T11:26:34+00:00\",\"dateModified\":\"2024-07-19T14:55:18+00:00\",\"description\":\"Pr\u00e9sent\u00e9e le 20 mars en attendant son lancement en octobre sur le march\u00e9 de l'auto en France, la troisi\u00e8me g\u00e9n\u00e9ration du Peugeot 5008...\",\"breadcrumb\":{\"@id\":\"https:\\\/\\\/www.autojm.fr\\\/blog\\\/le-nouveau-peugeot-5008-devoile\\\/#breadcrumb\"},\"inLanguage\":\"fr-FR\",\"potentialAction\":[{\"@type\":\"ReadAction\",\"target\":[\"https:\\\/\\\/www.autojm.fr\\\/blog\\\/le-nouveau-peugeot-5008-devoile\\\/\"]}]},{\"@type\":\"ImageObject\",\"inLanguage\":\"fr-FR\",\"@id\":\"https:\\\/\\\/www.autojm.fr\\\/blog\\\/le-nouveau-peugeot-5008-devoile\\\/#primaryimage\",\"url\":\"https:\\\/\\\/www.autojm.fr\\\/blog\\\/wp-content\\\/uploads\\\/2024\\\/03\\\/Nouveau-Peugeot-5008.jpg\",\"contentUrl\":\"https:\\\/\\\/www.autojm.fr\\\/blog\\\/wp-content\\\/uploads\\\/2024\\\/03\\\/Nouveau-Peugeot-5008.jpg\",\"width\":1000,\"height\":500,\"caption\":\"Nouveau Peugeot 5008\"},{\"@type\":\"BreadcrumbList\",\"@id\":\"https:\\\/\\\/www.autojm.fr\\\/blog\\\/le-nouveau-peugeot-5008-devoile\\\/#breadcrumb\",\"itemListElement\":[{\"@type\":\"ListItem\",\"position\":1,\"name\":\"Accueil\",\"item\":\"https:\\\/\\\/www.autojm.fr\\\/blog\\\/\"},{\"@type\":\"ListItem\",\"position\":2,\"name\":\"Nouveaut\u00e9s Autos\",\"item\":\"https:\\\/\\\/www.autojm.fr\\\/blog\\\/nouveautes-autos\\\/\"},{\"@type\":\"ListItem\",\"position\":3,\"name\":\"Nouveaut\u00e9 Peugeot\",\"item\":\"https:\\\/\\\/www.autojm.fr\\\/blog\\\/nouveautes-autos\\\/nouveaute-peugeot\\\/\"},{\"@type\":\"ListItem\",\"position\":4,\"name\":\"Le nouveau Peugeot 5008 d\u00e9voil\u00e9\u00a0\"}]},{\"@type\":\"WebSite\",\"@id\":\"https:\\\/\\\/www.autojm.fr\\\/blog\\\/#website\",\"url\":\"https:\\\/\\\/www.autojm.fr\\\/blog\\\/\",\"name\":\"AutoJM Mag\",\"description\":\"Toute l&#039;actu auto en 1 clic !\",\"publisher\":{\"@id\":\"https:\\\/\\\/www.autojm.fr\\\/blog\\\/#organization\"},\"potentialAction\":[{\"@type\":\"SearchAction\",\"target\":{\"@type\":\"EntryPoint\",\"urlTemplate\":\"https:\\\/\\\/www.autojm.fr\\\/blog\\\/?s={search_term_string}\"},\"query-input\":{\"@type\":\"PropertyValueSpecification\",\"valueRequired\":true,\"valueName\":\"search_term_string\"}}],\"inLanguage\":\"fr-FR\"},{\"@type\":\"Organization\",\"@id\":\"https:\\\/\\\/www.autojm.fr\\\/blog\\\/#organization\",\"name\":\"AutoJM Mag\",\"url\":\"https:\\\/\\\/www.autojm.fr\\\/blog\\\/\",\"logo\":{\"@type\":\"ImageObject\",\"inLanguage\":\"fr-FR\",\"@id\":\"https:\\\/\\\/www.autojm.fr\\\/blog\\\/#\\\/schema\\\/logo\\\/image\\\/\",\"url\":\"https:\\\/\\\/www.autojm.fr\\\/blog\\\/wp-content\\\/uploads\\\/2022\\\/12\\\/cropped-AutoJMag-png.png\",\"contentUrl\":\"https:\\\/\\\/www.autojm.fr\\\/blog\\\/wp-content\\\/uploads\\\/2022\\\/12\\\/cropped-AutoJMag-png.png\",\"width\":2834,\"height\":585,\"caption\":\"AutoJM Mag\"},\"image\":{\"@id\":\"https:\\\/\\\/www.autojm.fr\\\/blog\\\/#\\\/schema\\\/logo\\\/image\\\/\"},\"sameAs\":[\"https:\\\/\\\/www.facebook.com\\\/AutoJM25\"]},{\"@type\":\"Person\",\"@id\":\"https:\\\/\\\/www.autojm.fr\\\/blog\\\/#\\\/schema\\\/person\\\/1cc83a91548d88a62eb8cf06f562a72c\",\"name\":\"Justine Tripard\",\"image\":{\"@type\":\"ImageObject\",\"inLanguage\":\"fr-FR\",\"@id\":\"https:\\\/\\\/secure.gravatar.com\\\/avatar\\\/b8b45209a4cf0b7b127b9238ec348090e7302306d2485eeaab17b6761fe84991?s=96&d=mm&r=g\",\"url\":\"https:\\\/\\\/secure.gravatar.com\\\/avatar\\\/b8b45209a4cf0b7b127b9238ec348090e7302306d2485eeaab17b6761fe84991?s=96&d=mm&r=g\",\"contentUrl\":\"https:\\\/\\\/secure.gravatar.com\\\/avatar\\\/b8b45209a4cf0b7b127b9238ec348090e7302306d2485eeaab17b6761fe84991?s=96&d=mm&r=g\",\"caption\":\"Justine Tripard\"},\"url\":\"https:\\\/\\\/www.autojm.fr\\\/blog\\\/author\\\/justine\\\/\"}]}<\/script>\n<!-- \/ Yoast SEO plugin. -->","yoast_head_json":{"title":"Le nouveau Peugeot 5008 d\u00e9voil\u00e9\u00a0 - AutoJM Mag","description":"Pr\u00e9sent\u00e9e le 20 mars en attendant son lancement en octobre sur le march\u00e9 de l'auto en France, la troisi\u00e8me g\u00e9n\u00e9ration du Peugeot 5008...","robots":{"index":"index","follow":"follow","max-snippet":"max-snippet:-1","max-image-preview":"max-image-preview:large","max-video-preview":"max-video-preview:-1"},"canonical":"https:\/\/www.autojm.fr\/blog\/le-nouveau-peugeot-5008-devoile\/","og_locale":"fr_FR","og_type":"article","og_title":"Le nouveau Peugeot 5008 d\u00e9voil\u00e9\u00a0 - AutoJM Mag","og_description":"Pr\u00e9sent\u00e9e le 20 mars en attendant son lancement en octobre sur le march\u00e9 de l'auto en France, la troisi\u00e8me g\u00e9n\u00e9ration du Peugeot 5008...","og_url":"https:\/\/www.autojm.fr\/blog\/le-nouveau-peugeot-5008-devoile\/","og_site_name":"AutoJM Mag","article_publisher":"https:\/\/www.facebook.com\/AutoJM25","article_published_time":"2024-03-20T11:26:34+00:00","article_modified_time":"2024-07-19T14:55:18+00:00","og_image":[{"width":1000,"height":500,"url":"https:\/\/www.autojm.fr\/blog\/wp-content\/uploads\/2024\/03\/Nouveau-Peugeot-5008.jpg","type":"image\/jpeg"}],"author":"Justine Tripard","twitter_card":"summary_large_image","twitter_misc":{"\u00c9crit par":"Justine Tripard","Dur\u00e9e de lecture estim\u00e9e":"5 minutes"},"schema":{"@context":"https:\/\/schema.org","@graph":[{"@type":"Article","@id":"https:\/\/www.autojm.fr\/blog\/le-nouveau-peugeot-5008-devoile\/#article","isPartOf":{"@id":"https:\/\/www.autojm.fr\/blog\/le-nouveau-peugeot-5008-devoile\/"},"author":{"name":"Justine Tripard","@id":"https:\/\/www.autojm.fr\/blog\/#\/schema\/person\/1cc83a91548d88a62eb8cf06f562a72c"},"headline":"Le nouveau Peugeot 5008 d\u00e9voil\u00e9\u00a0","datePublished":"2024-03-20T11:26:34+00:00","dateModified":"2024-07-19T14:55:18+00:00","mainEntityOfPage":{"@id":"https:\/\/www.autojm.fr\/blog\/le-nouveau-peugeot-5008-devoile\/"},"wordCount":5,"commentCount":0,"publisher":{"@id":"https:\/\/www.autojm.fr\/blog\/#organization"},"image":{"@id":"https:\/\/www.autojm.fr\/blog\/le-nouveau-peugeot-5008-devoile\/#primaryimage"},"thumbnailUrl":"https:\/\/www.autojm.fr\/blog\/wp-content\/uploads\/2024\/03\/Nouveau-Peugeot-5008.jpg","keywords":["208","3008","308","408","peugeot"],"articleSection":["Nouveaut\u00e9 Peugeot"],"inLanguage":"fr-FR","potentialAction":[{"@type":"CommentAction","name":"Comment","target":["https:\/\/www.autojm.fr\/blog\/le-nouveau-peugeot-5008-devoile\/#respond"]}]},{"@type":"WebPage","@id":"https:\/\/www.autojm.fr\/blog\/le-nouveau-peugeot-5008-devoile\/","url":"https:\/\/www.autojm.fr\/blog\/le-nouveau-peugeot-5008-devoile\/","name":"Le nouveau Peugeot 5008 d\u00e9voil\u00e9\u00a0 - AutoJM Mag","isPartOf":{"@id":"https:\/\/www.autojm.fr\/blog\/#website"},"primaryImageOfPage":{"@id":"https:\/\/www.autojm.fr\/blog\/le-nouveau-peugeot-5008-devoile\/#primaryimage"},"image":{"@id":"https:\/\/www.autojm.fr\/blog\/le-nouveau-peugeot-5008-devoile\/#primaryimage"},"thumbnailUrl":"https:\/\/www.autojm.fr\/blog\/wp-content\/uploads\/2024\/03\/Nouveau-Peugeot-5008.jpg","datePublished":"2024-03-20T11:26:34+00:00","dateModified":"2024-07-19T14:55:18+00:00","description":"Pr\u00e9sent\u00e9e le 20 mars en attendant son lancement en octobre sur le march\u00e9 de l'auto en France, la troisi\u00e8me g\u00e9n\u00e9ration du Peugeot 5008...","breadcrumb":{"@id":"https:\/\/www.autojm.fr\/blog\/le-nouveau-peugeot-5008-devoile\/#breadcrumb"},"inLanguage":"fr-FR","potentialAction":[{"@type":"ReadAction","target":["https:\/\/www.autojm.fr\/blog\/le-nouveau-peugeot-5008-devoile\/"]}]},{"@type":"ImageObject","inLanguage":"fr-FR","@id":"https:\/\/www.autojm.fr\/blog\/le-nouveau-peugeot-5008-devoile\/#primaryimage","url":"https:\/\/www.autojm.fr\/blog\/wp-content\/uploads\/2024\/03\/Nouveau-Peugeot-5008.jpg","contentUrl":"https:\/\/www.autojm.fr\/blog\/wp-content\/uploads\/2024\/03\/Nouveau-Peugeot-5008.jpg","width":1000,"height":500,"caption":"Nouveau Peugeot 5008"},{"@type":"BreadcrumbList","@id":"https:\/\/www.autojm.fr\/blog\/le-nouveau-peugeot-5008-devoile\/#breadcrumb","itemListElement":[{"@type":"ListItem","position":1,"name":"Accueil","item":"https:\/\/www.autojm.fr\/blog\/"},{"@type":"ListItem","position":2,"name":"Nouveaut\u00e9s Autos","item":"https:\/\/www.autojm.fr\/blog\/nouveautes-autos\/"},{"@type":"ListItem","position":3,"name":"Nouveaut\u00e9 Peugeot","item":"https:\/\/www.autojm.fr\/blog\/nouveautes-autos\/nouveaute-peugeot\/"},{"@type":"ListItem","position":4,"name":"Le nouveau Peugeot 5008 d\u00e9voil\u00e9\u00a0"}]},{"@type":"WebSite","@id":"https:\/\/www.autojm.fr\/blog\/#website","url":"https:\/\/www.autojm.fr\/blog\/","name":"AutoJM Mag","description":"Toute l&#039;actu auto en 1 clic !","publisher":{"@id":"https:\/\/www.autojm.fr\/blog\/#organization"},"potentialAction":[{"@type":"SearchAction","target":{"@type":"EntryPoint","urlTemplate":"https:\/\/www.autojm.fr\/blog\/?s={search_term_string}"},"query-input":{"@type":"PropertyValueSpecification","valueRequired":true,"valueName":"search_term_string"}}],"inLanguage":"fr-FR"},{"@type":"Organization","@id":"https:\/\/www.autojm.fr\/blog\/#organization","name":"AutoJM Mag","url":"https:\/\/www.autojm.fr\/blog\/","logo":{"@type":"ImageObject","inLanguage":"fr-FR","@id":"https:\/\/www.autojm.fr\/blog\/#\/schema\/logo\/image\/","url":"https:\/\/www.autojm.fr\/blog\/wp-content\/uploads\/2022\/12\/cropped-AutoJMag-png.png","contentUrl":"https:\/\/www.autojm.fr\/blog\/wp-content\/uploads\/2022\/12\/cropped-AutoJMag-png.png","width":2834,"height":585,"caption":"AutoJM Mag"},"image":{"@id":"https:\/\/www.autojm.fr\/blog\/#\/schema\/logo\/image\/"},"sameAs":["https:\/\/www.facebook.com\/AutoJM25"]},{"@type":"Person","@id":"https:\/\/www.autojm.fr\/blog\/#\/schema\/person\/1cc83a91548d88a62eb8cf06f562a72c","name":"Justine Tripard","image":{"@type":"ImageObject","inLanguage":"fr-FR","@id":"https:\/\/secure.gravatar.com\/avatar\/b8b45209a4cf0b7b127b9238ec348090e7302306d2485eeaab17b6761fe84991?s=96&d=mm&r=g","url":"https:\/\/secure.gravatar.com\/avatar\/b8b45209a4cf0b7b127b9238ec348090e7302306d2485eeaab17b6761fe84991?s=96&d=mm&r=g","contentUrl":"https:\/\/secure.gravatar.com\/avatar\/b8b45209a4cf0b7b127b9238ec348090e7302306d2485eeaab17b6761fe84991?s=96&d=mm&r=g","caption":"Justine Tripard"},"url":"https:\/\/www.autojm.fr\/blog\/author\/justine\/"}]}},"_links":{"self":[{"href":"https:\/\/www.autojm.fr\/blog\/wp-json\/wp\/v2\/posts\/16405","targetHints":{"allow":["GET"]}}],"collection":[{"href":"https:\/\/www.autojm.fr\/blog\/wp-json\/wp\/v2\/posts"}],"about":[{"href":"https:\/\/www.autojm.fr\/blog\/wp-json\/wp\/v2\/types\/post"}],"author":[{"embeddable":true,"href":"https:\/\/www.autojm.fr\/blog\/wp-json\/wp\/v2\/users\/6"}],"replies":[{"embeddable":true,"href":"https:\/\/www.autojm.fr\/blog\/wp-json\/wp\/v2\/comments?post=16405"}],"version-history":[{"count":13,"href":"https:\/\/www.autojm.fr\/blog\/wp-json\/wp\/v2\/posts\/16405\/revisions"}],"predecessor-version":[{"id":18367,"href":"https:\/\/www.autojm.fr\/blog\/wp-json\/wp\/v2\/posts\/16405\/revisions\/18367"}],"wp:featuredmedia":[{"embeddable":true,"href":"https:\/\/www.autojm.fr\/blog\/wp-json\/wp\/v2\/media\/16407"}],"wp:attachment":[{"href":"https:\/\/www.autojm.fr\/blog\/wp-json\/wp\/v2\/media?parent=16405"}],"wp:term":[{"taxonomy":"category","embeddable":true,"href":"https:\/\/www.autojm.fr\/blog\/wp-json\/wp\/v2\/categories?post=16405"},{"taxonomy":"post_tag","embeddable":true,"href":"https:\/\/www.autojm.fr\/blog\/wp-json\/wp\/v2\/tags?post=16405"}],"curies":[{"name":"wp","href":"https:\/\/api.w.org\/{rel}","templated":true}]}}