{"id":16093,"date":"2024-02-21T10:44:04","date_gmt":"2024-02-21T10:44:04","guid":{"rendered":"https:\/\/www.autojm.fr\/blog\/?p=16093"},"modified":"2024-02-21T15:51:27","modified_gmt":"2024-02-21T15:51:27","slug":"permis-de-conduire-les-changements-envisages","status":"publish","type":"post","link":"https:\/\/www.autojm.fr\/blog\/permis-de-conduire-les-changements-envisages\/","title":{"rendered":"Permis de conduire : les changements envisag\u00e9s\u00a0"},"content":{"rendered":"","protected":false},"excerpt":{"rendered":"<p>Le Parlement europ\u00e9en pourrait prochainement appliquer la d\u00e9ch\u00e9ance du droit de conduire dans l\u2019ensemble de l\u2019Union europ\u00e9enne en cas de suspension ou d\u2019annulation du permis survenue dans l\u2019un des 27 \u00c9tats membres. En parall\u00e8le, une proposition de loi pr\u00e9conise \u00e9galement de r\u00e9aliser une visite m\u00e9dicale tous les 15 ans afin de pouvoir renouveler son permis de conduire. <\/p>\n","protected":false},"author":6,"featured_media":16095,"comment_status":"open","ping_status":"open","sticky":false,"template":"","format":"standard","meta":{"_acf_changed":false,"content-type":"","footnotes":""},"categories":[5],"tags":[88,336,333,314,91,103,318,90,271,301,188,87,79,331,92,74,105,368,135,102,150,110,109,98,207,259,106,83,80,108,107,73,78,174,193,81,214,169,96],"class_list":["post-16093","post","type-post","status-publish","format-standard","has-post-thumbnail","hentry","category-actualite-automobile","tag-88","tag-336","tag-333","tag-314","tag-arkana","tag-audi","tag-austral","tag-autojm","tag-bmw","tag-c3","tag-c5-aircross","tag-captur","tag-citroen","tag-clio","tag-clio-5","tag-dacia","tag-ds","tag-ds-7","tag-ds3","tag-ds4","tag-ds7-crossback","tag-fiat","tag-ford","tag-formentor","tag-golf-8","tag-hyundai","tag-kia","tag-leon-5-portes","tag-leon-sportstourer","tag-nissan","tag-opel","tag-peugeot","tag-renault","tag-seat","tag-skoda","tag-t-roc","tag-tiguan","tag-toyota","tag-volkswagen"],"acf":[],"yoast_head":"<!-- This site is optimized with the Yoast SEO plugin v27.5 - https:\/\/yoast.com\/product\/yoast-seo-wordpress\/ -->\n<title>Permis de conduire : les changements envisag\u00e9s\u00a0 - AutoJM Mag<\/title>\n<meta name=\"description\" content=\"Le Parlement europ\u00e9en pourrait prochainement appliquer la d\u00e9ch\u00e9ance du droit de conduire dans l\u2019ensemble de l\u2019Union europ\u00e9enne en cas de...\" \/>\n<meta name=\"robots\" content=\"index, follow, max-snippet:-1, max-image-preview:large, max-video-preview:-1\" \/>\n<link rel=\"canonical\" href=\"https:\/\/www.autojm.fr\/blog\/permis-de-conduire-les-changements-envisages\/\" \/>\n<meta property=\"og:locale\" content=\"fr_FR\" \/>\n<meta property=\"og:type\" content=\"article\" \/>\n<meta property=\"og:title\" content=\"Permis de conduire : les changements envisag\u00e9s\u00a0 - AutoJM Mag\" \/>\n<meta property=\"og:description\" content=\"Le Parlement europ\u00e9en pourrait prochainement appliquer la d\u00e9ch\u00e9ance du droit de conduire dans l\u2019ensemble de l\u2019Union europ\u00e9enne en cas de...\" \/>\n<meta property=\"og:url\" content=\"https:\/\/www.autojm.fr\/blog\/permis-de-conduire-les-changements-envisages\/\" \/>\n<meta property=\"og:site_name\" content=\"AutoJM Mag\" \/>\n<meta property=\"article:publisher\" content=\"https:\/\/www.facebook.com\/AutoJM25\" \/>\n<meta property=\"article:published_time\" content=\"2024-02-21T10:44:04+00:00\" \/>\n<meta property=\"article:modified_time\" content=\"2024-02-21T15:51:27+00:00\" \/>\n<meta property=\"og:image\" content=\"https:\/\/www.autojm.fr\/blog\/wp-content\/uploads\/2024\/02\/Permis-de-conduire.jpg\" \/>\n\t<meta property=\"og:image:width\" content=\"1000\" \/>\n\t<meta property=\"og:image:height\" content=\"500\" \/>\n\t<meta property=\"og:image:type\" content=\"image\/jpeg\" \/>\n<meta name=\"author\" content=\"Justine Tripard\" \/>\n<meta name=\"twitter:card\" content=\"summary_large_image\" \/>\n<meta name=\"twitter:label1\" content=\"\u00c9crit par\" \/>\n\t<meta name=\"twitter:data1\" content=\"Justine Tripard\" \/>\n\t<meta name=\"twitter:label2\" content=\"Dur\u00e9e de lecture estim\u00e9e\" \/>\n\t<meta name=\"twitter:data2\" content=\"3 minutes\" \/>\n<script type=\"application\/ld+json\" class=\"yoast-schema-graph\">{\"@context\":\"https:\\\/\\\/schema.org\",\"@graph\":[{\"@type\":\"Article\",\"@id\":\"https:\\\/\\\/www.autojm.fr\\\/blog\\\/permis-de-conduire-les-changements-envisages\\\/#article\",\"isPartOf\":{\"@id\":\"https:\\\/\\\/www.autojm.fr\\\/blog\\\/permis-de-conduire-les-changements-envisages\\\/\"},\"author\":{\"name\":\"Justine Tripard\",\"@id\":\"https:\\\/\\\/www.autojm.fr\\\/blog\\\/#\\\/schema\\\/person\\\/1cc83a91548d88a62eb8cf06f562a72c\"},\"headline\":\"Permis de conduire : les changements envisag\u00e9s\u00a0\",\"datePublished\":\"2024-02-21T10:44:04+00:00\",\"dateModified\":\"2024-02-21T15:51:27+00:00\",\"mainEntityOfPage\":{\"@id\":\"https:\\\/\\\/www.autojm.fr\\\/blog\\\/permis-de-conduire-les-changements-envisages\\\/\"},\"wordCount\":7,\"commentCount\":0,\"publisher\":{\"@id\":\"https:\\\/\\\/www.autojm.fr\\\/blog\\\/#organization\"},\"image\":{\"@id\":\"https:\\\/\\\/www.autojm.fr\\\/blog\\\/permis-de-conduire-les-changements-envisages\\\/#primaryimage\"},\"thumbnailUrl\":\"https:\\\/\\\/www.autojm.fr\\\/blog\\\/wp-content\\\/uploads\\\/2024\\\/02\\\/Permis-de-conduire.jpg\",\"keywords\":[\"208\",\"3008\",\"308\",\"408\",\"arkana\",\"Audi\",\"Austral\",\"autojm\",\"BMW\",\"C3\",\"C5 Aircross\",\"captur\",\"citroen\",\"Clio\",\"Clio 5\",\"dacia\",\"DS\",\"DS 7\",\"DS3\",\"DS4\",\"DS7 Crossback\",\"Fiat\",\"Ford\",\"formentor\",\"Golf 8\",\"Hyundai\",\"Kia\",\"leon 5 portes\",\"leon sportstourer\",\"Nissan\",\"Opel\",\"peugeot\",\"renault\",\"Seat\",\"Skoda\",\"t-roc\",\"Tiguan\",\"Toyota\",\"Volkswagen\"],\"articleSection\":[\"Actualit\u00e9 Automobile\"],\"inLanguage\":\"fr-FR\",\"potentialAction\":[{\"@type\":\"CommentAction\",\"name\":\"Comment\",\"target\":[\"https:\\\/\\\/www.autojm.fr\\\/blog\\\/permis-de-conduire-les-changements-envisages\\\/#respond\"]}]},{\"@type\":\"WebPage\",\"@id\":\"https:\\\/\\\/www.autojm.fr\\\/blog\\\/permis-de-conduire-les-changements-envisages\\\/\",\"url\":\"https:\\\/\\\/www.autojm.fr\\\/blog\\\/permis-de-conduire-les-changements-envisages\\\/\",\"name\":\"Permis de conduire : les changements envisag\u00e9s\u00a0 - AutoJM Mag\",\"isPartOf\":{\"@id\":\"https:\\\/\\\/www.autojm.fr\\\/blog\\\/#website\"},\"primaryImageOfPage\":{\"@id\":\"https:\\\/\\\/www.autojm.fr\\\/blog\\\/permis-de-conduire-les-changements-envisages\\\/#primaryimage\"},\"image\":{\"@id\":\"https:\\\/\\\/www.autojm.fr\\\/blog\\\/permis-de-conduire-les-changements-envisages\\\/#primaryimage\"},\"thumbnailUrl\":\"https:\\\/\\\/www.autojm.fr\\\/blog\\\/wp-content\\\/uploads\\\/2024\\\/02\\\/Permis-de-conduire.jpg\",\"datePublished\":\"2024-02-21T10:44:04+00:00\",\"dateModified\":\"2024-02-21T15:51:27+00:00\",\"description\":\"Le Parlement europ\u00e9en pourrait prochainement appliquer la d\u00e9ch\u00e9ance du droit de conduire dans l\u2019ensemble de l\u2019Union europ\u00e9enne en cas de...\",\"breadcrumb\":{\"@id\":\"https:\\\/\\\/www.autojm.fr\\\/blog\\\/permis-de-conduire-les-changements-envisages\\\/#breadcrumb\"},\"inLanguage\":\"fr-FR\",\"potentialAction\":[{\"@type\":\"ReadAction\",\"target\":[\"https:\\\/\\\/www.autojm.fr\\\/blog\\\/permis-de-conduire-les-changements-envisages\\\/\"]}]},{\"@type\":\"ImageObject\",\"inLanguage\":\"fr-FR\",\"@id\":\"https:\\\/\\\/www.autojm.fr\\\/blog\\\/permis-de-conduire-les-changements-envisages\\\/#primaryimage\",\"url\":\"https:\\\/\\\/www.autojm.fr\\\/blog\\\/wp-content\\\/uploads\\\/2024\\\/02\\\/Permis-de-conduire.jpg\",\"contentUrl\":\"https:\\\/\\\/www.autojm.fr\\\/blog\\\/wp-content\\\/uploads\\\/2024\\\/02\\\/Permis-de-conduire.jpg\",\"width\":1000,\"height\":500,\"caption\":\"Permis de conduire\"},{\"@type\":\"BreadcrumbList\",\"@id\":\"https:\\\/\\\/www.autojm.fr\\\/blog\\\/permis-de-conduire-les-changements-envisages\\\/#breadcrumb\",\"itemListElement\":[{\"@type\":\"ListItem\",\"position\":1,\"name\":\"Accueil\",\"item\":\"https:\\\/\\\/www.autojm.fr\\\/blog\\\/\"},{\"@type\":\"ListItem\",\"position\":2,\"name\":\"Actualit\u00e9 Automobile\",\"item\":\"https:\\\/\\\/www.autojm.fr\\\/blog\\\/actualite-automobile\\\/\"},{\"@type\":\"ListItem\",\"position\":3,\"name\":\"Permis de conduire : les changements envisag\u00e9s\u00a0\"}]},{\"@type\":\"WebSite\",\"@id\":\"https:\\\/\\\/www.autojm.fr\\\/blog\\\/#website\",\"url\":\"https:\\\/\\\/www.autojm.fr\\\/blog\\\/\",\"name\":\"AutoJM Mag\",\"description\":\"Toute l&#039;actu auto en 1 clic !\",\"publisher\":{\"@id\":\"https:\\\/\\\/www.autojm.fr\\\/blog\\\/#organization\"},\"potentialAction\":[{\"@type\":\"SearchAction\",\"target\":{\"@type\":\"EntryPoint\",\"urlTemplate\":\"https:\\\/\\\/www.autojm.fr\\\/blog\\\/?s={search_term_string}\"},\"query-input\":{\"@type\":\"PropertyValueSpecification\",\"valueRequired\":true,\"valueName\":\"search_term_string\"}}],\"inLanguage\":\"fr-FR\"},{\"@type\":\"Organization\",\"@id\":\"https:\\\/\\\/www.autojm.fr\\\/blog\\\/#organization\",\"name\":\"AutoJM Mag\",\"url\":\"https:\\\/\\\/www.autojm.fr\\\/blog\\\/\",\"logo\":{\"@type\":\"ImageObject\",\"inLanguage\":\"fr-FR\",\"@id\":\"https:\\\/\\\/www.autojm.fr\\\/blog\\\/#\\\/schema\\\/logo\\\/image\\\/\",\"url\":\"https:\\\/\\\/www.autojm.fr\\\/blog\\\/wp-content\\\/uploads\\\/2022\\\/12\\\/cropped-AutoJMag-png.png\",\"contentUrl\":\"https:\\\/\\\/www.autojm.fr\\\/blog\\\/wp-content\\\/uploads\\\/2022\\\/12\\\/cropped-AutoJMag-png.png\",\"width\":2834,\"height\":585,\"caption\":\"AutoJM Mag\"},\"image\":{\"@id\":\"https:\\\/\\\/www.autojm.fr\\\/blog\\\/#\\\/schema\\\/logo\\\/image\\\/\"},\"sameAs\":[\"https:\\\/\\\/www.facebook.com\\\/AutoJM25\"]},{\"@type\":\"Person\",\"@id\":\"https:\\\/\\\/www.autojm.fr\\\/blog\\\/#\\\/schema\\\/person\\\/1cc83a91548d88a62eb8cf06f562a72c\",\"name\":\"Justine Tripard\",\"image\":{\"@type\":\"ImageObject\",\"inLanguage\":\"fr-FR\",\"@id\":\"https:\\\/\\\/secure.gravatar.com\\\/avatar\\\/b8b45209a4cf0b7b127b9238ec348090e7302306d2485eeaab17b6761fe84991?s=96&d=mm&r=g\",\"url\":\"https:\\\/\\\/secure.gravatar.com\\\/avatar\\\/b8b45209a4cf0b7b127b9238ec348090e7302306d2485eeaab17b6761fe84991?s=96&d=mm&r=g\",\"contentUrl\":\"https:\\\/\\\/secure.gravatar.com\\\/avatar\\\/b8b45209a4cf0b7b127b9238ec348090e7302306d2485eeaab17b6761fe84991?s=96&d=mm&r=g\",\"caption\":\"Justine Tripard\"},\"url\":\"https:\\\/\\\/www.autojm.fr\\\/blog\\\/author\\\/justine\\\/\"}]}<\/script>\n<!-- \/ Yoast SEO plugin. -->","yoast_head_json":{"title":"Permis de conduire : les changements envisag\u00e9s\u00a0 - AutoJM Mag","description":"Le Parlement europ\u00e9en pourrait prochainement appliquer la d\u00e9ch\u00e9ance du droit de conduire dans l\u2019ensemble de l\u2019Union europ\u00e9enne en cas de...","robots":{"index":"index","follow":"follow","max-snippet":"max-snippet:-1","max-image-preview":"max-image-preview:large","max-video-preview":"max-video-preview:-1"},"canonical":"https:\/\/www.autojm.fr\/blog\/permis-de-conduire-les-changements-envisages\/","og_locale":"fr_FR","og_type":"article","og_title":"Permis de conduire : les changements envisag\u00e9s\u00a0 - AutoJM Mag","og_description":"Le Parlement europ\u00e9en pourrait prochainement appliquer la d\u00e9ch\u00e9ance du droit de conduire dans l\u2019ensemble de l\u2019Union europ\u00e9enne en cas de...","og_url":"https:\/\/www.autojm.fr\/blog\/permis-de-conduire-les-changements-envisages\/","og_site_name":"AutoJM Mag","article_publisher":"https:\/\/www.facebook.com\/AutoJM25","article_published_time":"2024-02-21T10:44:04+00:00","article_modified_time":"2024-02-21T15:51:27+00:00","og_image":[{"width":1000,"height":500,"url":"https:\/\/www.autojm.fr\/blog\/wp-content\/uploads\/2024\/02\/Permis-de-conduire.jpg","type":"image\/jpeg"}],"author":"Justine Tripard","twitter_card":"summary_large_image","twitter_misc":{"\u00c9crit par":"Justine Tripard","Dur\u00e9e de lecture estim\u00e9e":"3 minutes"},"schema":{"@context":"https:\/\/schema.org","@graph":[{"@type":"Article","@id":"https:\/\/www.autojm.fr\/blog\/permis-de-conduire-les-changements-envisages\/#article","isPartOf":{"@id":"https:\/\/www.autojm.fr\/blog\/permis-de-conduire-les-changements-envisages\/"},"author":{"name":"Justine Tripard","@id":"https:\/\/www.autojm.fr\/blog\/#\/schema\/person\/1cc83a91548d88a62eb8cf06f562a72c"},"headline":"Permis de conduire : les changements envisag\u00e9s\u00a0","datePublished":"2024-02-21T10:44:04+00:00","dateModified":"2024-02-21T15:51:27+00:00","mainEntityOfPage":{"@id":"https:\/\/www.autojm.fr\/blog\/permis-de-conduire-les-changements-envisages\/"},"wordCount":7,"commentCount":0,"publisher":{"@id":"https:\/\/www.autojm.fr\/blog\/#organization"},"image":{"@id":"https:\/\/www.autojm.fr\/blog\/permis-de-conduire-les-changements-envisages\/#primaryimage"},"thumbnailUrl":"https:\/\/www.autojm.fr\/blog\/wp-content\/uploads\/2024\/02\/Permis-de-conduire.jpg","keywords":["208","3008","308","408","arkana","Audi","Austral","autojm","BMW","C3","C5 Aircross","captur","citroen","Clio","Clio 5","dacia","DS","DS 7","DS3","DS4","DS7 Crossback","Fiat","Ford","formentor","Golf 8","Hyundai","Kia","leon 5 portes","leon sportstourer","Nissan","Opel","peugeot","renault","Seat","Skoda","t-roc","Tiguan","Toyota","Volkswagen"],"articleSection":["Actualit\u00e9 Automobile"],"inLanguage":"fr-FR","potentialAction":[{"@type":"CommentAction","name":"Comment","target":["https:\/\/www.autojm.fr\/blog\/permis-de-conduire-les-changements-envisages\/#respond"]}]},{"@type":"WebPage","@id":"https:\/\/www.autojm.fr\/blog\/permis-de-conduire-les-changements-envisages\/","url":"https:\/\/www.autojm.fr\/blog\/permis-de-conduire-les-changements-envisages\/","name":"Permis de conduire : les changements envisag\u00e9s\u00a0 - AutoJM Mag","isPartOf":{"@id":"https:\/\/www.autojm.fr\/blog\/#website"},"primaryImageOfPage":{"@id":"https:\/\/www.autojm.fr\/blog\/permis-de-conduire-les-changements-envisages\/#primaryimage"},"image":{"@id":"https:\/\/www.autojm.fr\/blog\/permis-de-conduire-les-changements-envisages\/#primaryimage"},"thumbnailUrl":"https:\/\/www.autojm.fr\/blog\/wp-content\/uploads\/2024\/02\/Permis-de-conduire.jpg","datePublished":"2024-02-21T10:44:04+00:00","dateModified":"2024-02-21T15:51:27+00:00","description":"Le Parlement europ\u00e9en pourrait prochainement appliquer la d\u00e9ch\u00e9ance du droit de conduire dans l\u2019ensemble de l\u2019Union europ\u00e9enne en cas de...","breadcrumb":{"@id":"https:\/\/www.autojm.fr\/blog\/permis-de-conduire-les-changements-envisages\/#breadcrumb"},"inLanguage":"fr-FR","potentialAction":[{"@type":"ReadAction","target":["https:\/\/www.autojm.fr\/blog\/permis-de-conduire-les-changements-envisages\/"]}]},{"@type":"ImageObject","inLanguage":"fr-FR","@id":"https:\/\/www.autojm.fr\/blog\/permis-de-conduire-les-changements-envisages\/#primaryimage","url":"https:\/\/www.autojm.fr\/blog\/wp-content\/uploads\/2024\/02\/Permis-de-conduire.jpg","contentUrl":"https:\/\/www.autojm.fr\/blog\/wp-content\/uploads\/2024\/02\/Permis-de-conduire.jpg","width":1000,"height":500,"caption":"Permis de conduire"},{"@type":"BreadcrumbList","@id":"https:\/\/www.autojm.fr\/blog\/permis-de-conduire-les-changements-envisages\/#breadcrumb","itemListElement":[{"@type":"ListItem","position":1,"name":"Accueil","item":"https:\/\/www.autojm.fr\/blog\/"},{"@type":"ListItem","position":2,"name":"Actualit\u00e9 Automobile","item":"https:\/\/www.autojm.fr\/blog\/actualite-automobile\/"},{"@type":"ListItem","position":3,"name":"Permis de conduire : les changements envisag\u00e9s\u00a0"}]},{"@type":"WebSite","@id":"https:\/\/www.autojm.fr\/blog\/#website","url":"https:\/\/www.autojm.fr\/blog\/","name":"AutoJM Mag","description":"Toute l&#039;actu auto en 1 clic !","publisher":{"@id":"https:\/\/www.autojm.fr\/blog\/#organization"},"potentialAction":[{"@type":"SearchAction","target":{"@type":"EntryPoint","urlTemplate":"https:\/\/www.autojm.fr\/blog\/?s={search_term_string}"},"query-input":{"@type":"PropertyValueSpecification","valueRequired":true,"valueName":"search_term_string"}}],"inLanguage":"fr-FR"},{"@type":"Organization","@id":"https:\/\/www.autojm.fr\/blog\/#organization","name":"AutoJM Mag","url":"https:\/\/www.autojm.fr\/blog\/","logo":{"@type":"ImageObject","inLanguage":"fr-FR","@id":"https:\/\/www.autojm.fr\/blog\/#\/schema\/logo\/image\/","url":"https:\/\/www.autojm.fr\/blog\/wp-content\/uploads\/2022\/12\/cropped-AutoJMag-png.png","contentUrl":"https:\/\/www.autojm.fr\/blog\/wp-content\/uploads\/2022\/12\/cropped-AutoJMag-png.png","width":2834,"height":585,"caption":"AutoJM Mag"},"image":{"@id":"https:\/\/www.autojm.fr\/blog\/#\/schema\/logo\/image\/"},"sameAs":["https:\/\/www.facebook.com\/AutoJM25"]},{"@type":"Person","@id":"https:\/\/www.autojm.fr\/blog\/#\/schema\/person\/1cc83a91548d88a62eb8cf06f562a72c","name":"Justine Tripard","image":{"@type":"ImageObject","inLanguage":"fr-FR","@id":"https:\/\/secure.gravatar.com\/avatar\/b8b45209a4cf0b7b127b9238ec348090e7302306d2485eeaab17b6761fe84991?s=96&d=mm&r=g","url":"https:\/\/secure.gravatar.com\/avatar\/b8b45209a4cf0b7b127b9238ec348090e7302306d2485eeaab17b6761fe84991?s=96&d=mm&r=g","contentUrl":"https:\/\/secure.gravatar.com\/avatar\/b8b45209a4cf0b7b127b9238ec348090e7302306d2485eeaab17b6761fe84991?s=96&d=mm&r=g","caption":"Justine Tripard"},"url":"https:\/\/www.autojm.fr\/blog\/author\/justine\/"}]}},"_links":{"self":[{"href":"https:\/\/www.autojm.fr\/blog\/wp-json\/wp\/v2\/posts\/16093","targetHints":{"allow":["GET"]}}],"collection":[{"href":"https:\/\/www.autojm.fr\/blog\/wp-json\/wp\/v2\/posts"}],"about":[{"href":"https:\/\/www.autojm.fr\/blog\/wp-json\/wp\/v2\/types\/post"}],"author":[{"embeddable":true,"href":"https:\/\/www.autojm.fr\/blog\/wp-json\/wp\/v2\/users\/6"}],"replies":[{"embeddable":true,"href":"https:\/\/www.autojm.fr\/blog\/wp-json\/wp\/v2\/comments?post=16093"}],"version-history":[{"count":4,"href":"https:\/\/www.autojm.fr\/blog\/wp-json\/wp\/v2\/posts\/16093\/revisions"}],"predecessor-version":[{"id":16111,"href":"https:\/\/www.autojm.fr\/blog\/wp-json\/wp\/v2\/posts\/16093\/revisions\/16111"}],"wp:featuredmedia":[{"embeddable":true,"href":"https:\/\/www.autojm.fr\/blog\/wp-json\/wp\/v2\/media\/16095"}],"wp:attachment":[{"href":"https:\/\/www.autojm.fr\/blog\/wp-json\/wp\/v2\/media?parent=16093"}],"wp:term":[{"taxonomy":"category","embeddable":true,"href":"https:\/\/www.autojm.fr\/blog\/wp-json\/wp\/v2\/categories?post=16093"},{"taxonomy":"post_tag","embeddable":true,"href":"https:\/\/www.autojm.fr\/blog\/wp-json\/wp\/v2\/tags?post=16093"}],"curies":[{"name":"wp","href":"https:\/\/api.w.org\/{rel}","templated":true}]}}