{"id":16076,"date":"2024-02-19T10:43:07","date_gmt":"2024-02-19T10:43:07","guid":{"rendered":"https:\/\/www.autojm.fr\/blog\/?p=16076"},"modified":"2024-06-06T09:24:53","modified_gmt":"2024-06-06T09:24:53","slug":"renault-symbioz-le-nouveau-suv-de-la-marque-au-losange","status":"publish","type":"post","link":"https:\/\/www.autojm.fr\/blog\/renault-symbioz-le-nouveau-suv-de-la-marque-au-losange\/","title":{"rendered":"Renault Symbioz : prix (2024) et caract\u00e9ristiques du nouveau SUV"},"content":{"rendered":"","protected":false},"excerpt":{"rendered":"<p>Reprenant l\u2019appellation du concept-car, le SUV compact Renault Symbioz sera d\u00e9voil\u00e9 par le constructeur en avril avant d\u2019\u00eatre commercialis\u00e9 \u00e0 l\u2019automne. \u00c0 cheval entre deux segments, le grand fr\u00e8re du Captur sera dans un premier temps propos\u00e9 en motorisation full hybrid. <\/p>\n","protected":false},"author":6,"featured_media":16078,"comment_status":"open","ping_status":"open","sticky":false,"template":"","format":"standard","meta":{"_acf_changed":false,"content-type":"","footnotes":""},"categories":[62],"tags":[91,318,87,331,92,78,202],"class_list":["post-16076","post","type-post","status-publish","format-standard","has-post-thumbnail","hentry","category-nouveaute-renault","tag-arkana","tag-austral","tag-captur","tag-clio","tag-clio-5","tag-renault","tag-renault-kadjar"],"acf":[],"yoast_head":"<!-- This site is optimized with the Yoast SEO plugin v27.5 - https:\/\/yoast.com\/product\/yoast-seo-wordpress\/ -->\n<title>Renault Symbioz : prix (2024) et caract\u00e9ristiques du nouveau SUV - AutoJM Mag<\/title>\n<meta name=\"description\" content=\"Reprenant l\u2019appellation du concept-car, le SUV compact Renault Symbioz sera d\u00e9voil\u00e9 par le constructeur en avril avant d\u2019\u00eatre...\" \/>\n<meta name=\"robots\" content=\"index, follow, max-snippet:-1, max-image-preview:large, max-video-preview:-1\" \/>\n<link rel=\"canonical\" href=\"https:\/\/www.autojm.fr\/blog\/renault-symbioz-le-nouveau-suv-de-la-marque-au-losange\/\" \/>\n<meta property=\"og:locale\" content=\"fr_FR\" \/>\n<meta property=\"og:type\" content=\"article\" \/>\n<meta property=\"og:title\" content=\"Renault Symbioz : prix (2024) et caract\u00e9ristiques du nouveau SUV - AutoJM Mag\" \/>\n<meta property=\"og:description\" content=\"Reprenant l\u2019appellation du concept-car, le SUV compact Renault Symbioz sera d\u00e9voil\u00e9 par le constructeur en avril avant d\u2019\u00eatre...\" \/>\n<meta property=\"og:url\" content=\"https:\/\/www.autojm.fr\/blog\/renault-symbioz-le-nouveau-suv-de-la-marque-au-losange\/\" \/>\n<meta property=\"og:site_name\" content=\"AutoJM Mag\" \/>\n<meta property=\"article:publisher\" content=\"https:\/\/www.facebook.com\/AutoJM25\" \/>\n<meta property=\"article:published_time\" content=\"2024-02-19T10:43:07+00:00\" \/>\n<meta property=\"article:modified_time\" content=\"2024-06-06T09:24:53+00:00\" \/>\n<meta property=\"og:image\" content=\"https:\/\/www.autojm.fr\/blog\/wp-content\/uploads\/2024\/02\/Renault-Symbioz-1.jpg\" \/>\n\t<meta property=\"og:image:width\" content=\"1000\" \/>\n\t<meta property=\"og:image:height\" content=\"500\" \/>\n\t<meta property=\"og:image:type\" content=\"image\/jpeg\" \/>\n<meta name=\"author\" content=\"Justine Tripard\" \/>\n<meta name=\"twitter:card\" content=\"summary_large_image\" \/>\n<meta name=\"twitter:label1\" content=\"\u00c9crit par\" \/>\n\t<meta name=\"twitter:data1\" content=\"Justine Tripard\" \/>\n\t<meta name=\"twitter:label2\" content=\"Dur\u00e9e de lecture estim\u00e9e\" \/>\n\t<meta name=\"twitter:data2\" content=\"4 minutes\" \/>\n<script type=\"application\/ld+json\" class=\"yoast-schema-graph\">{\"@context\":\"https:\\\/\\\/schema.org\",\"@graph\":[{\"@type\":\"Article\",\"@id\":\"https:\\\/\\\/www.autojm.fr\\\/blog\\\/renault-symbioz-le-nouveau-suv-de-la-marque-au-losange\\\/#article\",\"isPartOf\":{\"@id\":\"https:\\\/\\\/www.autojm.fr\\\/blog\\\/renault-symbioz-le-nouveau-suv-de-la-marque-au-losange\\\/\"},\"author\":{\"name\":\"Justine Tripard\",\"@id\":\"https:\\\/\\\/www.autojm.fr\\\/blog\\\/#\\\/schema\\\/person\\\/1cc83a91548d88a62eb8cf06f562a72c\"},\"headline\":\"Renault Symbioz : prix (2024) et caract\u00e9ristiques du nouveau SUV\",\"datePublished\":\"2024-02-19T10:43:07+00:00\",\"dateModified\":\"2024-06-06T09:24:53+00:00\",\"mainEntityOfPage\":{\"@id\":\"https:\\\/\\\/www.autojm.fr\\\/blog\\\/renault-symbioz-le-nouveau-suv-de-la-marque-au-losange\\\/\"},\"wordCount\":9,\"commentCount\":0,\"publisher\":{\"@id\":\"https:\\\/\\\/www.autojm.fr\\\/blog\\\/#organization\"},\"image\":{\"@id\":\"https:\\\/\\\/www.autojm.fr\\\/blog\\\/renault-symbioz-le-nouveau-suv-de-la-marque-au-losange\\\/#primaryimage\"},\"thumbnailUrl\":\"https:\\\/\\\/www.autojm.fr\\\/blog\\\/wp-content\\\/uploads\\\/2024\\\/02\\\/Renault-Symbioz-1.jpg\",\"keywords\":[\"arkana\",\"Austral\",\"captur\",\"Clio\",\"Clio 5\",\"renault\",\"Renault Kadjar\"],\"articleSection\":[\"Nouveaut\u00e9 Renault\"],\"inLanguage\":\"fr-FR\",\"potentialAction\":[{\"@type\":\"CommentAction\",\"name\":\"Comment\",\"target\":[\"https:\\\/\\\/www.autojm.fr\\\/blog\\\/renault-symbioz-le-nouveau-suv-de-la-marque-au-losange\\\/#respond\"]}]},{\"@type\":\"WebPage\",\"@id\":\"https:\\\/\\\/www.autojm.fr\\\/blog\\\/renault-symbioz-le-nouveau-suv-de-la-marque-au-losange\\\/\",\"url\":\"https:\\\/\\\/www.autojm.fr\\\/blog\\\/renault-symbioz-le-nouveau-suv-de-la-marque-au-losange\\\/\",\"name\":\"Renault Symbioz : prix (2024) et caract\u00e9ristiques du nouveau SUV - AutoJM Mag\",\"isPartOf\":{\"@id\":\"https:\\\/\\\/www.autojm.fr\\\/blog\\\/#website\"},\"primaryImageOfPage\":{\"@id\":\"https:\\\/\\\/www.autojm.fr\\\/blog\\\/renault-symbioz-le-nouveau-suv-de-la-marque-au-losange\\\/#primaryimage\"},\"image\":{\"@id\":\"https:\\\/\\\/www.autojm.fr\\\/blog\\\/renault-symbioz-le-nouveau-suv-de-la-marque-au-losange\\\/#primaryimage\"},\"thumbnailUrl\":\"https:\\\/\\\/www.autojm.fr\\\/blog\\\/wp-content\\\/uploads\\\/2024\\\/02\\\/Renault-Symbioz-1.jpg\",\"datePublished\":\"2024-02-19T10:43:07+00:00\",\"dateModified\":\"2024-06-06T09:24:53+00:00\",\"description\":\"Reprenant l\u2019appellation du concept-car, le SUV compact Renault Symbioz sera d\u00e9voil\u00e9 par le constructeur en avril avant d\u2019\u00eatre...\",\"breadcrumb\":{\"@id\":\"https:\\\/\\\/www.autojm.fr\\\/blog\\\/renault-symbioz-le-nouveau-suv-de-la-marque-au-losange\\\/#breadcrumb\"},\"inLanguage\":\"fr-FR\",\"potentialAction\":[{\"@type\":\"ReadAction\",\"target\":[\"https:\\\/\\\/www.autojm.fr\\\/blog\\\/renault-symbioz-le-nouveau-suv-de-la-marque-au-losange\\\/\"]}]},{\"@type\":\"ImageObject\",\"inLanguage\":\"fr-FR\",\"@id\":\"https:\\\/\\\/www.autojm.fr\\\/blog\\\/renault-symbioz-le-nouveau-suv-de-la-marque-au-losange\\\/#primaryimage\",\"url\":\"https:\\\/\\\/www.autojm.fr\\\/blog\\\/wp-content\\\/uploads\\\/2024\\\/02\\\/Renault-Symbioz-1.jpg\",\"contentUrl\":\"https:\\\/\\\/www.autojm.fr\\\/blog\\\/wp-content\\\/uploads\\\/2024\\\/02\\\/Renault-Symbioz-1.jpg\",\"width\":1000,\"height\":500,\"caption\":\"Renault Symbioz\"},{\"@type\":\"BreadcrumbList\",\"@id\":\"https:\\\/\\\/www.autojm.fr\\\/blog\\\/renault-symbioz-le-nouveau-suv-de-la-marque-au-losange\\\/#breadcrumb\",\"itemListElement\":[{\"@type\":\"ListItem\",\"position\":1,\"name\":\"Accueil\",\"item\":\"https:\\\/\\\/www.autojm.fr\\\/blog\\\/\"},{\"@type\":\"ListItem\",\"position\":2,\"name\":\"Nouveaut\u00e9s Autos\",\"item\":\"https:\\\/\\\/www.autojm.fr\\\/blog\\\/nouveautes-autos\\\/\"},{\"@type\":\"ListItem\",\"position\":3,\"name\":\"Nouveaut\u00e9 Renault\",\"item\":\"https:\\\/\\\/www.autojm.fr\\\/blog\\\/nouveautes-autos\\\/nouveaute-renault\\\/\"},{\"@type\":\"ListItem\",\"position\":4,\"name\":\"Renault Symbioz : prix (2024) et caract\u00e9ristiques du nouveau SUV\"}]},{\"@type\":\"WebSite\",\"@id\":\"https:\\\/\\\/www.autojm.fr\\\/blog\\\/#website\",\"url\":\"https:\\\/\\\/www.autojm.fr\\\/blog\\\/\",\"name\":\"AutoJM Mag\",\"description\":\"Toute l&#039;actu auto en 1 clic !\",\"publisher\":{\"@id\":\"https:\\\/\\\/www.autojm.fr\\\/blog\\\/#organization\"},\"potentialAction\":[{\"@type\":\"SearchAction\",\"target\":{\"@type\":\"EntryPoint\",\"urlTemplate\":\"https:\\\/\\\/www.autojm.fr\\\/blog\\\/?s={search_term_string}\"},\"query-input\":{\"@type\":\"PropertyValueSpecification\",\"valueRequired\":true,\"valueName\":\"search_term_string\"}}],\"inLanguage\":\"fr-FR\"},{\"@type\":\"Organization\",\"@id\":\"https:\\\/\\\/www.autojm.fr\\\/blog\\\/#organization\",\"name\":\"AutoJM Mag\",\"url\":\"https:\\\/\\\/www.autojm.fr\\\/blog\\\/\",\"logo\":{\"@type\":\"ImageObject\",\"inLanguage\":\"fr-FR\",\"@id\":\"https:\\\/\\\/www.autojm.fr\\\/blog\\\/#\\\/schema\\\/logo\\\/image\\\/\",\"url\":\"https:\\\/\\\/www.autojm.fr\\\/blog\\\/wp-content\\\/uploads\\\/2022\\\/12\\\/cropped-AutoJMag-png.png\",\"contentUrl\":\"https:\\\/\\\/www.autojm.fr\\\/blog\\\/wp-content\\\/uploads\\\/2022\\\/12\\\/cropped-AutoJMag-png.png\",\"width\":2834,\"height\":585,\"caption\":\"AutoJM Mag\"},\"image\":{\"@id\":\"https:\\\/\\\/www.autojm.fr\\\/blog\\\/#\\\/schema\\\/logo\\\/image\\\/\"},\"sameAs\":[\"https:\\\/\\\/www.facebook.com\\\/AutoJM25\"]},{\"@type\":\"Person\",\"@id\":\"https:\\\/\\\/www.autojm.fr\\\/blog\\\/#\\\/schema\\\/person\\\/1cc83a91548d88a62eb8cf06f562a72c\",\"name\":\"Justine Tripard\",\"image\":{\"@type\":\"ImageObject\",\"inLanguage\":\"fr-FR\",\"@id\":\"https:\\\/\\\/secure.gravatar.com\\\/avatar\\\/b8b45209a4cf0b7b127b9238ec348090e7302306d2485eeaab17b6761fe84991?s=96&d=mm&r=g\",\"url\":\"https:\\\/\\\/secure.gravatar.com\\\/avatar\\\/b8b45209a4cf0b7b127b9238ec348090e7302306d2485eeaab17b6761fe84991?s=96&d=mm&r=g\",\"contentUrl\":\"https:\\\/\\\/secure.gravatar.com\\\/avatar\\\/b8b45209a4cf0b7b127b9238ec348090e7302306d2485eeaab17b6761fe84991?s=96&d=mm&r=g\",\"caption\":\"Justine Tripard\"},\"url\":\"https:\\\/\\\/www.autojm.fr\\\/blog\\\/author\\\/justine\\\/\"}]}<\/script>\n<!-- \/ Yoast SEO plugin. -->","yoast_head_json":{"title":"Renault Symbioz : prix (2024) et caract\u00e9ristiques du nouveau SUV - AutoJM Mag","description":"Reprenant l\u2019appellation du concept-car, le SUV compact Renault Symbioz sera d\u00e9voil\u00e9 par le constructeur en avril avant d\u2019\u00eatre...","robots":{"index":"index","follow":"follow","max-snippet":"max-snippet:-1","max-image-preview":"max-image-preview:large","max-video-preview":"max-video-preview:-1"},"canonical":"https:\/\/www.autojm.fr\/blog\/renault-symbioz-le-nouveau-suv-de-la-marque-au-losange\/","og_locale":"fr_FR","og_type":"article","og_title":"Renault Symbioz : prix (2024) et caract\u00e9ristiques du nouveau SUV - AutoJM Mag","og_description":"Reprenant l\u2019appellation du concept-car, le SUV compact Renault Symbioz sera d\u00e9voil\u00e9 par le constructeur en avril avant d\u2019\u00eatre...","og_url":"https:\/\/www.autojm.fr\/blog\/renault-symbioz-le-nouveau-suv-de-la-marque-au-losange\/","og_site_name":"AutoJM Mag","article_publisher":"https:\/\/www.facebook.com\/AutoJM25","article_published_time":"2024-02-19T10:43:07+00:00","article_modified_time":"2024-06-06T09:24:53+00:00","og_image":[{"width":1000,"height":500,"url":"https:\/\/www.autojm.fr\/blog\/wp-content\/uploads\/2024\/02\/Renault-Symbioz-1.jpg","type":"image\/jpeg"}],"author":"Justine Tripard","twitter_card":"summary_large_image","twitter_misc":{"\u00c9crit par":"Justine Tripard","Dur\u00e9e de lecture estim\u00e9e":"4 minutes"},"schema":{"@context":"https:\/\/schema.org","@graph":[{"@type":"Article","@id":"https:\/\/www.autojm.fr\/blog\/renault-symbioz-le-nouveau-suv-de-la-marque-au-losange\/#article","isPartOf":{"@id":"https:\/\/www.autojm.fr\/blog\/renault-symbioz-le-nouveau-suv-de-la-marque-au-losange\/"},"author":{"name":"Justine Tripard","@id":"https:\/\/www.autojm.fr\/blog\/#\/schema\/person\/1cc83a91548d88a62eb8cf06f562a72c"},"headline":"Renault Symbioz : prix (2024) et caract\u00e9ristiques du nouveau SUV","datePublished":"2024-02-19T10:43:07+00:00","dateModified":"2024-06-06T09:24:53+00:00","mainEntityOfPage":{"@id":"https:\/\/www.autojm.fr\/blog\/renault-symbioz-le-nouveau-suv-de-la-marque-au-losange\/"},"wordCount":9,"commentCount":0,"publisher":{"@id":"https:\/\/www.autojm.fr\/blog\/#organization"},"image":{"@id":"https:\/\/www.autojm.fr\/blog\/renault-symbioz-le-nouveau-suv-de-la-marque-au-losange\/#primaryimage"},"thumbnailUrl":"https:\/\/www.autojm.fr\/blog\/wp-content\/uploads\/2024\/02\/Renault-Symbioz-1.jpg","keywords":["arkana","Austral","captur","Clio","Clio 5","renault","Renault Kadjar"],"articleSection":["Nouveaut\u00e9 Renault"],"inLanguage":"fr-FR","potentialAction":[{"@type":"CommentAction","name":"Comment","target":["https:\/\/www.autojm.fr\/blog\/renault-symbioz-le-nouveau-suv-de-la-marque-au-losange\/#respond"]}]},{"@type":"WebPage","@id":"https:\/\/www.autojm.fr\/blog\/renault-symbioz-le-nouveau-suv-de-la-marque-au-losange\/","url":"https:\/\/www.autojm.fr\/blog\/renault-symbioz-le-nouveau-suv-de-la-marque-au-losange\/","name":"Renault Symbioz : prix (2024) et caract\u00e9ristiques du nouveau SUV - AutoJM Mag","isPartOf":{"@id":"https:\/\/www.autojm.fr\/blog\/#website"},"primaryImageOfPage":{"@id":"https:\/\/www.autojm.fr\/blog\/renault-symbioz-le-nouveau-suv-de-la-marque-au-losange\/#primaryimage"},"image":{"@id":"https:\/\/www.autojm.fr\/blog\/renault-symbioz-le-nouveau-suv-de-la-marque-au-losange\/#primaryimage"},"thumbnailUrl":"https:\/\/www.autojm.fr\/blog\/wp-content\/uploads\/2024\/02\/Renault-Symbioz-1.jpg","datePublished":"2024-02-19T10:43:07+00:00","dateModified":"2024-06-06T09:24:53+00:00","description":"Reprenant l\u2019appellation du concept-car, le SUV compact Renault Symbioz sera d\u00e9voil\u00e9 par le constructeur en avril avant d\u2019\u00eatre...","breadcrumb":{"@id":"https:\/\/www.autojm.fr\/blog\/renault-symbioz-le-nouveau-suv-de-la-marque-au-losange\/#breadcrumb"},"inLanguage":"fr-FR","potentialAction":[{"@type":"ReadAction","target":["https:\/\/www.autojm.fr\/blog\/renault-symbioz-le-nouveau-suv-de-la-marque-au-losange\/"]}]},{"@type":"ImageObject","inLanguage":"fr-FR","@id":"https:\/\/www.autojm.fr\/blog\/renault-symbioz-le-nouveau-suv-de-la-marque-au-losange\/#primaryimage","url":"https:\/\/www.autojm.fr\/blog\/wp-content\/uploads\/2024\/02\/Renault-Symbioz-1.jpg","contentUrl":"https:\/\/www.autojm.fr\/blog\/wp-content\/uploads\/2024\/02\/Renault-Symbioz-1.jpg","width":1000,"height":500,"caption":"Renault Symbioz"},{"@type":"BreadcrumbList","@id":"https:\/\/www.autojm.fr\/blog\/renault-symbioz-le-nouveau-suv-de-la-marque-au-losange\/#breadcrumb","itemListElement":[{"@type":"ListItem","position":1,"name":"Accueil","item":"https:\/\/www.autojm.fr\/blog\/"},{"@type":"ListItem","position":2,"name":"Nouveaut\u00e9s Autos","item":"https:\/\/www.autojm.fr\/blog\/nouveautes-autos\/"},{"@type":"ListItem","position":3,"name":"Nouveaut\u00e9 Renault","item":"https:\/\/www.autojm.fr\/blog\/nouveautes-autos\/nouveaute-renault\/"},{"@type":"ListItem","position":4,"name":"Renault Symbioz : prix (2024) et caract\u00e9ristiques du nouveau SUV"}]},{"@type":"WebSite","@id":"https:\/\/www.autojm.fr\/blog\/#website","url":"https:\/\/www.autojm.fr\/blog\/","name":"AutoJM Mag","description":"Toute l&#039;actu auto en 1 clic !","publisher":{"@id":"https:\/\/www.autojm.fr\/blog\/#organization"},"potentialAction":[{"@type":"SearchAction","target":{"@type":"EntryPoint","urlTemplate":"https:\/\/www.autojm.fr\/blog\/?s={search_term_string}"},"query-input":{"@type":"PropertyValueSpecification","valueRequired":true,"valueName":"search_term_string"}}],"inLanguage":"fr-FR"},{"@type":"Organization","@id":"https:\/\/www.autojm.fr\/blog\/#organization","name":"AutoJM Mag","url":"https:\/\/www.autojm.fr\/blog\/","logo":{"@type":"ImageObject","inLanguage":"fr-FR","@id":"https:\/\/www.autojm.fr\/blog\/#\/schema\/logo\/image\/","url":"https:\/\/www.autojm.fr\/blog\/wp-content\/uploads\/2022\/12\/cropped-AutoJMag-png.png","contentUrl":"https:\/\/www.autojm.fr\/blog\/wp-content\/uploads\/2022\/12\/cropped-AutoJMag-png.png","width":2834,"height":585,"caption":"AutoJM Mag"},"image":{"@id":"https:\/\/www.autojm.fr\/blog\/#\/schema\/logo\/image\/"},"sameAs":["https:\/\/www.facebook.com\/AutoJM25"]},{"@type":"Person","@id":"https:\/\/www.autojm.fr\/blog\/#\/schema\/person\/1cc83a91548d88a62eb8cf06f562a72c","name":"Justine Tripard","image":{"@type":"ImageObject","inLanguage":"fr-FR","@id":"https:\/\/secure.gravatar.com\/avatar\/b8b45209a4cf0b7b127b9238ec348090e7302306d2485eeaab17b6761fe84991?s=96&d=mm&r=g","url":"https:\/\/secure.gravatar.com\/avatar\/b8b45209a4cf0b7b127b9238ec348090e7302306d2485eeaab17b6761fe84991?s=96&d=mm&r=g","contentUrl":"https:\/\/secure.gravatar.com\/avatar\/b8b45209a4cf0b7b127b9238ec348090e7302306d2485eeaab17b6761fe84991?s=96&d=mm&r=g","caption":"Justine Tripard"},"url":"https:\/\/www.autojm.fr\/blog\/author\/justine\/"}]}},"_links":{"self":[{"href":"https:\/\/www.autojm.fr\/blog\/wp-json\/wp\/v2\/posts\/16076","targetHints":{"allow":["GET"]}}],"collection":[{"href":"https:\/\/www.autojm.fr\/blog\/wp-json\/wp\/v2\/posts"}],"about":[{"href":"https:\/\/www.autojm.fr\/blog\/wp-json\/wp\/v2\/types\/post"}],"author":[{"embeddable":true,"href":"https:\/\/www.autojm.fr\/blog\/wp-json\/wp\/v2\/users\/6"}],"replies":[{"embeddable":true,"href":"https:\/\/www.autojm.fr\/blog\/wp-json\/wp\/v2\/comments?post=16076"}],"version-history":[{"count":10,"href":"https:\/\/www.autojm.fr\/blog\/wp-json\/wp\/v2\/posts\/16076\/revisions"}],"predecessor-version":[{"id":17502,"href":"https:\/\/www.autojm.fr\/blog\/wp-json\/wp\/v2\/posts\/16076\/revisions\/17502"}],"wp:featuredmedia":[{"embeddable":true,"href":"https:\/\/www.autojm.fr\/blog\/wp-json\/wp\/v2\/media\/16078"}],"wp:attachment":[{"href":"https:\/\/www.autojm.fr\/blog\/wp-json\/wp\/v2\/media?parent=16076"}],"wp:term":[{"taxonomy":"category","embeddable":true,"href":"https:\/\/www.autojm.fr\/blog\/wp-json\/wp\/v2\/categories?post=16076"},{"taxonomy":"post_tag","embeddable":true,"href":"https:\/\/www.autojm.fr\/blog\/wp-json\/wp\/v2\/tags?post=16076"}],"curies":[{"name":"wp","href":"https:\/\/api.w.org\/{rel}","templated":true}]}}