{"id":15850,"date":"2024-02-02T07:00:59","date_gmt":"2024-02-02T07:00:59","guid":{"rendered":"https:\/\/www.autojm.fr\/blog\/?p=15850"},"modified":"2024-02-02T07:24:21","modified_gmt":"2024-02-02T07:24:21","slug":"le-leasing-social-victime-de-son-succes","status":"publish","type":"post","link":"https:\/\/www.autojm.fr\/blog\/le-leasing-social-victime-de-son-succes\/","title":{"rendered":"Le leasing social victime de son succ\u00e8s"},"content":{"rendered":"","protected":false},"excerpt":{"rendered":"<p>Face \u00e0 l\u2019engouement pour le leasing social mis en place par l\u2019\u00c9tat, le dispositif qui devait initialement concerner 25 000 b\u00e9n\u00e9ficiaires voit aujourd\u2019hui cette limite supprim\u00e9e. Un changement de cap qui implique pour les constructeurs la mise \u00e0 disposition de davantage de voitures \u00e9lectriques.<\/p>\n","protected":false},"author":6,"featured_media":15852,"comment_status":"open","ping_status":"open","sticky":false,"template":"","format":"standard","meta":{"_acf_changed":false,"content-type":"","footnotes":""},"categories":[5],"tags":[88,336,333,314,91,103,318,90,271,301,188,87,79,331,74,105,368,135,102,150,110,109,98,207,259,106,83,80,108,107,73,78,174,193,81,214,169,96],"class_list":["post-15850","post","type-post","status-publish","format-standard","has-post-thumbnail","hentry","category-actualite-automobile","tag-88","tag-336","tag-333","tag-314","tag-arkana","tag-audi","tag-austral","tag-autojm","tag-bmw","tag-c3","tag-c5-aircross","tag-captur","tag-citroen","tag-clio","tag-dacia","tag-ds","tag-ds-7","tag-ds3","tag-ds4","tag-ds7-crossback","tag-fiat","tag-ford","tag-formentor","tag-golf-8","tag-hyundai","tag-kia","tag-leon-5-portes","tag-leon-sportstourer","tag-nissan","tag-opel","tag-peugeot","tag-renault","tag-seat","tag-skoda","tag-t-roc","tag-tiguan","tag-toyota","tag-volkswagen"],"acf":[],"yoast_head":"<!-- This site is optimized with the Yoast SEO plugin v27.5 - https:\/\/yoast.com\/product\/yoast-seo-wordpress\/ -->\n<title>Le leasing social victime de son succ\u00e8s - AutoJM Mag<\/title>\n<meta name=\"description\" content=\"Face \u00e0 l\u2019engouement pour le leasing social mis en place par l\u2019\u00c9tat, le dispositif qui devait initialement concerner 25 000 b\u00e9n\u00e9ficiaires...\" \/>\n<meta name=\"robots\" content=\"index, follow, max-snippet:-1, max-image-preview:large, max-video-preview:-1\" \/>\n<link rel=\"canonical\" href=\"https:\/\/www.autojm.fr\/blog\/le-leasing-social-victime-de-son-succes\/\" \/>\n<meta property=\"og:locale\" content=\"fr_FR\" \/>\n<meta property=\"og:type\" content=\"article\" \/>\n<meta property=\"og:title\" content=\"Le leasing social victime de son succ\u00e8s - AutoJM Mag\" \/>\n<meta property=\"og:description\" content=\"Face \u00e0 l\u2019engouement pour le leasing social mis en place par l\u2019\u00c9tat, le dispositif qui devait initialement concerner 25 000 b\u00e9n\u00e9ficiaires...\" \/>\n<meta property=\"og:url\" content=\"https:\/\/www.autojm.fr\/blog\/le-leasing-social-victime-de-son-succes\/\" \/>\n<meta property=\"og:site_name\" content=\"AutoJM Mag\" \/>\n<meta property=\"article:publisher\" content=\"https:\/\/www.facebook.com\/AutoJM25\" \/>\n<meta property=\"article:published_time\" content=\"2024-02-02T07:00:59+00:00\" \/>\n<meta property=\"article:modified_time\" content=\"2024-02-02T07:24:21+00:00\" \/>\n<meta property=\"og:image\" content=\"https:\/\/www.autojm.fr\/blog\/wp-content\/uploads\/2024\/01\/Voiture-electrique.jpg\" \/>\n\t<meta property=\"og:image:width\" content=\"1000\" \/>\n\t<meta property=\"og:image:height\" content=\"500\" \/>\n\t<meta property=\"og:image:type\" content=\"image\/jpeg\" \/>\n<meta name=\"author\" content=\"Justine Tripard\" \/>\n<meta name=\"twitter:card\" content=\"summary_large_image\" \/>\n<meta name=\"twitter:label1\" content=\"\u00c9crit par\" \/>\n\t<meta name=\"twitter:data1\" content=\"Justine Tripard\" \/>\n\t<meta name=\"twitter:label2\" content=\"Dur\u00e9e de lecture estim\u00e9e\" \/>\n\t<meta name=\"twitter:data2\" content=\"4 minutes\" \/>\n<script type=\"application\/ld+json\" class=\"yoast-schema-graph\">{\"@context\":\"https:\\\/\\\/schema.org\",\"@graph\":[{\"@type\":\"Article\",\"@id\":\"https:\\\/\\\/www.autojm.fr\\\/blog\\\/le-leasing-social-victime-de-son-succes\\\/#article\",\"isPartOf\":{\"@id\":\"https:\\\/\\\/www.autojm.fr\\\/blog\\\/le-leasing-social-victime-de-son-succes\\\/\"},\"author\":{\"name\":\"Justine Tripard\",\"@id\":\"https:\\\/\\\/www.autojm.fr\\\/blog\\\/#\\\/schema\\\/person\\\/1cc83a91548d88a62eb8cf06f562a72c\"},\"headline\":\"Le leasing social victime de son succ\u00e8s\",\"datePublished\":\"2024-02-02T07:00:59+00:00\",\"dateModified\":\"2024-02-02T07:24:21+00:00\",\"mainEntityOfPage\":{\"@id\":\"https:\\\/\\\/www.autojm.fr\\\/blog\\\/le-leasing-social-victime-de-son-succes\\\/\"},\"wordCount\":8,\"commentCount\":0,\"publisher\":{\"@id\":\"https:\\\/\\\/www.autojm.fr\\\/blog\\\/#organization\"},\"image\":{\"@id\":\"https:\\\/\\\/www.autojm.fr\\\/blog\\\/le-leasing-social-victime-de-son-succes\\\/#primaryimage\"},\"thumbnailUrl\":\"https:\\\/\\\/www.autojm.fr\\\/blog\\\/wp-content\\\/uploads\\\/2024\\\/01\\\/Voiture-electrique.jpg\",\"keywords\":[\"208\",\"3008\",\"308\",\"408\",\"arkana\",\"Audi\",\"Austral\",\"autojm\",\"BMW\",\"C3\",\"C5 Aircross\",\"captur\",\"citroen\",\"Clio\",\"dacia\",\"DS\",\"DS 7\",\"DS3\",\"DS4\",\"DS7 Crossback\",\"Fiat\",\"Ford\",\"formentor\",\"Golf 8\",\"Hyundai\",\"Kia\",\"leon 5 portes\",\"leon sportstourer\",\"Nissan\",\"Opel\",\"peugeot\",\"renault\",\"Seat\",\"Skoda\",\"t-roc\",\"Tiguan\",\"Toyota\",\"Volkswagen\"],\"articleSection\":[\"Actualit\u00e9 Automobile\"],\"inLanguage\":\"fr-FR\",\"potentialAction\":[{\"@type\":\"CommentAction\",\"name\":\"Comment\",\"target\":[\"https:\\\/\\\/www.autojm.fr\\\/blog\\\/le-leasing-social-victime-de-son-succes\\\/#respond\"]}]},{\"@type\":\"WebPage\",\"@id\":\"https:\\\/\\\/www.autojm.fr\\\/blog\\\/le-leasing-social-victime-de-son-succes\\\/\",\"url\":\"https:\\\/\\\/www.autojm.fr\\\/blog\\\/le-leasing-social-victime-de-son-succes\\\/\",\"name\":\"Le leasing social victime de son succ\u00e8s - AutoJM Mag\",\"isPartOf\":{\"@id\":\"https:\\\/\\\/www.autojm.fr\\\/blog\\\/#website\"},\"primaryImageOfPage\":{\"@id\":\"https:\\\/\\\/www.autojm.fr\\\/blog\\\/le-leasing-social-victime-de-son-succes\\\/#primaryimage\"},\"image\":{\"@id\":\"https:\\\/\\\/www.autojm.fr\\\/blog\\\/le-leasing-social-victime-de-son-succes\\\/#primaryimage\"},\"thumbnailUrl\":\"https:\\\/\\\/www.autojm.fr\\\/blog\\\/wp-content\\\/uploads\\\/2024\\\/01\\\/Voiture-electrique.jpg\",\"datePublished\":\"2024-02-02T07:00:59+00:00\",\"dateModified\":\"2024-02-02T07:24:21+00:00\",\"description\":\"Face \u00e0 l\u2019engouement pour le leasing social mis en place par l\u2019\u00c9tat, le dispositif qui devait initialement concerner 25 000 b\u00e9n\u00e9ficiaires...\",\"breadcrumb\":{\"@id\":\"https:\\\/\\\/www.autojm.fr\\\/blog\\\/le-leasing-social-victime-de-son-succes\\\/#breadcrumb\"},\"inLanguage\":\"fr-FR\",\"potentialAction\":[{\"@type\":\"ReadAction\",\"target\":[\"https:\\\/\\\/www.autojm.fr\\\/blog\\\/le-leasing-social-victime-de-son-succes\\\/\"]}]},{\"@type\":\"ImageObject\",\"inLanguage\":\"fr-FR\",\"@id\":\"https:\\\/\\\/www.autojm.fr\\\/blog\\\/le-leasing-social-victime-de-son-succes\\\/#primaryimage\",\"url\":\"https:\\\/\\\/www.autojm.fr\\\/blog\\\/wp-content\\\/uploads\\\/2024\\\/01\\\/Voiture-electrique.jpg\",\"contentUrl\":\"https:\\\/\\\/www.autojm.fr\\\/blog\\\/wp-content\\\/uploads\\\/2024\\\/01\\\/Voiture-electrique.jpg\",\"width\":1000,\"height\":500,\"caption\":\"Leasing social\"},{\"@type\":\"BreadcrumbList\",\"@id\":\"https:\\\/\\\/www.autojm.fr\\\/blog\\\/le-leasing-social-victime-de-son-succes\\\/#breadcrumb\",\"itemListElement\":[{\"@type\":\"ListItem\",\"position\":1,\"name\":\"Accueil\",\"item\":\"https:\\\/\\\/www.autojm.fr\\\/blog\\\/\"},{\"@type\":\"ListItem\",\"position\":2,\"name\":\"Actualit\u00e9 Automobile\",\"item\":\"https:\\\/\\\/www.autojm.fr\\\/blog\\\/actualite-automobile\\\/\"},{\"@type\":\"ListItem\",\"position\":3,\"name\":\"Le leasing social victime de son succ\u00e8s\"}]},{\"@type\":\"WebSite\",\"@id\":\"https:\\\/\\\/www.autojm.fr\\\/blog\\\/#website\",\"url\":\"https:\\\/\\\/www.autojm.fr\\\/blog\\\/\",\"name\":\"AutoJM Mag\",\"description\":\"Toute l&#039;actu auto en 1 clic !\",\"publisher\":{\"@id\":\"https:\\\/\\\/www.autojm.fr\\\/blog\\\/#organization\"},\"potentialAction\":[{\"@type\":\"SearchAction\",\"target\":{\"@type\":\"EntryPoint\",\"urlTemplate\":\"https:\\\/\\\/www.autojm.fr\\\/blog\\\/?s={search_term_string}\"},\"query-input\":{\"@type\":\"PropertyValueSpecification\",\"valueRequired\":true,\"valueName\":\"search_term_string\"}}],\"inLanguage\":\"fr-FR\"},{\"@type\":\"Organization\",\"@id\":\"https:\\\/\\\/www.autojm.fr\\\/blog\\\/#organization\",\"name\":\"AutoJM Mag\",\"url\":\"https:\\\/\\\/www.autojm.fr\\\/blog\\\/\",\"logo\":{\"@type\":\"ImageObject\",\"inLanguage\":\"fr-FR\",\"@id\":\"https:\\\/\\\/www.autojm.fr\\\/blog\\\/#\\\/schema\\\/logo\\\/image\\\/\",\"url\":\"https:\\\/\\\/www.autojm.fr\\\/blog\\\/wp-content\\\/uploads\\\/2022\\\/12\\\/cropped-AutoJMag-png.png\",\"contentUrl\":\"https:\\\/\\\/www.autojm.fr\\\/blog\\\/wp-content\\\/uploads\\\/2022\\\/12\\\/cropped-AutoJMag-png.png\",\"width\":2834,\"height\":585,\"caption\":\"AutoJM Mag\"},\"image\":{\"@id\":\"https:\\\/\\\/www.autojm.fr\\\/blog\\\/#\\\/schema\\\/logo\\\/image\\\/\"},\"sameAs\":[\"https:\\\/\\\/www.facebook.com\\\/AutoJM25\"]},{\"@type\":\"Person\",\"@id\":\"https:\\\/\\\/www.autojm.fr\\\/blog\\\/#\\\/schema\\\/person\\\/1cc83a91548d88a62eb8cf06f562a72c\",\"name\":\"Justine Tripard\",\"image\":{\"@type\":\"ImageObject\",\"inLanguage\":\"fr-FR\",\"@id\":\"https:\\\/\\\/secure.gravatar.com\\\/avatar\\\/b8b45209a4cf0b7b127b9238ec348090e7302306d2485eeaab17b6761fe84991?s=96&d=mm&r=g\",\"url\":\"https:\\\/\\\/secure.gravatar.com\\\/avatar\\\/b8b45209a4cf0b7b127b9238ec348090e7302306d2485eeaab17b6761fe84991?s=96&d=mm&r=g\",\"contentUrl\":\"https:\\\/\\\/secure.gravatar.com\\\/avatar\\\/b8b45209a4cf0b7b127b9238ec348090e7302306d2485eeaab17b6761fe84991?s=96&d=mm&r=g\",\"caption\":\"Justine Tripard\"},\"url\":\"https:\\\/\\\/www.autojm.fr\\\/blog\\\/author\\\/justine\\\/\"}]}<\/script>\n<!-- \/ Yoast SEO plugin. -->","yoast_head_json":{"title":"Le leasing social victime de son succ\u00e8s - AutoJM Mag","description":"Face \u00e0 l\u2019engouement pour le leasing social mis en place par l\u2019\u00c9tat, le dispositif qui devait initialement concerner 25 000 b\u00e9n\u00e9ficiaires...","robots":{"index":"index","follow":"follow","max-snippet":"max-snippet:-1","max-image-preview":"max-image-preview:large","max-video-preview":"max-video-preview:-1"},"canonical":"https:\/\/www.autojm.fr\/blog\/le-leasing-social-victime-de-son-succes\/","og_locale":"fr_FR","og_type":"article","og_title":"Le leasing social victime de son succ\u00e8s - AutoJM Mag","og_description":"Face \u00e0 l\u2019engouement pour le leasing social mis en place par l\u2019\u00c9tat, le dispositif qui devait initialement concerner 25 000 b\u00e9n\u00e9ficiaires...","og_url":"https:\/\/www.autojm.fr\/blog\/le-leasing-social-victime-de-son-succes\/","og_site_name":"AutoJM Mag","article_publisher":"https:\/\/www.facebook.com\/AutoJM25","article_published_time":"2024-02-02T07:00:59+00:00","article_modified_time":"2024-02-02T07:24:21+00:00","og_image":[{"width":1000,"height":500,"url":"https:\/\/www.autojm.fr\/blog\/wp-content\/uploads\/2024\/01\/Voiture-electrique.jpg","type":"image\/jpeg"}],"author":"Justine Tripard","twitter_card":"summary_large_image","twitter_misc":{"\u00c9crit par":"Justine Tripard","Dur\u00e9e de lecture estim\u00e9e":"4 minutes"},"schema":{"@context":"https:\/\/schema.org","@graph":[{"@type":"Article","@id":"https:\/\/www.autojm.fr\/blog\/le-leasing-social-victime-de-son-succes\/#article","isPartOf":{"@id":"https:\/\/www.autojm.fr\/blog\/le-leasing-social-victime-de-son-succes\/"},"author":{"name":"Justine Tripard","@id":"https:\/\/www.autojm.fr\/blog\/#\/schema\/person\/1cc83a91548d88a62eb8cf06f562a72c"},"headline":"Le leasing social victime de son succ\u00e8s","datePublished":"2024-02-02T07:00:59+00:00","dateModified":"2024-02-02T07:24:21+00:00","mainEntityOfPage":{"@id":"https:\/\/www.autojm.fr\/blog\/le-leasing-social-victime-de-son-succes\/"},"wordCount":8,"commentCount":0,"publisher":{"@id":"https:\/\/www.autojm.fr\/blog\/#organization"},"image":{"@id":"https:\/\/www.autojm.fr\/blog\/le-leasing-social-victime-de-son-succes\/#primaryimage"},"thumbnailUrl":"https:\/\/www.autojm.fr\/blog\/wp-content\/uploads\/2024\/01\/Voiture-electrique.jpg","keywords":["208","3008","308","408","arkana","Audi","Austral","autojm","BMW","C3","C5 Aircross","captur","citroen","Clio","dacia","DS","DS 7","DS3","DS4","DS7 Crossback","Fiat","Ford","formentor","Golf 8","Hyundai","Kia","leon 5 portes","leon sportstourer","Nissan","Opel","peugeot","renault","Seat","Skoda","t-roc","Tiguan","Toyota","Volkswagen"],"articleSection":["Actualit\u00e9 Automobile"],"inLanguage":"fr-FR","potentialAction":[{"@type":"CommentAction","name":"Comment","target":["https:\/\/www.autojm.fr\/blog\/le-leasing-social-victime-de-son-succes\/#respond"]}]},{"@type":"WebPage","@id":"https:\/\/www.autojm.fr\/blog\/le-leasing-social-victime-de-son-succes\/","url":"https:\/\/www.autojm.fr\/blog\/le-leasing-social-victime-de-son-succes\/","name":"Le leasing social victime de son succ\u00e8s - AutoJM Mag","isPartOf":{"@id":"https:\/\/www.autojm.fr\/blog\/#website"},"primaryImageOfPage":{"@id":"https:\/\/www.autojm.fr\/blog\/le-leasing-social-victime-de-son-succes\/#primaryimage"},"image":{"@id":"https:\/\/www.autojm.fr\/blog\/le-leasing-social-victime-de-son-succes\/#primaryimage"},"thumbnailUrl":"https:\/\/www.autojm.fr\/blog\/wp-content\/uploads\/2024\/01\/Voiture-electrique.jpg","datePublished":"2024-02-02T07:00:59+00:00","dateModified":"2024-02-02T07:24:21+00:00","description":"Face \u00e0 l\u2019engouement pour le leasing social mis en place par l\u2019\u00c9tat, le dispositif qui devait initialement concerner 25 000 b\u00e9n\u00e9ficiaires...","breadcrumb":{"@id":"https:\/\/www.autojm.fr\/blog\/le-leasing-social-victime-de-son-succes\/#breadcrumb"},"inLanguage":"fr-FR","potentialAction":[{"@type":"ReadAction","target":["https:\/\/www.autojm.fr\/blog\/le-leasing-social-victime-de-son-succes\/"]}]},{"@type":"ImageObject","inLanguage":"fr-FR","@id":"https:\/\/www.autojm.fr\/blog\/le-leasing-social-victime-de-son-succes\/#primaryimage","url":"https:\/\/www.autojm.fr\/blog\/wp-content\/uploads\/2024\/01\/Voiture-electrique.jpg","contentUrl":"https:\/\/www.autojm.fr\/blog\/wp-content\/uploads\/2024\/01\/Voiture-electrique.jpg","width":1000,"height":500,"caption":"Leasing social"},{"@type":"BreadcrumbList","@id":"https:\/\/www.autojm.fr\/blog\/le-leasing-social-victime-de-son-succes\/#breadcrumb","itemListElement":[{"@type":"ListItem","position":1,"name":"Accueil","item":"https:\/\/www.autojm.fr\/blog\/"},{"@type":"ListItem","position":2,"name":"Actualit\u00e9 Automobile","item":"https:\/\/www.autojm.fr\/blog\/actualite-automobile\/"},{"@type":"ListItem","position":3,"name":"Le leasing social victime de son succ\u00e8s"}]},{"@type":"WebSite","@id":"https:\/\/www.autojm.fr\/blog\/#website","url":"https:\/\/www.autojm.fr\/blog\/","name":"AutoJM Mag","description":"Toute l&#039;actu auto en 1 clic !","publisher":{"@id":"https:\/\/www.autojm.fr\/blog\/#organization"},"potentialAction":[{"@type":"SearchAction","target":{"@type":"EntryPoint","urlTemplate":"https:\/\/www.autojm.fr\/blog\/?s={search_term_string}"},"query-input":{"@type":"PropertyValueSpecification","valueRequired":true,"valueName":"search_term_string"}}],"inLanguage":"fr-FR"},{"@type":"Organization","@id":"https:\/\/www.autojm.fr\/blog\/#organization","name":"AutoJM Mag","url":"https:\/\/www.autojm.fr\/blog\/","logo":{"@type":"ImageObject","inLanguage":"fr-FR","@id":"https:\/\/www.autojm.fr\/blog\/#\/schema\/logo\/image\/","url":"https:\/\/www.autojm.fr\/blog\/wp-content\/uploads\/2022\/12\/cropped-AutoJMag-png.png","contentUrl":"https:\/\/www.autojm.fr\/blog\/wp-content\/uploads\/2022\/12\/cropped-AutoJMag-png.png","width":2834,"height":585,"caption":"AutoJM Mag"},"image":{"@id":"https:\/\/www.autojm.fr\/blog\/#\/schema\/logo\/image\/"},"sameAs":["https:\/\/www.facebook.com\/AutoJM25"]},{"@type":"Person","@id":"https:\/\/www.autojm.fr\/blog\/#\/schema\/person\/1cc83a91548d88a62eb8cf06f562a72c","name":"Justine Tripard","image":{"@type":"ImageObject","inLanguage":"fr-FR","@id":"https:\/\/secure.gravatar.com\/avatar\/b8b45209a4cf0b7b127b9238ec348090e7302306d2485eeaab17b6761fe84991?s=96&d=mm&r=g","url":"https:\/\/secure.gravatar.com\/avatar\/b8b45209a4cf0b7b127b9238ec348090e7302306d2485eeaab17b6761fe84991?s=96&d=mm&r=g","contentUrl":"https:\/\/secure.gravatar.com\/avatar\/b8b45209a4cf0b7b127b9238ec348090e7302306d2485eeaab17b6761fe84991?s=96&d=mm&r=g","caption":"Justine Tripard"},"url":"https:\/\/www.autojm.fr\/blog\/author\/justine\/"}]}},"_links":{"self":[{"href":"https:\/\/www.autojm.fr\/blog\/wp-json\/wp\/v2\/posts\/15850","targetHints":{"allow":["GET"]}}],"collection":[{"href":"https:\/\/www.autojm.fr\/blog\/wp-json\/wp\/v2\/posts"}],"about":[{"href":"https:\/\/www.autojm.fr\/blog\/wp-json\/wp\/v2\/types\/post"}],"author":[{"embeddable":true,"href":"https:\/\/www.autojm.fr\/blog\/wp-json\/wp\/v2\/users\/6"}],"replies":[{"embeddable":true,"href":"https:\/\/www.autojm.fr\/blog\/wp-json\/wp\/v2\/comments?post=15850"}],"version-history":[{"count":4,"href":"https:\/\/www.autojm.fr\/blog\/wp-json\/wp\/v2\/posts\/15850\/revisions"}],"predecessor-version":[{"id":15872,"href":"https:\/\/www.autojm.fr\/blog\/wp-json\/wp\/v2\/posts\/15850\/revisions\/15872"}],"wp:featuredmedia":[{"embeddable":true,"href":"https:\/\/www.autojm.fr\/blog\/wp-json\/wp\/v2\/media\/15852"}],"wp:attachment":[{"href":"https:\/\/www.autojm.fr\/blog\/wp-json\/wp\/v2\/media?parent=15850"}],"wp:term":[{"taxonomy":"category","embeddable":true,"href":"https:\/\/www.autojm.fr\/blog\/wp-json\/wp\/v2\/categories?post=15850"},{"taxonomy":"post_tag","embeddable":true,"href":"https:\/\/www.autojm.fr\/blog\/wp-json\/wp\/v2\/tags?post=15850"}],"curies":[{"name":"wp","href":"https:\/\/api.w.org\/{rel}","templated":true}]}}