{"id":15267,"date":"2024-01-02T10:10:36","date_gmt":"2024-01-02T10:10:36","guid":{"rendered":"https:\/\/www.autojm.fr\/blog\/?p=15267"},"modified":"2024-01-08T14:37:47","modified_gmt":"2024-01-08T14:37:47","slug":"immatriculations-en-hausse-en-decembre-comme-en-2023","status":"publish","type":"post","link":"https:\/\/www.autojm.fr\/blog\/immatriculations-en-hausse-en-decembre-comme-en-2023\/","title":{"rendered":"Immatriculations en hausse en d\u00e9cembre comme sur l&rsquo;ann\u00e9e 2023\u00a0"},"content":{"rendered":"","protected":false},"excerpt":{"rendered":"<p>\u00c0 l\u2019image du mois de d\u00e9cembre o\u00f9 181 011 voitures neuves particuli\u00e8res ont \u00e9t\u00e9 vendues en France (+ 14.5% par rapport \u00e0 d\u00e9cembre 2022), le march\u00e9 de l\u2019automobile a retrouv\u00e9 des couleurs en 2023. L\u2019ann\u00e9e s\u2019est en effet cl\u00f4tur\u00e9e par une augmentation des immatriculations de l\u2019ordre de 16.1% avec 1 774 729 v\u00e9hicules neufs \u00e9coul\u00e9s contre 1 529 035 en 2022 selon les donn\u00e9es publi\u00e9es par la Plateforme automobile (PFA). <\/p>\n","protected":false},"author":6,"featured_media":15269,"comment_status":"open","ping_status":"open","sticky":false,"template":"","format":"standard","meta":{"_acf_changed":false,"content-type":"","footnotes":""},"categories":[5],"tags":[88,336,333,314,91,318,90,301,188,87,92,105,368,98,207,83,80,214],"class_list":["post-15267","post","type-post","status-publish","format-standard","has-post-thumbnail","hentry","category-actualite-automobile","tag-88","tag-336","tag-333","tag-314","tag-arkana","tag-austral","tag-autojm","tag-c3","tag-c5-aircross","tag-captur","tag-clio-5","tag-ds","tag-ds-7","tag-formentor","tag-golf-8","tag-leon-5-portes","tag-leon-sportstourer","tag-tiguan"],"acf":[],"yoast_head":"<!-- This site is optimized with the Yoast SEO plugin v27.5 - https:\/\/yoast.com\/product\/yoast-seo-wordpress\/ -->\n<title>Immatriculations en hausse en d\u00e9cembre comme sur l&#039;ann\u00e9e 2023\u00a0 - AutoJM Mag<\/title>\n<meta name=\"description\" content=\"\u00c0 l\u2019image du mois de d\u00e9cembre o\u00f9 181 011 immatriculations de voitures neuves particuli\u00e8res ont \u00e9t\u00e9 enregistr\u00e9es en France...\" \/>\n<meta name=\"robots\" content=\"index, follow, max-snippet:-1, max-image-preview:large, max-video-preview:-1\" \/>\n<link rel=\"canonical\" href=\"https:\/\/www.autojm.fr\/blog\/immatriculations-en-hausse-en-decembre-comme-en-2023\/\" \/>\n<meta property=\"og:locale\" content=\"fr_FR\" \/>\n<meta property=\"og:type\" content=\"article\" \/>\n<meta property=\"og:title\" content=\"Immatriculations en hausse en d\u00e9cembre comme sur l&#039;ann\u00e9e 2023\u00a0 - AutoJM Mag\" \/>\n<meta property=\"og:description\" content=\"\u00c0 l\u2019image du mois de d\u00e9cembre o\u00f9 181 011 immatriculations de voitures neuves particuli\u00e8res ont \u00e9t\u00e9 enregistr\u00e9es en France...\" \/>\n<meta property=\"og:url\" content=\"https:\/\/www.autojm.fr\/blog\/immatriculations-en-hausse-en-decembre-comme-en-2023\/\" \/>\n<meta property=\"og:site_name\" content=\"AutoJM Mag\" \/>\n<meta property=\"article:publisher\" content=\"https:\/\/www.facebook.com\/AutoJM25\" \/>\n<meta property=\"article:published_time\" content=\"2024-01-02T10:10:36+00:00\" \/>\n<meta property=\"article:modified_time\" content=\"2024-01-08T14:37:47+00:00\" \/>\n<meta property=\"og:image\" content=\"https:\/\/www.autojm.fr\/blog\/wp-content\/uploads\/2024\/01\/Immatriculations.jpg\" \/>\n\t<meta property=\"og:image:width\" content=\"1000\" \/>\n\t<meta property=\"og:image:height\" content=\"500\" \/>\n\t<meta property=\"og:image:type\" content=\"image\/jpeg\" \/>\n<meta name=\"author\" content=\"Justine Tripard\" \/>\n<meta name=\"twitter:card\" content=\"summary_large_image\" \/>\n<meta name=\"twitter:label1\" content=\"\u00c9crit par\" \/>\n\t<meta name=\"twitter:data1\" content=\"Justine Tripard\" \/>\n\t<meta name=\"twitter:label2\" content=\"Dur\u00e9e de lecture estim\u00e9e\" \/>\n\t<meta name=\"twitter:data2\" content=\"3 minutes\" \/>\n<script type=\"application\/ld+json\" class=\"yoast-schema-graph\">{\"@context\":\"https:\\\/\\\/schema.org\",\"@graph\":[{\"@type\":\"Article\",\"@id\":\"https:\\\/\\\/www.autojm.fr\\\/blog\\\/immatriculations-en-hausse-en-decembre-comme-en-2023\\\/#article\",\"isPartOf\":{\"@id\":\"https:\\\/\\\/www.autojm.fr\\\/blog\\\/immatriculations-en-hausse-en-decembre-comme-en-2023\\\/\"},\"author\":{\"name\":\"Justine Tripard\",\"@id\":\"https:\\\/\\\/www.autojm.fr\\\/blog\\\/#\\\/schema\\\/person\\\/1cc83a91548d88a62eb8cf06f562a72c\"},\"headline\":\"Immatriculations en hausse en d\u00e9cembre comme sur l&rsquo;ann\u00e9e 2023\u00a0\",\"datePublished\":\"2024-01-02T10:10:36+00:00\",\"dateModified\":\"2024-01-08T14:37:47+00:00\",\"mainEntityOfPage\":{\"@id\":\"https:\\\/\\\/www.autojm.fr\\\/blog\\\/immatriculations-en-hausse-en-decembre-comme-en-2023\\\/\"},\"wordCount\":10,\"commentCount\":0,\"publisher\":{\"@id\":\"https:\\\/\\\/www.autojm.fr\\\/blog\\\/#organization\"},\"image\":{\"@id\":\"https:\\\/\\\/www.autojm.fr\\\/blog\\\/immatriculations-en-hausse-en-decembre-comme-en-2023\\\/#primaryimage\"},\"thumbnailUrl\":\"https:\\\/\\\/www.autojm.fr\\\/blog\\\/wp-content\\\/uploads\\\/2024\\\/01\\\/Immatriculations.jpg\",\"keywords\":[\"208\",\"3008\",\"308\",\"408\",\"arkana\",\"Austral\",\"autojm\",\"C3\",\"C5 Aircross\",\"captur\",\"Clio 5\",\"DS\",\"DS 7\",\"formentor\",\"Golf 8\",\"leon 5 portes\",\"leon sportstourer\",\"Tiguan\"],\"articleSection\":[\"Actualit\u00e9 Automobile\"],\"inLanguage\":\"fr-FR\",\"potentialAction\":[{\"@type\":\"CommentAction\",\"name\":\"Comment\",\"target\":[\"https:\\\/\\\/www.autojm.fr\\\/blog\\\/immatriculations-en-hausse-en-decembre-comme-en-2023\\\/#respond\"]}]},{\"@type\":\"WebPage\",\"@id\":\"https:\\\/\\\/www.autojm.fr\\\/blog\\\/immatriculations-en-hausse-en-decembre-comme-en-2023\\\/\",\"url\":\"https:\\\/\\\/www.autojm.fr\\\/blog\\\/immatriculations-en-hausse-en-decembre-comme-en-2023\\\/\",\"name\":\"Immatriculations en hausse en d\u00e9cembre comme sur l'ann\u00e9e 2023\u00a0 - AutoJM Mag\",\"isPartOf\":{\"@id\":\"https:\\\/\\\/www.autojm.fr\\\/blog\\\/#website\"},\"primaryImageOfPage\":{\"@id\":\"https:\\\/\\\/www.autojm.fr\\\/blog\\\/immatriculations-en-hausse-en-decembre-comme-en-2023\\\/#primaryimage\"},\"image\":{\"@id\":\"https:\\\/\\\/www.autojm.fr\\\/blog\\\/immatriculations-en-hausse-en-decembre-comme-en-2023\\\/#primaryimage\"},\"thumbnailUrl\":\"https:\\\/\\\/www.autojm.fr\\\/blog\\\/wp-content\\\/uploads\\\/2024\\\/01\\\/Immatriculations.jpg\",\"datePublished\":\"2024-01-02T10:10:36+00:00\",\"dateModified\":\"2024-01-08T14:37:47+00:00\",\"description\":\"\u00c0 l\u2019image du mois de d\u00e9cembre o\u00f9 181 011 immatriculations de voitures neuves particuli\u00e8res ont \u00e9t\u00e9 enregistr\u00e9es en France...\",\"breadcrumb\":{\"@id\":\"https:\\\/\\\/www.autojm.fr\\\/blog\\\/immatriculations-en-hausse-en-decembre-comme-en-2023\\\/#breadcrumb\"},\"inLanguage\":\"fr-FR\",\"potentialAction\":[{\"@type\":\"ReadAction\",\"target\":[\"https:\\\/\\\/www.autojm.fr\\\/blog\\\/immatriculations-en-hausse-en-decembre-comme-en-2023\\\/\"]}]},{\"@type\":\"ImageObject\",\"inLanguage\":\"fr-FR\",\"@id\":\"https:\\\/\\\/www.autojm.fr\\\/blog\\\/immatriculations-en-hausse-en-decembre-comme-en-2023\\\/#primaryimage\",\"url\":\"https:\\\/\\\/www.autojm.fr\\\/blog\\\/wp-content\\\/uploads\\\/2024\\\/01\\\/Immatriculations.jpg\",\"contentUrl\":\"https:\\\/\\\/www.autojm.fr\\\/blog\\\/wp-content\\\/uploads\\\/2024\\\/01\\\/Immatriculations.jpg\",\"width\":1000,\"height\":500,\"caption\":\"Immatriculations\"},{\"@type\":\"BreadcrumbList\",\"@id\":\"https:\\\/\\\/www.autojm.fr\\\/blog\\\/immatriculations-en-hausse-en-decembre-comme-en-2023\\\/#breadcrumb\",\"itemListElement\":[{\"@type\":\"ListItem\",\"position\":1,\"name\":\"Accueil\",\"item\":\"https:\\\/\\\/www.autojm.fr\\\/blog\\\/\"},{\"@type\":\"ListItem\",\"position\":2,\"name\":\"Actualit\u00e9 Automobile\",\"item\":\"https:\\\/\\\/www.autojm.fr\\\/blog\\\/actualite-automobile\\\/\"},{\"@type\":\"ListItem\",\"position\":3,\"name\":\"Immatriculations en hausse en d\u00e9cembre comme sur l&rsquo;ann\u00e9e 2023\u00a0\"}]},{\"@type\":\"WebSite\",\"@id\":\"https:\\\/\\\/www.autojm.fr\\\/blog\\\/#website\",\"url\":\"https:\\\/\\\/www.autojm.fr\\\/blog\\\/\",\"name\":\"AutoJM Mag\",\"description\":\"Toute l&#039;actu auto en 1 clic !\",\"publisher\":{\"@id\":\"https:\\\/\\\/www.autojm.fr\\\/blog\\\/#organization\"},\"potentialAction\":[{\"@type\":\"SearchAction\",\"target\":{\"@type\":\"EntryPoint\",\"urlTemplate\":\"https:\\\/\\\/www.autojm.fr\\\/blog\\\/?s={search_term_string}\"},\"query-input\":{\"@type\":\"PropertyValueSpecification\",\"valueRequired\":true,\"valueName\":\"search_term_string\"}}],\"inLanguage\":\"fr-FR\"},{\"@type\":\"Organization\",\"@id\":\"https:\\\/\\\/www.autojm.fr\\\/blog\\\/#organization\",\"name\":\"AutoJM Mag\",\"url\":\"https:\\\/\\\/www.autojm.fr\\\/blog\\\/\",\"logo\":{\"@type\":\"ImageObject\",\"inLanguage\":\"fr-FR\",\"@id\":\"https:\\\/\\\/www.autojm.fr\\\/blog\\\/#\\\/schema\\\/logo\\\/image\\\/\",\"url\":\"https:\\\/\\\/www.autojm.fr\\\/blog\\\/wp-content\\\/uploads\\\/2022\\\/12\\\/cropped-AutoJMag-png.png\",\"contentUrl\":\"https:\\\/\\\/www.autojm.fr\\\/blog\\\/wp-content\\\/uploads\\\/2022\\\/12\\\/cropped-AutoJMag-png.png\",\"width\":2834,\"height\":585,\"caption\":\"AutoJM Mag\"},\"image\":{\"@id\":\"https:\\\/\\\/www.autojm.fr\\\/blog\\\/#\\\/schema\\\/logo\\\/image\\\/\"},\"sameAs\":[\"https:\\\/\\\/www.facebook.com\\\/AutoJM25\"]},{\"@type\":\"Person\",\"@id\":\"https:\\\/\\\/www.autojm.fr\\\/blog\\\/#\\\/schema\\\/person\\\/1cc83a91548d88a62eb8cf06f562a72c\",\"name\":\"Justine Tripard\",\"image\":{\"@type\":\"ImageObject\",\"inLanguage\":\"fr-FR\",\"@id\":\"https:\\\/\\\/secure.gravatar.com\\\/avatar\\\/b8b45209a4cf0b7b127b9238ec348090e7302306d2485eeaab17b6761fe84991?s=96&d=mm&r=g\",\"url\":\"https:\\\/\\\/secure.gravatar.com\\\/avatar\\\/b8b45209a4cf0b7b127b9238ec348090e7302306d2485eeaab17b6761fe84991?s=96&d=mm&r=g\",\"contentUrl\":\"https:\\\/\\\/secure.gravatar.com\\\/avatar\\\/b8b45209a4cf0b7b127b9238ec348090e7302306d2485eeaab17b6761fe84991?s=96&d=mm&r=g\",\"caption\":\"Justine Tripard\"},\"url\":\"https:\\\/\\\/www.autojm.fr\\\/blog\\\/author\\\/justine\\\/\"}]}<\/script>\n<!-- \/ Yoast SEO plugin. -->","yoast_head_json":{"title":"Immatriculations en hausse en d\u00e9cembre comme sur l'ann\u00e9e 2023\u00a0 - AutoJM Mag","description":"\u00c0 l\u2019image du mois de d\u00e9cembre o\u00f9 181 011 immatriculations de voitures neuves particuli\u00e8res ont \u00e9t\u00e9 enregistr\u00e9es en France...","robots":{"index":"index","follow":"follow","max-snippet":"max-snippet:-1","max-image-preview":"max-image-preview:large","max-video-preview":"max-video-preview:-1"},"canonical":"https:\/\/www.autojm.fr\/blog\/immatriculations-en-hausse-en-decembre-comme-en-2023\/","og_locale":"fr_FR","og_type":"article","og_title":"Immatriculations en hausse en d\u00e9cembre comme sur l'ann\u00e9e 2023\u00a0 - AutoJM Mag","og_description":"\u00c0 l\u2019image du mois de d\u00e9cembre o\u00f9 181 011 immatriculations de voitures neuves particuli\u00e8res ont \u00e9t\u00e9 enregistr\u00e9es en France...","og_url":"https:\/\/www.autojm.fr\/blog\/immatriculations-en-hausse-en-decembre-comme-en-2023\/","og_site_name":"AutoJM Mag","article_publisher":"https:\/\/www.facebook.com\/AutoJM25","article_published_time":"2024-01-02T10:10:36+00:00","article_modified_time":"2024-01-08T14:37:47+00:00","og_image":[{"width":1000,"height":500,"url":"https:\/\/www.autojm.fr\/blog\/wp-content\/uploads\/2024\/01\/Immatriculations.jpg","type":"image\/jpeg"}],"author":"Justine Tripard","twitter_card":"summary_large_image","twitter_misc":{"\u00c9crit par":"Justine Tripard","Dur\u00e9e de lecture estim\u00e9e":"3 minutes"},"schema":{"@context":"https:\/\/schema.org","@graph":[{"@type":"Article","@id":"https:\/\/www.autojm.fr\/blog\/immatriculations-en-hausse-en-decembre-comme-en-2023\/#article","isPartOf":{"@id":"https:\/\/www.autojm.fr\/blog\/immatriculations-en-hausse-en-decembre-comme-en-2023\/"},"author":{"name":"Justine Tripard","@id":"https:\/\/www.autojm.fr\/blog\/#\/schema\/person\/1cc83a91548d88a62eb8cf06f562a72c"},"headline":"Immatriculations en hausse en d\u00e9cembre comme sur l&rsquo;ann\u00e9e 2023\u00a0","datePublished":"2024-01-02T10:10:36+00:00","dateModified":"2024-01-08T14:37:47+00:00","mainEntityOfPage":{"@id":"https:\/\/www.autojm.fr\/blog\/immatriculations-en-hausse-en-decembre-comme-en-2023\/"},"wordCount":10,"commentCount":0,"publisher":{"@id":"https:\/\/www.autojm.fr\/blog\/#organization"},"image":{"@id":"https:\/\/www.autojm.fr\/blog\/immatriculations-en-hausse-en-decembre-comme-en-2023\/#primaryimage"},"thumbnailUrl":"https:\/\/www.autojm.fr\/blog\/wp-content\/uploads\/2024\/01\/Immatriculations.jpg","keywords":["208","3008","308","408","arkana","Austral","autojm","C3","C5 Aircross","captur","Clio 5","DS","DS 7","formentor","Golf 8","leon 5 portes","leon sportstourer","Tiguan"],"articleSection":["Actualit\u00e9 Automobile"],"inLanguage":"fr-FR","potentialAction":[{"@type":"CommentAction","name":"Comment","target":["https:\/\/www.autojm.fr\/blog\/immatriculations-en-hausse-en-decembre-comme-en-2023\/#respond"]}]},{"@type":"WebPage","@id":"https:\/\/www.autojm.fr\/blog\/immatriculations-en-hausse-en-decembre-comme-en-2023\/","url":"https:\/\/www.autojm.fr\/blog\/immatriculations-en-hausse-en-decembre-comme-en-2023\/","name":"Immatriculations en hausse en d\u00e9cembre comme sur l'ann\u00e9e 2023\u00a0 - AutoJM Mag","isPartOf":{"@id":"https:\/\/www.autojm.fr\/blog\/#website"},"primaryImageOfPage":{"@id":"https:\/\/www.autojm.fr\/blog\/immatriculations-en-hausse-en-decembre-comme-en-2023\/#primaryimage"},"image":{"@id":"https:\/\/www.autojm.fr\/blog\/immatriculations-en-hausse-en-decembre-comme-en-2023\/#primaryimage"},"thumbnailUrl":"https:\/\/www.autojm.fr\/blog\/wp-content\/uploads\/2024\/01\/Immatriculations.jpg","datePublished":"2024-01-02T10:10:36+00:00","dateModified":"2024-01-08T14:37:47+00:00","description":"\u00c0 l\u2019image du mois de d\u00e9cembre o\u00f9 181 011 immatriculations de voitures neuves particuli\u00e8res ont \u00e9t\u00e9 enregistr\u00e9es en France...","breadcrumb":{"@id":"https:\/\/www.autojm.fr\/blog\/immatriculations-en-hausse-en-decembre-comme-en-2023\/#breadcrumb"},"inLanguage":"fr-FR","potentialAction":[{"@type":"ReadAction","target":["https:\/\/www.autojm.fr\/blog\/immatriculations-en-hausse-en-decembre-comme-en-2023\/"]}]},{"@type":"ImageObject","inLanguage":"fr-FR","@id":"https:\/\/www.autojm.fr\/blog\/immatriculations-en-hausse-en-decembre-comme-en-2023\/#primaryimage","url":"https:\/\/www.autojm.fr\/blog\/wp-content\/uploads\/2024\/01\/Immatriculations.jpg","contentUrl":"https:\/\/www.autojm.fr\/blog\/wp-content\/uploads\/2024\/01\/Immatriculations.jpg","width":1000,"height":500,"caption":"Immatriculations"},{"@type":"BreadcrumbList","@id":"https:\/\/www.autojm.fr\/blog\/immatriculations-en-hausse-en-decembre-comme-en-2023\/#breadcrumb","itemListElement":[{"@type":"ListItem","position":1,"name":"Accueil","item":"https:\/\/www.autojm.fr\/blog\/"},{"@type":"ListItem","position":2,"name":"Actualit\u00e9 Automobile","item":"https:\/\/www.autojm.fr\/blog\/actualite-automobile\/"},{"@type":"ListItem","position":3,"name":"Immatriculations en hausse en d\u00e9cembre comme sur l&rsquo;ann\u00e9e 2023\u00a0"}]},{"@type":"WebSite","@id":"https:\/\/www.autojm.fr\/blog\/#website","url":"https:\/\/www.autojm.fr\/blog\/","name":"AutoJM Mag","description":"Toute l&#039;actu auto en 1 clic !","publisher":{"@id":"https:\/\/www.autojm.fr\/blog\/#organization"},"potentialAction":[{"@type":"SearchAction","target":{"@type":"EntryPoint","urlTemplate":"https:\/\/www.autojm.fr\/blog\/?s={search_term_string}"},"query-input":{"@type":"PropertyValueSpecification","valueRequired":true,"valueName":"search_term_string"}}],"inLanguage":"fr-FR"},{"@type":"Organization","@id":"https:\/\/www.autojm.fr\/blog\/#organization","name":"AutoJM Mag","url":"https:\/\/www.autojm.fr\/blog\/","logo":{"@type":"ImageObject","inLanguage":"fr-FR","@id":"https:\/\/www.autojm.fr\/blog\/#\/schema\/logo\/image\/","url":"https:\/\/www.autojm.fr\/blog\/wp-content\/uploads\/2022\/12\/cropped-AutoJMag-png.png","contentUrl":"https:\/\/www.autojm.fr\/blog\/wp-content\/uploads\/2022\/12\/cropped-AutoJMag-png.png","width":2834,"height":585,"caption":"AutoJM Mag"},"image":{"@id":"https:\/\/www.autojm.fr\/blog\/#\/schema\/logo\/image\/"},"sameAs":["https:\/\/www.facebook.com\/AutoJM25"]},{"@type":"Person","@id":"https:\/\/www.autojm.fr\/blog\/#\/schema\/person\/1cc83a91548d88a62eb8cf06f562a72c","name":"Justine Tripard","image":{"@type":"ImageObject","inLanguage":"fr-FR","@id":"https:\/\/secure.gravatar.com\/avatar\/b8b45209a4cf0b7b127b9238ec348090e7302306d2485eeaab17b6761fe84991?s=96&d=mm&r=g","url":"https:\/\/secure.gravatar.com\/avatar\/b8b45209a4cf0b7b127b9238ec348090e7302306d2485eeaab17b6761fe84991?s=96&d=mm&r=g","contentUrl":"https:\/\/secure.gravatar.com\/avatar\/b8b45209a4cf0b7b127b9238ec348090e7302306d2485eeaab17b6761fe84991?s=96&d=mm&r=g","caption":"Justine Tripard"},"url":"https:\/\/www.autojm.fr\/blog\/author\/justine\/"}]}},"_links":{"self":[{"href":"https:\/\/www.autojm.fr\/blog\/wp-json\/wp\/v2\/posts\/15267","targetHints":{"allow":["GET"]}}],"collection":[{"href":"https:\/\/www.autojm.fr\/blog\/wp-json\/wp\/v2\/posts"}],"about":[{"href":"https:\/\/www.autojm.fr\/blog\/wp-json\/wp\/v2\/types\/post"}],"author":[{"embeddable":true,"href":"https:\/\/www.autojm.fr\/blog\/wp-json\/wp\/v2\/users\/6"}],"replies":[{"embeddable":true,"href":"https:\/\/www.autojm.fr\/blog\/wp-json\/wp\/v2\/comments?post=15267"}],"version-history":[{"count":11,"href":"https:\/\/www.autojm.fr\/blog\/wp-json\/wp\/v2\/posts\/15267\/revisions"}],"predecessor-version":[{"id":15295,"href":"https:\/\/www.autojm.fr\/blog\/wp-json\/wp\/v2\/posts\/15267\/revisions\/15295"}],"wp:featuredmedia":[{"embeddable":true,"href":"https:\/\/www.autojm.fr\/blog\/wp-json\/wp\/v2\/media\/15269"}],"wp:attachment":[{"href":"https:\/\/www.autojm.fr\/blog\/wp-json\/wp\/v2\/media?parent=15267"}],"wp:term":[{"taxonomy":"category","embeddable":true,"href":"https:\/\/www.autojm.fr\/blog\/wp-json\/wp\/v2\/categories?post=15267"},{"taxonomy":"post_tag","embeddable":true,"href":"https:\/\/www.autojm.fr\/blog\/wp-json\/wp\/v2\/tags?post=15267"}],"curies":[{"name":"wp","href":"https:\/\/api.w.org\/{rel}","templated":true}]}}