{"id":14861,"date":"2023-12-13T12:49:45","date_gmt":"2023-12-13T12:49:45","guid":{"rendered":"https:\/\/www.autojm.fr\/blog\/?p=14861"},"modified":"2024-07-18T14:14:54","modified_gmt":"2024-07-18T14:14:54","slug":"les-vehicules-diesel-desormais-convertis-au-gpl","status":"publish","type":"post","link":"https:\/\/www.autojm.fr\/blog\/les-vehicules-diesel-desormais-convertis-au-gpl\/","title":{"rendered":"Les v\u00e9hicules diesel d\u00e9sormais convertis au GPL\u00a0"},"content":{"rendered":"","protected":false},"excerpt":{"rendered":"<p>Tandis que seuls les mod\u00e8les essence pouvaient jusqu\u2019\u00e0 pr\u00e9sent \u00e9galement rouler au gaz de p\u00e9trole liqu\u00e9fi\u00e9 (GPL), les voitures diesel sont d\u00e9sormais compatibles avec ce type de carburant. Cette solution de r\u00e9trofit au gaz permet notamment aux v\u00e9hicules les plus anciens et les plus polluants d\u2019\u00eatre \u00e9ligibles \u00e0 la vignette Crit\u2019Air 1 afin de pouvoir circuler dans les zones \u00e0 faibles \u00e9missions (ZFE). <\/p>\n","protected":false},"author":6,"featured_media":14863,"comment_status":"open","ping_status":"open","sticky":false,"template":"","format":"standard","meta":{"_acf_changed":false,"content-type":"","footnotes":""},"categories":[22],"tags":[88,336,333,314,91,103,318,90,301,188,87,79,92,74,105,368,98,207,259,106,83,80,108,73,78,193,214,169,96],"class_list":["post-14861","post","type-post","status-publish","format-standard","has-post-thumbnail","hentry","category-conseils-astuces","tag-88","tag-336","tag-333","tag-314","tag-arkana","tag-audi","tag-austral","tag-autojm","tag-c3","tag-c5-aircross","tag-captur","tag-citroen","tag-clio-5","tag-dacia","tag-ds","tag-ds-7","tag-formentor","tag-golf-8","tag-hyundai","tag-kia","tag-leon-5-portes","tag-leon-sportstourer","tag-nissan","tag-peugeot","tag-renault","tag-skoda","tag-tiguan","tag-toyota","tag-volkswagen"],"acf":[],"yoast_head":"<!-- This site is optimized with the Yoast SEO plugin v27.5 - https:\/\/yoast.com\/product\/yoast-seo-wordpress\/ -->\n<title>Les v\u00e9hicules diesel d\u00e9sormais convertis au GPL\u00a0 - AutoJM Mag<\/title>\n<meta name=\"description\" content=\"Tandis que seuls les mod\u00e8les essence pouvaient jusqu\u2019\u00e0 pr\u00e9sent \u00e9galement rouler au gaz de p\u00e9trole liqu\u00e9fi\u00e9 (GPL), les voitures diesel sont...\" \/>\n<meta name=\"robots\" content=\"index, follow, max-snippet:-1, max-image-preview:large, max-video-preview:-1\" \/>\n<link rel=\"canonical\" href=\"https:\/\/www.autojm.fr\/blog\/les-vehicules-diesel-desormais-convertis-au-gpl\/\" \/>\n<meta property=\"og:locale\" content=\"fr_FR\" \/>\n<meta property=\"og:type\" content=\"article\" \/>\n<meta property=\"og:title\" content=\"Les v\u00e9hicules diesel d\u00e9sormais convertis au GPL\u00a0 - AutoJM Mag\" \/>\n<meta property=\"og:description\" content=\"Tandis que seuls les mod\u00e8les essence pouvaient jusqu\u2019\u00e0 pr\u00e9sent \u00e9galement rouler au gaz de p\u00e9trole liqu\u00e9fi\u00e9 (GPL), les voitures diesel sont...\" \/>\n<meta property=\"og:url\" content=\"https:\/\/www.autojm.fr\/blog\/les-vehicules-diesel-desormais-convertis-au-gpl\/\" \/>\n<meta property=\"og:site_name\" content=\"AutoJM Mag\" \/>\n<meta property=\"article:publisher\" content=\"https:\/\/www.facebook.com\/AutoJM25\" \/>\n<meta property=\"article:published_time\" content=\"2023-12-13T12:49:45+00:00\" \/>\n<meta property=\"article:modified_time\" content=\"2024-07-18T14:14:54+00:00\" \/>\n<meta property=\"og:image\" content=\"https:\/\/www.autojm.fr\/blog\/wp-content\/uploads\/2023\/12\/GPL-1.jpg\" \/>\n\t<meta property=\"og:image:width\" content=\"1000\" \/>\n\t<meta property=\"og:image:height\" content=\"500\" \/>\n\t<meta property=\"og:image:type\" content=\"image\/jpeg\" \/>\n<meta name=\"author\" content=\"Justine Tripard\" \/>\n<meta name=\"twitter:card\" content=\"summary_large_image\" \/>\n<meta name=\"twitter:label1\" content=\"\u00c9crit par\" \/>\n\t<meta name=\"twitter:data1\" content=\"Justine Tripard\" \/>\n\t<meta name=\"twitter:label2\" content=\"Dur\u00e9e de lecture estim\u00e9e\" \/>\n\t<meta name=\"twitter:data2\" content=\"4 minutes\" \/>\n<script type=\"application\/ld+json\" class=\"yoast-schema-graph\">{\"@context\":\"https:\\\/\\\/schema.org\",\"@graph\":[{\"@type\":\"Article\",\"@id\":\"https:\\\/\\\/www.autojm.fr\\\/blog\\\/les-vehicules-diesel-desormais-convertis-au-gpl\\\/#article\",\"isPartOf\":{\"@id\":\"https:\\\/\\\/www.autojm.fr\\\/blog\\\/les-vehicules-diesel-desormais-convertis-au-gpl\\\/\"},\"author\":{\"name\":\"Justine Tripard\",\"@id\":\"https:\\\/\\\/www.autojm.fr\\\/blog\\\/#\\\/schema\\\/person\\\/1cc83a91548d88a62eb8cf06f562a72c\"},\"headline\":\"Les v\u00e9hicules diesel d\u00e9sormais convertis au GPL\u00a0\",\"datePublished\":\"2023-12-13T12:49:45+00:00\",\"dateModified\":\"2024-07-18T14:14:54+00:00\",\"mainEntityOfPage\":{\"@id\":\"https:\\\/\\\/www.autojm.fr\\\/blog\\\/les-vehicules-diesel-desormais-convertis-au-gpl\\\/\"},\"wordCount\":9,\"commentCount\":0,\"publisher\":{\"@id\":\"https:\\\/\\\/www.autojm.fr\\\/blog\\\/#organization\"},\"image\":{\"@id\":\"https:\\\/\\\/www.autojm.fr\\\/blog\\\/les-vehicules-diesel-desormais-convertis-au-gpl\\\/#primaryimage\"},\"thumbnailUrl\":\"https:\\\/\\\/www.autojm.fr\\\/blog\\\/wp-content\\\/uploads\\\/2023\\\/12\\\/GPL-1.jpg\",\"keywords\":[\"208\",\"3008\",\"308\",\"408\",\"arkana\",\"Audi\",\"Austral\",\"autojm\",\"C3\",\"C5 Aircross\",\"captur\",\"citroen\",\"Clio 5\",\"dacia\",\"DS\",\"DS 7\",\"formentor\",\"Golf 8\",\"Hyundai\",\"Kia\",\"leon 5 portes\",\"leon sportstourer\",\"Nissan\",\"peugeot\",\"renault\",\"Skoda\",\"Tiguan\",\"Toyota\",\"Volkswagen\"],\"articleSection\":[\"Conseils &amp; Astuces\"],\"inLanguage\":\"fr-FR\",\"potentialAction\":[{\"@type\":\"CommentAction\",\"name\":\"Comment\",\"target\":[\"https:\\\/\\\/www.autojm.fr\\\/blog\\\/les-vehicules-diesel-desormais-convertis-au-gpl\\\/#respond\"]}]},{\"@type\":\"WebPage\",\"@id\":\"https:\\\/\\\/www.autojm.fr\\\/blog\\\/les-vehicules-diesel-desormais-convertis-au-gpl\\\/\",\"url\":\"https:\\\/\\\/www.autojm.fr\\\/blog\\\/les-vehicules-diesel-desormais-convertis-au-gpl\\\/\",\"name\":\"Les v\u00e9hicules diesel d\u00e9sormais convertis au GPL\u00a0 - AutoJM Mag\",\"isPartOf\":{\"@id\":\"https:\\\/\\\/www.autojm.fr\\\/blog\\\/#website\"},\"primaryImageOfPage\":{\"@id\":\"https:\\\/\\\/www.autojm.fr\\\/blog\\\/les-vehicules-diesel-desormais-convertis-au-gpl\\\/#primaryimage\"},\"image\":{\"@id\":\"https:\\\/\\\/www.autojm.fr\\\/blog\\\/les-vehicules-diesel-desormais-convertis-au-gpl\\\/#primaryimage\"},\"thumbnailUrl\":\"https:\\\/\\\/www.autojm.fr\\\/blog\\\/wp-content\\\/uploads\\\/2023\\\/12\\\/GPL-1.jpg\",\"datePublished\":\"2023-12-13T12:49:45+00:00\",\"dateModified\":\"2024-07-18T14:14:54+00:00\",\"description\":\"Tandis que seuls les mod\u00e8les essence pouvaient jusqu\u2019\u00e0 pr\u00e9sent \u00e9galement rouler au gaz de p\u00e9trole liqu\u00e9fi\u00e9 (GPL), les voitures diesel sont...\",\"breadcrumb\":{\"@id\":\"https:\\\/\\\/www.autojm.fr\\\/blog\\\/les-vehicules-diesel-desormais-convertis-au-gpl\\\/#breadcrumb\"},\"inLanguage\":\"fr-FR\",\"potentialAction\":[{\"@type\":\"ReadAction\",\"target\":[\"https:\\\/\\\/www.autojm.fr\\\/blog\\\/les-vehicules-diesel-desormais-convertis-au-gpl\\\/\"]}]},{\"@type\":\"ImageObject\",\"inLanguage\":\"fr-FR\",\"@id\":\"https:\\\/\\\/www.autojm.fr\\\/blog\\\/les-vehicules-diesel-desormais-convertis-au-gpl\\\/#primaryimage\",\"url\":\"https:\\\/\\\/www.autojm.fr\\\/blog\\\/wp-content\\\/uploads\\\/2023\\\/12\\\/GPL-1.jpg\",\"contentUrl\":\"https:\\\/\\\/www.autojm.fr\\\/blog\\\/wp-content\\\/uploads\\\/2023\\\/12\\\/GPL-1.jpg\",\"width\":1000,\"height\":500,\"caption\":\"GPL\"},{\"@type\":\"BreadcrumbList\",\"@id\":\"https:\\\/\\\/www.autojm.fr\\\/blog\\\/les-vehicules-diesel-desormais-convertis-au-gpl\\\/#breadcrumb\",\"itemListElement\":[{\"@type\":\"ListItem\",\"position\":1,\"name\":\"Accueil\",\"item\":\"https:\\\/\\\/www.autojm.fr\\\/blog\\\/\"},{\"@type\":\"ListItem\",\"position\":2,\"name\":\"Conseils &amp; Astuces\",\"item\":\"https:\\\/\\\/www.autojm.fr\\\/blog\\\/conseils-astuces\\\/\"},{\"@type\":\"ListItem\",\"position\":3,\"name\":\"Les v\u00e9hicules diesel d\u00e9sormais convertis au GPL\u00a0\"}]},{\"@type\":\"WebSite\",\"@id\":\"https:\\\/\\\/www.autojm.fr\\\/blog\\\/#website\",\"url\":\"https:\\\/\\\/www.autojm.fr\\\/blog\\\/\",\"name\":\"AutoJM Mag\",\"description\":\"Toute l&#039;actu auto en 1 clic !\",\"publisher\":{\"@id\":\"https:\\\/\\\/www.autojm.fr\\\/blog\\\/#organization\"},\"potentialAction\":[{\"@type\":\"SearchAction\",\"target\":{\"@type\":\"EntryPoint\",\"urlTemplate\":\"https:\\\/\\\/www.autojm.fr\\\/blog\\\/?s={search_term_string}\"},\"query-input\":{\"@type\":\"PropertyValueSpecification\",\"valueRequired\":true,\"valueName\":\"search_term_string\"}}],\"inLanguage\":\"fr-FR\"},{\"@type\":\"Organization\",\"@id\":\"https:\\\/\\\/www.autojm.fr\\\/blog\\\/#organization\",\"name\":\"AutoJM Mag\",\"url\":\"https:\\\/\\\/www.autojm.fr\\\/blog\\\/\",\"logo\":{\"@type\":\"ImageObject\",\"inLanguage\":\"fr-FR\",\"@id\":\"https:\\\/\\\/www.autojm.fr\\\/blog\\\/#\\\/schema\\\/logo\\\/image\\\/\",\"url\":\"https:\\\/\\\/www.autojm.fr\\\/blog\\\/wp-content\\\/uploads\\\/2022\\\/12\\\/cropped-AutoJMag-png.png\",\"contentUrl\":\"https:\\\/\\\/www.autojm.fr\\\/blog\\\/wp-content\\\/uploads\\\/2022\\\/12\\\/cropped-AutoJMag-png.png\",\"width\":2834,\"height\":585,\"caption\":\"AutoJM Mag\"},\"image\":{\"@id\":\"https:\\\/\\\/www.autojm.fr\\\/blog\\\/#\\\/schema\\\/logo\\\/image\\\/\"},\"sameAs\":[\"https:\\\/\\\/www.facebook.com\\\/AutoJM25\"]},{\"@type\":\"Person\",\"@id\":\"https:\\\/\\\/www.autojm.fr\\\/blog\\\/#\\\/schema\\\/person\\\/1cc83a91548d88a62eb8cf06f562a72c\",\"name\":\"Justine Tripard\",\"image\":{\"@type\":\"ImageObject\",\"inLanguage\":\"fr-FR\",\"@id\":\"https:\\\/\\\/secure.gravatar.com\\\/avatar\\\/b8b45209a4cf0b7b127b9238ec348090e7302306d2485eeaab17b6761fe84991?s=96&d=mm&r=g\",\"url\":\"https:\\\/\\\/secure.gravatar.com\\\/avatar\\\/b8b45209a4cf0b7b127b9238ec348090e7302306d2485eeaab17b6761fe84991?s=96&d=mm&r=g\",\"contentUrl\":\"https:\\\/\\\/secure.gravatar.com\\\/avatar\\\/b8b45209a4cf0b7b127b9238ec348090e7302306d2485eeaab17b6761fe84991?s=96&d=mm&r=g\",\"caption\":\"Justine Tripard\"},\"url\":\"https:\\\/\\\/www.autojm.fr\\\/blog\\\/author\\\/justine\\\/\"}]}<\/script>\n<!-- \/ Yoast SEO plugin. -->","yoast_head_json":{"title":"Les v\u00e9hicules diesel d\u00e9sormais convertis au GPL\u00a0 - AutoJM Mag","description":"Tandis que seuls les mod\u00e8les essence pouvaient jusqu\u2019\u00e0 pr\u00e9sent \u00e9galement rouler au gaz de p\u00e9trole liqu\u00e9fi\u00e9 (GPL), les voitures diesel sont...","robots":{"index":"index","follow":"follow","max-snippet":"max-snippet:-1","max-image-preview":"max-image-preview:large","max-video-preview":"max-video-preview:-1"},"canonical":"https:\/\/www.autojm.fr\/blog\/les-vehicules-diesel-desormais-convertis-au-gpl\/","og_locale":"fr_FR","og_type":"article","og_title":"Les v\u00e9hicules diesel d\u00e9sormais convertis au GPL\u00a0 - AutoJM Mag","og_description":"Tandis que seuls les mod\u00e8les essence pouvaient jusqu\u2019\u00e0 pr\u00e9sent \u00e9galement rouler au gaz de p\u00e9trole liqu\u00e9fi\u00e9 (GPL), les voitures diesel sont...","og_url":"https:\/\/www.autojm.fr\/blog\/les-vehicules-diesel-desormais-convertis-au-gpl\/","og_site_name":"AutoJM Mag","article_publisher":"https:\/\/www.facebook.com\/AutoJM25","article_published_time":"2023-12-13T12:49:45+00:00","article_modified_time":"2024-07-18T14:14:54+00:00","og_image":[{"width":1000,"height":500,"url":"https:\/\/www.autojm.fr\/blog\/wp-content\/uploads\/2023\/12\/GPL-1.jpg","type":"image\/jpeg"}],"author":"Justine Tripard","twitter_card":"summary_large_image","twitter_misc":{"\u00c9crit par":"Justine Tripard","Dur\u00e9e de lecture estim\u00e9e":"4 minutes"},"schema":{"@context":"https:\/\/schema.org","@graph":[{"@type":"Article","@id":"https:\/\/www.autojm.fr\/blog\/les-vehicules-diesel-desormais-convertis-au-gpl\/#article","isPartOf":{"@id":"https:\/\/www.autojm.fr\/blog\/les-vehicules-diesel-desormais-convertis-au-gpl\/"},"author":{"name":"Justine Tripard","@id":"https:\/\/www.autojm.fr\/blog\/#\/schema\/person\/1cc83a91548d88a62eb8cf06f562a72c"},"headline":"Les v\u00e9hicules diesel d\u00e9sormais convertis au GPL\u00a0","datePublished":"2023-12-13T12:49:45+00:00","dateModified":"2024-07-18T14:14:54+00:00","mainEntityOfPage":{"@id":"https:\/\/www.autojm.fr\/blog\/les-vehicules-diesel-desormais-convertis-au-gpl\/"},"wordCount":9,"commentCount":0,"publisher":{"@id":"https:\/\/www.autojm.fr\/blog\/#organization"},"image":{"@id":"https:\/\/www.autojm.fr\/blog\/les-vehicules-diesel-desormais-convertis-au-gpl\/#primaryimage"},"thumbnailUrl":"https:\/\/www.autojm.fr\/blog\/wp-content\/uploads\/2023\/12\/GPL-1.jpg","keywords":["208","3008","308","408","arkana","Audi","Austral","autojm","C3","C5 Aircross","captur","citroen","Clio 5","dacia","DS","DS 7","formentor","Golf 8","Hyundai","Kia","leon 5 portes","leon sportstourer","Nissan","peugeot","renault","Skoda","Tiguan","Toyota","Volkswagen"],"articleSection":["Conseils &amp; Astuces"],"inLanguage":"fr-FR","potentialAction":[{"@type":"CommentAction","name":"Comment","target":["https:\/\/www.autojm.fr\/blog\/les-vehicules-diesel-desormais-convertis-au-gpl\/#respond"]}]},{"@type":"WebPage","@id":"https:\/\/www.autojm.fr\/blog\/les-vehicules-diesel-desormais-convertis-au-gpl\/","url":"https:\/\/www.autojm.fr\/blog\/les-vehicules-diesel-desormais-convertis-au-gpl\/","name":"Les v\u00e9hicules diesel d\u00e9sormais convertis au GPL\u00a0 - AutoJM Mag","isPartOf":{"@id":"https:\/\/www.autojm.fr\/blog\/#website"},"primaryImageOfPage":{"@id":"https:\/\/www.autojm.fr\/blog\/les-vehicules-diesel-desormais-convertis-au-gpl\/#primaryimage"},"image":{"@id":"https:\/\/www.autojm.fr\/blog\/les-vehicules-diesel-desormais-convertis-au-gpl\/#primaryimage"},"thumbnailUrl":"https:\/\/www.autojm.fr\/blog\/wp-content\/uploads\/2023\/12\/GPL-1.jpg","datePublished":"2023-12-13T12:49:45+00:00","dateModified":"2024-07-18T14:14:54+00:00","description":"Tandis que seuls les mod\u00e8les essence pouvaient jusqu\u2019\u00e0 pr\u00e9sent \u00e9galement rouler au gaz de p\u00e9trole liqu\u00e9fi\u00e9 (GPL), les voitures diesel sont...","breadcrumb":{"@id":"https:\/\/www.autojm.fr\/blog\/les-vehicules-diesel-desormais-convertis-au-gpl\/#breadcrumb"},"inLanguage":"fr-FR","potentialAction":[{"@type":"ReadAction","target":["https:\/\/www.autojm.fr\/blog\/les-vehicules-diesel-desormais-convertis-au-gpl\/"]}]},{"@type":"ImageObject","inLanguage":"fr-FR","@id":"https:\/\/www.autojm.fr\/blog\/les-vehicules-diesel-desormais-convertis-au-gpl\/#primaryimage","url":"https:\/\/www.autojm.fr\/blog\/wp-content\/uploads\/2023\/12\/GPL-1.jpg","contentUrl":"https:\/\/www.autojm.fr\/blog\/wp-content\/uploads\/2023\/12\/GPL-1.jpg","width":1000,"height":500,"caption":"GPL"},{"@type":"BreadcrumbList","@id":"https:\/\/www.autojm.fr\/blog\/les-vehicules-diesel-desormais-convertis-au-gpl\/#breadcrumb","itemListElement":[{"@type":"ListItem","position":1,"name":"Accueil","item":"https:\/\/www.autojm.fr\/blog\/"},{"@type":"ListItem","position":2,"name":"Conseils &amp; Astuces","item":"https:\/\/www.autojm.fr\/blog\/conseils-astuces\/"},{"@type":"ListItem","position":3,"name":"Les v\u00e9hicules diesel d\u00e9sormais convertis au GPL\u00a0"}]},{"@type":"WebSite","@id":"https:\/\/www.autojm.fr\/blog\/#website","url":"https:\/\/www.autojm.fr\/blog\/","name":"AutoJM Mag","description":"Toute l&#039;actu auto en 1 clic !","publisher":{"@id":"https:\/\/www.autojm.fr\/blog\/#organization"},"potentialAction":[{"@type":"SearchAction","target":{"@type":"EntryPoint","urlTemplate":"https:\/\/www.autojm.fr\/blog\/?s={search_term_string}"},"query-input":{"@type":"PropertyValueSpecification","valueRequired":true,"valueName":"search_term_string"}}],"inLanguage":"fr-FR"},{"@type":"Organization","@id":"https:\/\/www.autojm.fr\/blog\/#organization","name":"AutoJM Mag","url":"https:\/\/www.autojm.fr\/blog\/","logo":{"@type":"ImageObject","inLanguage":"fr-FR","@id":"https:\/\/www.autojm.fr\/blog\/#\/schema\/logo\/image\/","url":"https:\/\/www.autojm.fr\/blog\/wp-content\/uploads\/2022\/12\/cropped-AutoJMag-png.png","contentUrl":"https:\/\/www.autojm.fr\/blog\/wp-content\/uploads\/2022\/12\/cropped-AutoJMag-png.png","width":2834,"height":585,"caption":"AutoJM Mag"},"image":{"@id":"https:\/\/www.autojm.fr\/blog\/#\/schema\/logo\/image\/"},"sameAs":["https:\/\/www.facebook.com\/AutoJM25"]},{"@type":"Person","@id":"https:\/\/www.autojm.fr\/blog\/#\/schema\/person\/1cc83a91548d88a62eb8cf06f562a72c","name":"Justine Tripard","image":{"@type":"ImageObject","inLanguage":"fr-FR","@id":"https:\/\/secure.gravatar.com\/avatar\/b8b45209a4cf0b7b127b9238ec348090e7302306d2485eeaab17b6761fe84991?s=96&d=mm&r=g","url":"https:\/\/secure.gravatar.com\/avatar\/b8b45209a4cf0b7b127b9238ec348090e7302306d2485eeaab17b6761fe84991?s=96&d=mm&r=g","contentUrl":"https:\/\/secure.gravatar.com\/avatar\/b8b45209a4cf0b7b127b9238ec348090e7302306d2485eeaab17b6761fe84991?s=96&d=mm&r=g","caption":"Justine Tripard"},"url":"https:\/\/www.autojm.fr\/blog\/author\/justine\/"}]}},"_links":{"self":[{"href":"https:\/\/www.autojm.fr\/blog\/wp-json\/wp\/v2\/posts\/14861","targetHints":{"allow":["GET"]}}],"collection":[{"href":"https:\/\/www.autojm.fr\/blog\/wp-json\/wp\/v2\/posts"}],"about":[{"href":"https:\/\/www.autojm.fr\/blog\/wp-json\/wp\/v2\/types\/post"}],"author":[{"embeddable":true,"href":"https:\/\/www.autojm.fr\/blog\/wp-json\/wp\/v2\/users\/6"}],"replies":[{"embeddable":true,"href":"https:\/\/www.autojm.fr\/blog\/wp-json\/wp\/v2\/comments?post=14861"}],"version-history":[{"count":9,"href":"https:\/\/www.autojm.fr\/blog\/wp-json\/wp\/v2\/posts\/14861\/revisions"}],"predecessor-version":[{"id":18265,"href":"https:\/\/www.autojm.fr\/blog\/wp-json\/wp\/v2\/posts\/14861\/revisions\/18265"}],"wp:featuredmedia":[{"embeddable":true,"href":"https:\/\/www.autojm.fr\/blog\/wp-json\/wp\/v2\/media\/14863"}],"wp:attachment":[{"href":"https:\/\/www.autojm.fr\/blog\/wp-json\/wp\/v2\/media?parent=14861"}],"wp:term":[{"taxonomy":"category","embeddable":true,"href":"https:\/\/www.autojm.fr\/blog\/wp-json\/wp\/v2\/categories?post=14861"},{"taxonomy":"post_tag","embeddable":true,"href":"https:\/\/www.autojm.fr\/blog\/wp-json\/wp\/v2\/tags?post=14861"}],"curies":[{"name":"wp","href":"https:\/\/api.w.org\/{rel}","templated":true}]}}