{"id":14803,"date":"2023-12-11T13:00:26","date_gmt":"2023-12-11T13:00:26","guid":{"rendered":"https:\/\/www.autojm.fr\/blog\/?p=14803"},"modified":"2024-01-08T14:39:42","modified_gmt":"2024-01-08T14:39:42","slug":"augmentation-du-prix-de-la-carte-grise-les-regions-concernees","status":"publish","type":"post","link":"https:\/\/www.autojm.fr\/blog\/augmentation-du-prix-de-la-carte-grise-les-regions-concernees\/","title":{"rendered":"Augmentation du prix de la carte grise : les r\u00e9gions concern\u00e9es\u00a0"},"content":{"rendered":"","protected":false},"excerpt":{"rendered":"<p>\u00c0 compter du 1er janvier 2024, la taxe sur les certificats d\u2019immatriculation sera revue \u00e0 la hausse dans plusieurs r\u00e9gions de France. Troisi\u00e8me source de revenus de ces collectivit\u00e9s derri\u00e8re la TVA et la TICPE (taxe int\u00e9rieure de consommation sur les produits \u00e9nerg\u00e9tiques), son augmentation s\u2019accompagne \u00e9galement de la fin de certaines exon\u00e9rations.\u00a0<\/p>\n","protected":false},"author":6,"featured_media":14805,"comment_status":"open","ping_status":"open","sticky":false,"template":"","format":"standard","meta":{"_acf_changed":false,"content-type":"","footnotes":""},"categories":[5],"tags":[88,336,333,314,91,318,90,301,188,87,92,368,98,207,83,80,214],"class_list":["post-14803","post","type-post","status-publish","format-standard","has-post-thumbnail","hentry","category-actualite-automobile","tag-88","tag-336","tag-333","tag-314","tag-arkana","tag-austral","tag-autojm","tag-c3","tag-c5-aircross","tag-captur","tag-clio-5","tag-ds-7","tag-formentor","tag-golf-8","tag-leon-5-portes","tag-leon-sportstourer","tag-tiguan"],"acf":[],"yoast_head":"<!-- This site is optimized with the Yoast SEO plugin v27.5 - https:\/\/yoast.com\/product\/yoast-seo-wordpress\/ -->\n<title>Augmentation du prix de la carte grise : les r\u00e9gions concern\u00e9es\u00a0 - AutoJM Mag<\/title>\n<meta name=\"description\" content=\"\u00c0 compter du 1er janvier 2024, la taxe sur les certificats d&#039;immatriculation sera revue \u00e0 la hausse dans plusieurs r\u00e9gions de France...\" \/>\n<meta name=\"robots\" content=\"index, follow, max-snippet:-1, max-image-preview:large, max-video-preview:-1\" \/>\n<link rel=\"canonical\" href=\"https:\/\/www.autojm.fr\/blog\/augmentation-du-prix-de-la-carte-grise-les-regions-concernees\/\" \/>\n<meta property=\"og:locale\" content=\"fr_FR\" \/>\n<meta property=\"og:type\" content=\"article\" \/>\n<meta property=\"og:title\" content=\"Augmentation du prix de la carte grise : les r\u00e9gions concern\u00e9es\u00a0 - AutoJM Mag\" \/>\n<meta property=\"og:description\" content=\"\u00c0 compter du 1er janvier 2024, la taxe sur les certificats d&#039;immatriculation sera revue \u00e0 la hausse dans plusieurs r\u00e9gions de France...\" \/>\n<meta property=\"og:url\" content=\"https:\/\/www.autojm.fr\/blog\/augmentation-du-prix-de-la-carte-grise-les-regions-concernees\/\" \/>\n<meta property=\"og:site_name\" content=\"AutoJM Mag\" \/>\n<meta property=\"article:publisher\" content=\"https:\/\/www.facebook.com\/AutoJM25\" \/>\n<meta property=\"article:published_time\" content=\"2023-12-11T13:00:26+00:00\" \/>\n<meta property=\"article:modified_time\" content=\"2024-01-08T14:39:42+00:00\" \/>\n<meta property=\"og:image\" content=\"https:\/\/www.autojm.fr\/blog\/wp-content\/uploads\/2023\/12\/Carte-grise.jpg\" \/>\n\t<meta property=\"og:image:width\" content=\"1000\" \/>\n\t<meta property=\"og:image:height\" content=\"500\" \/>\n\t<meta property=\"og:image:type\" content=\"image\/jpeg\" \/>\n<meta name=\"author\" content=\"Justine Tripard\" \/>\n<meta name=\"twitter:card\" content=\"summary_large_image\" \/>\n<meta name=\"twitter:label1\" content=\"\u00c9crit par\" \/>\n\t<meta name=\"twitter:data1\" content=\"Justine Tripard\" \/>\n\t<meta name=\"twitter:label2\" content=\"Dur\u00e9e de lecture estim\u00e9e\" \/>\n\t<meta name=\"twitter:data2\" content=\"3 minutes\" \/>\n<script type=\"application\/ld+json\" class=\"yoast-schema-graph\">{\"@context\":\"https:\\\/\\\/schema.org\",\"@graph\":[{\"@type\":\"Article\",\"@id\":\"https:\\\/\\\/www.autojm.fr\\\/blog\\\/augmentation-du-prix-de-la-carte-grise-les-regions-concernees\\\/#article\",\"isPartOf\":{\"@id\":\"https:\\\/\\\/www.autojm.fr\\\/blog\\\/augmentation-du-prix-de-la-carte-grise-les-regions-concernees\\\/\"},\"author\":{\"name\":\"Justine Tripard\",\"@id\":\"https:\\\/\\\/www.autojm.fr\\\/blog\\\/#\\\/schema\\\/person\\\/1cc83a91548d88a62eb8cf06f562a72c\"},\"headline\":\"Augmentation du prix de la carte grise : les r\u00e9gions concern\u00e9es\u00a0\",\"datePublished\":\"2023-12-11T13:00:26+00:00\",\"dateModified\":\"2024-01-08T14:39:42+00:00\",\"mainEntityOfPage\":{\"@id\":\"https:\\\/\\\/www.autojm.fr\\\/blog\\\/augmentation-du-prix-de-la-carte-grise-les-regions-concernees\\\/\"},\"wordCount\":12,\"commentCount\":0,\"publisher\":{\"@id\":\"https:\\\/\\\/www.autojm.fr\\\/blog\\\/#organization\"},\"image\":{\"@id\":\"https:\\\/\\\/www.autojm.fr\\\/blog\\\/augmentation-du-prix-de-la-carte-grise-les-regions-concernees\\\/#primaryimage\"},\"thumbnailUrl\":\"https:\\\/\\\/www.autojm.fr\\\/blog\\\/wp-content\\\/uploads\\\/2023\\\/12\\\/Carte-grise.jpg\",\"keywords\":[\"208\",\"3008\",\"308\",\"408\",\"arkana\",\"Austral\",\"autojm\",\"C3\",\"C5 Aircross\",\"captur\",\"Clio 5\",\"DS 7\",\"formentor\",\"Golf 8\",\"leon 5 portes\",\"leon sportstourer\",\"Tiguan\"],\"articleSection\":[\"Actualit\u00e9 Automobile\"],\"inLanguage\":\"fr-FR\",\"potentialAction\":[{\"@type\":\"CommentAction\",\"name\":\"Comment\",\"target\":[\"https:\\\/\\\/www.autojm.fr\\\/blog\\\/augmentation-du-prix-de-la-carte-grise-les-regions-concernees\\\/#respond\"]}]},{\"@type\":\"WebPage\",\"@id\":\"https:\\\/\\\/www.autojm.fr\\\/blog\\\/augmentation-du-prix-de-la-carte-grise-les-regions-concernees\\\/\",\"url\":\"https:\\\/\\\/www.autojm.fr\\\/blog\\\/augmentation-du-prix-de-la-carte-grise-les-regions-concernees\\\/\",\"name\":\"Augmentation du prix de la carte grise : les r\u00e9gions concern\u00e9es\u00a0 - AutoJM Mag\",\"isPartOf\":{\"@id\":\"https:\\\/\\\/www.autojm.fr\\\/blog\\\/#website\"},\"primaryImageOfPage\":{\"@id\":\"https:\\\/\\\/www.autojm.fr\\\/blog\\\/augmentation-du-prix-de-la-carte-grise-les-regions-concernees\\\/#primaryimage\"},\"image\":{\"@id\":\"https:\\\/\\\/www.autojm.fr\\\/blog\\\/augmentation-du-prix-de-la-carte-grise-les-regions-concernees\\\/#primaryimage\"},\"thumbnailUrl\":\"https:\\\/\\\/www.autojm.fr\\\/blog\\\/wp-content\\\/uploads\\\/2023\\\/12\\\/Carte-grise.jpg\",\"datePublished\":\"2023-12-11T13:00:26+00:00\",\"dateModified\":\"2024-01-08T14:39:42+00:00\",\"description\":\"\u00c0 compter du 1er janvier 2024, la taxe sur les certificats d'immatriculation sera revue \u00e0 la hausse dans plusieurs r\u00e9gions de France...\",\"breadcrumb\":{\"@id\":\"https:\\\/\\\/www.autojm.fr\\\/blog\\\/augmentation-du-prix-de-la-carte-grise-les-regions-concernees\\\/#breadcrumb\"},\"inLanguage\":\"fr-FR\",\"potentialAction\":[{\"@type\":\"ReadAction\",\"target\":[\"https:\\\/\\\/www.autojm.fr\\\/blog\\\/augmentation-du-prix-de-la-carte-grise-les-regions-concernees\\\/\"]}]},{\"@type\":\"ImageObject\",\"inLanguage\":\"fr-FR\",\"@id\":\"https:\\\/\\\/www.autojm.fr\\\/blog\\\/augmentation-du-prix-de-la-carte-grise-les-regions-concernees\\\/#primaryimage\",\"url\":\"https:\\\/\\\/www.autojm.fr\\\/blog\\\/wp-content\\\/uploads\\\/2023\\\/12\\\/Carte-grise.jpg\",\"contentUrl\":\"https:\\\/\\\/www.autojm.fr\\\/blog\\\/wp-content\\\/uploads\\\/2023\\\/12\\\/Carte-grise.jpg\",\"width\":1000,\"height\":500,\"caption\":\"Certificat d'immatriculation\"},{\"@type\":\"BreadcrumbList\",\"@id\":\"https:\\\/\\\/www.autojm.fr\\\/blog\\\/augmentation-du-prix-de-la-carte-grise-les-regions-concernees\\\/#breadcrumb\",\"itemListElement\":[{\"@type\":\"ListItem\",\"position\":1,\"name\":\"Accueil\",\"item\":\"https:\\\/\\\/www.autojm.fr\\\/blog\\\/\"},{\"@type\":\"ListItem\",\"position\":2,\"name\":\"Actualit\u00e9 Automobile\",\"item\":\"https:\\\/\\\/www.autojm.fr\\\/blog\\\/actualite-automobile\\\/\"},{\"@type\":\"ListItem\",\"position\":3,\"name\":\"Augmentation du prix de la carte grise : les r\u00e9gions concern\u00e9es\u00a0\"}]},{\"@type\":\"WebSite\",\"@id\":\"https:\\\/\\\/www.autojm.fr\\\/blog\\\/#website\",\"url\":\"https:\\\/\\\/www.autojm.fr\\\/blog\\\/\",\"name\":\"AutoJM Mag\",\"description\":\"Toute l&#039;actu auto en 1 clic !\",\"publisher\":{\"@id\":\"https:\\\/\\\/www.autojm.fr\\\/blog\\\/#organization\"},\"potentialAction\":[{\"@type\":\"SearchAction\",\"target\":{\"@type\":\"EntryPoint\",\"urlTemplate\":\"https:\\\/\\\/www.autojm.fr\\\/blog\\\/?s={search_term_string}\"},\"query-input\":{\"@type\":\"PropertyValueSpecification\",\"valueRequired\":true,\"valueName\":\"search_term_string\"}}],\"inLanguage\":\"fr-FR\"},{\"@type\":\"Organization\",\"@id\":\"https:\\\/\\\/www.autojm.fr\\\/blog\\\/#organization\",\"name\":\"AutoJM Mag\",\"url\":\"https:\\\/\\\/www.autojm.fr\\\/blog\\\/\",\"logo\":{\"@type\":\"ImageObject\",\"inLanguage\":\"fr-FR\",\"@id\":\"https:\\\/\\\/www.autojm.fr\\\/blog\\\/#\\\/schema\\\/logo\\\/image\\\/\",\"url\":\"https:\\\/\\\/www.autojm.fr\\\/blog\\\/wp-content\\\/uploads\\\/2022\\\/12\\\/cropped-AutoJMag-png.png\",\"contentUrl\":\"https:\\\/\\\/www.autojm.fr\\\/blog\\\/wp-content\\\/uploads\\\/2022\\\/12\\\/cropped-AutoJMag-png.png\",\"width\":2834,\"height\":585,\"caption\":\"AutoJM Mag\"},\"image\":{\"@id\":\"https:\\\/\\\/www.autojm.fr\\\/blog\\\/#\\\/schema\\\/logo\\\/image\\\/\"},\"sameAs\":[\"https:\\\/\\\/www.facebook.com\\\/AutoJM25\"]},{\"@type\":\"Person\",\"@id\":\"https:\\\/\\\/www.autojm.fr\\\/blog\\\/#\\\/schema\\\/person\\\/1cc83a91548d88a62eb8cf06f562a72c\",\"name\":\"Justine Tripard\",\"image\":{\"@type\":\"ImageObject\",\"inLanguage\":\"fr-FR\",\"@id\":\"https:\\\/\\\/secure.gravatar.com\\\/avatar\\\/b8b45209a4cf0b7b127b9238ec348090e7302306d2485eeaab17b6761fe84991?s=96&d=mm&r=g\",\"url\":\"https:\\\/\\\/secure.gravatar.com\\\/avatar\\\/b8b45209a4cf0b7b127b9238ec348090e7302306d2485eeaab17b6761fe84991?s=96&d=mm&r=g\",\"contentUrl\":\"https:\\\/\\\/secure.gravatar.com\\\/avatar\\\/b8b45209a4cf0b7b127b9238ec348090e7302306d2485eeaab17b6761fe84991?s=96&d=mm&r=g\",\"caption\":\"Justine Tripard\"},\"url\":\"https:\\\/\\\/www.autojm.fr\\\/blog\\\/author\\\/justine\\\/\"}]}<\/script>\n<!-- \/ Yoast SEO plugin. -->","yoast_head_json":{"title":"Augmentation du prix de la carte grise : les r\u00e9gions concern\u00e9es\u00a0 - AutoJM Mag","description":"\u00c0 compter du 1er janvier 2024, la taxe sur les certificats d'immatriculation sera revue \u00e0 la hausse dans plusieurs r\u00e9gions de France...","robots":{"index":"index","follow":"follow","max-snippet":"max-snippet:-1","max-image-preview":"max-image-preview:large","max-video-preview":"max-video-preview:-1"},"canonical":"https:\/\/www.autojm.fr\/blog\/augmentation-du-prix-de-la-carte-grise-les-regions-concernees\/","og_locale":"fr_FR","og_type":"article","og_title":"Augmentation du prix de la carte grise : les r\u00e9gions concern\u00e9es\u00a0 - AutoJM Mag","og_description":"\u00c0 compter du 1er janvier 2024, la taxe sur les certificats d'immatriculation sera revue \u00e0 la hausse dans plusieurs r\u00e9gions de France...","og_url":"https:\/\/www.autojm.fr\/blog\/augmentation-du-prix-de-la-carte-grise-les-regions-concernees\/","og_site_name":"AutoJM Mag","article_publisher":"https:\/\/www.facebook.com\/AutoJM25","article_published_time":"2023-12-11T13:00:26+00:00","article_modified_time":"2024-01-08T14:39:42+00:00","og_image":[{"width":1000,"height":500,"url":"https:\/\/www.autojm.fr\/blog\/wp-content\/uploads\/2023\/12\/Carte-grise.jpg","type":"image\/jpeg"}],"author":"Justine Tripard","twitter_card":"summary_large_image","twitter_misc":{"\u00c9crit par":"Justine Tripard","Dur\u00e9e de lecture estim\u00e9e":"3 minutes"},"schema":{"@context":"https:\/\/schema.org","@graph":[{"@type":"Article","@id":"https:\/\/www.autojm.fr\/blog\/augmentation-du-prix-de-la-carte-grise-les-regions-concernees\/#article","isPartOf":{"@id":"https:\/\/www.autojm.fr\/blog\/augmentation-du-prix-de-la-carte-grise-les-regions-concernees\/"},"author":{"name":"Justine Tripard","@id":"https:\/\/www.autojm.fr\/blog\/#\/schema\/person\/1cc83a91548d88a62eb8cf06f562a72c"},"headline":"Augmentation du prix de la carte grise : les r\u00e9gions concern\u00e9es\u00a0","datePublished":"2023-12-11T13:00:26+00:00","dateModified":"2024-01-08T14:39:42+00:00","mainEntityOfPage":{"@id":"https:\/\/www.autojm.fr\/blog\/augmentation-du-prix-de-la-carte-grise-les-regions-concernees\/"},"wordCount":12,"commentCount":0,"publisher":{"@id":"https:\/\/www.autojm.fr\/blog\/#organization"},"image":{"@id":"https:\/\/www.autojm.fr\/blog\/augmentation-du-prix-de-la-carte-grise-les-regions-concernees\/#primaryimage"},"thumbnailUrl":"https:\/\/www.autojm.fr\/blog\/wp-content\/uploads\/2023\/12\/Carte-grise.jpg","keywords":["208","3008","308","408","arkana","Austral","autojm","C3","C5 Aircross","captur","Clio 5","DS 7","formentor","Golf 8","leon 5 portes","leon sportstourer","Tiguan"],"articleSection":["Actualit\u00e9 Automobile"],"inLanguage":"fr-FR","potentialAction":[{"@type":"CommentAction","name":"Comment","target":["https:\/\/www.autojm.fr\/blog\/augmentation-du-prix-de-la-carte-grise-les-regions-concernees\/#respond"]}]},{"@type":"WebPage","@id":"https:\/\/www.autojm.fr\/blog\/augmentation-du-prix-de-la-carte-grise-les-regions-concernees\/","url":"https:\/\/www.autojm.fr\/blog\/augmentation-du-prix-de-la-carte-grise-les-regions-concernees\/","name":"Augmentation du prix de la carte grise : les r\u00e9gions concern\u00e9es\u00a0 - AutoJM Mag","isPartOf":{"@id":"https:\/\/www.autojm.fr\/blog\/#website"},"primaryImageOfPage":{"@id":"https:\/\/www.autojm.fr\/blog\/augmentation-du-prix-de-la-carte-grise-les-regions-concernees\/#primaryimage"},"image":{"@id":"https:\/\/www.autojm.fr\/blog\/augmentation-du-prix-de-la-carte-grise-les-regions-concernees\/#primaryimage"},"thumbnailUrl":"https:\/\/www.autojm.fr\/blog\/wp-content\/uploads\/2023\/12\/Carte-grise.jpg","datePublished":"2023-12-11T13:00:26+00:00","dateModified":"2024-01-08T14:39:42+00:00","description":"\u00c0 compter du 1er janvier 2024, la taxe sur les certificats d'immatriculation sera revue \u00e0 la hausse dans plusieurs r\u00e9gions de France...","breadcrumb":{"@id":"https:\/\/www.autojm.fr\/blog\/augmentation-du-prix-de-la-carte-grise-les-regions-concernees\/#breadcrumb"},"inLanguage":"fr-FR","potentialAction":[{"@type":"ReadAction","target":["https:\/\/www.autojm.fr\/blog\/augmentation-du-prix-de-la-carte-grise-les-regions-concernees\/"]}]},{"@type":"ImageObject","inLanguage":"fr-FR","@id":"https:\/\/www.autojm.fr\/blog\/augmentation-du-prix-de-la-carte-grise-les-regions-concernees\/#primaryimage","url":"https:\/\/www.autojm.fr\/blog\/wp-content\/uploads\/2023\/12\/Carte-grise.jpg","contentUrl":"https:\/\/www.autojm.fr\/blog\/wp-content\/uploads\/2023\/12\/Carte-grise.jpg","width":1000,"height":500,"caption":"Certificat d'immatriculation"},{"@type":"BreadcrumbList","@id":"https:\/\/www.autojm.fr\/blog\/augmentation-du-prix-de-la-carte-grise-les-regions-concernees\/#breadcrumb","itemListElement":[{"@type":"ListItem","position":1,"name":"Accueil","item":"https:\/\/www.autojm.fr\/blog\/"},{"@type":"ListItem","position":2,"name":"Actualit\u00e9 Automobile","item":"https:\/\/www.autojm.fr\/blog\/actualite-automobile\/"},{"@type":"ListItem","position":3,"name":"Augmentation du prix de la carte grise : les r\u00e9gions concern\u00e9es\u00a0"}]},{"@type":"WebSite","@id":"https:\/\/www.autojm.fr\/blog\/#website","url":"https:\/\/www.autojm.fr\/blog\/","name":"AutoJM Mag","description":"Toute l&#039;actu auto en 1 clic !","publisher":{"@id":"https:\/\/www.autojm.fr\/blog\/#organization"},"potentialAction":[{"@type":"SearchAction","target":{"@type":"EntryPoint","urlTemplate":"https:\/\/www.autojm.fr\/blog\/?s={search_term_string}"},"query-input":{"@type":"PropertyValueSpecification","valueRequired":true,"valueName":"search_term_string"}}],"inLanguage":"fr-FR"},{"@type":"Organization","@id":"https:\/\/www.autojm.fr\/blog\/#organization","name":"AutoJM Mag","url":"https:\/\/www.autojm.fr\/blog\/","logo":{"@type":"ImageObject","inLanguage":"fr-FR","@id":"https:\/\/www.autojm.fr\/blog\/#\/schema\/logo\/image\/","url":"https:\/\/www.autojm.fr\/blog\/wp-content\/uploads\/2022\/12\/cropped-AutoJMag-png.png","contentUrl":"https:\/\/www.autojm.fr\/blog\/wp-content\/uploads\/2022\/12\/cropped-AutoJMag-png.png","width":2834,"height":585,"caption":"AutoJM Mag"},"image":{"@id":"https:\/\/www.autojm.fr\/blog\/#\/schema\/logo\/image\/"},"sameAs":["https:\/\/www.facebook.com\/AutoJM25"]},{"@type":"Person","@id":"https:\/\/www.autojm.fr\/blog\/#\/schema\/person\/1cc83a91548d88a62eb8cf06f562a72c","name":"Justine Tripard","image":{"@type":"ImageObject","inLanguage":"fr-FR","@id":"https:\/\/secure.gravatar.com\/avatar\/b8b45209a4cf0b7b127b9238ec348090e7302306d2485eeaab17b6761fe84991?s=96&d=mm&r=g","url":"https:\/\/secure.gravatar.com\/avatar\/b8b45209a4cf0b7b127b9238ec348090e7302306d2485eeaab17b6761fe84991?s=96&d=mm&r=g","contentUrl":"https:\/\/secure.gravatar.com\/avatar\/b8b45209a4cf0b7b127b9238ec348090e7302306d2485eeaab17b6761fe84991?s=96&d=mm&r=g","caption":"Justine Tripard"},"url":"https:\/\/www.autojm.fr\/blog\/author\/justine\/"}]}},"_links":{"self":[{"href":"https:\/\/www.autojm.fr\/blog\/wp-json\/wp\/v2\/posts\/14803","targetHints":{"allow":["GET"]}}],"collection":[{"href":"https:\/\/www.autojm.fr\/blog\/wp-json\/wp\/v2\/posts"}],"about":[{"href":"https:\/\/www.autojm.fr\/blog\/wp-json\/wp\/v2\/types\/post"}],"author":[{"embeddable":true,"href":"https:\/\/www.autojm.fr\/blog\/wp-json\/wp\/v2\/users\/6"}],"replies":[{"embeddable":true,"href":"https:\/\/www.autojm.fr\/blog\/wp-json\/wp\/v2\/comments?post=14803"}],"version-history":[{"count":18,"href":"https:\/\/www.autojm.fr\/blog\/wp-json\/wp\/v2\/posts\/14803\/revisions"}],"predecessor-version":[{"id":15315,"href":"https:\/\/www.autojm.fr\/blog\/wp-json\/wp\/v2\/posts\/14803\/revisions\/15315"}],"wp:featuredmedia":[{"embeddable":true,"href":"https:\/\/www.autojm.fr\/blog\/wp-json\/wp\/v2\/media\/14805"}],"wp:attachment":[{"href":"https:\/\/www.autojm.fr\/blog\/wp-json\/wp\/v2\/media?parent=14803"}],"wp:term":[{"taxonomy":"category","embeddable":true,"href":"https:\/\/www.autojm.fr\/blog\/wp-json\/wp\/v2\/categories?post=14803"},{"taxonomy":"post_tag","embeddable":true,"href":"https:\/\/www.autojm.fr\/blog\/wp-json\/wp\/v2\/tags?post=14803"}],"curies":[{"name":"wp","href":"https:\/\/api.w.org\/{rel}","templated":true}]}}