{"id":14466,"date":"2023-11-29T12:04:54","date_gmt":"2023-11-29T12:04:54","guid":{"rendered":"https:\/\/www.autojm.fr\/blog\/?p=14466"},"modified":"2024-03-25T10:37:08","modified_gmt":"2024-03-25T10:37:08","slug":"dacia-spring-fin-du-bonus-ecologique-en-2024","status":"publish","type":"post","link":"https:\/\/www.autojm.fr\/blog\/dacia-spring-fin-du-bonus-ecologique-en-2024\/","title":{"rendered":"Dacia Spring : fin du bonus \u00e9cologique en 2024\u00a0"},"content":{"rendered":"","protected":false},"excerpt":{"rendered":"<p>Tandis que le bonus \u00e9cologique sera conditionn\u00e9 \u00e0 l\u2019atteinte d\u2019un \u00e9co-score minimal d\u00e8s le 1er janvier 2024, la liste des mod\u00e8les qui en b\u00e9n\u00e9ficieront sera d\u00e9voil\u00e9e le 15 d\u00e9cembre prochain par le Gouvernement. Ce nouveau bar\u00e8me qui prend en compte l\u2019impact environnemental li\u00e9 \u00e0 la production et au transport va d\u00e9sormais exclure la Dacia Spring du dispositif d\u2019aide \u00e0 l&rsquo;acquisition en France. <\/p>\n","protected":false},"author":6,"featured_media":14468,"comment_status":"open","ping_status":"open","sticky":false,"template":"","format":"standard","meta":{"_acf_changed":false,"content-type":"","footnotes":""},"categories":[355],"tags":[88,336,333,314,91,103,318,90,301,188,87,79,92,74,105,368,94,98,207,259,106,83,80,108,73,78,193,214,169,96],"class_list":["post-14466","post","type-post","status-publish","format-standard","has-post-thumbnail","hentry","category-actualites-dacia","tag-88","tag-336","tag-333","tag-314","tag-arkana","tag-audi","tag-austral","tag-autojm","tag-c3","tag-c5-aircross","tag-captur","tag-citroen","tag-clio-5","tag-dacia","tag-ds","tag-ds-7","tag-duster","tag-formentor","tag-golf-8","tag-hyundai","tag-kia","tag-leon-5-portes","tag-leon-sportstourer","tag-nissan","tag-peugeot","tag-renault","tag-skoda","tag-tiguan","tag-toyota","tag-volkswagen"],"acf":[],"yoast_head":"<!-- This site is optimized with the Yoast SEO plugin v27.5 - https:\/\/yoast.com\/product\/yoast-seo-wordpress\/ -->\n<title>Dacia Spring : fin du bonus \u00e9cologique en 2024\u00a0 - AutoJM Mag<\/title>\n<meta name=\"description\" content=\"Tandis que le bonus \u00e9cologique sera conditionn\u00e9 \u00e0 l\u2019atteinte d\u2019un \u00e9co-score minimal d\u00e8s le 1er janvier 2024, la liste des mod\u00e8les qui en...\" \/>\n<meta name=\"robots\" content=\"index, follow, max-snippet:-1, max-image-preview:large, max-video-preview:-1\" \/>\n<link rel=\"canonical\" href=\"https:\/\/www.autojm.fr\/blog\/dacia-spring-fin-du-bonus-ecologique-en-2024\/\" \/>\n<meta property=\"og:locale\" content=\"fr_FR\" \/>\n<meta property=\"og:type\" content=\"article\" \/>\n<meta property=\"og:title\" content=\"Dacia Spring : fin du bonus \u00e9cologique en 2024\u00a0 - AutoJM Mag\" \/>\n<meta property=\"og:description\" content=\"Tandis que le bonus \u00e9cologique sera conditionn\u00e9 \u00e0 l\u2019atteinte d\u2019un \u00e9co-score minimal d\u00e8s le 1er janvier 2024, la liste des mod\u00e8les qui en...\" \/>\n<meta property=\"og:url\" content=\"https:\/\/www.autojm.fr\/blog\/dacia-spring-fin-du-bonus-ecologique-en-2024\/\" \/>\n<meta property=\"og:site_name\" content=\"AutoJM Mag\" \/>\n<meta property=\"article:publisher\" content=\"https:\/\/www.facebook.com\/AutoJM25\" \/>\n<meta property=\"article:published_time\" content=\"2023-11-29T12:04:54+00:00\" \/>\n<meta property=\"article:modified_time\" content=\"2024-03-25T10:37:08+00:00\" \/>\n<meta property=\"og:image\" content=\"https:\/\/www.autojm.fr\/blog\/wp-content\/uploads\/2023\/11\/Dacia-Spring-1.jpg\" \/>\n\t<meta property=\"og:image:width\" content=\"1000\" \/>\n\t<meta property=\"og:image:height\" content=\"500\" \/>\n\t<meta property=\"og:image:type\" content=\"image\/jpeg\" \/>\n<meta name=\"author\" content=\"Justine Tripard\" \/>\n<meta name=\"twitter:card\" content=\"summary_large_image\" \/>\n<meta name=\"twitter:label1\" content=\"\u00c9crit par\" \/>\n\t<meta name=\"twitter:data1\" content=\"Justine Tripard\" \/>\n\t<meta name=\"twitter:label2\" content=\"Dur\u00e9e de lecture estim\u00e9e\" \/>\n\t<meta name=\"twitter:data2\" content=\"4 minutes\" \/>\n<script type=\"application\/ld+json\" class=\"yoast-schema-graph\">{\"@context\":\"https:\\\/\\\/schema.org\",\"@graph\":[{\"@type\":\"Article\",\"@id\":\"https:\\\/\\\/www.autojm.fr\\\/blog\\\/dacia-spring-fin-du-bonus-ecologique-en-2024\\\/#article\",\"isPartOf\":{\"@id\":\"https:\\\/\\\/www.autojm.fr\\\/blog\\\/dacia-spring-fin-du-bonus-ecologique-en-2024\\\/\"},\"author\":{\"name\":\"Justine Tripard\",\"@id\":\"https:\\\/\\\/www.autojm.fr\\\/blog\\\/#\\\/schema\\\/person\\\/1cc83a91548d88a62eb8cf06f562a72c\"},\"headline\":\"Dacia Spring : fin du bonus \u00e9cologique en 2024\u00a0\",\"datePublished\":\"2023-11-29T12:04:54+00:00\",\"dateModified\":\"2024-03-25T10:37:08+00:00\",\"mainEntityOfPage\":{\"@id\":\"https:\\\/\\\/www.autojm.fr\\\/blog\\\/dacia-spring-fin-du-bonus-ecologique-en-2024\\\/\"},\"wordCount\":7,\"commentCount\":0,\"publisher\":{\"@id\":\"https:\\\/\\\/www.autojm.fr\\\/blog\\\/#organization\"},\"image\":{\"@id\":\"https:\\\/\\\/www.autojm.fr\\\/blog\\\/dacia-spring-fin-du-bonus-ecologique-en-2024\\\/#primaryimage\"},\"thumbnailUrl\":\"https:\\\/\\\/www.autojm.fr\\\/blog\\\/wp-content\\\/uploads\\\/2023\\\/11\\\/Dacia-Spring-1.jpg\",\"keywords\":[\"208\",\"3008\",\"308\",\"408\",\"arkana\",\"Audi\",\"Austral\",\"autojm\",\"C3\",\"C5 Aircross\",\"captur\",\"citroen\",\"Clio 5\",\"dacia\",\"DS\",\"DS 7\",\"duster\",\"formentor\",\"Golf 8\",\"Hyundai\",\"Kia\",\"leon 5 portes\",\"leon sportstourer\",\"Nissan\",\"peugeot\",\"renault\",\"Skoda\",\"Tiguan\",\"Toyota\",\"Volkswagen\"],\"articleSection\":[\"Actualit\u00e9s Dacia\"],\"inLanguage\":\"fr-FR\",\"potentialAction\":[{\"@type\":\"CommentAction\",\"name\":\"Comment\",\"target\":[\"https:\\\/\\\/www.autojm.fr\\\/blog\\\/dacia-spring-fin-du-bonus-ecologique-en-2024\\\/#respond\"]}]},{\"@type\":\"WebPage\",\"@id\":\"https:\\\/\\\/www.autojm.fr\\\/blog\\\/dacia-spring-fin-du-bonus-ecologique-en-2024\\\/\",\"url\":\"https:\\\/\\\/www.autojm.fr\\\/blog\\\/dacia-spring-fin-du-bonus-ecologique-en-2024\\\/\",\"name\":\"Dacia Spring : fin du bonus \u00e9cologique en 2024\u00a0 - AutoJM Mag\",\"isPartOf\":{\"@id\":\"https:\\\/\\\/www.autojm.fr\\\/blog\\\/#website\"},\"primaryImageOfPage\":{\"@id\":\"https:\\\/\\\/www.autojm.fr\\\/blog\\\/dacia-spring-fin-du-bonus-ecologique-en-2024\\\/#primaryimage\"},\"image\":{\"@id\":\"https:\\\/\\\/www.autojm.fr\\\/blog\\\/dacia-spring-fin-du-bonus-ecologique-en-2024\\\/#primaryimage\"},\"thumbnailUrl\":\"https:\\\/\\\/www.autojm.fr\\\/blog\\\/wp-content\\\/uploads\\\/2023\\\/11\\\/Dacia-Spring-1.jpg\",\"datePublished\":\"2023-11-29T12:04:54+00:00\",\"dateModified\":\"2024-03-25T10:37:08+00:00\",\"description\":\"Tandis que le bonus \u00e9cologique sera conditionn\u00e9 \u00e0 l\u2019atteinte d\u2019un \u00e9co-score minimal d\u00e8s le 1er janvier 2024, la liste des mod\u00e8les qui en...\",\"breadcrumb\":{\"@id\":\"https:\\\/\\\/www.autojm.fr\\\/blog\\\/dacia-spring-fin-du-bonus-ecologique-en-2024\\\/#breadcrumb\"},\"inLanguage\":\"fr-FR\",\"potentialAction\":[{\"@type\":\"ReadAction\",\"target\":[\"https:\\\/\\\/www.autojm.fr\\\/blog\\\/dacia-spring-fin-du-bonus-ecologique-en-2024\\\/\"]}]},{\"@type\":\"ImageObject\",\"inLanguage\":\"fr-FR\",\"@id\":\"https:\\\/\\\/www.autojm.fr\\\/blog\\\/dacia-spring-fin-du-bonus-ecologique-en-2024\\\/#primaryimage\",\"url\":\"https:\\\/\\\/www.autojm.fr\\\/blog\\\/wp-content\\\/uploads\\\/2023\\\/11\\\/Dacia-Spring-1.jpg\",\"contentUrl\":\"https:\\\/\\\/www.autojm.fr\\\/blog\\\/wp-content\\\/uploads\\\/2023\\\/11\\\/Dacia-Spring-1.jpg\",\"width\":1000,\"height\":500,\"caption\":\"Dacia Spring\"},{\"@type\":\"BreadcrumbList\",\"@id\":\"https:\\\/\\\/www.autojm.fr\\\/blog\\\/dacia-spring-fin-du-bonus-ecologique-en-2024\\\/#breadcrumb\",\"itemListElement\":[{\"@type\":\"ListItem\",\"position\":1,\"name\":\"Accueil\",\"item\":\"https:\\\/\\\/www.autojm.fr\\\/blog\\\/\"},{\"@type\":\"ListItem\",\"position\":2,\"name\":\"Actualit\u00e9 Automobile\",\"item\":\"https:\\\/\\\/www.autojm.fr\\\/blog\\\/actualite-automobile\\\/\"},{\"@type\":\"ListItem\",\"position\":3,\"name\":\"Actualit\u00e9s Dacia\",\"item\":\"https:\\\/\\\/www.autojm.fr\\\/blog\\\/actualite-automobile\\\/actualites-dacia\\\/\"},{\"@type\":\"ListItem\",\"position\":4,\"name\":\"Dacia Spring : fin du bonus \u00e9cologique en 2024\u00a0\"}]},{\"@type\":\"WebSite\",\"@id\":\"https:\\\/\\\/www.autojm.fr\\\/blog\\\/#website\",\"url\":\"https:\\\/\\\/www.autojm.fr\\\/blog\\\/\",\"name\":\"AutoJM Mag\",\"description\":\"Toute l&#039;actu auto en 1 clic !\",\"publisher\":{\"@id\":\"https:\\\/\\\/www.autojm.fr\\\/blog\\\/#organization\"},\"potentialAction\":[{\"@type\":\"SearchAction\",\"target\":{\"@type\":\"EntryPoint\",\"urlTemplate\":\"https:\\\/\\\/www.autojm.fr\\\/blog\\\/?s={search_term_string}\"},\"query-input\":{\"@type\":\"PropertyValueSpecification\",\"valueRequired\":true,\"valueName\":\"search_term_string\"}}],\"inLanguage\":\"fr-FR\"},{\"@type\":\"Organization\",\"@id\":\"https:\\\/\\\/www.autojm.fr\\\/blog\\\/#organization\",\"name\":\"AutoJM Mag\",\"url\":\"https:\\\/\\\/www.autojm.fr\\\/blog\\\/\",\"logo\":{\"@type\":\"ImageObject\",\"inLanguage\":\"fr-FR\",\"@id\":\"https:\\\/\\\/www.autojm.fr\\\/blog\\\/#\\\/schema\\\/logo\\\/image\\\/\",\"url\":\"https:\\\/\\\/www.autojm.fr\\\/blog\\\/wp-content\\\/uploads\\\/2022\\\/12\\\/cropped-AutoJMag-png.png\",\"contentUrl\":\"https:\\\/\\\/www.autojm.fr\\\/blog\\\/wp-content\\\/uploads\\\/2022\\\/12\\\/cropped-AutoJMag-png.png\",\"width\":2834,\"height\":585,\"caption\":\"AutoJM Mag\"},\"image\":{\"@id\":\"https:\\\/\\\/www.autojm.fr\\\/blog\\\/#\\\/schema\\\/logo\\\/image\\\/\"},\"sameAs\":[\"https:\\\/\\\/www.facebook.com\\\/AutoJM25\"]},{\"@type\":\"Person\",\"@id\":\"https:\\\/\\\/www.autojm.fr\\\/blog\\\/#\\\/schema\\\/person\\\/1cc83a91548d88a62eb8cf06f562a72c\",\"name\":\"Justine Tripard\",\"image\":{\"@type\":\"ImageObject\",\"inLanguage\":\"fr-FR\",\"@id\":\"https:\\\/\\\/secure.gravatar.com\\\/avatar\\\/b8b45209a4cf0b7b127b9238ec348090e7302306d2485eeaab17b6761fe84991?s=96&d=mm&r=g\",\"url\":\"https:\\\/\\\/secure.gravatar.com\\\/avatar\\\/b8b45209a4cf0b7b127b9238ec348090e7302306d2485eeaab17b6761fe84991?s=96&d=mm&r=g\",\"contentUrl\":\"https:\\\/\\\/secure.gravatar.com\\\/avatar\\\/b8b45209a4cf0b7b127b9238ec348090e7302306d2485eeaab17b6761fe84991?s=96&d=mm&r=g\",\"caption\":\"Justine Tripard\"},\"url\":\"https:\\\/\\\/www.autojm.fr\\\/blog\\\/author\\\/justine\\\/\"}]}<\/script>\n<!-- \/ Yoast SEO plugin. -->","yoast_head_json":{"title":"Dacia Spring : fin du bonus \u00e9cologique en 2024\u00a0 - AutoJM Mag","description":"Tandis que le bonus \u00e9cologique sera conditionn\u00e9 \u00e0 l\u2019atteinte d\u2019un \u00e9co-score minimal d\u00e8s le 1er janvier 2024, la liste des mod\u00e8les qui en...","robots":{"index":"index","follow":"follow","max-snippet":"max-snippet:-1","max-image-preview":"max-image-preview:large","max-video-preview":"max-video-preview:-1"},"canonical":"https:\/\/www.autojm.fr\/blog\/dacia-spring-fin-du-bonus-ecologique-en-2024\/","og_locale":"fr_FR","og_type":"article","og_title":"Dacia Spring : fin du bonus \u00e9cologique en 2024\u00a0 - AutoJM Mag","og_description":"Tandis que le bonus \u00e9cologique sera conditionn\u00e9 \u00e0 l\u2019atteinte d\u2019un \u00e9co-score minimal d\u00e8s le 1er janvier 2024, la liste des mod\u00e8les qui en...","og_url":"https:\/\/www.autojm.fr\/blog\/dacia-spring-fin-du-bonus-ecologique-en-2024\/","og_site_name":"AutoJM Mag","article_publisher":"https:\/\/www.facebook.com\/AutoJM25","article_published_time":"2023-11-29T12:04:54+00:00","article_modified_time":"2024-03-25T10:37:08+00:00","og_image":[{"width":1000,"height":500,"url":"https:\/\/www.autojm.fr\/blog\/wp-content\/uploads\/2023\/11\/Dacia-Spring-1.jpg","type":"image\/jpeg"}],"author":"Justine Tripard","twitter_card":"summary_large_image","twitter_misc":{"\u00c9crit par":"Justine Tripard","Dur\u00e9e de lecture estim\u00e9e":"4 minutes"},"schema":{"@context":"https:\/\/schema.org","@graph":[{"@type":"Article","@id":"https:\/\/www.autojm.fr\/blog\/dacia-spring-fin-du-bonus-ecologique-en-2024\/#article","isPartOf":{"@id":"https:\/\/www.autojm.fr\/blog\/dacia-spring-fin-du-bonus-ecologique-en-2024\/"},"author":{"name":"Justine Tripard","@id":"https:\/\/www.autojm.fr\/blog\/#\/schema\/person\/1cc83a91548d88a62eb8cf06f562a72c"},"headline":"Dacia Spring : fin du bonus \u00e9cologique en 2024\u00a0","datePublished":"2023-11-29T12:04:54+00:00","dateModified":"2024-03-25T10:37:08+00:00","mainEntityOfPage":{"@id":"https:\/\/www.autojm.fr\/blog\/dacia-spring-fin-du-bonus-ecologique-en-2024\/"},"wordCount":7,"commentCount":0,"publisher":{"@id":"https:\/\/www.autojm.fr\/blog\/#organization"},"image":{"@id":"https:\/\/www.autojm.fr\/blog\/dacia-spring-fin-du-bonus-ecologique-en-2024\/#primaryimage"},"thumbnailUrl":"https:\/\/www.autojm.fr\/blog\/wp-content\/uploads\/2023\/11\/Dacia-Spring-1.jpg","keywords":["208","3008","308","408","arkana","Audi","Austral","autojm","C3","C5 Aircross","captur","citroen","Clio 5","dacia","DS","DS 7","duster","formentor","Golf 8","Hyundai","Kia","leon 5 portes","leon sportstourer","Nissan","peugeot","renault","Skoda","Tiguan","Toyota","Volkswagen"],"articleSection":["Actualit\u00e9s Dacia"],"inLanguage":"fr-FR","potentialAction":[{"@type":"CommentAction","name":"Comment","target":["https:\/\/www.autojm.fr\/blog\/dacia-spring-fin-du-bonus-ecologique-en-2024\/#respond"]}]},{"@type":"WebPage","@id":"https:\/\/www.autojm.fr\/blog\/dacia-spring-fin-du-bonus-ecologique-en-2024\/","url":"https:\/\/www.autojm.fr\/blog\/dacia-spring-fin-du-bonus-ecologique-en-2024\/","name":"Dacia Spring : fin du bonus \u00e9cologique en 2024\u00a0 - AutoJM Mag","isPartOf":{"@id":"https:\/\/www.autojm.fr\/blog\/#website"},"primaryImageOfPage":{"@id":"https:\/\/www.autojm.fr\/blog\/dacia-spring-fin-du-bonus-ecologique-en-2024\/#primaryimage"},"image":{"@id":"https:\/\/www.autojm.fr\/blog\/dacia-spring-fin-du-bonus-ecologique-en-2024\/#primaryimage"},"thumbnailUrl":"https:\/\/www.autojm.fr\/blog\/wp-content\/uploads\/2023\/11\/Dacia-Spring-1.jpg","datePublished":"2023-11-29T12:04:54+00:00","dateModified":"2024-03-25T10:37:08+00:00","description":"Tandis que le bonus \u00e9cologique sera conditionn\u00e9 \u00e0 l\u2019atteinte d\u2019un \u00e9co-score minimal d\u00e8s le 1er janvier 2024, la liste des mod\u00e8les qui en...","breadcrumb":{"@id":"https:\/\/www.autojm.fr\/blog\/dacia-spring-fin-du-bonus-ecologique-en-2024\/#breadcrumb"},"inLanguage":"fr-FR","potentialAction":[{"@type":"ReadAction","target":["https:\/\/www.autojm.fr\/blog\/dacia-spring-fin-du-bonus-ecologique-en-2024\/"]}]},{"@type":"ImageObject","inLanguage":"fr-FR","@id":"https:\/\/www.autojm.fr\/blog\/dacia-spring-fin-du-bonus-ecologique-en-2024\/#primaryimage","url":"https:\/\/www.autojm.fr\/blog\/wp-content\/uploads\/2023\/11\/Dacia-Spring-1.jpg","contentUrl":"https:\/\/www.autojm.fr\/blog\/wp-content\/uploads\/2023\/11\/Dacia-Spring-1.jpg","width":1000,"height":500,"caption":"Dacia Spring"},{"@type":"BreadcrumbList","@id":"https:\/\/www.autojm.fr\/blog\/dacia-spring-fin-du-bonus-ecologique-en-2024\/#breadcrumb","itemListElement":[{"@type":"ListItem","position":1,"name":"Accueil","item":"https:\/\/www.autojm.fr\/blog\/"},{"@type":"ListItem","position":2,"name":"Actualit\u00e9 Automobile","item":"https:\/\/www.autojm.fr\/blog\/actualite-automobile\/"},{"@type":"ListItem","position":3,"name":"Actualit\u00e9s Dacia","item":"https:\/\/www.autojm.fr\/blog\/actualite-automobile\/actualites-dacia\/"},{"@type":"ListItem","position":4,"name":"Dacia Spring : fin du bonus \u00e9cologique en 2024\u00a0"}]},{"@type":"WebSite","@id":"https:\/\/www.autojm.fr\/blog\/#website","url":"https:\/\/www.autojm.fr\/blog\/","name":"AutoJM Mag","description":"Toute l&#039;actu auto en 1 clic !","publisher":{"@id":"https:\/\/www.autojm.fr\/blog\/#organization"},"potentialAction":[{"@type":"SearchAction","target":{"@type":"EntryPoint","urlTemplate":"https:\/\/www.autojm.fr\/blog\/?s={search_term_string}"},"query-input":{"@type":"PropertyValueSpecification","valueRequired":true,"valueName":"search_term_string"}}],"inLanguage":"fr-FR"},{"@type":"Organization","@id":"https:\/\/www.autojm.fr\/blog\/#organization","name":"AutoJM Mag","url":"https:\/\/www.autojm.fr\/blog\/","logo":{"@type":"ImageObject","inLanguage":"fr-FR","@id":"https:\/\/www.autojm.fr\/blog\/#\/schema\/logo\/image\/","url":"https:\/\/www.autojm.fr\/blog\/wp-content\/uploads\/2022\/12\/cropped-AutoJMag-png.png","contentUrl":"https:\/\/www.autojm.fr\/blog\/wp-content\/uploads\/2022\/12\/cropped-AutoJMag-png.png","width":2834,"height":585,"caption":"AutoJM Mag"},"image":{"@id":"https:\/\/www.autojm.fr\/blog\/#\/schema\/logo\/image\/"},"sameAs":["https:\/\/www.facebook.com\/AutoJM25"]},{"@type":"Person","@id":"https:\/\/www.autojm.fr\/blog\/#\/schema\/person\/1cc83a91548d88a62eb8cf06f562a72c","name":"Justine Tripard","image":{"@type":"ImageObject","inLanguage":"fr-FR","@id":"https:\/\/secure.gravatar.com\/avatar\/b8b45209a4cf0b7b127b9238ec348090e7302306d2485eeaab17b6761fe84991?s=96&d=mm&r=g","url":"https:\/\/secure.gravatar.com\/avatar\/b8b45209a4cf0b7b127b9238ec348090e7302306d2485eeaab17b6761fe84991?s=96&d=mm&r=g","contentUrl":"https:\/\/secure.gravatar.com\/avatar\/b8b45209a4cf0b7b127b9238ec348090e7302306d2485eeaab17b6761fe84991?s=96&d=mm&r=g","caption":"Justine Tripard"},"url":"https:\/\/www.autojm.fr\/blog\/author\/justine\/"}]}},"_links":{"self":[{"href":"https:\/\/www.autojm.fr\/blog\/wp-json\/wp\/v2\/posts\/14466","targetHints":{"allow":["GET"]}}],"collection":[{"href":"https:\/\/www.autojm.fr\/blog\/wp-json\/wp\/v2\/posts"}],"about":[{"href":"https:\/\/www.autojm.fr\/blog\/wp-json\/wp\/v2\/types\/post"}],"author":[{"embeddable":true,"href":"https:\/\/www.autojm.fr\/blog\/wp-json\/wp\/v2\/users\/6"}],"replies":[{"embeddable":true,"href":"https:\/\/www.autojm.fr\/blog\/wp-json\/wp\/v2\/comments?post=14466"}],"version-history":[{"count":10,"href":"https:\/\/www.autojm.fr\/blog\/wp-json\/wp\/v2\/posts\/14466\/revisions"}],"predecessor-version":[{"id":14518,"href":"https:\/\/www.autojm.fr\/blog\/wp-json\/wp\/v2\/posts\/14466\/revisions\/14518"}],"wp:featuredmedia":[{"embeddable":true,"href":"https:\/\/www.autojm.fr\/blog\/wp-json\/wp\/v2\/media\/14468"}],"wp:attachment":[{"href":"https:\/\/www.autojm.fr\/blog\/wp-json\/wp\/v2\/media?parent=14466"}],"wp:term":[{"taxonomy":"category","embeddable":true,"href":"https:\/\/www.autojm.fr\/blog\/wp-json\/wp\/v2\/categories?post=14466"},{"taxonomy":"post_tag","embeddable":true,"href":"https:\/\/www.autojm.fr\/blog\/wp-json\/wp\/v2\/tags?post=14466"}],"curies":[{"name":"wp","href":"https:\/\/api.w.org\/{rel}","templated":true}]}}