{"id":14448,"date":"2023-11-27T12:35:04","date_gmt":"2023-11-27T12:35:04","guid":{"rendered":"https:\/\/www.autojm.fr\/blog\/?p=14448"},"modified":"2023-11-27T12:39:53","modified_gmt":"2023-11-27T12:39:53","slug":"voiture-de-lannee-2024-les-7-modeles-en-lice","status":"publish","type":"post","link":"https:\/\/www.autojm.fr\/blog\/voiture-de-lannee-2024-les-7-modeles-en-lice\/","title":{"rendered":"Voiture de l\u2019ann\u00e9e 2024 : les 7 mod\u00e8les en lice\u00a0"},"content":{"rendered":"","protected":false},"excerpt":{"rendered":"<p>D\u00e9cern\u00e9 le 26 f\u00e9vrier prochain \u00e0 l\u2019occasion des 100 ans du Salon de Gen\u00e8ve, le troph\u00e9e de la Voiture de l\u2019ann\u00e9e r\u00e9compense le meilleur mod\u00e8le du march\u00e9 europ\u00e9en depuis sa cr\u00e9ation en 1964. Pr\u00e9sentation des sept finalistes qui concourent \u00e0 l\u2019\u00e9lection de Car Of The Year 2024 (COTY).  <\/p>\n","protected":false},"author":6,"featured_media":14450,"comment_status":"open","ping_status":"open","sticky":false,"template":"","format":"standard","meta":{"_acf_changed":false,"content-type":"","footnotes":""},"categories":[5],"tags":[88,336,333,314,91,103,318,90,301,188,87,79,92,74,105,368,98,207,259,106,83,80,108,73,78,193,214,169,96],"class_list":["post-14448","post","type-post","status-publish","format-standard","has-post-thumbnail","hentry","category-actualite-automobile","tag-88","tag-336","tag-333","tag-314","tag-arkana","tag-audi","tag-austral","tag-autojm","tag-c3","tag-c5-aircross","tag-captur","tag-citroen","tag-clio-5","tag-dacia","tag-ds","tag-ds-7","tag-formentor","tag-golf-8","tag-hyundai","tag-kia","tag-leon-5-portes","tag-leon-sportstourer","tag-nissan","tag-peugeot","tag-renault","tag-skoda","tag-tiguan","tag-toyota","tag-volkswagen"],"acf":[],"yoast_head":"<!-- This site is optimized with the Yoast SEO plugin v27.5 - https:\/\/yoast.com\/product\/yoast-seo-wordpress\/ -->\n<title>Voiture de l\u2019ann\u00e9e 2024 : les 7 mod\u00e8les en lice\u00a0 - AutoJM Mag<\/title>\n<meta name=\"description\" content=\"D\u00e9cern\u00e9 le 26 f\u00e9vrier prochain \u00e0 l\u2019occasion des 100 ans du Salon de Gen\u00e8ve, le troph\u00e9e de la Voiture de l\u2019ann\u00e9e r\u00e9compense le meilleur...\" \/>\n<meta name=\"robots\" content=\"index, follow, max-snippet:-1, max-image-preview:large, max-video-preview:-1\" \/>\n<link rel=\"canonical\" href=\"https:\/\/www.autojm.fr\/blog\/voiture-de-lannee-2024-les-7-modeles-en-lice\/\" \/>\n<meta property=\"og:locale\" content=\"fr_FR\" \/>\n<meta property=\"og:type\" content=\"article\" \/>\n<meta property=\"og:title\" content=\"Voiture de l\u2019ann\u00e9e 2024 : les 7 mod\u00e8les en lice\u00a0 - AutoJM Mag\" \/>\n<meta property=\"og:description\" content=\"D\u00e9cern\u00e9 le 26 f\u00e9vrier prochain \u00e0 l\u2019occasion des 100 ans du Salon de Gen\u00e8ve, le troph\u00e9e de la Voiture de l\u2019ann\u00e9e r\u00e9compense le meilleur...\" \/>\n<meta property=\"og:url\" content=\"https:\/\/www.autojm.fr\/blog\/voiture-de-lannee-2024-les-7-modeles-en-lice\/\" \/>\n<meta property=\"og:site_name\" content=\"AutoJM Mag\" \/>\n<meta property=\"article:publisher\" content=\"https:\/\/www.facebook.com\/AutoJM25\" \/>\n<meta property=\"article:published_time\" content=\"2023-11-27T12:35:04+00:00\" \/>\n<meta property=\"article:modified_time\" content=\"2023-11-27T12:39:53+00:00\" \/>\n<meta property=\"og:image\" content=\"https:\/\/www.autojm.fr\/blog\/wp-content\/uploads\/2023\/11\/Voiture-de-lannee-2024.jpg\" \/>\n\t<meta property=\"og:image:width\" content=\"1000\" \/>\n\t<meta property=\"og:image:height\" content=\"500\" \/>\n\t<meta property=\"og:image:type\" content=\"image\/jpeg\" \/>\n<meta name=\"author\" content=\"Justine Tripard\" \/>\n<meta name=\"twitter:card\" content=\"summary_large_image\" \/>\n<meta name=\"twitter:label1\" content=\"\u00c9crit par\" \/>\n\t<meta name=\"twitter:data1\" content=\"Justine Tripard\" \/>\n<script type=\"application\/ld+json\" class=\"yoast-schema-graph\">{\"@context\":\"https:\\\/\\\/schema.org\",\"@graph\":[{\"@type\":\"Article\",\"@id\":\"https:\\\/\\\/www.autojm.fr\\\/blog\\\/voiture-de-lannee-2024-les-7-modeles-en-lice\\\/#article\",\"isPartOf\":{\"@id\":\"https:\\\/\\\/www.autojm.fr\\\/blog\\\/voiture-de-lannee-2024-les-7-modeles-en-lice\\\/\"},\"author\":{\"name\":\"Justine Tripard\",\"@id\":\"https:\\\/\\\/www.autojm.fr\\\/blog\\\/#\\\/schema\\\/person\\\/1cc83a91548d88a62eb8cf06f562a72c\"},\"headline\":\"Voiture de l\u2019ann\u00e9e 2024 : les 7 mod\u00e8les en lice\u00a0\",\"datePublished\":\"2023-11-27T12:35:04+00:00\",\"dateModified\":\"2023-11-27T12:39:53+00:00\",\"mainEntityOfPage\":{\"@id\":\"https:\\\/\\\/www.autojm.fr\\\/blog\\\/voiture-de-lannee-2024-les-7-modeles-en-lice\\\/\"},\"wordCount\":10,\"commentCount\":0,\"publisher\":{\"@id\":\"https:\\\/\\\/www.autojm.fr\\\/blog\\\/#organization\"},\"image\":{\"@id\":\"https:\\\/\\\/www.autojm.fr\\\/blog\\\/voiture-de-lannee-2024-les-7-modeles-en-lice\\\/#primaryimage\"},\"thumbnailUrl\":\"https:\\\/\\\/www.autojm.fr\\\/blog\\\/wp-content\\\/uploads\\\/2023\\\/11\\\/Voiture-de-lannee-2024.jpg\",\"keywords\":[\"208\",\"3008\",\"308\",\"408\",\"arkana\",\"Audi\",\"Austral\",\"autojm\",\"C3\",\"C5 Aircross\",\"captur\",\"citroen\",\"Clio 5\",\"dacia\",\"DS\",\"DS 7\",\"formentor\",\"Golf 8\",\"Hyundai\",\"Kia\",\"leon 5 portes\",\"leon sportstourer\",\"Nissan\",\"peugeot\",\"renault\",\"Skoda\",\"Tiguan\",\"Toyota\",\"Volkswagen\"],\"articleSection\":[\"Actualit\u00e9 Automobile\"],\"inLanguage\":\"fr-FR\",\"potentialAction\":[{\"@type\":\"CommentAction\",\"name\":\"Comment\",\"target\":[\"https:\\\/\\\/www.autojm.fr\\\/blog\\\/voiture-de-lannee-2024-les-7-modeles-en-lice\\\/#respond\"]}]},{\"@type\":\"WebPage\",\"@id\":\"https:\\\/\\\/www.autojm.fr\\\/blog\\\/voiture-de-lannee-2024-les-7-modeles-en-lice\\\/\",\"url\":\"https:\\\/\\\/www.autojm.fr\\\/blog\\\/voiture-de-lannee-2024-les-7-modeles-en-lice\\\/\",\"name\":\"Voiture de l\u2019ann\u00e9e 2024 : les 7 mod\u00e8les en lice\u00a0 - AutoJM Mag\",\"isPartOf\":{\"@id\":\"https:\\\/\\\/www.autojm.fr\\\/blog\\\/#website\"},\"primaryImageOfPage\":{\"@id\":\"https:\\\/\\\/www.autojm.fr\\\/blog\\\/voiture-de-lannee-2024-les-7-modeles-en-lice\\\/#primaryimage\"},\"image\":{\"@id\":\"https:\\\/\\\/www.autojm.fr\\\/blog\\\/voiture-de-lannee-2024-les-7-modeles-en-lice\\\/#primaryimage\"},\"thumbnailUrl\":\"https:\\\/\\\/www.autojm.fr\\\/blog\\\/wp-content\\\/uploads\\\/2023\\\/11\\\/Voiture-de-lannee-2024.jpg\",\"datePublished\":\"2023-11-27T12:35:04+00:00\",\"dateModified\":\"2023-11-27T12:39:53+00:00\",\"description\":\"D\u00e9cern\u00e9 le 26 f\u00e9vrier prochain \u00e0 l\u2019occasion des 100 ans du Salon de Gen\u00e8ve, le troph\u00e9e de la Voiture de l\u2019ann\u00e9e r\u00e9compense le meilleur...\",\"breadcrumb\":{\"@id\":\"https:\\\/\\\/www.autojm.fr\\\/blog\\\/voiture-de-lannee-2024-les-7-modeles-en-lice\\\/#breadcrumb\"},\"inLanguage\":\"fr-FR\",\"potentialAction\":[{\"@type\":\"ReadAction\",\"target\":[\"https:\\\/\\\/www.autojm.fr\\\/blog\\\/voiture-de-lannee-2024-les-7-modeles-en-lice\\\/\"]}]},{\"@type\":\"ImageObject\",\"inLanguage\":\"fr-FR\",\"@id\":\"https:\\\/\\\/www.autojm.fr\\\/blog\\\/voiture-de-lannee-2024-les-7-modeles-en-lice\\\/#primaryimage\",\"url\":\"https:\\\/\\\/www.autojm.fr\\\/blog\\\/wp-content\\\/uploads\\\/2023\\\/11\\\/Voiture-de-lannee-2024.jpg\",\"contentUrl\":\"https:\\\/\\\/www.autojm.fr\\\/blog\\\/wp-content\\\/uploads\\\/2023\\\/11\\\/Voiture-de-lannee-2024.jpg\",\"width\":1000,\"height\":500,\"caption\":\"Voiture de l'ann\u00e9e 2024\"},{\"@type\":\"BreadcrumbList\",\"@id\":\"https:\\\/\\\/www.autojm.fr\\\/blog\\\/voiture-de-lannee-2024-les-7-modeles-en-lice\\\/#breadcrumb\",\"itemListElement\":[{\"@type\":\"ListItem\",\"position\":1,\"name\":\"Accueil\",\"item\":\"https:\\\/\\\/www.autojm.fr\\\/blog\\\/\"},{\"@type\":\"ListItem\",\"position\":2,\"name\":\"Actualit\u00e9 Automobile\",\"item\":\"https:\\\/\\\/www.autojm.fr\\\/blog\\\/actualite-automobile\\\/\"},{\"@type\":\"ListItem\",\"position\":3,\"name\":\"Voiture de l\u2019ann\u00e9e 2024 : les 7 mod\u00e8les en lice\u00a0\"}]},{\"@type\":\"WebSite\",\"@id\":\"https:\\\/\\\/www.autojm.fr\\\/blog\\\/#website\",\"url\":\"https:\\\/\\\/www.autojm.fr\\\/blog\\\/\",\"name\":\"AutoJM Mag\",\"description\":\"Toute l&#039;actu auto en 1 clic !\",\"publisher\":{\"@id\":\"https:\\\/\\\/www.autojm.fr\\\/blog\\\/#organization\"},\"potentialAction\":[{\"@type\":\"SearchAction\",\"target\":{\"@type\":\"EntryPoint\",\"urlTemplate\":\"https:\\\/\\\/www.autojm.fr\\\/blog\\\/?s={search_term_string}\"},\"query-input\":{\"@type\":\"PropertyValueSpecification\",\"valueRequired\":true,\"valueName\":\"search_term_string\"}}],\"inLanguage\":\"fr-FR\"},{\"@type\":\"Organization\",\"@id\":\"https:\\\/\\\/www.autojm.fr\\\/blog\\\/#organization\",\"name\":\"AutoJM Mag\",\"url\":\"https:\\\/\\\/www.autojm.fr\\\/blog\\\/\",\"logo\":{\"@type\":\"ImageObject\",\"inLanguage\":\"fr-FR\",\"@id\":\"https:\\\/\\\/www.autojm.fr\\\/blog\\\/#\\\/schema\\\/logo\\\/image\\\/\",\"url\":\"https:\\\/\\\/www.autojm.fr\\\/blog\\\/wp-content\\\/uploads\\\/2022\\\/12\\\/cropped-AutoJMag-png.png\",\"contentUrl\":\"https:\\\/\\\/www.autojm.fr\\\/blog\\\/wp-content\\\/uploads\\\/2022\\\/12\\\/cropped-AutoJMag-png.png\",\"width\":2834,\"height\":585,\"caption\":\"AutoJM Mag\"},\"image\":{\"@id\":\"https:\\\/\\\/www.autojm.fr\\\/blog\\\/#\\\/schema\\\/logo\\\/image\\\/\"},\"sameAs\":[\"https:\\\/\\\/www.facebook.com\\\/AutoJM25\"]},{\"@type\":\"Person\",\"@id\":\"https:\\\/\\\/www.autojm.fr\\\/blog\\\/#\\\/schema\\\/person\\\/1cc83a91548d88a62eb8cf06f562a72c\",\"name\":\"Justine Tripard\",\"image\":{\"@type\":\"ImageObject\",\"inLanguage\":\"fr-FR\",\"@id\":\"https:\\\/\\\/secure.gravatar.com\\\/avatar\\\/b8b45209a4cf0b7b127b9238ec348090e7302306d2485eeaab17b6761fe84991?s=96&d=mm&r=g\",\"url\":\"https:\\\/\\\/secure.gravatar.com\\\/avatar\\\/b8b45209a4cf0b7b127b9238ec348090e7302306d2485eeaab17b6761fe84991?s=96&d=mm&r=g\",\"contentUrl\":\"https:\\\/\\\/secure.gravatar.com\\\/avatar\\\/b8b45209a4cf0b7b127b9238ec348090e7302306d2485eeaab17b6761fe84991?s=96&d=mm&r=g\",\"caption\":\"Justine Tripard\"},\"url\":\"https:\\\/\\\/www.autojm.fr\\\/blog\\\/author\\\/justine\\\/\"}]}<\/script>\n<!-- \/ Yoast SEO plugin. -->","yoast_head_json":{"title":"Voiture de l\u2019ann\u00e9e 2024 : les 7 mod\u00e8les en lice\u00a0 - AutoJM Mag","description":"D\u00e9cern\u00e9 le 26 f\u00e9vrier prochain \u00e0 l\u2019occasion des 100 ans du Salon de Gen\u00e8ve, le troph\u00e9e de la Voiture de l\u2019ann\u00e9e r\u00e9compense le meilleur...","robots":{"index":"index","follow":"follow","max-snippet":"max-snippet:-1","max-image-preview":"max-image-preview:large","max-video-preview":"max-video-preview:-1"},"canonical":"https:\/\/www.autojm.fr\/blog\/voiture-de-lannee-2024-les-7-modeles-en-lice\/","og_locale":"fr_FR","og_type":"article","og_title":"Voiture de l\u2019ann\u00e9e 2024 : les 7 mod\u00e8les en lice\u00a0 - AutoJM Mag","og_description":"D\u00e9cern\u00e9 le 26 f\u00e9vrier prochain \u00e0 l\u2019occasion des 100 ans du Salon de Gen\u00e8ve, le troph\u00e9e de la Voiture de l\u2019ann\u00e9e r\u00e9compense le meilleur...","og_url":"https:\/\/www.autojm.fr\/blog\/voiture-de-lannee-2024-les-7-modeles-en-lice\/","og_site_name":"AutoJM Mag","article_publisher":"https:\/\/www.facebook.com\/AutoJM25","article_published_time":"2023-11-27T12:35:04+00:00","article_modified_time":"2023-11-27T12:39:53+00:00","og_image":[{"width":1000,"height":500,"url":"https:\/\/www.autojm.fr\/blog\/wp-content\/uploads\/2023\/11\/Voiture-de-lannee-2024.jpg","type":"image\/jpeg"}],"author":"Justine Tripard","twitter_card":"summary_large_image","twitter_misc":{"\u00c9crit par":"Justine Tripard"},"schema":{"@context":"https:\/\/schema.org","@graph":[{"@type":"Article","@id":"https:\/\/www.autojm.fr\/blog\/voiture-de-lannee-2024-les-7-modeles-en-lice\/#article","isPartOf":{"@id":"https:\/\/www.autojm.fr\/blog\/voiture-de-lannee-2024-les-7-modeles-en-lice\/"},"author":{"name":"Justine Tripard","@id":"https:\/\/www.autojm.fr\/blog\/#\/schema\/person\/1cc83a91548d88a62eb8cf06f562a72c"},"headline":"Voiture de l\u2019ann\u00e9e 2024 : les 7 mod\u00e8les en lice\u00a0","datePublished":"2023-11-27T12:35:04+00:00","dateModified":"2023-11-27T12:39:53+00:00","mainEntityOfPage":{"@id":"https:\/\/www.autojm.fr\/blog\/voiture-de-lannee-2024-les-7-modeles-en-lice\/"},"wordCount":10,"commentCount":0,"publisher":{"@id":"https:\/\/www.autojm.fr\/blog\/#organization"},"image":{"@id":"https:\/\/www.autojm.fr\/blog\/voiture-de-lannee-2024-les-7-modeles-en-lice\/#primaryimage"},"thumbnailUrl":"https:\/\/www.autojm.fr\/blog\/wp-content\/uploads\/2023\/11\/Voiture-de-lannee-2024.jpg","keywords":["208","3008","308","408","arkana","Audi","Austral","autojm","C3","C5 Aircross","captur","citroen","Clio 5","dacia","DS","DS 7","formentor","Golf 8","Hyundai","Kia","leon 5 portes","leon sportstourer","Nissan","peugeot","renault","Skoda","Tiguan","Toyota","Volkswagen"],"articleSection":["Actualit\u00e9 Automobile"],"inLanguage":"fr-FR","potentialAction":[{"@type":"CommentAction","name":"Comment","target":["https:\/\/www.autojm.fr\/blog\/voiture-de-lannee-2024-les-7-modeles-en-lice\/#respond"]}]},{"@type":"WebPage","@id":"https:\/\/www.autojm.fr\/blog\/voiture-de-lannee-2024-les-7-modeles-en-lice\/","url":"https:\/\/www.autojm.fr\/blog\/voiture-de-lannee-2024-les-7-modeles-en-lice\/","name":"Voiture de l\u2019ann\u00e9e 2024 : les 7 mod\u00e8les en lice\u00a0 - AutoJM Mag","isPartOf":{"@id":"https:\/\/www.autojm.fr\/blog\/#website"},"primaryImageOfPage":{"@id":"https:\/\/www.autojm.fr\/blog\/voiture-de-lannee-2024-les-7-modeles-en-lice\/#primaryimage"},"image":{"@id":"https:\/\/www.autojm.fr\/blog\/voiture-de-lannee-2024-les-7-modeles-en-lice\/#primaryimage"},"thumbnailUrl":"https:\/\/www.autojm.fr\/blog\/wp-content\/uploads\/2023\/11\/Voiture-de-lannee-2024.jpg","datePublished":"2023-11-27T12:35:04+00:00","dateModified":"2023-11-27T12:39:53+00:00","description":"D\u00e9cern\u00e9 le 26 f\u00e9vrier prochain \u00e0 l\u2019occasion des 100 ans du Salon de Gen\u00e8ve, le troph\u00e9e de la Voiture de l\u2019ann\u00e9e r\u00e9compense le meilleur...","breadcrumb":{"@id":"https:\/\/www.autojm.fr\/blog\/voiture-de-lannee-2024-les-7-modeles-en-lice\/#breadcrumb"},"inLanguage":"fr-FR","potentialAction":[{"@type":"ReadAction","target":["https:\/\/www.autojm.fr\/blog\/voiture-de-lannee-2024-les-7-modeles-en-lice\/"]}]},{"@type":"ImageObject","inLanguage":"fr-FR","@id":"https:\/\/www.autojm.fr\/blog\/voiture-de-lannee-2024-les-7-modeles-en-lice\/#primaryimage","url":"https:\/\/www.autojm.fr\/blog\/wp-content\/uploads\/2023\/11\/Voiture-de-lannee-2024.jpg","contentUrl":"https:\/\/www.autojm.fr\/blog\/wp-content\/uploads\/2023\/11\/Voiture-de-lannee-2024.jpg","width":1000,"height":500,"caption":"Voiture de l'ann\u00e9e 2024"},{"@type":"BreadcrumbList","@id":"https:\/\/www.autojm.fr\/blog\/voiture-de-lannee-2024-les-7-modeles-en-lice\/#breadcrumb","itemListElement":[{"@type":"ListItem","position":1,"name":"Accueil","item":"https:\/\/www.autojm.fr\/blog\/"},{"@type":"ListItem","position":2,"name":"Actualit\u00e9 Automobile","item":"https:\/\/www.autojm.fr\/blog\/actualite-automobile\/"},{"@type":"ListItem","position":3,"name":"Voiture de l\u2019ann\u00e9e 2024 : les 7 mod\u00e8les en lice\u00a0"}]},{"@type":"WebSite","@id":"https:\/\/www.autojm.fr\/blog\/#website","url":"https:\/\/www.autojm.fr\/blog\/","name":"AutoJM Mag","description":"Toute l&#039;actu auto en 1 clic !","publisher":{"@id":"https:\/\/www.autojm.fr\/blog\/#organization"},"potentialAction":[{"@type":"SearchAction","target":{"@type":"EntryPoint","urlTemplate":"https:\/\/www.autojm.fr\/blog\/?s={search_term_string}"},"query-input":{"@type":"PropertyValueSpecification","valueRequired":true,"valueName":"search_term_string"}}],"inLanguage":"fr-FR"},{"@type":"Organization","@id":"https:\/\/www.autojm.fr\/blog\/#organization","name":"AutoJM Mag","url":"https:\/\/www.autojm.fr\/blog\/","logo":{"@type":"ImageObject","inLanguage":"fr-FR","@id":"https:\/\/www.autojm.fr\/blog\/#\/schema\/logo\/image\/","url":"https:\/\/www.autojm.fr\/blog\/wp-content\/uploads\/2022\/12\/cropped-AutoJMag-png.png","contentUrl":"https:\/\/www.autojm.fr\/blog\/wp-content\/uploads\/2022\/12\/cropped-AutoJMag-png.png","width":2834,"height":585,"caption":"AutoJM Mag"},"image":{"@id":"https:\/\/www.autojm.fr\/blog\/#\/schema\/logo\/image\/"},"sameAs":["https:\/\/www.facebook.com\/AutoJM25"]},{"@type":"Person","@id":"https:\/\/www.autojm.fr\/blog\/#\/schema\/person\/1cc83a91548d88a62eb8cf06f562a72c","name":"Justine Tripard","image":{"@type":"ImageObject","inLanguage":"fr-FR","@id":"https:\/\/secure.gravatar.com\/avatar\/b8b45209a4cf0b7b127b9238ec348090e7302306d2485eeaab17b6761fe84991?s=96&d=mm&r=g","url":"https:\/\/secure.gravatar.com\/avatar\/b8b45209a4cf0b7b127b9238ec348090e7302306d2485eeaab17b6761fe84991?s=96&d=mm&r=g","contentUrl":"https:\/\/secure.gravatar.com\/avatar\/b8b45209a4cf0b7b127b9238ec348090e7302306d2485eeaab17b6761fe84991?s=96&d=mm&r=g","caption":"Justine Tripard"},"url":"https:\/\/www.autojm.fr\/blog\/author\/justine\/"}]}},"_links":{"self":[{"href":"https:\/\/www.autojm.fr\/blog\/wp-json\/wp\/v2\/posts\/14448","targetHints":{"allow":["GET"]}}],"collection":[{"href":"https:\/\/www.autojm.fr\/blog\/wp-json\/wp\/v2\/posts"}],"about":[{"href":"https:\/\/www.autojm.fr\/blog\/wp-json\/wp\/v2\/types\/post"}],"author":[{"embeddable":true,"href":"https:\/\/www.autojm.fr\/blog\/wp-json\/wp\/v2\/users\/6"}],"replies":[{"embeddable":true,"href":"https:\/\/www.autojm.fr\/blog\/wp-json\/wp\/v2\/comments?post=14448"}],"version-history":[{"count":3,"href":"https:\/\/www.autojm.fr\/blog\/wp-json\/wp\/v2\/posts\/14448\/revisions"}],"predecessor-version":[{"id":14460,"href":"https:\/\/www.autojm.fr\/blog\/wp-json\/wp\/v2\/posts\/14448\/revisions\/14460"}],"wp:featuredmedia":[{"embeddable":true,"href":"https:\/\/www.autojm.fr\/blog\/wp-json\/wp\/v2\/media\/14450"}],"wp:attachment":[{"href":"https:\/\/www.autojm.fr\/blog\/wp-json\/wp\/v2\/media?parent=14448"}],"wp:term":[{"taxonomy":"category","embeddable":true,"href":"https:\/\/www.autojm.fr\/blog\/wp-json\/wp\/v2\/categories?post=14448"},{"taxonomy":"post_tag","embeddable":true,"href":"https:\/\/www.autojm.fr\/blog\/wp-json\/wp\/v2\/tags?post=14448"}],"curies":[{"name":"wp","href":"https:\/\/api.w.org\/{rel}","templated":true}]}}