{"id":14371,"date":"2024-11-18T10:23:26","date_gmt":"2024-11-18T08:23:26","guid":{"rendered":"https:\/\/www.autojm.fr\/blog\/?p=14371"},"modified":"2025-10-17T13:58:26","modified_gmt":"2025-10-17T11:58:26","slug":"black-week-autojm-offre-le-premier-loyer-de-loa-et-la-livraison-a-domicile","status":"publish","type":"post","link":"https:\/\/www.autojm.fr\/blog\/black-week-autojm-offre-le-premier-loyer-de-loa-et-la-livraison-a-domicile\/","title":{"rendered":"Black Week : promotions AutoJM"},"content":{"rendered":"","protected":false},"excerpt":{"rendered":"<p>\u00c9v\u00e8nement commercial qui marque l&rsquo;ouverture de la traditionnelle saison des achats de fin d\u2019ann\u00e9e, le Black Friday constitue pour AutoJM l\u2019occasion de lancer sa Black Week. Une semaine durant, le mandataire automobile propose une offre exceptionnelle.<\/p>\n","protected":false},"author":6,"featured_media":20190,"comment_status":"open","ping_status":"open","sticky":false,"template":"","format":"standard","meta":{"_acf_changed":false,"content-type":"","footnotes":""},"categories":[5],"tags":[88,336,333,314,91,103,318,90,301,188,87,79,92,74,105,368,98,207,259,106,83,80,108,73,78,193,214,169,96],"class_list":["post-14371","post","type-post","status-publish","format-standard","has-post-thumbnail","hentry","category-actualite-automobile","tag-88","tag-336","tag-333","tag-314","tag-arkana","tag-audi","tag-austral","tag-autojm","tag-c3","tag-c5-aircross","tag-captur","tag-citroen","tag-clio-5","tag-dacia","tag-ds","tag-ds-7","tag-formentor","tag-golf-8","tag-hyundai","tag-kia","tag-leon-5-portes","tag-leon-sportstourer","tag-nissan","tag-peugeot","tag-renault","tag-skoda","tag-tiguan","tag-toyota","tag-volkswagen"],"acf":[],"yoast_head":"<!-- This site is optimized with the Yoast SEO plugin v27.5 - https:\/\/yoast.com\/product\/yoast-seo-wordpress\/ -->\n<title>Black Friday : AutoJM vous offre 200\u20ac de carburants- AutoJM Mag<\/title>\n<meta name=\"description\" content=\"\u00c9v\u00e8nement commercial qui marque l&#039;ouverture de la traditionnelle saison des achats de fin d\u2019ann\u00e9e, le Black Friday constitue pour AutoJM...\" \/>\n<meta name=\"robots\" content=\"index, follow, max-snippet:-1, max-image-preview:large, max-video-preview:-1\" \/>\n<link rel=\"canonical\" href=\"https:\/\/www.autojm.fr\/blog\/black-week-autojm-offre-le-premier-loyer-de-loa-et-la-livraison-a-domicile\/\" \/>\n<meta property=\"og:locale\" content=\"fr_FR\" \/>\n<meta property=\"og:type\" content=\"article\" \/>\n<meta property=\"og:title\" content=\"Black Friday : AutoJM vous offre 200\u20ac de carburants- AutoJM Mag\" \/>\n<meta property=\"og:description\" content=\"\u00c9v\u00e8nement commercial qui marque l&#039;ouverture de la traditionnelle saison des achats de fin d\u2019ann\u00e9e, le Black Friday constitue pour AutoJM...\" \/>\n<meta property=\"og:url\" content=\"https:\/\/www.autojm.fr\/blog\/black-week-autojm-offre-le-premier-loyer-de-loa-et-la-livraison-a-domicile\/\" \/>\n<meta property=\"og:site_name\" content=\"AutoJM Mag\" \/>\n<meta property=\"article:publisher\" content=\"https:\/\/www.facebook.com\/AutoJM25\" \/>\n<meta property=\"article:published_time\" content=\"2024-11-18T08:23:26+00:00\" \/>\n<meta property=\"article:modified_time\" content=\"2025-10-17T11:58:26+00:00\" \/>\n<meta property=\"og:image\" content=\"https:\/\/www.autojm.fr\/blog\/wp-content\/uploads\/2024\/11\/image-top-13.png\" \/>\n\t<meta property=\"og:image:width\" content=\"1000\" \/>\n\t<meta property=\"og:image:height\" content=\"500\" \/>\n\t<meta property=\"og:image:type\" content=\"image\/png\" \/>\n<meta name=\"author\" content=\"Justine Tripard\" \/>\n<meta name=\"twitter:card\" content=\"summary_large_image\" \/>\n<meta name=\"twitter:label1\" content=\"\u00c9crit par\" \/>\n\t<meta name=\"twitter:data1\" content=\"Justine Tripard\" \/>\n\t<meta name=\"twitter:label2\" content=\"Dur\u00e9e de lecture estim\u00e9e\" \/>\n\t<meta name=\"twitter:data2\" content=\"3 minutes\" \/>\n<script type=\"application\/ld+json\" class=\"yoast-schema-graph\">{\"@context\":\"https:\\\/\\\/schema.org\",\"@graph\":[{\"@type\":\"Article\",\"@id\":\"https:\\\/\\\/www.autojm.fr\\\/blog\\\/black-week-autojm-offre-le-premier-loyer-de-loa-et-la-livraison-a-domicile\\\/#article\",\"isPartOf\":{\"@id\":\"https:\\\/\\\/www.autojm.fr\\\/blog\\\/black-week-autojm-offre-le-premier-loyer-de-loa-et-la-livraison-a-domicile\\\/\"},\"author\":{\"name\":\"Justine Tripard\",\"@id\":\"https:\\\/\\\/www.autojm.fr\\\/blog\\\/#\\\/schema\\\/person\\\/1cc83a91548d88a62eb8cf06f562a72c\"},\"headline\":\"Black Week : promotions AutoJM\",\"datePublished\":\"2024-11-18T08:23:26+00:00\",\"dateModified\":\"2025-10-17T11:58:26+00:00\",\"mainEntityOfPage\":{\"@id\":\"https:\\\/\\\/www.autojm.fr\\\/blog\\\/black-week-autojm-offre-le-premier-loyer-de-loa-et-la-livraison-a-domicile\\\/\"},\"wordCount\":4,\"commentCount\":0,\"publisher\":{\"@id\":\"https:\\\/\\\/www.autojm.fr\\\/blog\\\/#organization\"},\"image\":{\"@id\":\"https:\\\/\\\/www.autojm.fr\\\/blog\\\/black-week-autojm-offre-le-premier-loyer-de-loa-et-la-livraison-a-domicile\\\/#primaryimage\"},\"thumbnailUrl\":\"https:\\\/\\\/www.autojm.fr\\\/blog\\\/wp-content\\\/uploads\\\/2024\\\/11\\\/image-top-13.png\",\"keywords\":[\"208\",\"3008\",\"308\",\"408\",\"arkana\",\"Audi\",\"Austral\",\"autojm\",\"C3\",\"C5 Aircross\",\"captur\",\"citroen\",\"Clio 5\",\"dacia\",\"DS\",\"DS 7\",\"formentor\",\"Golf 8\",\"Hyundai\",\"Kia\",\"leon 5 portes\",\"leon sportstourer\",\"Nissan\",\"peugeot\",\"renault\",\"Skoda\",\"Tiguan\",\"Toyota\",\"Volkswagen\"],\"articleSection\":[\"Actualit\u00e9 Automobile\"],\"inLanguage\":\"fr-FR\",\"potentialAction\":[{\"@type\":\"CommentAction\",\"name\":\"Comment\",\"target\":[\"https:\\\/\\\/www.autojm.fr\\\/blog\\\/black-week-autojm-offre-le-premier-loyer-de-loa-et-la-livraison-a-domicile\\\/#respond\"]}]},{\"@type\":\"WebPage\",\"@id\":\"https:\\\/\\\/www.autojm.fr\\\/blog\\\/black-week-autojm-offre-le-premier-loyer-de-loa-et-la-livraison-a-domicile\\\/\",\"url\":\"https:\\\/\\\/www.autojm.fr\\\/blog\\\/black-week-autojm-offre-le-premier-loyer-de-loa-et-la-livraison-a-domicile\\\/\",\"name\":\"Black Friday : AutoJM vous offre 200\u20ac de carburants- AutoJM Mag\",\"isPartOf\":{\"@id\":\"https:\\\/\\\/www.autojm.fr\\\/blog\\\/#website\"},\"primaryImageOfPage\":{\"@id\":\"https:\\\/\\\/www.autojm.fr\\\/blog\\\/black-week-autojm-offre-le-premier-loyer-de-loa-et-la-livraison-a-domicile\\\/#primaryimage\"},\"image\":{\"@id\":\"https:\\\/\\\/www.autojm.fr\\\/blog\\\/black-week-autojm-offre-le-premier-loyer-de-loa-et-la-livraison-a-domicile\\\/#primaryimage\"},\"thumbnailUrl\":\"https:\\\/\\\/www.autojm.fr\\\/blog\\\/wp-content\\\/uploads\\\/2024\\\/11\\\/image-top-13.png\",\"datePublished\":\"2024-11-18T08:23:26+00:00\",\"dateModified\":\"2025-10-17T11:58:26+00:00\",\"description\":\"\u00c9v\u00e8nement commercial qui marque l'ouverture de la traditionnelle saison des achats de fin d\u2019ann\u00e9e, le Black Friday constitue pour AutoJM...\",\"breadcrumb\":{\"@id\":\"https:\\\/\\\/www.autojm.fr\\\/blog\\\/black-week-autojm-offre-le-premier-loyer-de-loa-et-la-livraison-a-domicile\\\/#breadcrumb\"},\"inLanguage\":\"fr-FR\",\"potentialAction\":[{\"@type\":\"ReadAction\",\"target\":[\"https:\\\/\\\/www.autojm.fr\\\/blog\\\/black-week-autojm-offre-le-premier-loyer-de-loa-et-la-livraison-a-domicile\\\/\"]}]},{\"@type\":\"ImageObject\",\"inLanguage\":\"fr-FR\",\"@id\":\"https:\\\/\\\/www.autojm.fr\\\/blog\\\/black-week-autojm-offre-le-premier-loyer-de-loa-et-la-livraison-a-domicile\\\/#primaryimage\",\"url\":\"https:\\\/\\\/www.autojm.fr\\\/blog\\\/wp-content\\\/uploads\\\/2024\\\/11\\\/image-top-13.png\",\"contentUrl\":\"https:\\\/\\\/www.autojm.fr\\\/blog\\\/wp-content\\\/uploads\\\/2024\\\/11\\\/image-top-13.png\",\"width\":1000,\"height\":500,\"caption\":\"promo blackfriday\"},{\"@type\":\"BreadcrumbList\",\"@id\":\"https:\\\/\\\/www.autojm.fr\\\/blog\\\/black-week-autojm-offre-le-premier-loyer-de-loa-et-la-livraison-a-domicile\\\/#breadcrumb\",\"itemListElement\":[{\"@type\":\"ListItem\",\"position\":1,\"name\":\"Accueil\",\"item\":\"https:\\\/\\\/www.autojm.fr\\\/blog\\\/\"},{\"@type\":\"ListItem\",\"position\":2,\"name\":\"Actualit\u00e9 Automobile\",\"item\":\"https:\\\/\\\/www.autojm.fr\\\/blog\\\/actualite-automobile\\\/\"},{\"@type\":\"ListItem\",\"position\":3,\"name\":\"Black Week : promotions AutoJM\"}]},{\"@type\":\"WebSite\",\"@id\":\"https:\\\/\\\/www.autojm.fr\\\/blog\\\/#website\",\"url\":\"https:\\\/\\\/www.autojm.fr\\\/blog\\\/\",\"name\":\"AutoJM Mag\",\"description\":\"Toute l&#039;actu auto en 1 clic !\",\"publisher\":{\"@id\":\"https:\\\/\\\/www.autojm.fr\\\/blog\\\/#organization\"},\"potentialAction\":[{\"@type\":\"SearchAction\",\"target\":{\"@type\":\"EntryPoint\",\"urlTemplate\":\"https:\\\/\\\/www.autojm.fr\\\/blog\\\/?s={search_term_string}\"},\"query-input\":{\"@type\":\"PropertyValueSpecification\",\"valueRequired\":true,\"valueName\":\"search_term_string\"}}],\"inLanguage\":\"fr-FR\"},{\"@type\":\"Organization\",\"@id\":\"https:\\\/\\\/www.autojm.fr\\\/blog\\\/#organization\",\"name\":\"AutoJM Mag\",\"url\":\"https:\\\/\\\/www.autojm.fr\\\/blog\\\/\",\"logo\":{\"@type\":\"ImageObject\",\"inLanguage\":\"fr-FR\",\"@id\":\"https:\\\/\\\/www.autojm.fr\\\/blog\\\/#\\\/schema\\\/logo\\\/image\\\/\",\"url\":\"https:\\\/\\\/www.autojm.fr\\\/blog\\\/wp-content\\\/uploads\\\/2022\\\/12\\\/cropped-AutoJMag-png.png\",\"contentUrl\":\"https:\\\/\\\/www.autojm.fr\\\/blog\\\/wp-content\\\/uploads\\\/2022\\\/12\\\/cropped-AutoJMag-png.png\",\"width\":2834,\"height\":585,\"caption\":\"AutoJM Mag\"},\"image\":{\"@id\":\"https:\\\/\\\/www.autojm.fr\\\/blog\\\/#\\\/schema\\\/logo\\\/image\\\/\"},\"sameAs\":[\"https:\\\/\\\/www.facebook.com\\\/AutoJM25\"]},{\"@type\":\"Person\",\"@id\":\"https:\\\/\\\/www.autojm.fr\\\/blog\\\/#\\\/schema\\\/person\\\/1cc83a91548d88a62eb8cf06f562a72c\",\"name\":\"Justine Tripard\",\"image\":{\"@type\":\"ImageObject\",\"inLanguage\":\"fr-FR\",\"@id\":\"https:\\\/\\\/secure.gravatar.com\\\/avatar\\\/b8b45209a4cf0b7b127b9238ec348090e7302306d2485eeaab17b6761fe84991?s=96&d=mm&r=g\",\"url\":\"https:\\\/\\\/secure.gravatar.com\\\/avatar\\\/b8b45209a4cf0b7b127b9238ec348090e7302306d2485eeaab17b6761fe84991?s=96&d=mm&r=g\",\"contentUrl\":\"https:\\\/\\\/secure.gravatar.com\\\/avatar\\\/b8b45209a4cf0b7b127b9238ec348090e7302306d2485eeaab17b6761fe84991?s=96&d=mm&r=g\",\"caption\":\"Justine Tripard\"},\"url\":\"https:\\\/\\\/www.autojm.fr\\\/blog\\\/author\\\/justine\\\/\"}]}<\/script>\n<!-- \/ Yoast SEO plugin. -->","yoast_head_json":{"title":"Black Friday : AutoJM vous offre 200\u20ac de carburants- AutoJM Mag","description":"\u00c9v\u00e8nement commercial qui marque l'ouverture de la traditionnelle saison des achats de fin d\u2019ann\u00e9e, le Black Friday constitue pour AutoJM...","robots":{"index":"index","follow":"follow","max-snippet":"max-snippet:-1","max-image-preview":"max-image-preview:large","max-video-preview":"max-video-preview:-1"},"canonical":"https:\/\/www.autojm.fr\/blog\/black-week-autojm-offre-le-premier-loyer-de-loa-et-la-livraison-a-domicile\/","og_locale":"fr_FR","og_type":"article","og_title":"Black Friday : AutoJM vous offre 200\u20ac de carburants- AutoJM Mag","og_description":"\u00c9v\u00e8nement commercial qui marque l'ouverture de la traditionnelle saison des achats de fin d\u2019ann\u00e9e, le Black Friday constitue pour AutoJM...","og_url":"https:\/\/www.autojm.fr\/blog\/black-week-autojm-offre-le-premier-loyer-de-loa-et-la-livraison-a-domicile\/","og_site_name":"AutoJM Mag","article_publisher":"https:\/\/www.facebook.com\/AutoJM25","article_published_time":"2024-11-18T08:23:26+00:00","article_modified_time":"2025-10-17T11:58:26+00:00","og_image":[{"width":1000,"height":500,"url":"https:\/\/www.autojm.fr\/blog\/wp-content\/uploads\/2024\/11\/image-top-13.png","type":"image\/png"}],"author":"Justine Tripard","twitter_card":"summary_large_image","twitter_misc":{"\u00c9crit par":"Justine Tripard","Dur\u00e9e de lecture estim\u00e9e":"3 minutes"},"schema":{"@context":"https:\/\/schema.org","@graph":[{"@type":"Article","@id":"https:\/\/www.autojm.fr\/blog\/black-week-autojm-offre-le-premier-loyer-de-loa-et-la-livraison-a-domicile\/#article","isPartOf":{"@id":"https:\/\/www.autojm.fr\/blog\/black-week-autojm-offre-le-premier-loyer-de-loa-et-la-livraison-a-domicile\/"},"author":{"name":"Justine Tripard","@id":"https:\/\/www.autojm.fr\/blog\/#\/schema\/person\/1cc83a91548d88a62eb8cf06f562a72c"},"headline":"Black Week : promotions AutoJM","datePublished":"2024-11-18T08:23:26+00:00","dateModified":"2025-10-17T11:58:26+00:00","mainEntityOfPage":{"@id":"https:\/\/www.autojm.fr\/blog\/black-week-autojm-offre-le-premier-loyer-de-loa-et-la-livraison-a-domicile\/"},"wordCount":4,"commentCount":0,"publisher":{"@id":"https:\/\/www.autojm.fr\/blog\/#organization"},"image":{"@id":"https:\/\/www.autojm.fr\/blog\/black-week-autojm-offre-le-premier-loyer-de-loa-et-la-livraison-a-domicile\/#primaryimage"},"thumbnailUrl":"https:\/\/www.autojm.fr\/blog\/wp-content\/uploads\/2024\/11\/image-top-13.png","keywords":["208","3008","308","408","arkana","Audi","Austral","autojm","C3","C5 Aircross","captur","citroen","Clio 5","dacia","DS","DS 7","formentor","Golf 8","Hyundai","Kia","leon 5 portes","leon sportstourer","Nissan","peugeot","renault","Skoda","Tiguan","Toyota","Volkswagen"],"articleSection":["Actualit\u00e9 Automobile"],"inLanguage":"fr-FR","potentialAction":[{"@type":"CommentAction","name":"Comment","target":["https:\/\/www.autojm.fr\/blog\/black-week-autojm-offre-le-premier-loyer-de-loa-et-la-livraison-a-domicile\/#respond"]}]},{"@type":"WebPage","@id":"https:\/\/www.autojm.fr\/blog\/black-week-autojm-offre-le-premier-loyer-de-loa-et-la-livraison-a-domicile\/","url":"https:\/\/www.autojm.fr\/blog\/black-week-autojm-offre-le-premier-loyer-de-loa-et-la-livraison-a-domicile\/","name":"Black Friday : AutoJM vous offre 200\u20ac de carburants- AutoJM Mag","isPartOf":{"@id":"https:\/\/www.autojm.fr\/blog\/#website"},"primaryImageOfPage":{"@id":"https:\/\/www.autojm.fr\/blog\/black-week-autojm-offre-le-premier-loyer-de-loa-et-la-livraison-a-domicile\/#primaryimage"},"image":{"@id":"https:\/\/www.autojm.fr\/blog\/black-week-autojm-offre-le-premier-loyer-de-loa-et-la-livraison-a-domicile\/#primaryimage"},"thumbnailUrl":"https:\/\/www.autojm.fr\/blog\/wp-content\/uploads\/2024\/11\/image-top-13.png","datePublished":"2024-11-18T08:23:26+00:00","dateModified":"2025-10-17T11:58:26+00:00","description":"\u00c9v\u00e8nement commercial qui marque l'ouverture de la traditionnelle saison des achats de fin d\u2019ann\u00e9e, le Black Friday constitue pour AutoJM...","breadcrumb":{"@id":"https:\/\/www.autojm.fr\/blog\/black-week-autojm-offre-le-premier-loyer-de-loa-et-la-livraison-a-domicile\/#breadcrumb"},"inLanguage":"fr-FR","potentialAction":[{"@type":"ReadAction","target":["https:\/\/www.autojm.fr\/blog\/black-week-autojm-offre-le-premier-loyer-de-loa-et-la-livraison-a-domicile\/"]}]},{"@type":"ImageObject","inLanguage":"fr-FR","@id":"https:\/\/www.autojm.fr\/blog\/black-week-autojm-offre-le-premier-loyer-de-loa-et-la-livraison-a-domicile\/#primaryimage","url":"https:\/\/www.autojm.fr\/blog\/wp-content\/uploads\/2024\/11\/image-top-13.png","contentUrl":"https:\/\/www.autojm.fr\/blog\/wp-content\/uploads\/2024\/11\/image-top-13.png","width":1000,"height":500,"caption":"promo blackfriday"},{"@type":"BreadcrumbList","@id":"https:\/\/www.autojm.fr\/blog\/black-week-autojm-offre-le-premier-loyer-de-loa-et-la-livraison-a-domicile\/#breadcrumb","itemListElement":[{"@type":"ListItem","position":1,"name":"Accueil","item":"https:\/\/www.autojm.fr\/blog\/"},{"@type":"ListItem","position":2,"name":"Actualit\u00e9 Automobile","item":"https:\/\/www.autojm.fr\/blog\/actualite-automobile\/"},{"@type":"ListItem","position":3,"name":"Black Week : promotions AutoJM"}]},{"@type":"WebSite","@id":"https:\/\/www.autojm.fr\/blog\/#website","url":"https:\/\/www.autojm.fr\/blog\/","name":"AutoJM Mag","description":"Toute l&#039;actu auto en 1 clic !","publisher":{"@id":"https:\/\/www.autojm.fr\/blog\/#organization"},"potentialAction":[{"@type":"SearchAction","target":{"@type":"EntryPoint","urlTemplate":"https:\/\/www.autojm.fr\/blog\/?s={search_term_string}"},"query-input":{"@type":"PropertyValueSpecification","valueRequired":true,"valueName":"search_term_string"}}],"inLanguage":"fr-FR"},{"@type":"Organization","@id":"https:\/\/www.autojm.fr\/blog\/#organization","name":"AutoJM Mag","url":"https:\/\/www.autojm.fr\/blog\/","logo":{"@type":"ImageObject","inLanguage":"fr-FR","@id":"https:\/\/www.autojm.fr\/blog\/#\/schema\/logo\/image\/","url":"https:\/\/www.autojm.fr\/blog\/wp-content\/uploads\/2022\/12\/cropped-AutoJMag-png.png","contentUrl":"https:\/\/www.autojm.fr\/blog\/wp-content\/uploads\/2022\/12\/cropped-AutoJMag-png.png","width":2834,"height":585,"caption":"AutoJM Mag"},"image":{"@id":"https:\/\/www.autojm.fr\/blog\/#\/schema\/logo\/image\/"},"sameAs":["https:\/\/www.facebook.com\/AutoJM25"]},{"@type":"Person","@id":"https:\/\/www.autojm.fr\/blog\/#\/schema\/person\/1cc83a91548d88a62eb8cf06f562a72c","name":"Justine Tripard","image":{"@type":"ImageObject","inLanguage":"fr-FR","@id":"https:\/\/secure.gravatar.com\/avatar\/b8b45209a4cf0b7b127b9238ec348090e7302306d2485eeaab17b6761fe84991?s=96&d=mm&r=g","url":"https:\/\/secure.gravatar.com\/avatar\/b8b45209a4cf0b7b127b9238ec348090e7302306d2485eeaab17b6761fe84991?s=96&d=mm&r=g","contentUrl":"https:\/\/secure.gravatar.com\/avatar\/b8b45209a4cf0b7b127b9238ec348090e7302306d2485eeaab17b6761fe84991?s=96&d=mm&r=g","caption":"Justine Tripard"},"url":"https:\/\/www.autojm.fr\/blog\/author\/justine\/"}]}},"_links":{"self":[{"href":"https:\/\/www.autojm.fr\/blog\/wp-json\/wp\/v2\/posts\/14371","targetHints":{"allow":["GET"]}}],"collection":[{"href":"https:\/\/www.autojm.fr\/blog\/wp-json\/wp\/v2\/posts"}],"about":[{"href":"https:\/\/www.autojm.fr\/blog\/wp-json\/wp\/v2\/types\/post"}],"author":[{"embeddable":true,"href":"https:\/\/www.autojm.fr\/blog\/wp-json\/wp\/v2\/users\/6"}],"replies":[{"embeddable":true,"href":"https:\/\/www.autojm.fr\/blog\/wp-json\/wp\/v2\/comments?post=14371"}],"version-history":[{"count":9,"href":"https:\/\/www.autojm.fr\/blog\/wp-json\/wp\/v2\/posts\/14371\/revisions"}],"predecessor-version":[{"id":24328,"href":"https:\/\/www.autojm.fr\/blog\/wp-json\/wp\/v2\/posts\/14371\/revisions\/24328"}],"wp:featuredmedia":[{"embeddable":true,"href":"https:\/\/www.autojm.fr\/blog\/wp-json\/wp\/v2\/media\/20190"}],"wp:attachment":[{"href":"https:\/\/www.autojm.fr\/blog\/wp-json\/wp\/v2\/media?parent=14371"}],"wp:term":[{"taxonomy":"category","embeddable":true,"href":"https:\/\/www.autojm.fr\/blog\/wp-json\/wp\/v2\/categories?post=14371"},{"taxonomy":"post_tag","embeddable":true,"href":"https:\/\/www.autojm.fr\/blog\/wp-json\/wp\/v2\/tags?post=14371"}],"curies":[{"name":"wp","href":"https:\/\/api.w.org\/{rel}","templated":true}]}}