{"id":14230,"date":"2023-11-13T12:31:09","date_gmt":"2023-11-13T12:31:09","guid":{"rendered":"https:\/\/www.autojm.fr\/blog\/?p=14230"},"modified":"2023-11-30T08:33:00","modified_gmt":"2023-11-30T08:33:00","slug":"malus-ecologique-les-modeles-impactes-par-le-nouveau-bareme","status":"publish","type":"post","link":"https:\/\/www.autojm.fr\/blog\/malus-ecologique-les-modeles-impactes-par-le-nouveau-bareme\/","title":{"rendered":"Malus \u00e9cologique : les mod\u00e8les les plus impact\u00e9s par le nouveau bar\u00e8me"},"content":{"rendered":"","protected":false},"excerpt":{"rendered":"<p>Fix\u00e9 \u00e0 118 g de CO2\/km \u00e0 partir du 1er janvier 2024, le futur seuil de d\u00e9clenchement du malus \u00e9cologique impactera de nombreux mod\u00e8les sur le march\u00e9 automobile fran\u00e7ais. Ce durcissement de la fiscalit\u00e9 qui vise \u00e0 taxer les v\u00e9hicules les plus polluants s\u2019accompagnera \u00e9galement d\u2019un malus au poids, abaiss\u00e9 quant \u00e0 lui \u00e0 1 600 kg. <\/p>\n","protected":false},"author":6,"featured_media":14232,"comment_status":"open","ping_status":"open","sticky":false,"template":"","format":"standard","meta":{"_acf_changed":false,"content-type":"","footnotes":""},"categories":[5],"tags":[88,336,333,314,91,103,318,90,301,188,87,79,92,74,105,111,98,207,259,106,83,80,108,73,78,193,214,169,96],"class_list":["post-14230","post","type-post","status-publish","format-standard","has-post-thumbnail","hentry","category-actualite-automobile","tag-88","tag-336","tag-333","tag-314","tag-arkana","tag-audi","tag-austral","tag-autojm","tag-c3","tag-c5-aircross","tag-captur","tag-citroen","tag-clio-5","tag-dacia","tag-ds","tag-ds7","tag-formentor","tag-golf-8","tag-hyundai","tag-kia","tag-leon-5-portes","tag-leon-sportstourer","tag-nissan","tag-peugeot","tag-renault","tag-skoda","tag-tiguan","tag-toyota","tag-volkswagen"],"acf":[],"yoast_head":"<!-- This site is optimized with the Yoast SEO plugin v27.5 - https:\/\/yoast.com\/product\/yoast-seo-wordpress\/ -->\n<title>Malus \u00e9cologique : les mod\u00e8les impact\u00e9s par le nouveau bar\u00e8me<\/title>\n<meta name=\"description\" content=\"Fix\u00e9 \u00e0 118 g de CO2\/km \u00e0 partir du 1er janvier 2024, le futur seuil de d\u00e9clenchement du malus \u00e9cologique impactera de nombreux mod\u00e8les sur...\" \/>\n<meta name=\"robots\" content=\"index, follow, max-snippet:-1, max-image-preview:large, max-video-preview:-1\" \/>\n<link rel=\"canonical\" href=\"https:\/\/www.autojm.fr\/blog\/malus-ecologique-les-modeles-impactes-par-le-nouveau-bareme\/\" \/>\n<meta property=\"og:locale\" content=\"fr_FR\" \/>\n<meta property=\"og:type\" content=\"article\" \/>\n<meta property=\"og:title\" content=\"Malus \u00e9cologique : les mod\u00e8les impact\u00e9s par le nouveau bar\u00e8me\" \/>\n<meta property=\"og:description\" content=\"Fix\u00e9 \u00e0 118 g de CO2\/km \u00e0 partir du 1er janvier 2024, le futur seuil de d\u00e9clenchement du malus \u00e9cologique impactera de nombreux mod\u00e8les sur...\" \/>\n<meta property=\"og:url\" content=\"https:\/\/www.autojm.fr\/blog\/malus-ecologique-les-modeles-impactes-par-le-nouveau-bareme\/\" \/>\n<meta property=\"og:site_name\" content=\"AutoJM Mag\" \/>\n<meta property=\"article:publisher\" content=\"https:\/\/www.facebook.com\/AutoJM25\" \/>\n<meta property=\"article:published_time\" content=\"2023-11-13T12:31:09+00:00\" \/>\n<meta property=\"article:modified_time\" content=\"2023-11-30T08:33:00+00:00\" \/>\n<meta property=\"og:image\" content=\"https:\/\/www.autojm.fr\/blog\/wp-content\/uploads\/2023\/11\/Pot-dechappement.jpg\" \/>\n\t<meta property=\"og:image:width\" content=\"1000\" \/>\n\t<meta property=\"og:image:height\" content=\"500\" \/>\n\t<meta property=\"og:image:type\" content=\"image\/jpeg\" \/>\n<meta name=\"author\" content=\"Justine Tripard\" \/>\n<meta name=\"twitter:card\" content=\"summary_large_image\" \/>\n<meta name=\"twitter:label1\" content=\"\u00c9crit par\" \/>\n\t<meta name=\"twitter:data1\" content=\"Justine Tripard\" \/>\n<script type=\"application\/ld+json\" class=\"yoast-schema-graph\">{\"@context\":\"https:\\\/\\\/schema.org\",\"@graph\":[{\"@type\":\"Article\",\"@id\":\"https:\\\/\\\/www.autojm.fr\\\/blog\\\/malus-ecologique-les-modeles-impactes-par-le-nouveau-bareme\\\/#article\",\"isPartOf\":{\"@id\":\"https:\\\/\\\/www.autojm.fr\\\/blog\\\/malus-ecologique-les-modeles-impactes-par-le-nouveau-bareme\\\/\"},\"author\":{\"name\":\"Justine Tripard\",\"@id\":\"https:\\\/\\\/www.autojm.fr\\\/blog\\\/#\\\/schema\\\/person\\\/1cc83a91548d88a62eb8cf06f562a72c\"},\"headline\":\"Malus \u00e9cologique : les mod\u00e8les les plus impact\u00e9s par le nouveau bar\u00e8me\",\"datePublished\":\"2023-11-13T12:31:09+00:00\",\"dateModified\":\"2023-11-30T08:33:00+00:00\",\"mainEntityOfPage\":{\"@id\":\"https:\\\/\\\/www.autojm.fr\\\/blog\\\/malus-ecologique-les-modeles-impactes-par-le-nouveau-bareme\\\/\"},\"wordCount\":14,\"commentCount\":0,\"publisher\":{\"@id\":\"https:\\\/\\\/www.autojm.fr\\\/blog\\\/#organization\"},\"image\":{\"@id\":\"https:\\\/\\\/www.autojm.fr\\\/blog\\\/malus-ecologique-les-modeles-impactes-par-le-nouveau-bareme\\\/#primaryimage\"},\"thumbnailUrl\":\"https:\\\/\\\/www.autojm.fr\\\/blog\\\/wp-content\\\/uploads\\\/2023\\\/11\\\/Pot-dechappement.jpg\",\"keywords\":[\"208\",\"3008\",\"308\",\"408\",\"arkana\",\"Audi\",\"Austral\",\"autojm\",\"C3\",\"C5 Aircross\",\"captur\",\"citroen\",\"Clio 5\",\"dacia\",\"DS\",\"DS7\",\"formentor\",\"Golf 8\",\"Hyundai\",\"Kia\",\"leon 5 portes\",\"leon sportstourer\",\"Nissan\",\"peugeot\",\"renault\",\"Skoda\",\"Tiguan\",\"Toyota\",\"Volkswagen\"],\"articleSection\":[\"Actualit\u00e9 Automobile\"],\"inLanguage\":\"fr-FR\",\"potentialAction\":[{\"@type\":\"CommentAction\",\"name\":\"Comment\",\"target\":[\"https:\\\/\\\/www.autojm.fr\\\/blog\\\/malus-ecologique-les-modeles-impactes-par-le-nouveau-bareme\\\/#respond\"]}]},{\"@type\":\"WebPage\",\"@id\":\"https:\\\/\\\/www.autojm.fr\\\/blog\\\/malus-ecologique-les-modeles-impactes-par-le-nouveau-bareme\\\/\",\"url\":\"https:\\\/\\\/www.autojm.fr\\\/blog\\\/malus-ecologique-les-modeles-impactes-par-le-nouveau-bareme\\\/\",\"name\":\"Malus \u00e9cologique : les mod\u00e8les impact\u00e9s par le nouveau bar\u00e8me\",\"isPartOf\":{\"@id\":\"https:\\\/\\\/www.autojm.fr\\\/blog\\\/#website\"},\"primaryImageOfPage\":{\"@id\":\"https:\\\/\\\/www.autojm.fr\\\/blog\\\/malus-ecologique-les-modeles-impactes-par-le-nouveau-bareme\\\/#primaryimage\"},\"image\":{\"@id\":\"https:\\\/\\\/www.autojm.fr\\\/blog\\\/malus-ecologique-les-modeles-impactes-par-le-nouveau-bareme\\\/#primaryimage\"},\"thumbnailUrl\":\"https:\\\/\\\/www.autojm.fr\\\/blog\\\/wp-content\\\/uploads\\\/2023\\\/11\\\/Pot-dechappement.jpg\",\"datePublished\":\"2023-11-13T12:31:09+00:00\",\"dateModified\":\"2023-11-30T08:33:00+00:00\",\"description\":\"Fix\u00e9 \u00e0 118 g de CO2\\\/km \u00e0 partir du 1er janvier 2024, le futur seuil de d\u00e9clenchement du malus \u00e9cologique impactera de nombreux mod\u00e8les sur...\",\"breadcrumb\":{\"@id\":\"https:\\\/\\\/www.autojm.fr\\\/blog\\\/malus-ecologique-les-modeles-impactes-par-le-nouveau-bareme\\\/#breadcrumb\"},\"inLanguage\":\"fr-FR\",\"potentialAction\":[{\"@type\":\"ReadAction\",\"target\":[\"https:\\\/\\\/www.autojm.fr\\\/blog\\\/malus-ecologique-les-modeles-impactes-par-le-nouveau-bareme\\\/\"]}]},{\"@type\":\"ImageObject\",\"inLanguage\":\"fr-FR\",\"@id\":\"https:\\\/\\\/www.autojm.fr\\\/blog\\\/malus-ecologique-les-modeles-impactes-par-le-nouveau-bareme\\\/#primaryimage\",\"url\":\"https:\\\/\\\/www.autojm.fr\\\/blog\\\/wp-content\\\/uploads\\\/2023\\\/11\\\/Pot-dechappement.jpg\",\"contentUrl\":\"https:\\\/\\\/www.autojm.fr\\\/blog\\\/wp-content\\\/uploads\\\/2023\\\/11\\\/Pot-dechappement.jpg\",\"width\":1000,\"height\":500,\"caption\":\"Pot d'\u00e9chappement\"},{\"@type\":\"BreadcrumbList\",\"@id\":\"https:\\\/\\\/www.autojm.fr\\\/blog\\\/malus-ecologique-les-modeles-impactes-par-le-nouveau-bareme\\\/#breadcrumb\",\"itemListElement\":[{\"@type\":\"ListItem\",\"position\":1,\"name\":\"Accueil\",\"item\":\"https:\\\/\\\/www.autojm.fr\\\/blog\\\/\"},{\"@type\":\"ListItem\",\"position\":2,\"name\":\"Actualit\u00e9 Automobile\",\"item\":\"https:\\\/\\\/www.autojm.fr\\\/blog\\\/actualite-automobile\\\/\"},{\"@type\":\"ListItem\",\"position\":3,\"name\":\"Malus \u00e9cologique : les mod\u00e8les les plus impact\u00e9s par le nouveau bar\u00e8me\"}]},{\"@type\":\"WebSite\",\"@id\":\"https:\\\/\\\/www.autojm.fr\\\/blog\\\/#website\",\"url\":\"https:\\\/\\\/www.autojm.fr\\\/blog\\\/\",\"name\":\"AutoJM Mag\",\"description\":\"Toute l&#039;actu auto en 1 clic !\",\"publisher\":{\"@id\":\"https:\\\/\\\/www.autojm.fr\\\/blog\\\/#organization\"},\"potentialAction\":[{\"@type\":\"SearchAction\",\"target\":{\"@type\":\"EntryPoint\",\"urlTemplate\":\"https:\\\/\\\/www.autojm.fr\\\/blog\\\/?s={search_term_string}\"},\"query-input\":{\"@type\":\"PropertyValueSpecification\",\"valueRequired\":true,\"valueName\":\"search_term_string\"}}],\"inLanguage\":\"fr-FR\"},{\"@type\":\"Organization\",\"@id\":\"https:\\\/\\\/www.autojm.fr\\\/blog\\\/#organization\",\"name\":\"AutoJM Mag\",\"url\":\"https:\\\/\\\/www.autojm.fr\\\/blog\\\/\",\"logo\":{\"@type\":\"ImageObject\",\"inLanguage\":\"fr-FR\",\"@id\":\"https:\\\/\\\/www.autojm.fr\\\/blog\\\/#\\\/schema\\\/logo\\\/image\\\/\",\"url\":\"https:\\\/\\\/www.autojm.fr\\\/blog\\\/wp-content\\\/uploads\\\/2022\\\/12\\\/cropped-AutoJMag-png.png\",\"contentUrl\":\"https:\\\/\\\/www.autojm.fr\\\/blog\\\/wp-content\\\/uploads\\\/2022\\\/12\\\/cropped-AutoJMag-png.png\",\"width\":2834,\"height\":585,\"caption\":\"AutoJM Mag\"},\"image\":{\"@id\":\"https:\\\/\\\/www.autojm.fr\\\/blog\\\/#\\\/schema\\\/logo\\\/image\\\/\"},\"sameAs\":[\"https:\\\/\\\/www.facebook.com\\\/AutoJM25\"]},{\"@type\":\"Person\",\"@id\":\"https:\\\/\\\/www.autojm.fr\\\/blog\\\/#\\\/schema\\\/person\\\/1cc83a91548d88a62eb8cf06f562a72c\",\"name\":\"Justine Tripard\",\"image\":{\"@type\":\"ImageObject\",\"inLanguage\":\"fr-FR\",\"@id\":\"https:\\\/\\\/secure.gravatar.com\\\/avatar\\\/b8b45209a4cf0b7b127b9238ec348090e7302306d2485eeaab17b6761fe84991?s=96&d=mm&r=g\",\"url\":\"https:\\\/\\\/secure.gravatar.com\\\/avatar\\\/b8b45209a4cf0b7b127b9238ec348090e7302306d2485eeaab17b6761fe84991?s=96&d=mm&r=g\",\"contentUrl\":\"https:\\\/\\\/secure.gravatar.com\\\/avatar\\\/b8b45209a4cf0b7b127b9238ec348090e7302306d2485eeaab17b6761fe84991?s=96&d=mm&r=g\",\"caption\":\"Justine Tripard\"},\"url\":\"https:\\\/\\\/www.autojm.fr\\\/blog\\\/author\\\/justine\\\/\"}]}<\/script>\n<!-- \/ Yoast SEO plugin. -->","yoast_head_json":{"title":"Malus \u00e9cologique : les mod\u00e8les impact\u00e9s par le nouveau bar\u00e8me","description":"Fix\u00e9 \u00e0 118 g de CO2\/km \u00e0 partir du 1er janvier 2024, le futur seuil de d\u00e9clenchement du malus \u00e9cologique impactera de nombreux mod\u00e8les sur...","robots":{"index":"index","follow":"follow","max-snippet":"max-snippet:-1","max-image-preview":"max-image-preview:large","max-video-preview":"max-video-preview:-1"},"canonical":"https:\/\/www.autojm.fr\/blog\/malus-ecologique-les-modeles-impactes-par-le-nouveau-bareme\/","og_locale":"fr_FR","og_type":"article","og_title":"Malus \u00e9cologique : les mod\u00e8les impact\u00e9s par le nouveau bar\u00e8me","og_description":"Fix\u00e9 \u00e0 118 g de CO2\/km \u00e0 partir du 1er janvier 2024, le futur seuil de d\u00e9clenchement du malus \u00e9cologique impactera de nombreux mod\u00e8les sur...","og_url":"https:\/\/www.autojm.fr\/blog\/malus-ecologique-les-modeles-impactes-par-le-nouveau-bareme\/","og_site_name":"AutoJM Mag","article_publisher":"https:\/\/www.facebook.com\/AutoJM25","article_published_time":"2023-11-13T12:31:09+00:00","article_modified_time":"2023-11-30T08:33:00+00:00","og_image":[{"width":1000,"height":500,"url":"https:\/\/www.autojm.fr\/blog\/wp-content\/uploads\/2023\/11\/Pot-dechappement.jpg","type":"image\/jpeg"}],"author":"Justine Tripard","twitter_card":"summary_large_image","twitter_misc":{"\u00c9crit par":"Justine Tripard"},"schema":{"@context":"https:\/\/schema.org","@graph":[{"@type":"Article","@id":"https:\/\/www.autojm.fr\/blog\/malus-ecologique-les-modeles-impactes-par-le-nouveau-bareme\/#article","isPartOf":{"@id":"https:\/\/www.autojm.fr\/blog\/malus-ecologique-les-modeles-impactes-par-le-nouveau-bareme\/"},"author":{"name":"Justine Tripard","@id":"https:\/\/www.autojm.fr\/blog\/#\/schema\/person\/1cc83a91548d88a62eb8cf06f562a72c"},"headline":"Malus \u00e9cologique : les mod\u00e8les les plus impact\u00e9s par le nouveau bar\u00e8me","datePublished":"2023-11-13T12:31:09+00:00","dateModified":"2023-11-30T08:33:00+00:00","mainEntityOfPage":{"@id":"https:\/\/www.autojm.fr\/blog\/malus-ecologique-les-modeles-impactes-par-le-nouveau-bareme\/"},"wordCount":14,"commentCount":0,"publisher":{"@id":"https:\/\/www.autojm.fr\/blog\/#organization"},"image":{"@id":"https:\/\/www.autojm.fr\/blog\/malus-ecologique-les-modeles-impactes-par-le-nouveau-bareme\/#primaryimage"},"thumbnailUrl":"https:\/\/www.autojm.fr\/blog\/wp-content\/uploads\/2023\/11\/Pot-dechappement.jpg","keywords":["208","3008","308","408","arkana","Audi","Austral","autojm","C3","C5 Aircross","captur","citroen","Clio 5","dacia","DS","DS7","formentor","Golf 8","Hyundai","Kia","leon 5 portes","leon sportstourer","Nissan","peugeot","renault","Skoda","Tiguan","Toyota","Volkswagen"],"articleSection":["Actualit\u00e9 Automobile"],"inLanguage":"fr-FR","potentialAction":[{"@type":"CommentAction","name":"Comment","target":["https:\/\/www.autojm.fr\/blog\/malus-ecologique-les-modeles-impactes-par-le-nouveau-bareme\/#respond"]}]},{"@type":"WebPage","@id":"https:\/\/www.autojm.fr\/blog\/malus-ecologique-les-modeles-impactes-par-le-nouveau-bareme\/","url":"https:\/\/www.autojm.fr\/blog\/malus-ecologique-les-modeles-impactes-par-le-nouveau-bareme\/","name":"Malus \u00e9cologique : les mod\u00e8les impact\u00e9s par le nouveau bar\u00e8me","isPartOf":{"@id":"https:\/\/www.autojm.fr\/blog\/#website"},"primaryImageOfPage":{"@id":"https:\/\/www.autojm.fr\/blog\/malus-ecologique-les-modeles-impactes-par-le-nouveau-bareme\/#primaryimage"},"image":{"@id":"https:\/\/www.autojm.fr\/blog\/malus-ecologique-les-modeles-impactes-par-le-nouveau-bareme\/#primaryimage"},"thumbnailUrl":"https:\/\/www.autojm.fr\/blog\/wp-content\/uploads\/2023\/11\/Pot-dechappement.jpg","datePublished":"2023-11-13T12:31:09+00:00","dateModified":"2023-11-30T08:33:00+00:00","description":"Fix\u00e9 \u00e0 118 g de CO2\/km \u00e0 partir du 1er janvier 2024, le futur seuil de d\u00e9clenchement du malus \u00e9cologique impactera de nombreux mod\u00e8les sur...","breadcrumb":{"@id":"https:\/\/www.autojm.fr\/blog\/malus-ecologique-les-modeles-impactes-par-le-nouveau-bareme\/#breadcrumb"},"inLanguage":"fr-FR","potentialAction":[{"@type":"ReadAction","target":["https:\/\/www.autojm.fr\/blog\/malus-ecologique-les-modeles-impactes-par-le-nouveau-bareme\/"]}]},{"@type":"ImageObject","inLanguage":"fr-FR","@id":"https:\/\/www.autojm.fr\/blog\/malus-ecologique-les-modeles-impactes-par-le-nouveau-bareme\/#primaryimage","url":"https:\/\/www.autojm.fr\/blog\/wp-content\/uploads\/2023\/11\/Pot-dechappement.jpg","contentUrl":"https:\/\/www.autojm.fr\/blog\/wp-content\/uploads\/2023\/11\/Pot-dechappement.jpg","width":1000,"height":500,"caption":"Pot d'\u00e9chappement"},{"@type":"BreadcrumbList","@id":"https:\/\/www.autojm.fr\/blog\/malus-ecologique-les-modeles-impactes-par-le-nouveau-bareme\/#breadcrumb","itemListElement":[{"@type":"ListItem","position":1,"name":"Accueil","item":"https:\/\/www.autojm.fr\/blog\/"},{"@type":"ListItem","position":2,"name":"Actualit\u00e9 Automobile","item":"https:\/\/www.autojm.fr\/blog\/actualite-automobile\/"},{"@type":"ListItem","position":3,"name":"Malus \u00e9cologique : les mod\u00e8les les plus impact\u00e9s par le nouveau bar\u00e8me"}]},{"@type":"WebSite","@id":"https:\/\/www.autojm.fr\/blog\/#website","url":"https:\/\/www.autojm.fr\/blog\/","name":"AutoJM Mag","description":"Toute l&#039;actu auto en 1 clic !","publisher":{"@id":"https:\/\/www.autojm.fr\/blog\/#organization"},"potentialAction":[{"@type":"SearchAction","target":{"@type":"EntryPoint","urlTemplate":"https:\/\/www.autojm.fr\/blog\/?s={search_term_string}"},"query-input":{"@type":"PropertyValueSpecification","valueRequired":true,"valueName":"search_term_string"}}],"inLanguage":"fr-FR"},{"@type":"Organization","@id":"https:\/\/www.autojm.fr\/blog\/#organization","name":"AutoJM Mag","url":"https:\/\/www.autojm.fr\/blog\/","logo":{"@type":"ImageObject","inLanguage":"fr-FR","@id":"https:\/\/www.autojm.fr\/blog\/#\/schema\/logo\/image\/","url":"https:\/\/www.autojm.fr\/blog\/wp-content\/uploads\/2022\/12\/cropped-AutoJMag-png.png","contentUrl":"https:\/\/www.autojm.fr\/blog\/wp-content\/uploads\/2022\/12\/cropped-AutoJMag-png.png","width":2834,"height":585,"caption":"AutoJM Mag"},"image":{"@id":"https:\/\/www.autojm.fr\/blog\/#\/schema\/logo\/image\/"},"sameAs":["https:\/\/www.facebook.com\/AutoJM25"]},{"@type":"Person","@id":"https:\/\/www.autojm.fr\/blog\/#\/schema\/person\/1cc83a91548d88a62eb8cf06f562a72c","name":"Justine Tripard","image":{"@type":"ImageObject","inLanguage":"fr-FR","@id":"https:\/\/secure.gravatar.com\/avatar\/b8b45209a4cf0b7b127b9238ec348090e7302306d2485eeaab17b6761fe84991?s=96&d=mm&r=g","url":"https:\/\/secure.gravatar.com\/avatar\/b8b45209a4cf0b7b127b9238ec348090e7302306d2485eeaab17b6761fe84991?s=96&d=mm&r=g","contentUrl":"https:\/\/secure.gravatar.com\/avatar\/b8b45209a4cf0b7b127b9238ec348090e7302306d2485eeaab17b6761fe84991?s=96&d=mm&r=g","caption":"Justine Tripard"},"url":"https:\/\/www.autojm.fr\/blog\/author\/justine\/"}]}},"_links":{"self":[{"href":"https:\/\/www.autojm.fr\/blog\/wp-json\/wp\/v2\/posts\/14230","targetHints":{"allow":["GET"]}}],"collection":[{"href":"https:\/\/www.autojm.fr\/blog\/wp-json\/wp\/v2\/posts"}],"about":[{"href":"https:\/\/www.autojm.fr\/blog\/wp-json\/wp\/v2\/types\/post"}],"author":[{"embeddable":true,"href":"https:\/\/www.autojm.fr\/blog\/wp-json\/wp\/v2\/users\/6"}],"replies":[{"embeddable":true,"href":"https:\/\/www.autojm.fr\/blog\/wp-json\/wp\/v2\/comments?post=14230"}],"version-history":[{"count":21,"href":"https:\/\/www.autojm.fr\/blog\/wp-json\/wp\/v2\/posts\/14230\/revisions"}],"predecessor-version":[{"id":14522,"href":"https:\/\/www.autojm.fr\/blog\/wp-json\/wp\/v2\/posts\/14230\/revisions\/14522"}],"wp:featuredmedia":[{"embeddable":true,"href":"https:\/\/www.autojm.fr\/blog\/wp-json\/wp\/v2\/media\/14232"}],"wp:attachment":[{"href":"https:\/\/www.autojm.fr\/blog\/wp-json\/wp\/v2\/media?parent=14230"}],"wp:term":[{"taxonomy":"category","embeddable":true,"href":"https:\/\/www.autojm.fr\/blog\/wp-json\/wp\/v2\/categories?post=14230"},{"taxonomy":"post_tag","embeddable":true,"href":"https:\/\/www.autojm.fr\/blog\/wp-json\/wp\/v2\/tags?post=14230"}],"curies":[{"name":"wp","href":"https:\/\/api.w.org\/{rel}","templated":true}]}}