{"id":13806,"date":"2023-10-20T12:11:44","date_gmt":"2023-10-20T12:11:44","guid":{"rendered":"https:\/\/www.autojm.fr\/blog\/?p=13806"},"modified":"2024-03-15T16:53:20","modified_gmt":"2024-03-15T16:53:20","slug":"fiat-600e-le-petit-suv-electrique-arrive-en-concession","status":"publish","type":"post","link":"https:\/\/www.autojm.fr\/blog\/fiat-600e-le-petit-suv-electrique-arrive-en-concession\/","title":{"rendered":"Fiat 600e : le petit SUV \u00e9lectrique arrive en concession"},"content":{"rendered":"","protected":false},"excerpt":{"rendered":"<p>Produite dans l\u2019usine polonaise de Tychy depuis le mois de septembre, la Fiat 600e vient d\u2019\u00eatre officiellement lanc\u00e9e sur le march\u00e9 de l\u2019auto. Propos\u00e9 en une seule motorisation avec deux niveaux de finition, le crossover italien 100% \u00e9lectrique se d\u00e9clinera en version hybride l\u00e9g\u00e8re d\u00e9but 2024. Pr\u00e9sentation de la grande s\u0153ur de la Fiat 500, le tout nouveau mod\u00e8le de la firme de Mirafiori. <\/p>\n","protected":false},"author":6,"featured_media":13808,"comment_status":"open","ping_status":"open","sticky":false,"template":"","format":"standard","meta":{"_acf_changed":false,"content-type":"","footnotes":""},"categories":[266],"tags":[88,336,333,314,91,103,318,90,301,188,87,79,331,92,74,105,111,94,110,109,98,207,259,106,83,80,108,73,78,193,214,169,96],"class_list":["post-13806","post","type-post","status-publish","format-standard","has-post-thumbnail","hentry","category-nouveaute-fiat","tag-88","tag-336","tag-333","tag-314","tag-arkana","tag-audi","tag-austral","tag-autojm","tag-c3","tag-c5-aircross","tag-captur","tag-citroen","tag-clio","tag-clio-5","tag-dacia","tag-ds","tag-ds7","tag-duster","tag-fiat","tag-ford","tag-formentor","tag-golf-8","tag-hyundai","tag-kia","tag-leon-5-portes","tag-leon-sportstourer","tag-nissan","tag-peugeot","tag-renault","tag-skoda","tag-tiguan","tag-toyota","tag-volkswagen"],"acf":[],"yoast_head":"<!-- This site is optimized with the Yoast SEO plugin v27.5 - https:\/\/yoast.com\/product\/yoast-seo-wordpress\/ -->\n<title>Fiat 600e : le petit SUV \u00e9lectrique arrive en concession - AutoJM Mag<\/title>\n<meta name=\"description\" content=\"Produite dans l\u2019usine polonaise de Tychy depuis le mois de septembre, la Fiat 600e vient d\u2019\u00eatre officiellement lanc\u00e9e sur le march\u00e9 de...\" \/>\n<meta name=\"robots\" content=\"index, follow, max-snippet:-1, max-image-preview:large, max-video-preview:-1\" \/>\n<link rel=\"canonical\" href=\"https:\/\/www.autojm.fr\/blog\/fiat-600e-le-petit-suv-electrique-arrive-en-concession\/\" \/>\n<meta property=\"og:locale\" content=\"fr_FR\" \/>\n<meta property=\"og:type\" content=\"article\" \/>\n<meta property=\"og:title\" content=\"Fiat 600e : le petit SUV \u00e9lectrique arrive en concession - AutoJM Mag\" \/>\n<meta property=\"og:description\" content=\"Produite dans l\u2019usine polonaise de Tychy depuis le mois de septembre, la Fiat 600e vient d\u2019\u00eatre officiellement lanc\u00e9e sur le march\u00e9 de...\" \/>\n<meta property=\"og:url\" content=\"https:\/\/www.autojm.fr\/blog\/fiat-600e-le-petit-suv-electrique-arrive-en-concession\/\" \/>\n<meta property=\"og:site_name\" content=\"AutoJM Mag\" \/>\n<meta property=\"article:publisher\" content=\"https:\/\/www.facebook.com\/AutoJM25\" \/>\n<meta property=\"article:published_time\" content=\"2023-10-20T12:11:44+00:00\" \/>\n<meta property=\"article:modified_time\" content=\"2024-03-15T16:53:20+00:00\" \/>\n<meta property=\"og:image\" content=\"https:\/\/www.autojm.fr\/blog\/wp-content\/uploads\/2023\/10\/Fiat-600e.jpg\" \/>\n\t<meta property=\"og:image:width\" content=\"1000\" \/>\n\t<meta property=\"og:image:height\" content=\"500\" \/>\n\t<meta property=\"og:image:type\" content=\"image\/jpeg\" \/>\n<meta name=\"author\" content=\"Justine Tripard\" \/>\n<meta name=\"twitter:card\" content=\"summary_large_image\" \/>\n<meta name=\"twitter:label1\" content=\"\u00c9crit par\" \/>\n\t<meta name=\"twitter:data1\" content=\"Justine Tripard\" \/>\n\t<meta name=\"twitter:label2\" content=\"Dur\u00e9e de lecture estim\u00e9e\" \/>\n\t<meta name=\"twitter:data2\" content=\"5 minutes\" \/>\n<script type=\"application\/ld+json\" class=\"yoast-schema-graph\">{\"@context\":\"https:\\\/\\\/schema.org\",\"@graph\":[{\"@type\":\"Article\",\"@id\":\"https:\\\/\\\/www.autojm.fr\\\/blog\\\/fiat-600e-le-petit-suv-electrique-arrive-en-concession\\\/#article\",\"isPartOf\":{\"@id\":\"https:\\\/\\\/www.autojm.fr\\\/blog\\\/fiat-600e-le-petit-suv-electrique-arrive-en-concession\\\/\"},\"author\":{\"name\":\"Justine Tripard\",\"@id\":\"https:\\\/\\\/www.autojm.fr\\\/blog\\\/#\\\/schema\\\/person\\\/1cc83a91548d88a62eb8cf06f562a72c\"},\"headline\":\"Fiat 600e : le petit SUV \u00e9lectrique arrive en concession\",\"datePublished\":\"2023-10-20T12:11:44+00:00\",\"dateModified\":\"2024-03-15T16:53:20+00:00\",\"mainEntityOfPage\":{\"@id\":\"https:\\\/\\\/www.autojm.fr\\\/blog\\\/fiat-600e-le-petit-suv-electrique-arrive-en-concession\\\/\"},\"wordCount\":9,\"commentCount\":0,\"publisher\":{\"@id\":\"https:\\\/\\\/www.autojm.fr\\\/blog\\\/#organization\"},\"image\":{\"@id\":\"https:\\\/\\\/www.autojm.fr\\\/blog\\\/fiat-600e-le-petit-suv-electrique-arrive-en-concession\\\/#primaryimage\"},\"thumbnailUrl\":\"https:\\\/\\\/www.autojm.fr\\\/blog\\\/wp-content\\\/uploads\\\/2023\\\/10\\\/Fiat-600e.jpg\",\"keywords\":[\"208\",\"3008\",\"308\",\"408\",\"arkana\",\"Audi\",\"Austral\",\"autojm\",\"C3\",\"C5 Aircross\",\"captur\",\"citroen\",\"Clio\",\"Clio 5\",\"dacia\",\"DS\",\"DS7\",\"duster\",\"Fiat\",\"Ford\",\"formentor\",\"Golf 8\",\"Hyundai\",\"Kia\",\"leon 5 portes\",\"leon sportstourer\",\"Nissan\",\"peugeot\",\"renault\",\"Skoda\",\"Tiguan\",\"Toyota\",\"Volkswagen\"],\"articleSection\":[\"Nouveaut\u00e9 Fiat\"],\"inLanguage\":\"fr-FR\",\"potentialAction\":[{\"@type\":\"CommentAction\",\"name\":\"Comment\",\"target\":[\"https:\\\/\\\/www.autojm.fr\\\/blog\\\/fiat-600e-le-petit-suv-electrique-arrive-en-concession\\\/#respond\"]}]},{\"@type\":\"WebPage\",\"@id\":\"https:\\\/\\\/www.autojm.fr\\\/blog\\\/fiat-600e-le-petit-suv-electrique-arrive-en-concession\\\/\",\"url\":\"https:\\\/\\\/www.autojm.fr\\\/blog\\\/fiat-600e-le-petit-suv-electrique-arrive-en-concession\\\/\",\"name\":\"Fiat 600e : le petit SUV \u00e9lectrique arrive en concession - AutoJM Mag\",\"isPartOf\":{\"@id\":\"https:\\\/\\\/www.autojm.fr\\\/blog\\\/#website\"},\"primaryImageOfPage\":{\"@id\":\"https:\\\/\\\/www.autojm.fr\\\/blog\\\/fiat-600e-le-petit-suv-electrique-arrive-en-concession\\\/#primaryimage\"},\"image\":{\"@id\":\"https:\\\/\\\/www.autojm.fr\\\/blog\\\/fiat-600e-le-petit-suv-electrique-arrive-en-concession\\\/#primaryimage\"},\"thumbnailUrl\":\"https:\\\/\\\/www.autojm.fr\\\/blog\\\/wp-content\\\/uploads\\\/2023\\\/10\\\/Fiat-600e.jpg\",\"datePublished\":\"2023-10-20T12:11:44+00:00\",\"dateModified\":\"2024-03-15T16:53:20+00:00\",\"description\":\"Produite dans l\u2019usine polonaise de Tychy depuis le mois de septembre, la Fiat 600e vient d\u2019\u00eatre officiellement lanc\u00e9e sur le march\u00e9 de...\",\"breadcrumb\":{\"@id\":\"https:\\\/\\\/www.autojm.fr\\\/blog\\\/fiat-600e-le-petit-suv-electrique-arrive-en-concession\\\/#breadcrumb\"},\"inLanguage\":\"fr-FR\",\"potentialAction\":[{\"@type\":\"ReadAction\",\"target\":[\"https:\\\/\\\/www.autojm.fr\\\/blog\\\/fiat-600e-le-petit-suv-electrique-arrive-en-concession\\\/\"]}]},{\"@type\":\"ImageObject\",\"inLanguage\":\"fr-FR\",\"@id\":\"https:\\\/\\\/www.autojm.fr\\\/blog\\\/fiat-600e-le-petit-suv-electrique-arrive-en-concession\\\/#primaryimage\",\"url\":\"https:\\\/\\\/www.autojm.fr\\\/blog\\\/wp-content\\\/uploads\\\/2023\\\/10\\\/Fiat-600e.jpg\",\"contentUrl\":\"https:\\\/\\\/www.autojm.fr\\\/blog\\\/wp-content\\\/uploads\\\/2023\\\/10\\\/Fiat-600e.jpg\",\"width\":1000,\"height\":500,\"caption\":\"Fiat 600e\"},{\"@type\":\"BreadcrumbList\",\"@id\":\"https:\\\/\\\/www.autojm.fr\\\/blog\\\/fiat-600e-le-petit-suv-electrique-arrive-en-concession\\\/#breadcrumb\",\"itemListElement\":[{\"@type\":\"ListItem\",\"position\":1,\"name\":\"Accueil\",\"item\":\"https:\\\/\\\/www.autojm.fr\\\/blog\\\/\"},{\"@type\":\"ListItem\",\"position\":2,\"name\":\"Nouveaut\u00e9s Autos\",\"item\":\"https:\\\/\\\/www.autojm.fr\\\/blog\\\/nouveautes-autos\\\/\"},{\"@type\":\"ListItem\",\"position\":3,\"name\":\"Nouveaut\u00e9 Fiat\",\"item\":\"https:\\\/\\\/www.autojm.fr\\\/blog\\\/nouveautes-autos\\\/nouveaute-fiat\\\/\"},{\"@type\":\"ListItem\",\"position\":4,\"name\":\"Fiat 600e : le petit SUV \u00e9lectrique arrive en concession\"}]},{\"@type\":\"WebSite\",\"@id\":\"https:\\\/\\\/www.autojm.fr\\\/blog\\\/#website\",\"url\":\"https:\\\/\\\/www.autojm.fr\\\/blog\\\/\",\"name\":\"AutoJM Mag\",\"description\":\"Toute l&#039;actu auto en 1 clic !\",\"publisher\":{\"@id\":\"https:\\\/\\\/www.autojm.fr\\\/blog\\\/#organization\"},\"potentialAction\":[{\"@type\":\"SearchAction\",\"target\":{\"@type\":\"EntryPoint\",\"urlTemplate\":\"https:\\\/\\\/www.autojm.fr\\\/blog\\\/?s={search_term_string}\"},\"query-input\":{\"@type\":\"PropertyValueSpecification\",\"valueRequired\":true,\"valueName\":\"search_term_string\"}}],\"inLanguage\":\"fr-FR\"},{\"@type\":\"Organization\",\"@id\":\"https:\\\/\\\/www.autojm.fr\\\/blog\\\/#organization\",\"name\":\"AutoJM Mag\",\"url\":\"https:\\\/\\\/www.autojm.fr\\\/blog\\\/\",\"logo\":{\"@type\":\"ImageObject\",\"inLanguage\":\"fr-FR\",\"@id\":\"https:\\\/\\\/www.autojm.fr\\\/blog\\\/#\\\/schema\\\/logo\\\/image\\\/\",\"url\":\"https:\\\/\\\/www.autojm.fr\\\/blog\\\/wp-content\\\/uploads\\\/2022\\\/12\\\/cropped-AutoJMag-png.png\",\"contentUrl\":\"https:\\\/\\\/www.autojm.fr\\\/blog\\\/wp-content\\\/uploads\\\/2022\\\/12\\\/cropped-AutoJMag-png.png\",\"width\":2834,\"height\":585,\"caption\":\"AutoJM Mag\"},\"image\":{\"@id\":\"https:\\\/\\\/www.autojm.fr\\\/blog\\\/#\\\/schema\\\/logo\\\/image\\\/\"},\"sameAs\":[\"https:\\\/\\\/www.facebook.com\\\/AutoJM25\"]},{\"@type\":\"Person\",\"@id\":\"https:\\\/\\\/www.autojm.fr\\\/blog\\\/#\\\/schema\\\/person\\\/1cc83a91548d88a62eb8cf06f562a72c\",\"name\":\"Justine Tripard\",\"image\":{\"@type\":\"ImageObject\",\"inLanguage\":\"fr-FR\",\"@id\":\"https:\\\/\\\/secure.gravatar.com\\\/avatar\\\/b8b45209a4cf0b7b127b9238ec348090e7302306d2485eeaab17b6761fe84991?s=96&d=mm&r=g\",\"url\":\"https:\\\/\\\/secure.gravatar.com\\\/avatar\\\/b8b45209a4cf0b7b127b9238ec348090e7302306d2485eeaab17b6761fe84991?s=96&d=mm&r=g\",\"contentUrl\":\"https:\\\/\\\/secure.gravatar.com\\\/avatar\\\/b8b45209a4cf0b7b127b9238ec348090e7302306d2485eeaab17b6761fe84991?s=96&d=mm&r=g\",\"caption\":\"Justine Tripard\"},\"url\":\"https:\\\/\\\/www.autojm.fr\\\/blog\\\/author\\\/justine\\\/\"}]}<\/script>\n<!-- \/ Yoast SEO plugin. -->","yoast_head_json":{"title":"Fiat 600e : le petit SUV \u00e9lectrique arrive en concession - AutoJM Mag","description":"Produite dans l\u2019usine polonaise de Tychy depuis le mois de septembre, la Fiat 600e vient d\u2019\u00eatre officiellement lanc\u00e9e sur le march\u00e9 de...","robots":{"index":"index","follow":"follow","max-snippet":"max-snippet:-1","max-image-preview":"max-image-preview:large","max-video-preview":"max-video-preview:-1"},"canonical":"https:\/\/www.autojm.fr\/blog\/fiat-600e-le-petit-suv-electrique-arrive-en-concession\/","og_locale":"fr_FR","og_type":"article","og_title":"Fiat 600e : le petit SUV \u00e9lectrique arrive en concession - AutoJM Mag","og_description":"Produite dans l\u2019usine polonaise de Tychy depuis le mois de septembre, la Fiat 600e vient d\u2019\u00eatre officiellement lanc\u00e9e sur le march\u00e9 de...","og_url":"https:\/\/www.autojm.fr\/blog\/fiat-600e-le-petit-suv-electrique-arrive-en-concession\/","og_site_name":"AutoJM Mag","article_publisher":"https:\/\/www.facebook.com\/AutoJM25","article_published_time":"2023-10-20T12:11:44+00:00","article_modified_time":"2024-03-15T16:53:20+00:00","og_image":[{"width":1000,"height":500,"url":"https:\/\/www.autojm.fr\/blog\/wp-content\/uploads\/2023\/10\/Fiat-600e.jpg","type":"image\/jpeg"}],"author":"Justine Tripard","twitter_card":"summary_large_image","twitter_misc":{"\u00c9crit par":"Justine Tripard","Dur\u00e9e de lecture estim\u00e9e":"5 minutes"},"schema":{"@context":"https:\/\/schema.org","@graph":[{"@type":"Article","@id":"https:\/\/www.autojm.fr\/blog\/fiat-600e-le-petit-suv-electrique-arrive-en-concession\/#article","isPartOf":{"@id":"https:\/\/www.autojm.fr\/blog\/fiat-600e-le-petit-suv-electrique-arrive-en-concession\/"},"author":{"name":"Justine Tripard","@id":"https:\/\/www.autojm.fr\/blog\/#\/schema\/person\/1cc83a91548d88a62eb8cf06f562a72c"},"headline":"Fiat 600e : le petit SUV \u00e9lectrique arrive en concession","datePublished":"2023-10-20T12:11:44+00:00","dateModified":"2024-03-15T16:53:20+00:00","mainEntityOfPage":{"@id":"https:\/\/www.autojm.fr\/blog\/fiat-600e-le-petit-suv-electrique-arrive-en-concession\/"},"wordCount":9,"commentCount":0,"publisher":{"@id":"https:\/\/www.autojm.fr\/blog\/#organization"},"image":{"@id":"https:\/\/www.autojm.fr\/blog\/fiat-600e-le-petit-suv-electrique-arrive-en-concession\/#primaryimage"},"thumbnailUrl":"https:\/\/www.autojm.fr\/blog\/wp-content\/uploads\/2023\/10\/Fiat-600e.jpg","keywords":["208","3008","308","408","arkana","Audi","Austral","autojm","C3","C5 Aircross","captur","citroen","Clio","Clio 5","dacia","DS","DS7","duster","Fiat","Ford","formentor","Golf 8","Hyundai","Kia","leon 5 portes","leon sportstourer","Nissan","peugeot","renault","Skoda","Tiguan","Toyota","Volkswagen"],"articleSection":["Nouveaut\u00e9 Fiat"],"inLanguage":"fr-FR","potentialAction":[{"@type":"CommentAction","name":"Comment","target":["https:\/\/www.autojm.fr\/blog\/fiat-600e-le-petit-suv-electrique-arrive-en-concession\/#respond"]}]},{"@type":"WebPage","@id":"https:\/\/www.autojm.fr\/blog\/fiat-600e-le-petit-suv-electrique-arrive-en-concession\/","url":"https:\/\/www.autojm.fr\/blog\/fiat-600e-le-petit-suv-electrique-arrive-en-concession\/","name":"Fiat 600e : le petit SUV \u00e9lectrique arrive en concession - AutoJM Mag","isPartOf":{"@id":"https:\/\/www.autojm.fr\/blog\/#website"},"primaryImageOfPage":{"@id":"https:\/\/www.autojm.fr\/blog\/fiat-600e-le-petit-suv-electrique-arrive-en-concession\/#primaryimage"},"image":{"@id":"https:\/\/www.autojm.fr\/blog\/fiat-600e-le-petit-suv-electrique-arrive-en-concession\/#primaryimage"},"thumbnailUrl":"https:\/\/www.autojm.fr\/blog\/wp-content\/uploads\/2023\/10\/Fiat-600e.jpg","datePublished":"2023-10-20T12:11:44+00:00","dateModified":"2024-03-15T16:53:20+00:00","description":"Produite dans l\u2019usine polonaise de Tychy depuis le mois de septembre, la Fiat 600e vient d\u2019\u00eatre officiellement lanc\u00e9e sur le march\u00e9 de...","breadcrumb":{"@id":"https:\/\/www.autojm.fr\/blog\/fiat-600e-le-petit-suv-electrique-arrive-en-concession\/#breadcrumb"},"inLanguage":"fr-FR","potentialAction":[{"@type":"ReadAction","target":["https:\/\/www.autojm.fr\/blog\/fiat-600e-le-petit-suv-electrique-arrive-en-concession\/"]}]},{"@type":"ImageObject","inLanguage":"fr-FR","@id":"https:\/\/www.autojm.fr\/blog\/fiat-600e-le-petit-suv-electrique-arrive-en-concession\/#primaryimage","url":"https:\/\/www.autojm.fr\/blog\/wp-content\/uploads\/2023\/10\/Fiat-600e.jpg","contentUrl":"https:\/\/www.autojm.fr\/blog\/wp-content\/uploads\/2023\/10\/Fiat-600e.jpg","width":1000,"height":500,"caption":"Fiat 600e"},{"@type":"BreadcrumbList","@id":"https:\/\/www.autojm.fr\/blog\/fiat-600e-le-petit-suv-electrique-arrive-en-concession\/#breadcrumb","itemListElement":[{"@type":"ListItem","position":1,"name":"Accueil","item":"https:\/\/www.autojm.fr\/blog\/"},{"@type":"ListItem","position":2,"name":"Nouveaut\u00e9s Autos","item":"https:\/\/www.autojm.fr\/blog\/nouveautes-autos\/"},{"@type":"ListItem","position":3,"name":"Nouveaut\u00e9 Fiat","item":"https:\/\/www.autojm.fr\/blog\/nouveautes-autos\/nouveaute-fiat\/"},{"@type":"ListItem","position":4,"name":"Fiat 600e : le petit SUV \u00e9lectrique arrive en concession"}]},{"@type":"WebSite","@id":"https:\/\/www.autojm.fr\/blog\/#website","url":"https:\/\/www.autojm.fr\/blog\/","name":"AutoJM Mag","description":"Toute l&#039;actu auto en 1 clic !","publisher":{"@id":"https:\/\/www.autojm.fr\/blog\/#organization"},"potentialAction":[{"@type":"SearchAction","target":{"@type":"EntryPoint","urlTemplate":"https:\/\/www.autojm.fr\/blog\/?s={search_term_string}"},"query-input":{"@type":"PropertyValueSpecification","valueRequired":true,"valueName":"search_term_string"}}],"inLanguage":"fr-FR"},{"@type":"Organization","@id":"https:\/\/www.autojm.fr\/blog\/#organization","name":"AutoJM Mag","url":"https:\/\/www.autojm.fr\/blog\/","logo":{"@type":"ImageObject","inLanguage":"fr-FR","@id":"https:\/\/www.autojm.fr\/blog\/#\/schema\/logo\/image\/","url":"https:\/\/www.autojm.fr\/blog\/wp-content\/uploads\/2022\/12\/cropped-AutoJMag-png.png","contentUrl":"https:\/\/www.autojm.fr\/blog\/wp-content\/uploads\/2022\/12\/cropped-AutoJMag-png.png","width":2834,"height":585,"caption":"AutoJM Mag"},"image":{"@id":"https:\/\/www.autojm.fr\/blog\/#\/schema\/logo\/image\/"},"sameAs":["https:\/\/www.facebook.com\/AutoJM25"]},{"@type":"Person","@id":"https:\/\/www.autojm.fr\/blog\/#\/schema\/person\/1cc83a91548d88a62eb8cf06f562a72c","name":"Justine Tripard","image":{"@type":"ImageObject","inLanguage":"fr-FR","@id":"https:\/\/secure.gravatar.com\/avatar\/b8b45209a4cf0b7b127b9238ec348090e7302306d2485eeaab17b6761fe84991?s=96&d=mm&r=g","url":"https:\/\/secure.gravatar.com\/avatar\/b8b45209a4cf0b7b127b9238ec348090e7302306d2485eeaab17b6761fe84991?s=96&d=mm&r=g","contentUrl":"https:\/\/secure.gravatar.com\/avatar\/b8b45209a4cf0b7b127b9238ec348090e7302306d2485eeaab17b6761fe84991?s=96&d=mm&r=g","caption":"Justine Tripard"},"url":"https:\/\/www.autojm.fr\/blog\/author\/justine\/"}]}},"_links":{"self":[{"href":"https:\/\/www.autojm.fr\/blog\/wp-json\/wp\/v2\/posts\/13806","targetHints":{"allow":["GET"]}}],"collection":[{"href":"https:\/\/www.autojm.fr\/blog\/wp-json\/wp\/v2\/posts"}],"about":[{"href":"https:\/\/www.autojm.fr\/blog\/wp-json\/wp\/v2\/types\/post"}],"author":[{"embeddable":true,"href":"https:\/\/www.autojm.fr\/blog\/wp-json\/wp\/v2\/users\/6"}],"replies":[{"embeddable":true,"href":"https:\/\/www.autojm.fr\/blog\/wp-json\/wp\/v2\/comments?post=13806"}],"version-history":[{"count":4,"href":"https:\/\/www.autojm.fr\/blog\/wp-json\/wp\/v2\/posts\/13806\/revisions"}],"predecessor-version":[{"id":13820,"href":"https:\/\/www.autojm.fr\/blog\/wp-json\/wp\/v2\/posts\/13806\/revisions\/13820"}],"wp:featuredmedia":[{"embeddable":true,"href":"https:\/\/www.autojm.fr\/blog\/wp-json\/wp\/v2\/media\/13808"}],"wp:attachment":[{"href":"https:\/\/www.autojm.fr\/blog\/wp-json\/wp\/v2\/media?parent=13806"}],"wp:term":[{"taxonomy":"category","embeddable":true,"href":"https:\/\/www.autojm.fr\/blog\/wp-json\/wp\/v2\/categories?post=13806"},{"taxonomy":"post_tag","embeddable":true,"href":"https:\/\/www.autojm.fr\/blog\/wp-json\/wp\/v2\/tags?post=13806"}],"curies":[{"name":"wp","href":"https:\/\/api.w.org\/{rel}","templated":true}]}}