{"id":13142,"date":"2023-10-09T09:47:35","date_gmt":"2023-10-09T09:47:35","guid":{"rendered":"https:\/\/www.autojm.fr\/blog\/?p=13142"},"modified":"2023-10-09T11:12:18","modified_gmt":"2023-10-09T11:12:18","slug":"mg4-la-berline-electrique-chinoise-affiche-ses-ambitions","status":"publish","type":"post","link":"https:\/\/www.autojm.fr\/blog\/mg4-la-berline-electrique-chinoise-affiche-ses-ambitions\/","title":{"rendered":"MG4 : la berline \u00e9lectrique chinoise affiche ses ambitions\u00a0"},"content":{"rendered":"","protected":false},"excerpt":{"rendered":"<p>Concurrente directe de la Renault M\u00e9gane E-Tech et de la Volkswagen ID.3 sur le march\u00e9 de l\u2019auto, la MG4 entend clairement se positionner comme la t\u00eate d\u2019affiche dans la cat\u00e9gorie des compactes \u00e9lectriques. Propos\u00e9e \u00e0 moins de 30 000 \u20ac hors bonus \u00e9cologique dans sa version de base, la berline de la marque chinoise permet notamment de b\u00e9n\u00e9ficier sous conditions d\u2019une offre de location \u00e0 moins de 100 \u20ac par mois. D\u00e9couvrez \u00e0 travers cet article les caract\u00e9ristiques de la MG4 en termes de design, d\u2019\u00e9quipements et de motorisation. <\/p>\n","protected":false},"author":6,"featured_media":13144,"comment_status":"open","ping_status":"open","sticky":false,"template":"","format":"standard","meta":{"_acf_changed":false,"content-type":"","footnotes":""},"categories":[364],"tags":[88,336,333,314,91,103,318,90,301,188,87,85,331,92,74,105,111,94,110,109,98,207,259,106,83,80,108,73,78,193,214,169,96],"class_list":["post-13142","post","type-post","status-publish","format-standard","has-post-thumbnail","hentry","category-actualites-mg","tag-88","tag-336","tag-333","tag-314","tag-arkana","tag-audi","tag-austral","tag-autojm","tag-c3","tag-c5-aircross","tag-captur","tag-citroen-2","tag-clio","tag-clio-5","tag-dacia","tag-ds","tag-ds7","tag-duster","tag-fiat","tag-ford","tag-formentor","tag-golf-8","tag-hyundai","tag-kia","tag-leon-5-portes","tag-leon-sportstourer","tag-nissan","tag-peugeot","tag-renault","tag-skoda","tag-tiguan","tag-toyota","tag-volkswagen"],"acf":[],"yoast_head":"<!-- This site is optimized with the Yoast SEO plugin v27.5 - https:\/\/yoast.com\/product\/yoast-seo-wordpress\/ -->\n<title>MG4 : la berline \u00e9lectrique chinoise affiche ses ambitions\u00a0 - AutoJM Mag<\/title>\n<meta name=\"description\" content=\"Concurrente directe de la Renault M\u00e9gane E-Tech et de la Volkswagen ID.3 sur le march\u00e9 de l\u2019auto, la MG4 entend clairement se positionner...\" \/>\n<meta name=\"robots\" content=\"index, follow, max-snippet:-1, max-image-preview:large, max-video-preview:-1\" \/>\n<link rel=\"canonical\" href=\"https:\/\/www.autojm.fr\/blog\/mg4-la-berline-electrique-chinoise-affiche-ses-ambitions\/\" \/>\n<meta property=\"og:locale\" content=\"fr_FR\" \/>\n<meta property=\"og:type\" content=\"article\" \/>\n<meta property=\"og:title\" content=\"MG4 : la berline \u00e9lectrique chinoise affiche ses ambitions\u00a0 - AutoJM Mag\" \/>\n<meta property=\"og:description\" content=\"Concurrente directe de la Renault M\u00e9gane E-Tech et de la Volkswagen ID.3 sur le march\u00e9 de l\u2019auto, la MG4 entend clairement se positionner...\" \/>\n<meta property=\"og:url\" content=\"https:\/\/www.autojm.fr\/blog\/mg4-la-berline-electrique-chinoise-affiche-ses-ambitions\/\" \/>\n<meta property=\"og:site_name\" content=\"AutoJM Mag\" \/>\n<meta property=\"article:publisher\" content=\"https:\/\/www.facebook.com\/AutoJM25\" \/>\n<meta property=\"article:published_time\" content=\"2023-10-09T09:47:35+00:00\" \/>\n<meta property=\"article:modified_time\" content=\"2023-10-09T11:12:18+00:00\" \/>\n<meta property=\"og:image\" content=\"https:\/\/www.autojm.fr\/blog\/wp-content\/uploads\/2023\/10\/MG4.jpg\" \/>\n\t<meta property=\"og:image:width\" content=\"1000\" \/>\n\t<meta property=\"og:image:height\" content=\"500\" \/>\n\t<meta property=\"og:image:type\" content=\"image\/jpeg\" \/>\n<meta name=\"author\" content=\"Justine Tripard\" \/>\n<meta name=\"twitter:card\" content=\"summary_large_image\" \/>\n<meta name=\"twitter:label1\" content=\"\u00c9crit par\" \/>\n\t<meta name=\"twitter:data1\" content=\"Justine Tripard\" \/>\n<script type=\"application\/ld+json\" class=\"yoast-schema-graph\">{\"@context\":\"https:\\\/\\\/schema.org\",\"@graph\":[{\"@type\":\"Article\",\"@id\":\"https:\\\/\\\/www.autojm.fr\\\/blog\\\/mg4-la-berline-electrique-chinoise-affiche-ses-ambitions\\\/#article\",\"isPartOf\":{\"@id\":\"https:\\\/\\\/www.autojm.fr\\\/blog\\\/mg4-la-berline-electrique-chinoise-affiche-ses-ambitions\\\/\"},\"author\":{\"name\":\"Justine Tripard\",\"@id\":\"https:\\\/\\\/www.autojm.fr\\\/blog\\\/#\\\/schema\\\/person\\\/1cc83a91548d88a62eb8cf06f562a72c\"},\"headline\":\"MG4 : la berline \u00e9lectrique chinoise affiche ses ambitions\u00a0\",\"datePublished\":\"2023-10-09T09:47:35+00:00\",\"dateModified\":\"2023-10-09T11:12:18+00:00\",\"mainEntityOfPage\":{\"@id\":\"https:\\\/\\\/www.autojm.fr\\\/blog\\\/mg4-la-berline-electrique-chinoise-affiche-ses-ambitions\\\/\"},\"wordCount\":8,\"commentCount\":0,\"publisher\":{\"@id\":\"https:\\\/\\\/www.autojm.fr\\\/blog\\\/#organization\"},\"image\":{\"@id\":\"https:\\\/\\\/www.autojm.fr\\\/blog\\\/mg4-la-berline-electrique-chinoise-affiche-ses-ambitions\\\/#primaryimage\"},\"thumbnailUrl\":\"https:\\\/\\\/www.autojm.fr\\\/blog\\\/wp-content\\\/uploads\\\/2023\\\/10\\\/MG4.jpg\",\"keywords\":[\"208\",\"3008\",\"308\",\"408\",\"arkana\",\"Audi\",\"Austral\",\"autojm\",\"C3\",\"C5 Aircross\",\"captur\",\"Citro\u00ebn\",\"Clio\",\"Clio 5\",\"dacia\",\"DS\",\"DS7\",\"duster\",\"Fiat\",\"Ford\",\"formentor\",\"Golf 8\",\"Hyundai\",\"Kia\",\"leon 5 portes\",\"leon sportstourer\",\"Nissan\",\"peugeot\",\"renault\",\"Skoda\",\"Tiguan\",\"Toyota\",\"Volkswagen\"],\"articleSection\":[\"Actualit\u00e9s MG\"],\"inLanguage\":\"fr-FR\",\"potentialAction\":[{\"@type\":\"CommentAction\",\"name\":\"Comment\",\"target\":[\"https:\\\/\\\/www.autojm.fr\\\/blog\\\/mg4-la-berline-electrique-chinoise-affiche-ses-ambitions\\\/#respond\"]}]},{\"@type\":\"WebPage\",\"@id\":\"https:\\\/\\\/www.autojm.fr\\\/blog\\\/mg4-la-berline-electrique-chinoise-affiche-ses-ambitions\\\/\",\"url\":\"https:\\\/\\\/www.autojm.fr\\\/blog\\\/mg4-la-berline-electrique-chinoise-affiche-ses-ambitions\\\/\",\"name\":\"MG4 : la berline \u00e9lectrique chinoise affiche ses ambitions\u00a0 - AutoJM Mag\",\"isPartOf\":{\"@id\":\"https:\\\/\\\/www.autojm.fr\\\/blog\\\/#website\"},\"primaryImageOfPage\":{\"@id\":\"https:\\\/\\\/www.autojm.fr\\\/blog\\\/mg4-la-berline-electrique-chinoise-affiche-ses-ambitions\\\/#primaryimage\"},\"image\":{\"@id\":\"https:\\\/\\\/www.autojm.fr\\\/blog\\\/mg4-la-berline-electrique-chinoise-affiche-ses-ambitions\\\/#primaryimage\"},\"thumbnailUrl\":\"https:\\\/\\\/www.autojm.fr\\\/blog\\\/wp-content\\\/uploads\\\/2023\\\/10\\\/MG4.jpg\",\"datePublished\":\"2023-10-09T09:47:35+00:00\",\"dateModified\":\"2023-10-09T11:12:18+00:00\",\"description\":\"Concurrente directe de la Renault M\u00e9gane E-Tech et de la Volkswagen ID.3 sur le march\u00e9 de l\u2019auto, la MG4 entend clairement se positionner...\",\"breadcrumb\":{\"@id\":\"https:\\\/\\\/www.autojm.fr\\\/blog\\\/mg4-la-berline-electrique-chinoise-affiche-ses-ambitions\\\/#breadcrumb\"},\"inLanguage\":\"fr-FR\",\"potentialAction\":[{\"@type\":\"ReadAction\",\"target\":[\"https:\\\/\\\/www.autojm.fr\\\/blog\\\/mg4-la-berline-electrique-chinoise-affiche-ses-ambitions\\\/\"]}]},{\"@type\":\"ImageObject\",\"inLanguage\":\"fr-FR\",\"@id\":\"https:\\\/\\\/www.autojm.fr\\\/blog\\\/mg4-la-berline-electrique-chinoise-affiche-ses-ambitions\\\/#primaryimage\",\"url\":\"https:\\\/\\\/www.autojm.fr\\\/blog\\\/wp-content\\\/uploads\\\/2023\\\/10\\\/MG4.jpg\",\"contentUrl\":\"https:\\\/\\\/www.autojm.fr\\\/blog\\\/wp-content\\\/uploads\\\/2023\\\/10\\\/MG4.jpg\",\"width\":1000,\"height\":500,\"caption\":\"MG4\"},{\"@type\":\"BreadcrumbList\",\"@id\":\"https:\\\/\\\/www.autojm.fr\\\/blog\\\/mg4-la-berline-electrique-chinoise-affiche-ses-ambitions\\\/#breadcrumb\",\"itemListElement\":[{\"@type\":\"ListItem\",\"position\":1,\"name\":\"Accueil\",\"item\":\"https:\\\/\\\/www.autojm.fr\\\/blog\\\/\"},{\"@type\":\"ListItem\",\"position\":2,\"name\":\"Actualit\u00e9 Automobile\",\"item\":\"https:\\\/\\\/www.autojm.fr\\\/blog\\\/actualite-automobile\\\/\"},{\"@type\":\"ListItem\",\"position\":3,\"name\":\"Actualit\u00e9s MG\",\"item\":\"https:\\\/\\\/www.autojm.fr\\\/blog\\\/actualite-automobile\\\/actualites-mg\\\/\"},{\"@type\":\"ListItem\",\"position\":4,\"name\":\"MG4 : la berline \u00e9lectrique chinoise affiche ses ambitions\u00a0\"}]},{\"@type\":\"WebSite\",\"@id\":\"https:\\\/\\\/www.autojm.fr\\\/blog\\\/#website\",\"url\":\"https:\\\/\\\/www.autojm.fr\\\/blog\\\/\",\"name\":\"AutoJM Mag\",\"description\":\"Toute l&#039;actu auto en 1 clic !\",\"publisher\":{\"@id\":\"https:\\\/\\\/www.autojm.fr\\\/blog\\\/#organization\"},\"potentialAction\":[{\"@type\":\"SearchAction\",\"target\":{\"@type\":\"EntryPoint\",\"urlTemplate\":\"https:\\\/\\\/www.autojm.fr\\\/blog\\\/?s={search_term_string}\"},\"query-input\":{\"@type\":\"PropertyValueSpecification\",\"valueRequired\":true,\"valueName\":\"search_term_string\"}}],\"inLanguage\":\"fr-FR\"},{\"@type\":\"Organization\",\"@id\":\"https:\\\/\\\/www.autojm.fr\\\/blog\\\/#organization\",\"name\":\"AutoJM Mag\",\"url\":\"https:\\\/\\\/www.autojm.fr\\\/blog\\\/\",\"logo\":{\"@type\":\"ImageObject\",\"inLanguage\":\"fr-FR\",\"@id\":\"https:\\\/\\\/www.autojm.fr\\\/blog\\\/#\\\/schema\\\/logo\\\/image\\\/\",\"url\":\"https:\\\/\\\/www.autojm.fr\\\/blog\\\/wp-content\\\/uploads\\\/2022\\\/12\\\/cropped-AutoJMag-png.png\",\"contentUrl\":\"https:\\\/\\\/www.autojm.fr\\\/blog\\\/wp-content\\\/uploads\\\/2022\\\/12\\\/cropped-AutoJMag-png.png\",\"width\":2834,\"height\":585,\"caption\":\"AutoJM Mag\"},\"image\":{\"@id\":\"https:\\\/\\\/www.autojm.fr\\\/blog\\\/#\\\/schema\\\/logo\\\/image\\\/\"},\"sameAs\":[\"https:\\\/\\\/www.facebook.com\\\/AutoJM25\"]},{\"@type\":\"Person\",\"@id\":\"https:\\\/\\\/www.autojm.fr\\\/blog\\\/#\\\/schema\\\/person\\\/1cc83a91548d88a62eb8cf06f562a72c\",\"name\":\"Justine Tripard\",\"image\":{\"@type\":\"ImageObject\",\"inLanguage\":\"fr-FR\",\"@id\":\"https:\\\/\\\/secure.gravatar.com\\\/avatar\\\/b8b45209a4cf0b7b127b9238ec348090e7302306d2485eeaab17b6761fe84991?s=96&d=mm&r=g\",\"url\":\"https:\\\/\\\/secure.gravatar.com\\\/avatar\\\/b8b45209a4cf0b7b127b9238ec348090e7302306d2485eeaab17b6761fe84991?s=96&d=mm&r=g\",\"contentUrl\":\"https:\\\/\\\/secure.gravatar.com\\\/avatar\\\/b8b45209a4cf0b7b127b9238ec348090e7302306d2485eeaab17b6761fe84991?s=96&d=mm&r=g\",\"caption\":\"Justine Tripard\"},\"url\":\"https:\\\/\\\/www.autojm.fr\\\/blog\\\/author\\\/justine\\\/\"}]}<\/script>\n<!-- \/ Yoast SEO plugin. -->","yoast_head_json":{"title":"MG4 : la berline \u00e9lectrique chinoise affiche ses ambitions\u00a0 - AutoJM Mag","description":"Concurrente directe de la Renault M\u00e9gane E-Tech et de la Volkswagen ID.3 sur le march\u00e9 de l\u2019auto, la MG4 entend clairement se positionner...","robots":{"index":"index","follow":"follow","max-snippet":"max-snippet:-1","max-image-preview":"max-image-preview:large","max-video-preview":"max-video-preview:-1"},"canonical":"https:\/\/www.autojm.fr\/blog\/mg4-la-berline-electrique-chinoise-affiche-ses-ambitions\/","og_locale":"fr_FR","og_type":"article","og_title":"MG4 : la berline \u00e9lectrique chinoise affiche ses ambitions\u00a0 - AutoJM Mag","og_description":"Concurrente directe de la Renault M\u00e9gane E-Tech et de la Volkswagen ID.3 sur le march\u00e9 de l\u2019auto, la MG4 entend clairement se positionner...","og_url":"https:\/\/www.autojm.fr\/blog\/mg4-la-berline-electrique-chinoise-affiche-ses-ambitions\/","og_site_name":"AutoJM Mag","article_publisher":"https:\/\/www.facebook.com\/AutoJM25","article_published_time":"2023-10-09T09:47:35+00:00","article_modified_time":"2023-10-09T11:12:18+00:00","og_image":[{"width":1000,"height":500,"url":"https:\/\/www.autojm.fr\/blog\/wp-content\/uploads\/2023\/10\/MG4.jpg","type":"image\/jpeg"}],"author":"Justine Tripard","twitter_card":"summary_large_image","twitter_misc":{"\u00c9crit par":"Justine Tripard"},"schema":{"@context":"https:\/\/schema.org","@graph":[{"@type":"Article","@id":"https:\/\/www.autojm.fr\/blog\/mg4-la-berline-electrique-chinoise-affiche-ses-ambitions\/#article","isPartOf":{"@id":"https:\/\/www.autojm.fr\/blog\/mg4-la-berline-electrique-chinoise-affiche-ses-ambitions\/"},"author":{"name":"Justine Tripard","@id":"https:\/\/www.autojm.fr\/blog\/#\/schema\/person\/1cc83a91548d88a62eb8cf06f562a72c"},"headline":"MG4 : la berline \u00e9lectrique chinoise affiche ses ambitions\u00a0","datePublished":"2023-10-09T09:47:35+00:00","dateModified":"2023-10-09T11:12:18+00:00","mainEntityOfPage":{"@id":"https:\/\/www.autojm.fr\/blog\/mg4-la-berline-electrique-chinoise-affiche-ses-ambitions\/"},"wordCount":8,"commentCount":0,"publisher":{"@id":"https:\/\/www.autojm.fr\/blog\/#organization"},"image":{"@id":"https:\/\/www.autojm.fr\/blog\/mg4-la-berline-electrique-chinoise-affiche-ses-ambitions\/#primaryimage"},"thumbnailUrl":"https:\/\/www.autojm.fr\/blog\/wp-content\/uploads\/2023\/10\/MG4.jpg","keywords":["208","3008","308","408","arkana","Audi","Austral","autojm","C3","C5 Aircross","captur","Citro\u00ebn","Clio","Clio 5","dacia","DS","DS7","duster","Fiat","Ford","formentor","Golf 8","Hyundai","Kia","leon 5 portes","leon sportstourer","Nissan","peugeot","renault","Skoda","Tiguan","Toyota","Volkswagen"],"articleSection":["Actualit\u00e9s MG"],"inLanguage":"fr-FR","potentialAction":[{"@type":"CommentAction","name":"Comment","target":["https:\/\/www.autojm.fr\/blog\/mg4-la-berline-electrique-chinoise-affiche-ses-ambitions\/#respond"]}]},{"@type":"WebPage","@id":"https:\/\/www.autojm.fr\/blog\/mg4-la-berline-electrique-chinoise-affiche-ses-ambitions\/","url":"https:\/\/www.autojm.fr\/blog\/mg4-la-berline-electrique-chinoise-affiche-ses-ambitions\/","name":"MG4 : la berline \u00e9lectrique chinoise affiche ses ambitions\u00a0 - AutoJM Mag","isPartOf":{"@id":"https:\/\/www.autojm.fr\/blog\/#website"},"primaryImageOfPage":{"@id":"https:\/\/www.autojm.fr\/blog\/mg4-la-berline-electrique-chinoise-affiche-ses-ambitions\/#primaryimage"},"image":{"@id":"https:\/\/www.autojm.fr\/blog\/mg4-la-berline-electrique-chinoise-affiche-ses-ambitions\/#primaryimage"},"thumbnailUrl":"https:\/\/www.autojm.fr\/blog\/wp-content\/uploads\/2023\/10\/MG4.jpg","datePublished":"2023-10-09T09:47:35+00:00","dateModified":"2023-10-09T11:12:18+00:00","description":"Concurrente directe de la Renault M\u00e9gane E-Tech et de la Volkswagen ID.3 sur le march\u00e9 de l\u2019auto, la MG4 entend clairement se positionner...","breadcrumb":{"@id":"https:\/\/www.autojm.fr\/blog\/mg4-la-berline-electrique-chinoise-affiche-ses-ambitions\/#breadcrumb"},"inLanguage":"fr-FR","potentialAction":[{"@type":"ReadAction","target":["https:\/\/www.autojm.fr\/blog\/mg4-la-berline-electrique-chinoise-affiche-ses-ambitions\/"]}]},{"@type":"ImageObject","inLanguage":"fr-FR","@id":"https:\/\/www.autojm.fr\/blog\/mg4-la-berline-electrique-chinoise-affiche-ses-ambitions\/#primaryimage","url":"https:\/\/www.autojm.fr\/blog\/wp-content\/uploads\/2023\/10\/MG4.jpg","contentUrl":"https:\/\/www.autojm.fr\/blog\/wp-content\/uploads\/2023\/10\/MG4.jpg","width":1000,"height":500,"caption":"MG4"},{"@type":"BreadcrumbList","@id":"https:\/\/www.autojm.fr\/blog\/mg4-la-berline-electrique-chinoise-affiche-ses-ambitions\/#breadcrumb","itemListElement":[{"@type":"ListItem","position":1,"name":"Accueil","item":"https:\/\/www.autojm.fr\/blog\/"},{"@type":"ListItem","position":2,"name":"Actualit\u00e9 Automobile","item":"https:\/\/www.autojm.fr\/blog\/actualite-automobile\/"},{"@type":"ListItem","position":3,"name":"Actualit\u00e9s MG","item":"https:\/\/www.autojm.fr\/blog\/actualite-automobile\/actualites-mg\/"},{"@type":"ListItem","position":4,"name":"MG4 : la berline \u00e9lectrique chinoise affiche ses ambitions\u00a0"}]},{"@type":"WebSite","@id":"https:\/\/www.autojm.fr\/blog\/#website","url":"https:\/\/www.autojm.fr\/blog\/","name":"AutoJM Mag","description":"Toute l&#039;actu auto en 1 clic !","publisher":{"@id":"https:\/\/www.autojm.fr\/blog\/#organization"},"potentialAction":[{"@type":"SearchAction","target":{"@type":"EntryPoint","urlTemplate":"https:\/\/www.autojm.fr\/blog\/?s={search_term_string}"},"query-input":{"@type":"PropertyValueSpecification","valueRequired":true,"valueName":"search_term_string"}}],"inLanguage":"fr-FR"},{"@type":"Organization","@id":"https:\/\/www.autojm.fr\/blog\/#organization","name":"AutoJM Mag","url":"https:\/\/www.autojm.fr\/blog\/","logo":{"@type":"ImageObject","inLanguage":"fr-FR","@id":"https:\/\/www.autojm.fr\/blog\/#\/schema\/logo\/image\/","url":"https:\/\/www.autojm.fr\/blog\/wp-content\/uploads\/2022\/12\/cropped-AutoJMag-png.png","contentUrl":"https:\/\/www.autojm.fr\/blog\/wp-content\/uploads\/2022\/12\/cropped-AutoJMag-png.png","width":2834,"height":585,"caption":"AutoJM Mag"},"image":{"@id":"https:\/\/www.autojm.fr\/blog\/#\/schema\/logo\/image\/"},"sameAs":["https:\/\/www.facebook.com\/AutoJM25"]},{"@type":"Person","@id":"https:\/\/www.autojm.fr\/blog\/#\/schema\/person\/1cc83a91548d88a62eb8cf06f562a72c","name":"Justine Tripard","image":{"@type":"ImageObject","inLanguage":"fr-FR","@id":"https:\/\/secure.gravatar.com\/avatar\/b8b45209a4cf0b7b127b9238ec348090e7302306d2485eeaab17b6761fe84991?s=96&d=mm&r=g","url":"https:\/\/secure.gravatar.com\/avatar\/b8b45209a4cf0b7b127b9238ec348090e7302306d2485eeaab17b6761fe84991?s=96&d=mm&r=g","contentUrl":"https:\/\/secure.gravatar.com\/avatar\/b8b45209a4cf0b7b127b9238ec348090e7302306d2485eeaab17b6761fe84991?s=96&d=mm&r=g","caption":"Justine Tripard"},"url":"https:\/\/www.autojm.fr\/blog\/author\/justine\/"}]}},"_links":{"self":[{"href":"https:\/\/www.autojm.fr\/blog\/wp-json\/wp\/v2\/posts\/13142","targetHints":{"allow":["GET"]}}],"collection":[{"href":"https:\/\/www.autojm.fr\/blog\/wp-json\/wp\/v2\/posts"}],"about":[{"href":"https:\/\/www.autojm.fr\/blog\/wp-json\/wp\/v2\/types\/post"}],"author":[{"embeddable":true,"href":"https:\/\/www.autojm.fr\/blog\/wp-json\/wp\/v2\/users\/6"}],"replies":[{"embeddable":true,"href":"https:\/\/www.autojm.fr\/blog\/wp-json\/wp\/v2\/comments?post=13142"}],"version-history":[{"count":12,"href":"https:\/\/www.autojm.fr\/blog\/wp-json\/wp\/v2\/posts\/13142\/revisions"}],"predecessor-version":[{"id":13171,"href":"https:\/\/www.autojm.fr\/blog\/wp-json\/wp\/v2\/posts\/13142\/revisions\/13171"}],"wp:featuredmedia":[{"embeddable":true,"href":"https:\/\/www.autojm.fr\/blog\/wp-json\/wp\/v2\/media\/13144"}],"wp:attachment":[{"href":"https:\/\/www.autojm.fr\/blog\/wp-json\/wp\/v2\/media?parent=13142"}],"wp:term":[{"taxonomy":"category","embeddable":true,"href":"https:\/\/www.autojm.fr\/blog\/wp-json\/wp\/v2\/categories?post=13142"},{"taxonomy":"post_tag","embeddable":true,"href":"https:\/\/www.autojm.fr\/blog\/wp-json\/wp\/v2\/tags?post=13142"}],"curies":[{"name":"wp","href":"https:\/\/api.w.org\/{rel}","templated":true}]}}